{"id":12039,"date":"2022-05-27T14:15:43","date_gmt":"2022-05-27T13:15:43","guid":{"rendered":"https:\/\/www.amplitudes.com\/blog-backend\/?p=12039"},"modified":"2025-08-29T17:09:09","modified_gmt":"2025-08-29T16:09:09","slug":"quel-parc-national-faire-au-costa-rica-nos-coups-de-coeur","status":"publish","type":"post","link":"https:\/\/www.amplitudes.com\/blog-backend\/quel-parc-national-faire-au-costa-rica-nos-coups-de-coeur\/","title":{"rendered":"Quel parc national faire au Costa Rica ? Nos coups de c\u0153ur"},"content":{"rendered":"\n<p><strong>Destination \u00e9cotouristique<\/strong> par excellence, le <strong>Costa Rica<\/strong> est un authentique poumon vert avec <strong>pas loin de 30 parcs nationaux<\/strong> en son sein\u2026 De celui de <strong>Manuel Antonio<\/strong> \u2013 le plus visit\u00e9 du pays \u2013 au m\u00e9connu de <strong>Barra Honda<\/strong> qui attendrira les c\u0153urs de pierre des g\u00e9ologues en passant par <strong>Palo Verde<\/strong>, royaume des f\u00e9rus d\u2019ornithologie, la diversit\u00e9 de ces paradis <em>green <\/em>peut s\u00e9duire tous les voyageurs\u00a0! Mais quel parc national faire au Costa Rica en priorit\u00e9 ? <strong>Maureen, l\u2019une de nos expertes, vous partage ses coups de c\u0153ur\u00a0!<\/strong><\/p>\n\n\n\n<div id=\"ez-toc-container\" class=\"ez-toc-v2_0_17 ez-toc-wrap-left counter-hierarchy counter-decimal\">\n<div class=\"ez-toc-title-container\">\n<p class=\"ez-toc-title\">Sommaire <\/p>\n<span class=\"ez-toc-title-toggle\"><a class=\"ez-toc-pull-right ez-toc-btn ez-toc-btn-xs ez-toc-btn-default ez-toc-toggle\" style=\"display: none;\"><i class=\"ez-toc-glyphicon ez-toc-icon-toggle\"><\/i><\/a><\/span><\/div>\n<nav><ul class=\"ez-toc-list ez-toc-list-level-1\"><li class=\"ez-toc-page-1 ez-toc-heading-level-2\"><a class=\"ez-toc-link ez-toc-heading-1\" href=\"https:\/\/www.amplitudes.com\/blog-backend\/quel-parc-national-faire-au-costa-rica-nos-coups-de-coeur\/#Le_Parc_national_du_Corcovado_le_plus_sauvage\" title=\"Le Parc national du Corcovado, le plus sauvage\">Le Parc national du Corcovado, le plus sauvage<\/a><\/li><li class=\"ez-toc-page-1 ez-toc-heading-level-2\"><a class=\"ez-toc-link ez-toc-heading-2\" href=\"https:\/\/www.amplitudes.com\/blog-backend\/quel-parc-national-faire-au-costa-rica-nos-coups-de-coeur\/#Le_Parc_du_volcan_Tenorio_le_plus_secret\" title=\"Le Parc du volcan Tenorio, le plus secret\">Le Parc du volcan Tenorio, le plus secret<\/a><\/li><li class=\"ez-toc-page-1 ez-toc-heading-level-2\"><a class=\"ez-toc-link ez-toc-heading-3\" href=\"https:\/\/www.amplitudes.com\/blog-backend\/quel-parc-national-faire-au-costa-rica-nos-coups-de-coeur\/#Le_Parc_national_de_Cahuita_le_plus_caribeen_du_Costa_Rica\" title=\"Le Parc national de Cahuita, le plus carib\u00e9en du Costa Rica\">Le Parc national de Cahuita, le plus carib\u00e9en du Costa Rica<\/a><\/li><li class=\"ez-toc-page-1 ez-toc-heading-level-2\"><a class=\"ez-toc-link ez-toc-heading-4\" href=\"https:\/\/www.amplitudes.com\/blog-backend\/quel-parc-national-faire-au-costa-rica-nos-coups-de-coeur\/#Le_Parc_national_Los_Quetzales_le_plus_mysterieux\" title=\"Le Parc national Los Quetzales, le plus myst\u00e9rieux \">Le Parc national Los Quetzales, le plus myst\u00e9rieux <\/a><\/li><li class=\"ez-toc-page-1 ez-toc-heading-level-2\"><a class=\"ez-toc-link ez-toc-heading-5\" href=\"https:\/\/www.amplitudes.com\/blog-backend\/quel-parc-national-faire-au-costa-rica-nos-coups-de-coeur\/#Le_Parc_du_volcan_Arenal_le_plus_iconique\" title=\"Le Parc du volcan Arenal, le plus iconique \">Le Parc du volcan Arenal, le plus iconique <\/a><\/li><\/ul><\/nav><\/div>\n<h2 class=\"wp-block-heading has-text-align-left\" id=\"le-parc-national-du-corcovado-le-plus-sauvage\"><span class=\"ez-toc-section\" id=\"Le_Parc_national_du_Corcovado_le_plus_sauvage\"><\/span><strong>Le Parc national du Corcovado, le plus sauvage<\/strong><span class=\"ez-toc-section-end\"><\/span><\/h2>\n\n\n\n<figure class=\"wp-block-image size-full\"><img decoding=\"async\" width=\"1110\" height=\"721\" src=\"https:\/\/www.amplitudes.com\/blog-backend\/wp-content\/uploads\/2022\/05\/Woman-crossing-a-stream-in-Corcovado-National-Park_iStock_471807412-21.jpg\" alt=\"Voyage Costa Rica - Parc National du Corcovado - Amplitudes\" class=\"wp-image-12050\" srcset=\"https:\/\/www.amplitudes.com\/blog-backend\/wp-content\/uploads\/2022\/05\/Woman-crossing-a-stream-in-Corcovado-National-Park_iStock_471807412-21.jpg 1110w, https:\/\/www.amplitudes.com\/blog-backend\/wp-content\/uploads\/2022\/05\/Woman-crossing-a-stream-in-Corcovado-National-Park_iStock_471807412-21-300x195.jpg 300w, https:\/\/www.amplitudes.com\/blog-backend\/wp-content\/uploads\/2022\/05\/Woman-crossing-a-stream-in-Corcovado-National-Park_iStock_471807412-21-781x507.jpg 781w\" sizes=\"(max-width: 1110px) 100vw, 1110px\" \/><figcaption class=\"wp-element-caption\"><em>En immersion dans le Parc national du Corcovado, l&rsquo;un des plus beaux du Costa Rica<\/em><\/figcaption><\/figure>\n\n\n\n<p>Le diamant brut ou plut\u00f4t l\u2019\u00e9meraude consciemment pr\u00e9serv\u00e9e du Costa Rica&nbsp;! <a href=\"https:\/\/www.amplitudes.com\/voyage-parc-national-corcovado\/circuit-parc-national-corcovado\/sejour-parc-national-corcovado\/parc-national-corcovado.html\">Partir arpenter le Parc national du Corcovado<\/a>, c&rsquo;est fouler un rare monde de <strong>40 000 hectares laiss\u00e9s \u00e0 l\u2019\u00e9tat sauvage<\/strong> et repr\u00e9sentant 5% de la biodiversit\u00e9 mondiale. De quoi mettre tous les sens en \u00e9veil de cette <strong>petite sentinelle r\u00eavant d\u2019aventure en chacun de nous<\/strong>&nbsp;! On p\u00e9n\u00e8tre alors dans ce microcosme bruissant de vie presque sur la pointe des pieds, tout impressionn\u00e9, et ne souhaitant pas troubler ses habitants&nbsp;: <strong>tapirs, aras, tortues luths<\/strong>\u2026 Tous si menac\u00e9s au-del\u00e0 de ce prodigieux sanctuaire des <a href=\"https:\/\/www.amplitudes.com\/voyage-cote-pacifique-du-costa-rica\/circuit-cote-pacifique-du-costa-rica\/sejour-cote-pacifique-du-costa-rica\/cote-pacifique-du-costa-rica.html\">rivages Pacifique du Costa Rica<\/a>, au sud-ouest du pays\u2026<\/p>\n\n\n\n<blockquote class=\"wp-block-quote\">\n<p>Il faut absolument arpenter le sentier de San Pedrillo&nbsp;! On acc\u00e8de \u00e0 sa dense for\u00eat primaire par un pr\u00e9lude magique, une travers\u00e9e de la mangrove\u2026 Je conseille d\u2019\u00e9viter le Parc national du Corcovado pendant la saison des pluies par contre \u2013 <strong>Maureen, notre experte Costa Rica<\/strong><\/p>\n<\/blockquote>\n\n\n\n<h2 class=\"wp-block-heading has-text-align-left\" id=\"le-parc-du-volcan-tenorio-le-plus-secret\"><span class=\"ez-toc-section\" id=\"Le_Parc_du_volcan_Tenorio_le_plus_secret\"><\/span><strong>Le Parc du volcan Tenorio, le plus secret<\/strong><span class=\"ez-toc-section-end\"><\/span><\/h2>\n\n\n\n<figure class=\"wp-block-image size-full\"><img decoding=\"async\" width=\"1110\" height=\"721\" src=\"https:\/\/www.amplitudes.com\/blog-backend\/wp-content\/uploads\/2022\/05\/Amplitudes_002048-Tenorio-National-Park_Blog1.jpg\" alt=\"Parc du Volcan Tenorio - Cascade Rio Celeste - Amplitudes\" class=\"wp-image-12051\" srcset=\"https:\/\/www.amplitudes.com\/blog-backend\/wp-content\/uploads\/2022\/05\/Amplitudes_002048-Tenorio-National-Park_Blog1.jpg 1110w, https:\/\/www.amplitudes.com\/blog-backend\/wp-content\/uploads\/2022\/05\/Amplitudes_002048-Tenorio-National-Park_Blog1-300x195.jpg 300w, https:\/\/www.amplitudes.com\/blog-backend\/wp-content\/uploads\/2022\/05\/Amplitudes_002048-Tenorio-National-Park_Blog1-781x507.jpg 781w\" sizes=\"(max-width: 1110px) 100vw, 1110px\" \/><figcaption class=\"wp-element-caption\"><em>Les couleurs hypnotisantes du Parc du Volcan Tenorio&#8230;<\/em><\/figcaption><\/figure>\n\n\n\n<p><a href=\"https:\/\/www.amplitudes.com\/voyage-nord-du-costa-rica\/circuit-nord-du-costa-rica\/sejour-nord-du-costa-rica\/nord-du-costa-rica.html\">En voyage dans le nord du territoire costaricien<\/a>, rejoignez la <strong>cordill\u00e8re volcanique de Guanacaste<\/strong>. La nature semble y user de quelques sortil\u00e8ges de beaut\u00e9 au c\u0153ur des 18&nbsp;000 hectares du Parc du volcan Tenorio\u2026 Au pied de ce chaudron \u00e0 1&nbsp;912 m d\u2019altitude, des \u00ab&nbsp;borbollones&nbsp;\u00bb &#8211; des <strong>eaux bouillonnantes<\/strong>. Mais aussi une <strong>cascade<\/strong> de 30 m de haut aux eaux d\u2019un <strong>bleu ciel envo\u00fbtant<\/strong>. Ah cette couleur&nbsp;du Rio Celeste\u2026 Enchantement&nbsp;? R\u00e9action mol\u00e9culaire plut\u00f4t donc <strong>baignade interdite<\/strong>&nbsp;! Pour la voir se produire, suivez le sentier jusqu\u2019\u00e0 El Te\u00f1idero, point de rencontre d\u2019un fleuve et d\u2019un filet d\u2019eau acide.<\/p>\n\n\n\n<blockquote class=\"wp-block-quote\">\n<p><a href=\"https:\/\/www.amplitudes.com\/voyage-volcan-tenorio\/circuit-volcan-tenorio\/sejour-volcan-tenorio\/volcan-tenorio.html\">Le parc du volcan Tenorio n\u2019est pas le plus connu du pays mais quel joli coup de c\u0153ur<\/a>&nbsp;! J\u2019aime beaucoup le sugg\u00e9rer et tous nos voyageurs l\u2019adorent&nbsp;! Le taux d\u2019humidit\u00e9 le rend plus agr\u00e9able \u00e0 parcourir sur la p\u00e9riode de D\u00e9cembre \u00e0 fin Avril \u2013 <strong>Maureen, notre experte Costa Rica<\/strong><\/p>\n<\/blockquote>\n\n\n\n<p>Voir notre itin\u00e9raire <a href=\"https:\/\/www.amplitudes.com\/voyage\/voyage-costa-rica\/circuit-costa-rica\/sejour-costa-rica\/le-charme-de-la-pura-vida.html\">Le charme de la \u00ab\u00a0Pura Vida\u00a0\u00bb<\/a> passant par le Parc du volcan Tenorio<\/p>\n\n\n\n<h2 class=\"wp-block-heading has-text-align-left\" id=\"le-parc-national-de-cahuita-le-plus-caribeen-du-costa-rica\"><span class=\"ez-toc-section\" id=\"Le_Parc_national_de_Cahuita_le_plus_caribeen_du_Costa_Rica\"><\/span><strong>Le Parc national de Cahuita, le plus carib\u00e9en du Costa Rica<\/strong><span class=\"ez-toc-section-end\"><\/span><\/h2>\n\n\n\n<figure class=\"wp-block-image size-full\"><img decoding=\"async\" width=\"1110\" height=\"721\" src=\"https:\/\/www.amplitudes.com\/blog-backend\/wp-content\/uploads\/2022\/05\/The-beach-at-Cahuita-National-Park-in-Costa-Rica_iStock_11417861261.jpg\" alt=\"Voyage Costa Rica C\u00f4te Cara\u00efbes - Parc national de Cahuita - Amplitudes\" class=\"wp-image-12052\" srcset=\"https:\/\/www.amplitudes.com\/blog-backend\/wp-content\/uploads\/2022\/05\/The-beach-at-Cahuita-National-Park-in-Costa-Rica_iStock_11417861261.jpg 1110w, https:\/\/www.amplitudes.com\/blog-backend\/wp-content\/uploads\/2022\/05\/The-beach-at-Cahuita-National-Park-in-Costa-Rica_iStock_11417861261-300x195.jpg 300w, https:\/\/www.amplitudes.com\/blog-backend\/wp-content\/uploads\/2022\/05\/The-beach-at-Cahuita-National-Park-in-Costa-Rica_iStock_11417861261-781x507.jpg 781w\" sizes=\"(max-width: 1110px) 100vw, 1110px\" \/><figcaption class=\"wp-element-caption\"><em>Tropical vibe&#8230;<\/em><\/figcaption><\/figure>\n\n\n\n<p>Tranquille, tranquille\u2026 <a href=\"https:\/\/www.amplitudes.com\/voyage-cahuita\/circuit-cahuita\/sejour-cahuita\/cahuita.html\">Ainsi se d\u00e9couvre le Parc national de Cahuita<\/a>&nbsp;! \u00ab&nbsp;Pura Vida&nbsp;\u00bb mon bon ami&nbsp;! Nous sommes sur la <strong>c\u00f4te Cara\u00efbe du pays<\/strong> et cela se ressent\u2026 Il y a plus d\u2019un <strong>paresseux<\/strong> accroch\u00e9 dans la flore luxuriante\u2026 Les plages sont de sable blanc, notamment la bien-nomm\u00e9e <strong>Playa Blanca<\/strong>, et les branches des cocotiers veulent faire trempette dans les <strong>eaux turquoise<\/strong>\u2026 Et puis il y a des <strong>singes hurleurs <\/strong>qui ont visiblement envie de chanter sur ces airs afro-carib\u00e9ens de <em>Calypso Limonense<\/em> que l\u2019on entend venir de <strong>Cahuita, le village voisin<\/strong> du parc\u2026<\/p>\n\n\n\n<blockquote class=\"wp-block-quote\">\n<p>En plus de ses sentiers forestiers et c\u00f4tiers \u00e0 explorer, on trouve au Parc national de Cahuita des r\u00e9cifs coralliens. Ce sont les plus importants \u00e0 voir <a href=\"https:\/\/www.amplitudes.com\/voyage-cote-caraibe-du-costa-rica\/circuit-cote-caraibe-du-costa-rica\/sejour-cote-caraibe-du-costa-rica\/cote-caraibe-du-costa-rica.html\">de passage sur la c\u00f4te Cara\u00efbe du Costa Rica<\/a> \u2013 <strong>Maureen, notre experte Costa Rica<\/strong><\/p>\n<\/blockquote>\n\n\n\n<h2 class=\"wp-block-heading has-text-align-left\" id=\"le-parc-national-los-quetzales-le-plus-mysterieux\"><span class=\"ez-toc-section\" id=\"Le_Parc_national_Los_Quetzales_le_plus_mysterieux\"><\/span><strong>Le Parc national Los Quetzales, le plus myst\u00e9rieux <\/strong><span class=\"ez-toc-section-end\"><\/span><\/h2>\n\n\n\n<figure class=\"wp-block-image size-full\"><img decoding=\"async\" width=\"1110\" height=\"721\" src=\"https:\/\/www.amplitudes.com\/blog-backend\/wp-content\/uploads\/2022\/05\/zdenek-machacek-yeqt115Xkeg-unsplash1.jpg\" alt=\"Voyage Parc National Los Quetzales - Quetzal - Amplitudes\" class=\"wp-image-12053\" srcset=\"https:\/\/www.amplitudes.com\/blog-backend\/wp-content\/uploads\/2022\/05\/zdenek-machacek-yeqt115Xkeg-unsplash1.jpg 1110w, https:\/\/www.amplitudes.com\/blog-backend\/wp-content\/uploads\/2022\/05\/zdenek-machacek-yeqt115Xkeg-unsplash1-300x195.jpg 300w, https:\/\/www.amplitudes.com\/blog-backend\/wp-content\/uploads\/2022\/05\/zdenek-machacek-yeqt115Xkeg-unsplash1-781x507.jpg 781w\" sizes=\"(max-width: 1110px) 100vw, 1110px\" \/><figcaption class=\"wp-element-caption\"><em>Et surprendre un quetzal&#8230;<\/em><\/figcaption><\/figure>\n\n\n\n<p>Changement total d\u2019ambiance avec ce quatri\u00e8me parc national au Costa Rica&nbsp;! Dans les <strong>hauts monts embrum\u00e9s<\/strong> du Pacifique Central, cherchez le plumage vert et rouge \u00e9clatant du <strong>quetzal<\/strong>, <strong>l\u2019oiseau mythique<\/strong> du pays. Le craintif volatile a trouv\u00e9 un \u00e9den parmi les avocatiers \u2013 son p\u00e9ch\u00e9 mignon \u2013 du Parc national Los Quetzales, <a href=\"https:\/\/www.amplitudes.com\/voyage-san-gerardo-de-dota\/circuit-san-gerardo-de-dota\/sejour-san-gerardo-de-dota\/san-gerardo-de-dota.html\">pr\u00e8s de San Gerardo de Dota<\/a>. Nous sommes ici \u00e0 3&nbsp;000 m au-dessus des eaux donc emmitouflez-vous bien car <strong>il peut faire frais<\/strong>. Et soyez pr\u00eats \u00e0 surprendre les quetzals \u00e0 l\u2019heure o\u00f9 ils ont un petit creux&nbsp;!<\/p>\n\n\n\n<blockquote class=\"wp-block-quote\">\n<p>Encore un parc moins connu mais passionnant&nbsp;! Nous pouvons le proposer en remontant en fin de voyage du Parc national du Corcovado vers la capitale. Ou encore au d\u00e9but d\u2019un <a href=\"https:\/\/www.amplitudes.com\/voyage\/voyage-costa-rica-panama\/circuit-costa-rica-panama\/sejour-costa-rica-panama\/cotes-sauvages-du-pacifique.html\">combin\u00e9 Costa Rica \u2013 Panama<\/a>, le long des c\u00f4tes sauvages du Pacifique \u2013 <strong>Maureen, notre experte Costa Rica<\/strong><\/p>\n<\/blockquote>\n\n\n\n<h2 class=\"wp-block-heading has-text-align-left\" id=\"le-parc-du-volcan-arenal-le-plus-iconique\"><span class=\"ez-toc-section\" id=\"Le_Parc_du_volcan_Arenal_le_plus_iconique\"><\/span><strong>Le Parc du volcan Arenal, le plus iconique <\/strong><span class=\"ez-toc-section-end\"><\/span><\/h2>\n\n\n\n<figure class=\"wp-block-image size-full\"><img decoding=\"async\" width=\"1110\" height=\"721\" src=\"https:\/\/www.amplitudes.com\/blog-backend\/wp-content\/uploads\/2022\/05\/TC_Tent-01-11.jpg\" alt=\"Voyage Arenal - Nayara Tented Camp - Amplitudes\" class=\"wp-image-12054\" srcset=\"https:\/\/www.amplitudes.com\/blog-backend\/wp-content\/uploads\/2022\/05\/TC_Tent-01-11.jpg 1110w, https:\/\/www.amplitudes.com\/blog-backend\/wp-content\/uploads\/2022\/05\/TC_Tent-01-11-300x195.jpg 300w, https:\/\/www.amplitudes.com\/blog-backend\/wp-content\/uploads\/2022\/05\/TC_Tent-01-11-781x507.jpg 781w\" sizes=\"(max-width: 1110px) 100vw, 1110px\" \/><figcaption class=\"wp-element-caption\"><em>Chambre avec vue sur le Volcan Arenal&#8230;<\/em><\/figcaption><\/figure>\n\n\n\n<p>On termine ce top 5 avec le parc national qui abrite <strong>l\u2019embl\u00e8me du Costa Rica<\/strong>, le volcan Arenal. L\u2019une des meilleures vues sur ce <strong>g\u00e9ant de feu<\/strong> de 1&nbsp;720 m de haut&nbsp;: en prenant vous aussi de la hauteur ! Traversez les fameux <strong>ponts suspendus<\/strong> du site&nbsp;! Entre deux trou\u00e9es v\u00e9g\u00e9tales au c\u0153ur des 12&nbsp;000 hectares de for\u00eat tropicale des lieux, la silhouette de l\u2019Arenal appara\u00eet&nbsp;alors\u2026 <a href=\"https:\/\/www.amplitudes.com\/voyage-volcan-arenal\/circuit-volcan-arenal\/sejour-volcan-arenal\/volcan-arenal.html\">De nombreuses activit\u00e9s s&rsquo;organisent au sein du Parc du Volcan Arenal<\/a>. Faites le plein de sensations le long d\u2019une <strong>tyrolienne<\/strong> de l\u2019extr\u00eame\u2026 <strong>Chevauchez<\/strong> ovationn\u00e9s de joyeux p\u00e9piements\u2026&nbsp;<\/p>\n\n\n\n<blockquote class=\"wp-block-quote\">\n<p>Au Parc du Volcan Arenal, on peut aussi simplement se relaxer dans les sources d\u2019eaux chaudes&nbsp;du site. Certaines chambres d\u2019h\u00f4tel ont m\u00eame leur propre piscine d\u2019eau thermale priv\u00e9e&nbsp;! C&rsquo;est notamment le cas au <a href=\"https:\/\/www.amplitudes.com\/blog\/les-plus-beaux-hotels-de-luxe-au-costa-rica-nos-lodges-5\/\">Nayara Tented Camp<\/a> ici en photo \u2013 <strong>Maureen, notre experte Costa Rica<\/strong><\/p>\n<\/blockquote>\n\n\n\n<h3 class=\"wp-block-heading has-text-align-center\" id=\"envie-de-partir-explorer-un-parc-national-au-costa-rica-en-particulier-ou-plusieurs-contactez-nos-experts\"><strong>Envie de partir explorer un parc national au Costa Rica en particulier ou plusieurs\u00a0? <a href=\"https:\/\/www.amplitudes.com\/voyage-costa-rica\/circuit-costa-rica\/sejour-costa-rica\/costa-rica.html\">D\u00e9couvrir<\/a> ou <a href=\"https:\/\/www.amplitudes.com\/agence-de-voyages\/toulouse\/paris\/demande-devis-sur-mesure.html\">contactez nos experts<\/a><\/strong><\/h3>\n","protected":false},"excerpt":{"rendered":"<p>Destination \u00e9cotouristique par excellence, le Costa Rica est un authentique poumon vert avec pas loin de 30 parcs nationaux en son sein\u2026 De celui de Manuel Antonio \u2013 le plus visit\u00e9 du pays \u2013 au m\u00e9connu de Barra Honda qui attendrira les c\u0153urs de pierre des g\u00e9ologues en passant par Palo Verde, royaume des f\u00e9rus [&hellip;]<\/p>\n","protected":false},"author":2,"featured_media":12056,"comment_status":"open","ping_status":"open","sticky":false,"template":"","format":"standard","meta":{"footnotes":""},"categories":[169],"tags":[181],"yoast_head":"<!-- This site is optimized with the Yoast SEO plugin v22.1 - https:\/\/yoast.com\/wordpress\/plugins\/seo\/ -->\n<title>Quel parc national faire au Costa Rica ? Nos coups de c\u0153ur - Amplitudes<\/title>\n<meta name=\"description\" content=\"Ne cherchez plus le meilleur Parc national au Costa Rica, Maureen, notre experte Am\u00e9rique Latine vous recommande ses 5 favoris.\" \/>\n<meta name=\"robots\" content=\"index, follow, max-snippet:-1, max-image-preview:large, max-video-preview:-1\" \/>\n<link rel=\"canonical\" href=\"https:\/\/www.amplitudes.com\/blog-backend\/quel-parc-national-faire-au-costa-rica-nos-coups-de-coeur\/\" \/>\n<meta property=\"og:locale\" content=\"fr_FR\" \/>\n<meta property=\"og:type\" content=\"article\" \/>\n<meta property=\"og:title\" content=\"Quel parc national faire au Costa Rica ? Nos coups de c\u0153ur - Amplitudes\" \/>\n<meta property=\"og:description\" content=\"Ne cherchez plus le meilleur Parc national au Costa Rica, Maureen, notre experte Am\u00e9rique Latine vous recommande ses 5 favoris.\" \/>\n<meta property=\"og:url\" content=\"https:\/\/www.amplitudes.com\/blog-backend\/quel-parc-national-faire-au-costa-rica-nos-coups-de-coeur\/\" \/>\n<meta property=\"og:site_name\" content=\"Blog de l&#039;agence de voyage sur-mesure Amplitudes\" \/>\n<meta property=\"article:publisher\" content=\"http:\/\/facebook.com\/amplitudes.devoyages\/\" \/>\n<meta property=\"article:published_time\" content=\"2022-05-27T13:15:43+00:00\" \/>\n<meta property=\"article:modified_time\" content=\"2025-08-29T16:09:09+00:00\" \/>\n<meta property=\"og:image\" content=\"https:\/\/www.amplitudes.com\/blog-backend\/wp-content\/uploads\/2022\/05\/Amplitudes_029101-Parc-National-de-l_Arenal_Blog1.jpg\" \/>\n\t<meta property=\"og:image:width\" content=\"1110\" \/>\n\t<meta property=\"og:image:height\" content=\"481\" \/>\n\t<meta property=\"og:image:type\" content=\"image\/jpeg\" \/>\n<meta name=\"author\" content=\"Floriane\" \/>\n<meta name=\"twitter:card\" content=\"summary_large_image\" \/>\n<meta name=\"twitter:creator\" content=\"@AmplitudesV\" \/>\n<meta name=\"twitter:site\" content=\"@AmplitudesV\" \/>\n<meta name=\"twitter:label1\" content=\"\u00c9crit par\" \/>\n\t<meta name=\"twitter:data1\" content=\"Floriane\" \/>\n\t<meta name=\"twitter:label2\" content=\"Dur\u00e9e de lecture estim\u00e9e\" \/>\n\t<meta name=\"twitter:data2\" content=\"6 minutes\" \/>\n<script type=\"application\/ld+json\" class=\"yoast-schema-graph\">{\"@context\":\"https:\/\/schema.org\",\"@graph\":[{\"@type\":\"WebPage\",\"@id\":\"https:\/\/www.amplitudes.com\/blog-backend\/quel-parc-national-faire-au-costa-rica-nos-coups-de-coeur\/\",\"url\":\"https:\/\/www.amplitudes.com\/blog-backend\/quel-parc-national-faire-au-costa-rica-nos-coups-de-coeur\/\",\"name\":\"Quel parc national faire au Costa Rica ? Nos coups de c\u0153ur - Amplitudes\",\"isPartOf\":{\"@id\":\"https:\/\/www.amplitudes.com\/blog-backend\/#website\"},\"datePublished\":\"2022-05-27T13:15:43+00:00\",\"dateModified\":\"2025-08-29T16:09:09+00:00\",\"author\":{\"@id\":\"https:\/\/www.amplitudes.com\/blog-backend\/#\/schema\/person\/1ac2058edef1f5f0f2c16e7f096a80b1\"},\"description\":\"Ne cherchez plus le meilleur Parc national au Costa Rica, Maureen, notre experte Am\u00e9rique Latine vous recommande ses 5 favoris.\",\"inLanguage\":\"fr-FR\",\"potentialAction\":[{\"@type\":\"ReadAction\",\"target\":[\"https:\/\/www.amplitudes.com\/blog-backend\/quel-parc-national-faire-au-costa-rica-nos-coups-de-coeur\/\"]}]},{\"@type\":\"WebSite\",\"@id\":\"https:\/\/www.amplitudes.com\/blog-backend\/#website\",\"url\":\"https:\/\/www.amplitudes.com\/blog-backend\/\",\"name\":\"Blog de l&#039;agence de voyage sur-mesure Amplitudes\",\"description\":\"\",\"potentialAction\":[{\"@type\":\"SearchAction\",\"target\":{\"@type\":\"EntryPoint\",\"urlTemplate\":\"https:\/\/www.amplitudes.com\/blog-backend\/?s={search_term_string}\"},\"query-input\":\"required name=search_term_string\"}],\"inLanguage\":\"fr-FR\"},{\"@type\":\"Person\",\"@id\":\"https:\/\/www.amplitudes.com\/blog-backend\/#\/schema\/person\/1ac2058edef1f5f0f2c16e7f096a80b1\",\"name\":\"Floriane\",\"image\":{\"@type\":\"ImageObject\",\"inLanguage\":\"fr-FR\",\"@id\":\"https:\/\/www.amplitudes.com\/blog-backend\/#\/schema\/person\/image\/\",\"url\":\"https:\/\/secure.gravatar.com\/avatar\/f3f77af3dabd00f62e61c417047e08f6?s=96&d=mm&r=g\",\"contentUrl\":\"https:\/\/secure.gravatar.com\/avatar\/f3f77af3dabd00f62e61c417047e08f6?s=96&d=mm&r=g\",\"caption\":\"Floriane\"},\"url\":\"https:\/\/www.amplitudes.com\/blog-backend\/author\/audrey\/\"}]}<\/script>\n<!-- \/ Yoast SEO plugin. -->","yoast_head_json":{"title":"Quel parc national faire au Costa Rica ? Nos coups de c\u0153ur - Amplitudes","description":"Ne cherchez plus le meilleur Parc national au Costa Rica, Maureen, notre experte Am\u00e9rique Latine vous recommande ses 5 favoris.","robots":{"index":"index","follow":"follow","max-snippet":"max-snippet:-1","max-image-preview":"max-image-preview:large","max-video-preview":"max-video-preview:-1"},"canonical":"https:\/\/www.amplitudes.com\/blog-backend\/quel-parc-national-faire-au-costa-rica-nos-coups-de-coeur\/","og_locale":"fr_FR","og_type":"article","og_title":"Quel parc national faire au Costa Rica ? Nos coups de c\u0153ur - Amplitudes","og_description":"Ne cherchez plus le meilleur Parc national au Costa Rica, Maureen, notre experte Am\u00e9rique Latine vous recommande ses 5 favoris.","og_url":"https:\/\/www.amplitudes.com\/blog-backend\/quel-parc-national-faire-au-costa-rica-nos-coups-de-coeur\/","og_site_name":"Blog de l&#039;agence de voyage sur-mesure Amplitudes","article_publisher":"http:\/\/facebook.com\/amplitudes.devoyages\/","article_published_time":"2022-05-27T13:15:43+00:00","article_modified_time":"2025-08-29T16:09:09+00:00","og_image":[{"width":1110,"height":481,"url":"https:\/\/www.amplitudes.com\/blog-backend\/wp-content\/uploads\/2022\/05\/Amplitudes_029101-Parc-National-de-l_Arenal_Blog1.jpg","type":"image\/jpeg"}],"author":"Floriane","twitter_card":"summary_large_image","twitter_creator":"@AmplitudesV","twitter_site":"@AmplitudesV","twitter_misc":{"\u00c9crit par":"Floriane","Dur\u00e9e de lecture estim\u00e9e":"6 minutes"},"schema":{"@context":"https:\/\/schema.org","@graph":[{"@type":"WebPage","@id":"https:\/\/www.amplitudes.com\/blog-backend\/quel-parc-national-faire-au-costa-rica-nos-coups-de-coeur\/","url":"https:\/\/www.amplitudes.com\/blog-backend\/quel-parc-national-faire-au-costa-rica-nos-coups-de-coeur\/","name":"Quel parc national faire au Costa Rica ? Nos coups de c\u0153ur - Amplitudes","isPartOf":{"@id":"https:\/\/www.amplitudes.com\/blog-backend\/#website"},"datePublished":"2022-05-27T13:15:43+00:00","dateModified":"2025-08-29T16:09:09+00:00","author":{"@id":"https:\/\/www.amplitudes.com\/blog-backend\/#\/schema\/person\/1ac2058edef1f5f0f2c16e7f096a80b1"},"description":"Ne cherchez plus le meilleur Parc national au Costa Rica, Maureen, notre experte Am\u00e9rique Latine vous recommande ses 5 favoris.","inLanguage":"fr-FR","potentialAction":[{"@type":"ReadAction","target":["https:\/\/www.amplitudes.com\/blog-backend\/quel-parc-national-faire-au-costa-rica-nos-coups-de-coeur\/"]}]},{"@type":"WebSite","@id":"https:\/\/www.amplitudes.com\/blog-backend\/#website","url":"https:\/\/www.amplitudes.com\/blog-backend\/","name":"Blog de l&#039;agence de voyage sur-mesure Amplitudes","description":"","potentialAction":[{"@type":"SearchAction","target":{"@type":"EntryPoint","urlTemplate":"https:\/\/www.amplitudes.com\/blog-backend\/?s={search_term_string}"},"query-input":"required name=search_term_string"}],"inLanguage":"fr-FR"},{"@type":"Person","@id":"https:\/\/www.amplitudes.com\/blog-backend\/#\/schema\/person\/1ac2058edef1f5f0f2c16e7f096a80b1","name":"Floriane","image":{"@type":"ImageObject","inLanguage":"fr-FR","@id":"https:\/\/www.amplitudes.com\/blog-backend\/#\/schema\/person\/image\/","url":"https:\/\/secure.gravatar.com\/avatar\/f3f77af3dabd00f62e61c417047e08f6?s=96&d=mm&r=g","contentUrl":"https:\/\/secure.gravatar.com\/avatar\/f3f77af3dabd00f62e61c417047e08f6?s=96&d=mm&r=g","caption":"Floriane"},"url":"https:\/\/www.amplitudes.com\/blog-backend\/author\/audrey\/"}]}},"_links":{"self":[{"href":"https:\/\/www.amplitudes.com\/blog-backend\/wp-json\/wp\/v2\/posts\/12039"}],"collection":[{"href":"https:\/\/www.amplitudes.com\/blog-backend\/wp-json\/wp\/v2\/posts"}],"about":[{"href":"https:\/\/www.amplitudes.com\/blog-backend\/wp-json\/wp\/v2\/types\/post"}],"author":[{"embeddable":true,"href":"https:\/\/www.amplitudes.com\/blog-backend\/wp-json\/wp\/v2\/users\/2"}],"replies":[{"embeddable":true,"href":"https:\/\/www.amplitudes.com\/blog-backend\/wp-json\/wp\/v2\/comments?post=12039"}],"version-history":[{"count":22,"href":"https:\/\/www.amplitudes.com\/blog-backend\/wp-json\/wp\/v2\/posts\/12039\/revisions"}],"predecessor-version":[{"id":17682,"href":"https:\/\/www.amplitudes.com\/blog-backend\/wp-json\/wp\/v2\/posts\/12039\/revisions\/17682"}],"wp:featuredmedia":[{"embeddable":true,"href":"https:\/\/www.amplitudes.com\/blog-backend\/wp-json\/wp\/v2\/media\/12056"}],"wp:attachment":[{"href":"https:\/\/www.amplitudes.com\/blog-backend\/wp-json\/wp\/v2\/media?parent=12039"}],"wp:term":[{"taxonomy":"category","embeddable":true,"href":"https:\/\/www.amplitudes.com\/blog-backend\/wp-json\/wp\/v2\/categories?post=12039"},{"taxonomy":"post_tag","embeddable":true,"href":"https:\/\/www.amplitudes.com\/blog-backend\/wp-json\/wp\/v2\/tags?post=12039"}],"curies":[{"name":"wp","href":"https:\/\/api.w.org\/{rel}","templated":true}]}}