{"id":12232,"date":"2022-11-18T15:36:14","date_gmt":"2022-11-18T14:36:14","guid":{"rendered":"https:\/\/www.amplitudes.com\/blog-backend\/?p=12232"},"modified":"2022-11-18T16:04:47","modified_gmt":"2022-11-18T15:04:47","slug":"gabriel-garcia-marquez-la-colombie-du-realisme-magique","status":"publish","type":"post","link":"https:\/\/www.amplitudes.com\/blog-backend\/gabriel-garcia-marquez-la-colombie-du-realisme-magique\/","title":{"rendered":"Gabriel Garc\u00eda M\u00e1rquez : La Colombie du r\u00e9alisme magique"},"content":{"rendered":"\n<p><strong>DOSSIER DU MOIS #Novembre 2022 : La Colombie, art, nature et amour<\/strong>.  Du c\u0153ur \u00e0 la c\u00f4te des Cara\u00efbes, la Colombie de <strong>Gabriel Garc\u00eda M\u00e1rquez <\/strong>est un voyage initiatique qui se vit tant sur le papier que sur la route\u2026 Il est l\u2019un des auteurs les plus marquants du XX\u00e8me si\u00e8cle. Son \u0153uvre fut salu\u00e9e en 1982 par la remise du Prix Nobel de litt\u00e9rature. Marchez dans les pas de ce monument de la culture sud-am\u00e9ricaine avec notre circuit <a href=\"https:\/\/www.amplitudes.com\/voyage\/voyage-colombie\/circuit-colombie\/sejour-colombie\/la-serenade-de-la-riviere-de-la-vie.html?utm_source=blog&amp;utm_medium=gabriel_garcia_marquez_la_colombie_du_realisme_magique&amp;utm_campaign=blog_gabriel_garcia_marquez_la_colombie_du_realisme_magique&amp;utm_content=La_Serenade_de_la_Riviere_de_la_Vie\" target=\"_blank\" rel=\"noreferrer noopener\">La S\u00e9r\u00e9nade de la Rivi\u00e8re de la Vie<\/a>.<\/p>\n\n\n\n<div id=\"ez-toc-container\" class=\"ez-toc-v2_0_17 ez-toc-wrap-left counter-hierarchy counter-decimal\">\n<div class=\"ez-toc-title-container\">\n<p class=\"ez-toc-title\">Sommaire <\/p>\n<span class=\"ez-toc-title-toggle\"><a class=\"ez-toc-pull-right ez-toc-btn ez-toc-btn-xs ez-toc-btn-default ez-toc-toggle\" style=\"display: none;\"><i class=\"ez-toc-glyphicon ez-toc-icon-toggle\"><\/i><\/a><\/span><\/div>\n<nav><ul class=\"ez-toc-list ez-toc-list-level-1\"><li class=\"ez-toc-page-1 ez-toc-heading-level-2\"><a class=\"ez-toc-link ez-toc-heading-1\" href=\"https:\/\/www.amplitudes.com\/blog-backend\/gabriel-garcia-marquez-la-colombie-du-realisme-magique\/#Qui_est_Gabriel_Garcia_Marquez\" title=\"Qui est Gabriel Garc\u00eda M\u00e1rquez&nbsp;?\">Qui est Gabriel Garc\u00eda M\u00e1rquez&nbsp;?<\/a><\/li><li class=\"ez-toc-page-1 ez-toc-heading-level-2\"><a class=\"ez-toc-link ez-toc-heading-2\" href=\"https:\/\/www.amplitudes.com\/blog-backend\/gabriel-garcia-marquez-la-colombie-du-realisme-magique\/#Aracataca_les_racines_de_lart\" title=\"Aracataca, les racines de l\u2019art\">Aracataca, les racines de l\u2019art<\/a><\/li><li class=\"ez-toc-page-1 ez-toc-heading-level-2\"><a class=\"ez-toc-link ez-toc-heading-3\" href=\"https:\/\/www.amplitudes.com\/blog-backend\/gabriel-garcia-marquez-la-colombie-du-realisme-magique\/#Cartagena_quand_lhistoire_cotoie_le_reve\" title=\"Cartagena, quand l\u2019histoire c\u00f4toie le r\u00eave\">Cartagena, quand l\u2019histoire c\u00f4toie le r\u00eave<\/a><\/li><li class=\"ez-toc-page-1 ez-toc-heading-level-2\"><a class=\"ez-toc-link ez-toc-heading-4\" href=\"https:\/\/www.amplitudes.com\/blog-backend\/gabriel-garcia-marquez-la-colombie-du-realisme-magique\/#La_realite_magique_de_Gabriel_Garcia_Marquez_a_Mompox\" title=\"La r\u00e9alit\u00e9 magique de Gabriel Garc\u00eda M\u00e1rquez \u00e0 Mompox\">La r\u00e9alit\u00e9 magique de Gabriel Garc\u00eda M\u00e1rquez \u00e0 Mompox<\/a><\/li><li class=\"ez-toc-page-1 ez-toc-heading-level-2\"><a class=\"ez-toc-link ez-toc-heading-5\" href=\"https:\/\/www.amplitudes.com\/blog-backend\/gabriel-garcia-marquez-la-colombie-du-realisme-magique\/#Pour_aller_plus_loin\" title=\"Pour aller plus loin\u00a0:\">Pour aller plus loin\u00a0:<\/a><\/li><\/ul><\/nav><\/div>\n<h2 class=\"has-text-align-left wp-block-heading\" id=\"qui-est-gabriel-garcia-marquez\"><span class=\"ez-toc-section\" id=\"Qui_est_Gabriel_Garcia_Marquez\"><\/span><strong>Qui est Gabriel Garc\u00eda M\u00e1rquez&nbsp;?<\/strong><span class=\"ez-toc-section-end\"><\/span><\/h2>\n\n\n\n<p>Avec des \u0153uvres telles que <em>Cent ans de solitude<\/em> ou <em>L\u2019amour aux temps du chol\u00e9ra<\/em>, Gabriel Garc\u00eda M\u00e1rquez est compar\u00e9 \u00e0 Rabelais, Hugo ou encore Cervantes.<\/p>\n\n\n\n<figure class=\"wp-block-image size-full\"><img decoding=\"async\" width=\"1110\" height=\"721\" src=\"https:\/\/www.amplitudes.com\/blog-backend\/wp-content\/uploads\/2022\/10\/GGM_1.jpg\" alt=\"Circuit Colombie - Gabriel Garcia Marquez - Amplitudes\" class=\"wp-image-12234\" srcset=\"https:\/\/www.amplitudes.com\/blog-backend\/wp-content\/uploads\/2022\/10\/GGM_1.jpg 1110w, https:\/\/www.amplitudes.com\/blog-backend\/wp-content\/uploads\/2022\/10\/GGM_1-300x195.jpg 300w, https:\/\/www.amplitudes.com\/blog-backend\/wp-content\/uploads\/2022\/10\/GGM_1-781x507.jpg 781w\" sizes=\"(max-width: 1110px) 100vw, 1110px\" \/><figcaption>Gabriel Garc\u00eda M\u00e1rquez lors d&rsquo;une conf\u00e9rence \u00e0 Mexico, en Septembre 1986<\/figcaption><\/figure>\n\n\n\n<p>Il est \u00e9galement l\u2019une des figures majeures du <strong>r\u00e9alisme magique<\/strong>. Il s\u2019agit d\u2019un courant litt\u00e9raire d\u00e9velopp\u00e9 en Am\u00e9rique latine notamment, qui m\u00eale exactitude historique et \u00e9l\u00e9ments fantastiques, surnaturels. S\u2019il n\u2019existe pas de d\u00e9finition pr\u00e9cise de ce courant, les intentions g\u00e9n\u00e9rales se d\u00e9clinent en deux cheminements. Dans un premier temps il s\u2019agissait de rejeter le rationalisme, de pousser \u00e0 accepter l\u2019intrusion du merveilleux dans un environnement av\u00e9r\u00e9 tant sur les plans historiques et g\u00e9ographiques que sociaux. Par la suite, il s\u2019agira davantage de souligner <strong>l\u2019extraordinaire du quotidien<\/strong>, la magie des instants normaux.<\/p>\n\n\n\n<h2 class=\"wp-block-heading\" id=\"aracataca-les-racines-de-l-art\"><span class=\"ez-toc-section\" id=\"Aracataca_les_racines_de_lart\"><\/span><strong>Aracataca, les racines de l\u2019art<\/strong><span class=\"ez-toc-section-end\"><\/span><\/h2>\n\n\n\n<p>Gabriel n\u00e9 \u00e0 <strong>Aracataca<\/strong>, un petit village du nord de la Colombie. Ce bourg est aujourd\u2019hui devenu un t\u00e9moignage poignant, une incarnation vibrante de la plume de Gabo, comme on l\u2019y surnomme. Ce lieu paisible, recul\u00e9, o\u00f9 vivent des gens simples, est l\u2019une des inspirations dans la cr\u00e9ation du village fictif de Macondo&nbsp;:<\/p>\n\n\n\n<blockquote class=\"wp-block-quote\"><p>Macondo \u00e9tait alors un village d\u2019une vingtaine de maisons en glaise et en roseau, construites au bord d\u2019une rivi\u00e8re dont les eaux diaphanes roulaient sur un lit de pierres polies, blanches, \u00e9normes comme des \u0153ufs pr\u00e9historiques.\u00a0&#8211; Cent ans de solitude (1967)<\/p><\/blockquote>\n\n\n\n<p>Le talent et l\u2019imagination d\u00e9bordante si souvent acclam\u00e9s de Garc\u00eda M\u00e1rquez ne viennent pas de nulle part. En effet, d\u00e8s sa plus tendre enfance \u00e0 Aracataca des <strong>personnages hauts en couleur<\/strong> l&rsquo;entourent. <\/p>\n\n\n\n<h3 class=\"has-text-align-left wp-block-heading\" id=\"ses-parents\"><strong>Ses parents<\/strong><\/h3>\n\n\n\n<p>Gabriel et Luisa : une histoire d\u2019amour tumultueuse qui inspirera <em>L\u2019amour aux temps du chol\u00e9ra<\/em>. Gabriel p\u00e8re est trop pauvre pour faire un mari convenable \u00e0 la fille de militaire qu\u2019est Luisa. Il parvient pourtant \u00e0 conqu\u00e9rir son c\u0153ur gr\u00e2ce \u00e0 ses po\u00e8mes et s\u00e9r\u00e9nades au violon. Lorsque vous viendrez vous abriter du soleil sous le parapet de la gare d\u2019Aracataca, imaginez ce couple. Ils sont amoureux, ils se sont battus pour \u00eatre ensemble. Les parents de Luisa ont enfin accept\u00e9 le mariage. Elle est \u00e0 pr\u00e9sent enceinte, rayonnante d\u2019espoir et ne peut imaginer ce qui attend ce petit qu\u2019elle couve. Pr\u00e8s de la rivi\u00e8re, il fait ses premiers pas, pendant que les autres enfants l\u2019\u00e9claboussent pour le rafra\u00eechir. Il est baptis\u00e9 dans la belle \u00e9glise San Jos\u00e9 peinte de chaux et d\u2019ocre, \u00e0 deux pas de la maison qui le verra grandir&#8230;<\/p>\n\n\n\n<figure class=\"wp-block-image size-full\"><img decoding=\"async\" width=\"1110\" height=\"721\" src=\"https:\/\/www.amplitudes.com\/blog-backend\/wp-content\/uploads\/2022\/10\/GGM_2.jpg\" alt=\"Circuit chauffeur-guide en Colombie - \u00c9glise d'Aracataca - Amplitudes\" class=\"wp-image-12235\" srcset=\"https:\/\/www.amplitudes.com\/blog-backend\/wp-content\/uploads\/2022\/10\/GGM_2.jpg 1110w, https:\/\/www.amplitudes.com\/blog-backend\/wp-content\/uploads\/2022\/10\/GGM_2-300x195.jpg 300w, https:\/\/www.amplitudes.com\/blog-backend\/wp-content\/uploads\/2022\/10\/GGM_2-781x507.jpg 781w\" sizes=\"(max-width: 1110px) 100vw, 1110px\" \/><figcaption>\u00c9glise d&rsquo;Aracataca o\u00f9 Gabriel Garc\u00eda M\u00e1rquez fut baptis\u00e9 <\/figcaption><\/figure>\n\n\n\n<h3 class=\"has-text-align-left wp-block-heading\" id=\"ses-grands-parents\"><strong>Ses grands-parents<\/strong><\/h3>\n\n\n\n<p>Gabriel est confi\u00e9 d\u00e8s ses deux ans \u00e0 ses grands-parents, alors que ses parents partent pour Barranquilla, la capitale de la r\u00e9gion voisine. La maison du couple est aujourd\u2019hui un <strong>v\u00e9ritable mus\u00e9e<\/strong> de la vie de Gabriel Garc\u00eda M\u00e1rquez. Elle fut reconstruite selon la description faite par l\u2019\u00e9crivain dans son autobiographie <em>Vivre pour la raconter<\/em>. Traversez \u00e0 la fois l\u2019espace et le temps de la vie de Gabo sous tous ses aspects\u00a0: familiale, politique, social, artistique. D\u2019oniriques papillons jaunes, guides de lumi\u00e8re, vous accompagnent tout au long de votre exploration.<\/p>\n\n\n\n<h6 class=\"wp-block-heading\" id=\"papa-lelo\"><em><strong>Papa Lelo<\/strong><\/em><\/h6>\n\n\n\n<p>En traversant l\u2019atelier de son grand-p\u00e8re, vous verrez sur les tables et aux murs des poissons d\u2019or que le vieil homme fabriquait. Ils vous rappelleront sans doute le personnage du colonel Aureliano Buendia (<em>Cent ans de solitude<\/em>, 1967). Cette m\u00e9tonomasie de son <em>abuelo<\/em> rend hommage \u00e0 la fois \u00e0 l\u2019artisanat de la ville et au m\u00e9tier de son a\u00efeul. Cet ancien militaire fut une figure essentielle de la construction du jeune gar\u00e7on.<\/p>\n\n\n\n<figure class=\"wp-block-image size-full\"><img decoding=\"async\" width=\"1110\" height=\"721\" src=\"https:\/\/www.amplitudes.com\/blog-backend\/wp-content\/uploads\/2022\/10\/GGM_3.jpg\" alt=\"Circuit Aracataca - Artisanat du grand-p\u00e8re orf\u00e8vre de Gabriel Garcia Marquez - Amplitudes\" class=\"wp-image-12236\" srcset=\"https:\/\/www.amplitudes.com\/blog-backend\/wp-content\/uploads\/2022\/10\/GGM_3.jpg 1110w, https:\/\/www.amplitudes.com\/blog-backend\/wp-content\/uploads\/2022\/10\/GGM_3-300x195.jpg 300w, https:\/\/www.amplitudes.com\/blog-backend\/wp-content\/uploads\/2022\/10\/GGM_3-781x507.jpg 781w\" sizes=\"(max-width: 1110px) 100vw, 1110px\" \/><figcaption>Les mains de Papa Lelo travaillant l&rsquo;or <\/figcaption><\/figure>\n\n\n\n<p>En effet, \u00ab&nbsp;Papa Lelo&nbsp;\u00bb met un point d\u2019honneur \u00e0 faire de son petit-fils un homme \u00e9duqu\u00e9, ouvert d\u2019esprit et conscient du monde dans lequel il grandit. Plus tard Gabriel d\u00e9crira cet ancien militaire et conteur hors pairs comme <strong>\u00ab&nbsp;le cordon ombilical entre histoire et r\u00e9alit\u00e9&nbsp;\u00bb.<\/strong><\/p>\n\n\n\n<h6 class=\"wp-block-heading\" id=\"abuela-tranquilina\"><strong><em>Abuela Tranquilina<\/em><\/strong><\/h6>\n\n\n\n<p>Laissez ensuite vos pas vous guider jusqu\u2019aux jardins de la maison\u2026 Au milieu des statues rendant hommage \u00e0 l\u2019\u0153uvre de Gabo vous d\u00e9couvrez un immense banian. Il laisse glisser ses lianes jusqu\u2019au sol\u2026 Celui que les enfants appellent \u00ab\u00a0el arbole qui caminar\u00a0\u00bb, l\u2019arbre qui marche, est charg\u00e9 d\u2019une aura mystique. Dans les anciennes croyances carib\u00e9ennes il \u00e9tait le gardien des esprits. On peut imaginer \u00e0 son pied le petit Gabriel, accompagn\u00e9 de l\u2019autre personnage principal de son enfance\u00a0: sa grand-m\u00e8re.<\/p>\n\n\n\n<p>Tranquilina Iguar\u00e1n Cotes est d\u2019origine indienne, elle portait en elle une tradition du surnaturel qu\u2019elle transmettra \u00e0 son petit-fils. C\u2019est elle qui sera <strong>\u00ab\u00a0la source de la vue magique de la r\u00e9alit\u00e9\u00a0\u00bb.<\/strong>\u00a0 Esprits, pr\u00e9monitions, d\u00e9mons et proph\u00e9ties \u00e9maillent son enfance. Malgr\u00e9 le m\u00e9pris affich\u00e9 de son grand-p\u00e8re pour ces croyances elle parviendra \u00e0 les partager avec Gabriel. Il en gardera cette fa\u00e7on qu\u2019elle a de<strong> \u00ab\u00a0traiter les choses extraordinaires comme si elles \u00e9taient tout \u00e0 fait naturelles\u00a0\u00bb.<\/strong><\/p>\n\n\n\n<h2 class=\"has-text-align-left wp-block-heading\" id=\"cartagena-quand-l-histoire-cotoie-le-reve\"><span class=\"ez-toc-section\" id=\"Cartagena_quand_lhistoire_cotoie_le_reve\"><\/span><strong>Cartagena, quand l\u2019histoire c\u00f4toie le r\u00eave<\/strong><span class=\"ez-toc-section-end\"><\/span><\/h2>\n\n\n\n<blockquote class=\"wp-block-quote\"><p>Je dirais que j\u2019ai termin\u00e9 mon apprentissage de l\u2019\u00e9criture \u00e0 Carthag\u00e8ne &#8211; Gabriel Garc\u00eda M\u00e1rquez dans un documentaire de Salvatore Basile<\/p><\/blockquote>\n\n\n\n<p>Apr\u00e8s avoir rejoint ses parents et entam\u00e9 des \u00e9tudes de droit, Gabriel Garc\u00eda M\u00e1rquez partira vivre bri\u00e8vement \u00e0 <strong>Cartagena<\/strong>. C&rsquo;est une ville complexe et fourmillante aux multiples facettes se r\u00e9pondant comme un jeu de miroir. De sa cr\u00e9ation par les conquistadors \u00e0 son d\u00e9veloppement comme carrefour entre Histoire et culture, Carthag\u00e8ne des Indes offre au jeune Gabriel un terreau id\u00e9al pour m\u00fbrir ses ambitions et aux voyageurs pour r\u00eaver\u00a0!<\/p>\n\n\n\n<p>Les t\u00e9moignages imposants du pass\u00e9 tel que le <strong>Castillo San Felipe de Barajas<\/strong>, impressionnante forteresse dominant les alentours terrestres comme maritimes de la ville, ou encore les ruelles aux murs ambr\u00e9s du <strong>centre historique<\/strong> r\u00e9sonnent dans l\u2019esprit du jeune homme des histoires de son Papa Lelo. Chaque pierre des remparts semble chuchoter le nom des pirates qui s\u2019attaqu\u00e8rent \u00e0 la citadelle\u2026 C\u2019est toute l\u2019histoire du Nouveau-Monde qui s&rsquo;\u00e9crit dans cette ville. Les \u0153uvres contemporaines c\u00f4toient les statues de l\u2019Inquisition, la tranquille m\u00e9lodie de l\u2019oc\u00e9an se m\u00eale aux rythmes de salsa et aux cris du <strong>march\u00e9 de Bazurto.<\/strong><\/p>\n\n\n\n<figure class=\"wp-block-image size-full\"><img decoding=\"async\" width=\"1110\" height=\"721\" src=\"https:\/\/www.amplitudes.com\/blog-backend\/wp-content\/uploads\/2022\/11\/Amplitudes_025304-Carthagene__coupe.jpg\" alt=\"Circuit chauffeur-guide en Colombie - Cartagena - Amplitudes\" class=\"wp-image-12386\" srcset=\"https:\/\/www.amplitudes.com\/blog-backend\/wp-content\/uploads\/2022\/11\/Amplitudes_025304-Carthagene__coupe.jpg 1110w, https:\/\/www.amplitudes.com\/blog-backend\/wp-content\/uploads\/2022\/11\/Amplitudes_025304-Carthagene__coupe-300x195.jpg 300w, https:\/\/www.amplitudes.com\/blog-backend\/wp-content\/uploads\/2022\/11\/Amplitudes_025304-Carthagene__coupe-781x507.jpg 781w\" sizes=\"(max-width: 1110px) 100vw, 1110px\" \/><figcaption>Cartagena, cit\u00e9 de l\u00e9gende aux murs chamarr\u00e9s<\/figcaption><\/figure>\n\n\n\n<p>Gabriel Garc\u00eda M\u00e1rquez viendra souvent se recueillir dans <strong>l\u2019\u00e9glise San Pedro Claver<\/strong>, un missionnaire j\u00e9suite espagnol&nbsp;ayant d\u00e9vou\u00e9 sa vie \u00e0 aider les esclaves de&nbsp;Cartagena.&nbsp;Ce combat r\u00e9sonnera dans le c\u0153ur du jeune r\u00e9volutionnaire. Des ann\u00e9es plus tard, il portera la voix de bien des peuples contre les d\u00e9rives dictatoriales des r\u00e9gimes sud-am\u00e9ricains. &nbsp;<\/p>\n\n\n\n<p>Vous pourrez \u00e9galement vous rendre au pied de la c\u00e9l\u00e8bre <strong>tour de l\u2019horloge<\/strong>. L\u00e0 o\u00f9 le p\u00e8re de Gabriel lui avait cri\u00e9 qu\u2019il finirait par manger du papier s\u2019il s\u2019obstinait \u00e0 devenir \u00e9crivain. Ou bien au <strong>Caf\u00e9 Havana<\/strong> pour un moment plus festif, l\u00e0 o\u00f9 il passait ses journ\u00e9es \u00e0 refaire le monde avec ses camarades militants ou \u00e9crivains.<\/p>\n\n\n\n<figure class=\"wp-block-image size-full\"><img decoding=\"async\" width=\"1110\" height=\"721\" src=\"https:\/\/www.amplitudes.com\/blog-backend\/wp-content\/uploads\/2022\/10\/GGM_5.jpg\" alt=\"Circuit Cartagena - Tour de l'horloge - Amplitudess\" class=\"wp-image-12238\" srcset=\"https:\/\/www.amplitudes.com\/blog-backend\/wp-content\/uploads\/2022\/10\/GGM_5.jpg 1110w, https:\/\/www.amplitudes.com\/blog-backend\/wp-content\/uploads\/2022\/10\/GGM_5-300x195.jpg 300w, https:\/\/www.amplitudes.com\/blog-backend\/wp-content\/uploads\/2022\/10\/GGM_5-781x507.jpg 781w\" sizes=\"(max-width: 1110px) 100vw, 1110px\" \/><figcaption>Vue de nuit de la superbe tour de l&rsquo;horloge de Cartagena<\/figcaption><\/figure>\n\n\n\n<p>Les deux ans pass\u00e9s dans l\u2019enceinte de cette cit\u00e9 de l\u00e9gende confirmeront sa vocation d\u2019\u00e9crivain avec ses d\u00e9buts comme journaliste. <\/p>\n\n\n\n<h2 class=\"has-text-align-left wp-block-heading\" id=\"la-realite-magique-de-gabriel-garcia-marquez-a-mompox\"><span class=\"ez-toc-section\" id=\"La_realite_magique_de_Gabriel_Garcia_Marquez_a_Mompox\"><\/span><strong>La r\u00e9alit\u00e9 magique de Gabriel Garc\u00eda M\u00e1rquez<\/strong> <strong>\u00e0 Mompox<\/strong><span class=\"ez-toc-section-end\"><\/span><\/h2>\n\n\n\n<p>Sa r\u00e9alit\u00e9, Gabo l\u2019a trouv\u00e9e \u00e0 Cartagena mais la magie il ira la piocher <strong>au c\u0153ur du<\/strong> <strong>Rio Magdalena<\/strong>. Il fera du village imaginaire de <strong>Macondo<\/strong> un personnage r\u00e9current de ses \u00e9crits.<\/p>\n\n\n\n<p>Bien que fictif, ce village ne sort pas enti\u00e8rement de l\u2019imagination d\u00e9bordante de notre auteur. En plus d\u2019Aracataca, la petite ville de <strong>Mompox <\/strong>en a \u00e9galement \u00e9t\u00e9 l\u2019une des sources d\u2019inspiration principales. Gabriel Garc\u00eda M\u00e1rquez aurait d\u00e9clar\u00e9, dans un jeu amusant de brouillage des fronti\u00e8res du r\u00e9el et de la litt\u00e9rature, que <strong>Mompox n\u2019existerait pas<\/strong>. Elle a pourtant bien servi de d\u00e9cor pour l\u2019adaptation au cin\u00e9ma d\u2019un autre de ses romans\u00a0: <em>Chronique d\u2019une mort annonc\u00e9e<\/em> de Fransesco Rosi. Pure fantaisie ou volont\u00e9 de pr\u00e9server \u00e0 tout prix la source de son inspiration, qui peut savoir ?<\/p>\n\n\n\n<p>Il est en revanche possible de se rendre dans cette ville class\u00e9e \u00e0 l\u2019Unesco pour d\u00e9couvrir o\u00f9 l\u2019auteur a d\u00e9velopp\u00e9 son univers. T\u00e9moignage presque intouch\u00e9 de ce que fut ce village d\u2019artisans il y a 500 ans, Mompox est un tr\u00e9sor d\u2019authenticit\u00e9 o\u00f9 tout semble ralentir. Ancien port de commerce reliant la c\u00f4te des Cara\u00efbes aux villes andines, il est aujourd\u2019hui une bulle o\u00f9 le temps s\u2019engourdit. Pour comprendre ce que Gabo a per\u00e7u dans ces rues, il vous faudra apprendre \u00e0 laisser passer le temps devant vous et m\u00eame \u00e0 le regarder passer&#8230;<\/p>\n\n\n\n<figure class=\"wp-block-image size-full\"><img decoding=\"async\" width=\"1110\" height=\"721\" src=\"https:\/\/www.amplitudes.com\/blog-backend\/wp-content\/uploads\/2022\/11\/Farmer_Market_Mompox_coupe.jpg\" alt=\"Circuit chauffeur-guide Colombie - March\u00e9 fermier de Mompox - Amplitudes\" class=\"wp-image-12341\" srcset=\"https:\/\/www.amplitudes.com\/blog-backend\/wp-content\/uploads\/2022\/11\/Farmer_Market_Mompox_coupe.jpg 1110w, https:\/\/www.amplitudes.com\/blog-backend\/wp-content\/uploads\/2022\/11\/Farmer_Market_Mompox_coupe-300x195.jpg 300w, https:\/\/www.amplitudes.com\/blog-backend\/wp-content\/uploads\/2022\/11\/Farmer_Market_Mompox_coupe-781x507.jpg 781w\" sizes=\"(max-width: 1110px) 100vw, 1110px\" \/><figcaption>Cr\u00e9puscule sur le march\u00e9 fermier de Mompox &#8211; Cr\u00e9dit photo : Alfredodh <\/figcaption><\/figure>\n\n\n\n<p>Combien de fois dans un voyage a-t-on l\u2019occasion d\u2019exp\u00e9rimenter le vrai repos&nbsp;? Le repos de l\u2019espace et du temps lui-m\u00eame dans un endroit aussi beau qu\u2019un village d\u2019artisans&nbsp;? Nous vous avons d\u00e9nich\u00e9 une ancienne maison coloniale restaur\u00e9e en h\u00f4tel. Poutres apparentes, rocking-chairs, l\u2019odeur du jasmin et la chaleur enveloppante d\u2019une apr\u00e8s-midi de rien. Comme le disent ses habitants&nbsp;: <strong>\u00ab&nbsp;On ne passe pas \u00e0 Mompox. On s\u2019arr\u00eate \u00e0 Mompox.&nbsp;\u00bb<\/strong><\/p>\n\n\n\n<figure class=\"wp-block-image size-full\"><img decoding=\"async\" width=\"1110\" height=\"721\" src=\"https:\/\/www.amplitudes.com\/blog-backend\/wp-content\/uploads\/2022\/11\/the-imposing-sala1.jpg\" alt=\"Voyage Mompox - Hotel San Rafael - Amplitudes\" class=\"wp-image-12347\" srcset=\"https:\/\/www.amplitudes.com\/blog-backend\/wp-content\/uploads\/2022\/11\/the-imposing-sala1.jpg 1110w, https:\/\/www.amplitudes.com\/blog-backend\/wp-content\/uploads\/2022\/11\/the-imposing-sala1-300x195.jpg 300w, https:\/\/www.amplitudes.com\/blog-backend\/wp-content\/uploads\/2022\/11\/the-imposing-sala1-781x507.jpg 781w\" sizes=\"(max-width: 1110px) 100vw, 1110px\" \/><figcaption>La beaut\u00e9 du temps immobile \u00e0 l&rsquo;h\u00f4tel San Rafael<\/figcaption><\/figure>\n\n\n\n<h3 class=\"has-text-align-center wp-block-heading\" id=\"decouvrez-la-colombie-de-gabriel-garcia-marquez-et-bien-plus-contactez-nos-experts\"><strong>D\u00e9couvrez la Colombie de Gabriel Garc\u00eda M\u00e1rquez et bien plus\u00a0: <a href=\"https:\/\/www.amplitudes.com\/agence-de-voyages\/toulouse\/paris\/demande-devis-sur-mesure.html?utm_source=blog&amp;utm_medium=gabriel_garcia_marquez_la_colombie_du_realisme_magique&amp;utm_campaign=blog_gabriel_garcia_marquez_la_colombie_du_realisme_magique&amp;utm_content=Contactez_nos_experts\" target=\"_blank\" rel=\"noreferrer noopener\">contactez nos experts<\/a><\/strong> <strong>!<\/strong><\/h3>\n\n\n\n<h2 class=\"has-text-align-left wp-block-heading\" id=\"pour-aller-plus-loin\"><span class=\"ez-toc-section\" id=\"Pour_aller_plus_loin\"><\/span><strong>Pour aller plus loin\u00a0:<\/strong><span class=\"ez-toc-section-end\"><\/span><\/h2>\n\n\n\n<p><em>Cent ans de solitude \u2013 <\/em>Gabriel Garc\u00eda M\u00e1rquez<\/p>\n\n\n\n<p>La vie et les troubles du village de Macondo durant cent ans de solitude, mal\u00e9diction lanc\u00e9e par un gitan sur la famille Buendia.<\/p>\n\n\n\n<p><em>L\u2019amour aux temps du chol\u00e9ra &#8211; <\/em>Gabriel Garc\u00eda M\u00e1rquez<\/p>\n\n\n\n<p>Florentino, po\u00e8te et violoniste sans le sou tombe d\u00e9sesp\u00e9r\u00e9ment amoureux de la sublime Fermina qui lui pr\u00e9f\u00e8re un riche m\u00e9decin. Il passera sa vie \u00e0 se construire fortune et gloire pour esp\u00e9rer un jour la reconqu\u00e9rir.<\/p>\n\n\n\n<p><em>Gabo, M\u00e9moires D\u2019une Vie Magique<\/em> d<strong>\u2019<\/strong>\u00d3scar Pantoja,\u00a0Miguel Bustos,\u00a0Felipe\u00a0Camargo\u00a0et\u00a0Tatiana C\u00f3rdoba<\/p>\n\n\n\n<p>Roman graphique retra\u00e7ant la vie de Gabriel Garc\u00eda M\u00e1rquez d\u2019Aracataca jusqu\u2019au Mexique en passant par ses ann\u00e9es en France, ses amours passionn\u00e9s et ses amiti\u00e9s \u00e9tonnantes.&nbsp;<\/p>\n","protected":false},"excerpt":{"rendered":"<p>DOSSIER DU MOIS #Novembre 2022 : La Colombie, art, nature et amour. Du c\u0153ur \u00e0 la c\u00f4te des Cara\u00efbes, la Colombie de Gabriel Garc\u00eda M\u00e1rquez est un voyage initiatique qui se vit tant sur le papier que sur la route\u2026 Il est l\u2019un des auteurs les plus marquants du XX\u00e8me si\u00e8cle. Son \u0153uvre fut salu\u00e9e [&hellip;]<\/p>\n","protected":false},"author":2,"featured_media":12245,"comment_status":"open","ping_status":"open","sticky":false,"template":"","format":"standard","meta":{"footnotes":""},"categories":[169],"tags":[210],"yoast_head":"<!-- This site is optimized with the Yoast SEO plugin v22.1 - https:\/\/yoast.com\/wordpress\/plugins\/seo\/ -->\n<title>Gabriel Garc\u00eda M\u00e1rquez : La Colombie du r\u00e9alisme magique - Amplitudes<\/title>\n<meta name=\"description\" content=\"D\u00e9couvrez la Colombie de Gabriel Garc\u00eda M\u00e1rquez, de Cartagena \u00e0 Mompox. Un voyage magique vous attend sur les traces du c\u00e9l\u00e8bre Gabo.\" \/>\n<meta name=\"robots\" content=\"index, follow, max-snippet:-1, max-image-preview:large, max-video-preview:-1\" \/>\n<link rel=\"canonical\" href=\"https:\/\/www.amplitudes.com\/blog-backend\/gabriel-garcia-marquez-la-colombie-du-realisme-magique\/\" \/>\n<meta property=\"og:locale\" content=\"fr_FR\" \/>\n<meta property=\"og:type\" content=\"article\" \/>\n<meta property=\"og:title\" content=\"Gabriel Garc\u00eda M\u00e1rquez : La Colombie du r\u00e9alisme magique - Amplitudes\" \/>\n<meta property=\"og:description\" content=\"D\u00e9couvrez la Colombie de Gabriel Garc\u00eda M\u00e1rquez, de Cartagena \u00e0 Mompox. Un voyage magique vous attend sur les traces du c\u00e9l\u00e8bre Gabo.\" \/>\n<meta property=\"og:url\" content=\"https:\/\/www.amplitudes.com\/blog-backend\/gabriel-garcia-marquez-la-colombie-du-realisme-magique\/\" \/>\n<meta property=\"og:site_name\" content=\"Blog de l&#039;agence de voyage sur-mesure Amplitudes\" \/>\n<meta property=\"article:publisher\" content=\"http:\/\/facebook.com\/amplitudes.devoyages\/\" \/>\n<meta property=\"article:published_time\" content=\"2022-11-18T14:36:14+00:00\" \/>\n<meta property=\"article:modified_time\" content=\"2022-11-18T15:04:47+00:00\" \/>\n<meta property=\"og:image\" content=\"https:\/\/www.amplitudes.com\/blog-backend\/wp-content\/uploads\/2022\/10\/GGM_pano_2.jpg\" \/>\n\t<meta property=\"og:image:width\" content=\"1110\" \/>\n\t<meta property=\"og:image:height\" content=\"481\" \/>\n\t<meta property=\"og:image:type\" content=\"image\/jpeg\" \/>\n<meta name=\"author\" content=\"Floriane\" \/>\n<meta name=\"twitter:card\" content=\"summary_large_image\" \/>\n<meta name=\"twitter:creator\" content=\"@AmplitudesV\" \/>\n<meta name=\"twitter:site\" content=\"@AmplitudesV\" \/>\n<meta name=\"twitter:label1\" content=\"\u00c9crit par\" \/>\n\t<meta name=\"twitter:data1\" content=\"Floriane\" \/>\n\t<meta name=\"twitter:label2\" content=\"Dur\u00e9e de lecture estim\u00e9e\" \/>\n\t<meta name=\"twitter:data2\" content=\"10 minutes\" \/>\n<script type=\"application\/ld+json\" class=\"yoast-schema-graph\">{\"@context\":\"https:\/\/schema.org\",\"@graph\":[{\"@type\":\"WebPage\",\"@id\":\"https:\/\/www.amplitudes.com\/blog-backend\/gabriel-garcia-marquez-la-colombie-du-realisme-magique\/\",\"url\":\"https:\/\/www.amplitudes.com\/blog-backend\/gabriel-garcia-marquez-la-colombie-du-realisme-magique\/\",\"name\":\"Gabriel Garc\u00eda M\u00e1rquez : La Colombie du r\u00e9alisme magique - Amplitudes\",\"isPartOf\":{\"@id\":\"https:\/\/www.amplitudes.com\/blog-backend\/#website\"},\"datePublished\":\"2022-11-18T14:36:14+00:00\",\"dateModified\":\"2022-11-18T15:04:47+00:00\",\"author\":{\"@id\":\"https:\/\/www.amplitudes.com\/blog-backend\/#\/schema\/person\/1ac2058edef1f5f0f2c16e7f096a80b1\"},\"description\":\"D\u00e9couvrez la Colombie de Gabriel Garc\u00eda M\u00e1rquez, de Cartagena \u00e0 Mompox. Un voyage magique vous attend sur les traces du c\u00e9l\u00e8bre Gabo.\",\"inLanguage\":\"fr-FR\",\"potentialAction\":[{\"@type\":\"ReadAction\",\"target\":[\"https:\/\/www.amplitudes.com\/blog-backend\/gabriel-garcia-marquez-la-colombie-du-realisme-magique\/\"]}]},{\"@type\":\"WebSite\",\"@id\":\"https:\/\/www.amplitudes.com\/blog-backend\/#website\",\"url\":\"https:\/\/www.amplitudes.com\/blog-backend\/\",\"name\":\"Blog de l&#039;agence de voyage sur-mesure Amplitudes\",\"description\":\"\",\"potentialAction\":[{\"@type\":\"SearchAction\",\"target\":{\"@type\":\"EntryPoint\",\"urlTemplate\":\"https:\/\/www.amplitudes.com\/blog-backend\/?s={search_term_string}\"},\"query-input\":\"required name=search_term_string\"}],\"inLanguage\":\"fr-FR\"},{\"@type\":\"Person\",\"@id\":\"https:\/\/www.amplitudes.com\/blog-backend\/#\/schema\/person\/1ac2058edef1f5f0f2c16e7f096a80b1\",\"name\":\"Floriane\",\"image\":{\"@type\":\"ImageObject\",\"inLanguage\":\"fr-FR\",\"@id\":\"https:\/\/www.amplitudes.com\/blog-backend\/#\/schema\/person\/image\/\",\"url\":\"https:\/\/secure.gravatar.com\/avatar\/f3f77af3dabd00f62e61c417047e08f6?s=96&d=mm&r=g\",\"contentUrl\":\"https:\/\/secure.gravatar.com\/avatar\/f3f77af3dabd00f62e61c417047e08f6?s=96&d=mm&r=g\",\"caption\":\"Floriane\"},\"url\":\"https:\/\/www.amplitudes.com\/blog-backend\/author\/audrey\/\"}]}<\/script>\n<!-- \/ Yoast SEO plugin. -->","yoast_head_json":{"title":"Gabriel Garc\u00eda M\u00e1rquez : La Colombie du r\u00e9alisme magique - Amplitudes","description":"D\u00e9couvrez la Colombie de Gabriel Garc\u00eda M\u00e1rquez, de Cartagena \u00e0 Mompox. Un voyage magique vous attend sur les traces du c\u00e9l\u00e8bre Gabo.","robots":{"index":"index","follow":"follow","max-snippet":"max-snippet:-1","max-image-preview":"max-image-preview:large","max-video-preview":"max-video-preview:-1"},"canonical":"https:\/\/www.amplitudes.com\/blog-backend\/gabriel-garcia-marquez-la-colombie-du-realisme-magique\/","og_locale":"fr_FR","og_type":"article","og_title":"Gabriel Garc\u00eda M\u00e1rquez : La Colombie du r\u00e9alisme magique - Amplitudes","og_description":"D\u00e9couvrez la Colombie de Gabriel Garc\u00eda M\u00e1rquez, de Cartagena \u00e0 Mompox. Un voyage magique vous attend sur les traces du c\u00e9l\u00e8bre Gabo.","og_url":"https:\/\/www.amplitudes.com\/blog-backend\/gabriel-garcia-marquez-la-colombie-du-realisme-magique\/","og_site_name":"Blog de l&#039;agence de voyage sur-mesure Amplitudes","article_publisher":"http:\/\/facebook.com\/amplitudes.devoyages\/","article_published_time":"2022-11-18T14:36:14+00:00","article_modified_time":"2022-11-18T15:04:47+00:00","og_image":[{"width":1110,"height":481,"url":"https:\/\/www.amplitudes.com\/blog-backend\/wp-content\/uploads\/2022\/10\/GGM_pano_2.jpg","type":"image\/jpeg"}],"author":"Floriane","twitter_card":"summary_large_image","twitter_creator":"@AmplitudesV","twitter_site":"@AmplitudesV","twitter_misc":{"\u00c9crit par":"Floriane","Dur\u00e9e de lecture estim\u00e9e":"10 minutes"},"schema":{"@context":"https:\/\/schema.org","@graph":[{"@type":"WebPage","@id":"https:\/\/www.amplitudes.com\/blog-backend\/gabriel-garcia-marquez-la-colombie-du-realisme-magique\/","url":"https:\/\/www.amplitudes.com\/blog-backend\/gabriel-garcia-marquez-la-colombie-du-realisme-magique\/","name":"Gabriel Garc\u00eda M\u00e1rquez : La Colombie du r\u00e9alisme magique - Amplitudes","isPartOf":{"@id":"https:\/\/www.amplitudes.com\/blog-backend\/#website"},"datePublished":"2022-11-18T14:36:14+00:00","dateModified":"2022-11-18T15:04:47+00:00","author":{"@id":"https:\/\/www.amplitudes.com\/blog-backend\/#\/schema\/person\/1ac2058edef1f5f0f2c16e7f096a80b1"},"description":"D\u00e9couvrez la Colombie de Gabriel Garc\u00eda M\u00e1rquez, de Cartagena \u00e0 Mompox. Un voyage magique vous attend sur les traces du c\u00e9l\u00e8bre Gabo.","inLanguage":"fr-FR","potentialAction":[{"@type":"ReadAction","target":["https:\/\/www.amplitudes.com\/blog-backend\/gabriel-garcia-marquez-la-colombie-du-realisme-magique\/"]}]},{"@type":"WebSite","@id":"https:\/\/www.amplitudes.com\/blog-backend\/#website","url":"https:\/\/www.amplitudes.com\/blog-backend\/","name":"Blog de l&#039;agence de voyage sur-mesure Amplitudes","description":"","potentialAction":[{"@type":"SearchAction","target":{"@type":"EntryPoint","urlTemplate":"https:\/\/www.amplitudes.com\/blog-backend\/?s={search_term_string}"},"query-input":"required name=search_term_string"}],"inLanguage":"fr-FR"},{"@type":"Person","@id":"https:\/\/www.amplitudes.com\/blog-backend\/#\/schema\/person\/1ac2058edef1f5f0f2c16e7f096a80b1","name":"Floriane","image":{"@type":"ImageObject","inLanguage":"fr-FR","@id":"https:\/\/www.amplitudes.com\/blog-backend\/#\/schema\/person\/image\/","url":"https:\/\/secure.gravatar.com\/avatar\/f3f77af3dabd00f62e61c417047e08f6?s=96&d=mm&r=g","contentUrl":"https:\/\/secure.gravatar.com\/avatar\/f3f77af3dabd00f62e61c417047e08f6?s=96&d=mm&r=g","caption":"Floriane"},"url":"https:\/\/www.amplitudes.com\/blog-backend\/author\/audrey\/"}]}},"_links":{"self":[{"href":"https:\/\/www.amplitudes.com\/blog-backend\/wp-json\/wp\/v2\/posts\/12232"}],"collection":[{"href":"https:\/\/www.amplitudes.com\/blog-backend\/wp-json\/wp\/v2\/posts"}],"about":[{"href":"https:\/\/www.amplitudes.com\/blog-backend\/wp-json\/wp\/v2\/types\/post"}],"author":[{"embeddable":true,"href":"https:\/\/www.amplitudes.com\/blog-backend\/wp-json\/wp\/v2\/users\/2"}],"replies":[{"embeddable":true,"href":"https:\/\/www.amplitudes.com\/blog-backend\/wp-json\/wp\/v2\/comments?post=12232"}],"version-history":[{"count":51,"href":"https:\/\/www.amplitudes.com\/blog-backend\/wp-json\/wp\/v2\/posts\/12232\/revisions"}],"predecessor-version":[{"id":12387,"href":"https:\/\/www.amplitudes.com\/blog-backend\/wp-json\/wp\/v2\/posts\/12232\/revisions\/12387"}],"wp:featuredmedia":[{"embeddable":true,"href":"https:\/\/www.amplitudes.com\/blog-backend\/wp-json\/wp\/v2\/media\/12245"}],"wp:attachment":[{"href":"https:\/\/www.amplitudes.com\/blog-backend\/wp-json\/wp\/v2\/media?parent=12232"}],"wp:term":[{"taxonomy":"category","embeddable":true,"href":"https:\/\/www.amplitudes.com\/blog-backend\/wp-json\/wp\/v2\/categories?post=12232"},{"taxonomy":"post_tag","embeddable":true,"href":"https:\/\/www.amplitudes.com\/blog-backend\/wp-json\/wp\/v2\/tags?post=12232"}],"curies":[{"name":"wp","href":"https:\/\/api.w.org\/{rel}","templated":true}]}}