{"id":12267,"date":"2022-11-10T14:05:40","date_gmt":"2022-11-10T13:05:40","guid":{"rendered":"https:\/\/www.amplitudes.com\/blog-backend\/?p=12267"},"modified":"2022-11-10T14:05:42","modified_gmt":"2022-11-10T13:05:42","slug":"oiseaux-en-colombie-quels-parcs-naturels-choisir","status":"publish","type":"post","link":"https:\/\/www.amplitudes.com\/blog-backend\/oiseaux-en-colombie-quels-parcs-naturels-choisir\/","title":{"rendered":"Oiseaux en Colombie : quels parcs naturels choisir ?"},"content":{"rendered":"\n<p><strong>DOSSIER DU MOIS #Novembre 2022 : La Colombie, art, nature et amour<\/strong>. Venez danser ! C\u2019est un v\u00e9ritable bal de couleurs et de chants qui r\u00e9sonnent dans les Cara\u00efbes ! La Colombie rassemble dans ses for\u00eats et ses montagnes la plus grande diversit\u00e9 ornithologique du monde avec plus de 1 800 esp\u00e8ces d\u2019oiseaux diff\u00e9rentes. Un v\u00e9ritable paradis pour les observateurs en herbe ou plus confirm\u00e9s. Notre s\u00e9lection de parcs naturels en Colombie va vous donner envie d\u2019attraper vos jumelles !<\/p>\n\n\n\n<p>Les plus beaux animaux des quatre coins du monde vous attendent&nbsp;dans <a href=\"https:\/\/www.amplitudes.com\/voyage-animaux\/agence-de-voyage-sur-mesure\/circuit-animaux\/sejour-animaux.html?utm_source=blog&amp;utm_medium=oiseaux_en_colombie_quels_parcs_naturels_choisir&amp;utm_campaign=blog_oiseaux_en_colombie_quels_parcs_naturels_choisir&amp;utm_content=nos_voyages_thematiques\" target=\"_blank\" rel=\"noreferrer noopener\">nos voyages th\u00e9matiques<\/a>&nbsp;!<\/p>\n\n\n\n<div id=\"ez-toc-container\" class=\"ez-toc-v2_0_17 ez-toc-wrap-left counter-hierarchy counter-decimal\">\n<div class=\"ez-toc-title-container\">\n<p class=\"ez-toc-title\">Sommaire <\/p>\n<span class=\"ez-toc-title-toggle\"><a class=\"ez-toc-pull-right ez-toc-btn ez-toc-btn-xs ez-toc-btn-default ez-toc-toggle\" style=\"display: none;\"><i class=\"ez-toc-glyphicon ez-toc-icon-toggle\"><\/i><\/a><\/span><\/div>\n<nav><ul class=\"ez-toc-list ez-toc-list-level-1\"><li class=\"ez-toc-page-1 ez-toc-heading-level-2\"><a class=\"ez-toc-link ez-toc-heading-1\" href=\"https:\/\/www.amplitudes.com\/blog-backend\/oiseaux-en-colombie-quels-parcs-naturels-choisir\/#Le_sensationnel_Parc_Tayrona_sur_la_cote_Caraibe_colombienne\" title=\"Le sensationnel Parc Tayrona, sur la c\u00f4te Cara\u00efbe colombienne\">Le sensationnel Parc Tayrona, sur la c\u00f4te Cara\u00efbe colombienne<\/a><\/li><li class=\"ez-toc-page-1 ez-toc-heading-level-2\"><a class=\"ez-toc-link ez-toc-heading-2\" href=\"https:\/\/www.amplitudes.com\/blog-backend\/oiseaux-en-colombie-quels-parcs-naturels-choisir\/#Limperial_Parc_national_de_la_Sierra_Nevada_de_Santa_Marta\" title=\"L\u2019imp\u00e9rial Parc national de la Sierra Nevada de Santa Marta\">L\u2019imp\u00e9rial Parc national de la Sierra Nevada de Santa Marta<\/a><\/li><li class=\"ez-toc-page-1 ez-toc-heading-level-2\"><a class=\"ez-toc-link ez-toc-heading-3\" href=\"https:\/\/www.amplitudes.com\/blog-backend\/oiseaux-en-colombie-quels-parcs-naturels-choisir\/#La_fourmillante_foret_tropicale_dAntioquia\" title=\"La fourmillante for\u00eat tropicale d\u2019Antioquia\">La fourmillante for\u00eat tropicale d\u2019Antioquia<\/a><\/li><li class=\"ez-toc-page-1 ez-toc-heading-level-2\"><a class=\"ez-toc-link ez-toc-heading-4\" href=\"https:\/\/www.amplitudes.com\/blog-backend\/oiseaux-en-colombie-quels-parcs-naturels-choisir\/#Utria_le_plus_paradisiaque_des_parcs_naturels_de_Colombie\" title=\"Utria, le plus paradisiaque des parcs naturels de Colombie\">Utria, le plus paradisiaque des parcs naturels de Colombie<\/a><\/li><li class=\"ez-toc-page-1 ez-toc-heading-level-2\"><a class=\"ez-toc-link ez-toc-heading-5\" href=\"https:\/\/www.amplitudes.com\/blog-backend\/oiseaux-en-colombie-quels-parcs-naturels-choisir\/#La_majestueuse_vallee_de_Cocora_ultime_repaire_des_oiseaux_en_Colombie\" title=\"La majestueuse vall\u00e9e de Cocora, ultime repaire des oiseaux en Colombie\">La majestueuse vall\u00e9e de Cocora, ultime repaire des oiseaux en Colombie<\/a><\/li><\/ul><\/nav><\/div>\n<h2 class=\"has-text-align-left wp-block-heading\" id=\"le-sensationnel-parc-tayrona-sur-la-cote-caraibe-colombienne\"><span class=\"ez-toc-section\" id=\"Le_sensationnel_Parc_Tayrona_sur_la_cote_Caraibe_colombienne\"><\/span><strong>Le sensationnel Parc Tayrona, sur la c\u00f4te Cara\u00efbe colombienne<\/strong><span class=\"ez-toc-section-end\"><\/span><\/h2>\n\n\n\n<p>Le <strong>parc Tayrona <\/strong>est un espace unique de protection de multiples facettes du patrimoine mondial. En plus d\u2019\u00eatre le territoire de l\u2019une des derni\u00e8res ethnies indig\u00e8nes d\u2019Am\u00e9rique du Sud, les <strong>Arhuacos<\/strong>, il abrite \u00e9galement une faune exceptionnelle. Absolu incontournable de votre <a href=\"https:\/\/www.amplitudes.com\/voyage\/voyage-colombie\/circuit-colombie\/sejour-colombie\/la-serenade-de-la-riviere-de-la-vie.html?utm_source=blog&amp;utm_medium=oiseaux_en_colombie_quels_parcs_naturels_choisir&amp;utm_campaign=blog_oiseaux_en_colombie_quels_parcs_naturels_choisir&amp;utm_content=voyage_colombien\" target=\"_blank\" rel=\"noreferrer noopener\">voyage colombien<\/a>, laissez pour une journ\u00e9e votre <strong>luxueux bungalow de plage<\/strong> et partez en exploration de quelques-uns des <strong>200 km\u00b2<\/strong> de cette r\u00e9serve ornithologique d\u2019une rare diversit\u00e9&nbsp;! En effet, plus de <strong>260 esp\u00e8ces d\u2019oiseaux <\/strong>y ont trouv\u00e9 un refuge.<\/p>\n\n\n\n<figure class=\"wp-block-image size-full\"><img decoding=\"async\" width=\"1110\" height=\"721\" src=\"https:\/\/www.amplitudes.com\/blog-backend\/wp-content\/uploads\/2022\/11\/Oiseaux_1.jpg\" alt=\"Voyage ornithologique Colombie - Parc national Tayrona - Amplitudes\" class=\"wp-image-12271\" srcset=\"https:\/\/www.amplitudes.com\/blog-backend\/wp-content\/uploads\/2022\/11\/Oiseaux_1.jpg 1110w, https:\/\/www.amplitudes.com\/blog-backend\/wp-content\/uploads\/2022\/11\/Oiseaux_1-300x195.jpg 300w, https:\/\/www.amplitudes.com\/blog-backend\/wp-content\/uploads\/2022\/11\/Oiseaux_1-781x507.jpg 781w\" sizes=\"(max-width: 1110px) 100vw, 1110px\" \/><figcaption>Le Parc naturel Tayrona et ses sublimes plages dor\u00e9es<\/figcaption><\/figure>\n\n\n\n<p>Enfin\u2026 Peut-\u00eatre est-ce vous qui devriez vous abriter&nbsp;? Pas un nuage \u00e0 l\u2019horizon et pourtant\u2026 Une immense ombre noire qui passe au-dessus de vos t\u00eates. 3 m d\u2019envergure, des plumes sombres comme un manteau de funestes augures : c\u2019est le <strong>grand condor des Andes<\/strong> qui vous a trouv\u00e9. R\u00e9fugiez-vous dans la for\u00eat o\u00f9 vous distinguez une couronne rouge vif qui se d\u00e9tache du vert \u00e9meraude de la jungle. Le&nbsp;<strong>Porte-\u00e9ventail roi<\/strong> tente de vous intimider ! Il est malheureusement \u00e0 croire que sa tr\u00e8s impressionnante taille de 15 cm n&rsquo;en fera pas un adversaire tr\u00e8s effrayant.<\/p>\n\n\n\n<figure class=\"wp-block-gallery has-nested-images columns-default is-cropped wp-block-gallery-1 is-layout-flex wp-block-gallery-is-layout-flex\">\n<figure class=\"wp-block-image size-large\"><img decoding=\"async\" width=\"1110\" height=\"721\" data-id=\"12272\" src=\"https:\/\/www.amplitudes.com\/blog-backend\/wp-content\/uploads\/2022\/11\/OIseaux_3.jpg\" alt=\"Circuit en Colombie - Grand condor des Andes - Amplitudes\" class=\"wp-image-12272\" srcset=\"https:\/\/www.amplitudes.com\/blog-backend\/wp-content\/uploads\/2022\/11\/OIseaux_3.jpg 1110w, https:\/\/www.amplitudes.com\/blog-backend\/wp-content\/uploads\/2022\/11\/OIseaux_3-300x195.jpg 300w, https:\/\/www.amplitudes.com\/blog-backend\/wp-content\/uploads\/2022\/11\/OIseaux_3-781x507.jpg 781w\" sizes=\"(max-width: 1110px) 100vw, 1110px\" \/><\/figure>\n\n\n\n<figure class=\"wp-block-image size-large\"><img decoding=\"async\" width=\"1110\" height=\"721\" data-id=\"12273\" src=\"https:\/\/www.amplitudes.com\/blog-backend\/wp-content\/uploads\/2022\/11\/Oiseaux_2.jpg\" alt=\"Cr\u00e9dit photo : Tom Ambrose \" class=\"wp-image-12273\" srcset=\"https:\/\/www.amplitudes.com\/blog-backend\/wp-content\/uploads\/2022\/11\/Oiseaux_2.jpg 1110w, https:\/\/www.amplitudes.com\/blog-backend\/wp-content\/uploads\/2022\/11\/Oiseaux_2-300x195.jpg 300w, https:\/\/www.amplitudes.com\/blog-backend\/wp-content\/uploads\/2022\/11\/Oiseaux_2-781x507.jpg 781w\" sizes=\"(max-width: 1110px) 100vw, 1110px\" \/><\/figure>\n<figcaption class=\"blocks-gallery-caption\">Cr\u00e9dit photo de droite : Tom Ambrose<\/figcaption><\/figure>\n\n\n\n<h2 class=\"has-text-align-left wp-block-heading\" id=\"l-imperial-parc-national-de-la-sierra-nevada-de-santa-marta\"><span class=\"ez-toc-section\" id=\"Limperial_Parc_national_de_la_Sierra_Nevada_de_Santa_Marta\"><\/span><strong>L\u2019imp\u00e9rial Parc national de la Sierra Nevada de Santa Marta<\/strong><span class=\"ez-toc-section-end\"><\/span><\/h2>\n\n\n\n<p>D\u00e9couvrez l&rsquo;un des plus beaux parcs naturels de Colombie dans l\u2019entrem\u00ealement des paysages de la Sierra Nevada colombienne. <strong>Mer cristalline, montagnes enneig\u00e9es et for\u00eat luxuriante<\/strong> cohabitent en harmonie.  Du sable aux n\u00e9v\u00e9s &#8211; les neiges \u00e9ternelles des sommets &#8211; peuvent \u00eatre rencontr\u00e9 plus de <strong>440 esp\u00e8ces d\u2019oiseaux<\/strong>. Parmi elles, la plus impressionnante serait sans doute le cousin du condor des Andes, beaucoup d\u00e9crit d\u00e9j\u00e0 dans les codex mayas comme le messager des dieux&nbsp;: le <strong>sarcoramphe<\/strong> <strong>roi<\/strong> ou vautour pape. Ramassez une de ses plumes, elles portent bonheur&nbsp;!<\/p>\n\n\n\n<figure class=\"wp-block-image size-full\"><img decoding=\"async\" width=\"1110\" height=\"721\" src=\"https:\/\/www.amplitudes.com\/blog-backend\/wp-content\/uploads\/2022\/11\/Oiseaux_4.jpg\" alt=\"S\u00e9jour Parcs Naturels Colombie - Parc national de la Sierra Nevada de Santa Marta - Amplitudes\" class=\"wp-image-12274\" srcset=\"https:\/\/www.amplitudes.com\/blog-backend\/wp-content\/uploads\/2022\/11\/Oiseaux_4.jpg 1110w, https:\/\/www.amplitudes.com\/blog-backend\/wp-content\/uploads\/2022\/11\/Oiseaux_4-300x195.jpg 300w, https:\/\/www.amplitudes.com\/blog-backend\/wp-content\/uploads\/2022\/11\/Oiseaux_4-781x507.jpg 781w\" sizes=\"(max-width: 1110px) 100vw, 1110px\" \/><figcaption>\u00c9meraude indomptable&#8230;<\/figcaption><\/figure>\n\n\n\n<p>Mais si vous voulez vous assurer la bonne faveur du panth\u00e9on pr\u00e9colombien, il faut vous enfoncer dans la <strong>for\u00eat de nuages <\/strong>et rester attentif au moindre bruissement de feuilles pour d\u00e9couvrir le <strong>quetzal<\/strong> resplendissant. La star des oiseaux en Colombie ! Immobile sur une branche basse, il a fini de picorer un avocat bien m\u00fbr, il se repose. Son <strong>plumage iris\u00e9 aux teintes turquoise<\/strong> lui fait un parfait manteau d\u2019invisibilit\u00e9 dans cette abondante jungle. Ce sont peut-\u00eatre les plumes immacul\u00e9es de sa queue ou son duveteux ventre carmin qui vous permettront de le distinguer de son habitat. &nbsp;<\/p>\n\n\n\n<figure class=\"wp-block-gallery has-nested-images columns-default is-cropped wp-block-gallery-2 is-layout-flex wp-block-gallery-is-layout-flex\">\n<figure class=\"wp-block-image size-full\"><img decoding=\"async\" width=\"1110\" height=\"721\" data-id=\"12276\" src=\"https:\/\/www.amplitudes.com\/blog-backend\/wp-content\/uploads\/2022\/11\/Oiseaux_6.jpg\" alt=\"Voyage Oiseaux en Colombie - Quetzal resplendissant - Amplitudes\" class=\"wp-image-12276\" srcset=\"https:\/\/www.amplitudes.com\/blog-backend\/wp-content\/uploads\/2022\/11\/Oiseaux_6.jpg 1110w, https:\/\/www.amplitudes.com\/blog-backend\/wp-content\/uploads\/2022\/11\/Oiseaux_6-300x195.jpg 300w, https:\/\/www.amplitudes.com\/blog-backend\/wp-content\/uploads\/2022\/11\/Oiseaux_6-781x507.jpg 781w\" sizes=\"(max-width: 1110px) 100vw, 1110px\" \/><\/figure>\n\n\n\n<figure class=\"wp-block-image size-full\"><img decoding=\"async\" width=\"1110\" height=\"721\" data-id=\"12277\" src=\"https:\/\/www.amplitudes.com\/blog-backend\/wp-content\/uploads\/2022\/11\/Oiseaux_5.jpg\" alt=\"D\u00e9couverte Parcs Naturels Colombie - Vautour pape - Amplitudes\" class=\"wp-image-12277\" srcset=\"https:\/\/www.amplitudes.com\/blog-backend\/wp-content\/uploads\/2022\/11\/Oiseaux_5.jpg 1110w, https:\/\/www.amplitudes.com\/blog-backend\/wp-content\/uploads\/2022\/11\/Oiseaux_5-300x195.jpg 300w, https:\/\/www.amplitudes.com\/blog-backend\/wp-content\/uploads\/2022\/11\/Oiseaux_5-781x507.jpg 781w\" sizes=\"(max-width: 1110px) 100vw, 1110px\" \/><\/figure>\n<\/figure>\n\n\n\n<p>D\u00e9couvrez <a href=\"https:\/\/www.amplitudes.com\/voyage-colombie\/circuit-colombie\/sejour-colombie\/colombie.html?utm_source=blog&amp;utm_medium=oiseaux_en_colombie_les_5_parcs_naturels_incontournables_%C2%A1_hola_locombia&amp;utm_campaign=blog_oiseaux_en_colombie_les_5_parcs_naturels_incontournables_%C2%A1_hola_locombia&amp;utm_content=circuits?utm_source=blog&amp;utm_medium=oiseaux_en_colombie_quels_parcs_naturels_choisir&amp;utm_campaign=blog_oiseaux_en_colombie_quels_parcs_naturels_choisir&amp;utm_content=la_Colombie\" target=\"_blank\" rel=\"noreferrer noopener\">la Colombie<\/a> sous toutes ses coutures&nbsp;!<\/p>\n\n\n\n<h2 class=\"has-text-align-left wp-block-heading\" id=\"la-fourmillante-foret-tropicale-d-antioquia\"><span class=\"ez-toc-section\" id=\"La_fourmillante_foret_tropicale_dAntioquia\"><\/span><strong>La fourmillante for\u00eat tropicale d\u2019Antioquia<\/strong><span class=\"ez-toc-section-end\"><\/span><\/h2>\n\n\n\n<p>Suivez encore le <strong>Rio Magdalena<\/strong>, laissez-vous porter par la&nbsp;\u00ab&nbsp;rivi\u00e8re de la vie&nbsp;\u00bb, comme la d\u00e9crivait Gabriel Garc\u00eda M\u00e1rquez, ou par son affluent le <strong>Rio Samana. <\/strong>La rencontre de ces cours d\u2019eau permet de guider les flux migratoires de nos amis \u00e0 plumes vers un v\u00e9ritable \u00e9den. Dans la <strong>for\u00eat d\u2019Antioquia<\/strong>, nourriture et nich\u00e9es sont abondantes. <strong>De tous les parcs naturels de Colombie, c&rsquo;est elle qui accueille la plus grande densit\u00e9 d&rsquo;oiseaux. <\/strong>Partez \u00e0 l\u2019aube pour traverser la jungle encore engourdie par la fra\u00eecheur de la nuit, atteignez sur la pointe des pieds les rives de l\u2019\u00e9clatante rivi\u00e8re et observez. C\u2019est un v\u00e9ritable feu d\u2019artifice au lever du soleil !<\/p>\n\n\n\n<figure class=\"wp-block-image size-full\"><img decoding=\"async\" width=\"1110\" height=\"721\" src=\"https:\/\/www.amplitudes.com\/blog-backend\/wp-content\/uploads\/2022\/11\/Oiseaux_7.jpg\" alt=\"S\u00e9jour nature Parcs Naturels Colombie - For\u00eat tropicale d'Antioquia - Amplitudes\" class=\"wp-image-12279\" srcset=\"https:\/\/www.amplitudes.com\/blog-backend\/wp-content\/uploads\/2022\/11\/Oiseaux_7.jpg 1110w, https:\/\/www.amplitudes.com\/blog-backend\/wp-content\/uploads\/2022\/11\/Oiseaux_7-300x195.jpg 300w, https:\/\/www.amplitudes.com\/blog-backend\/wp-content\/uploads\/2022\/11\/Oiseaux_7-781x507.jpg 781w\" sizes=\"(max-width: 1110px) 100vw, 1110px\" \/><figcaption>La majest\u00e9 v\u00e9g\u00e9tale de la Colombie<\/figcaption><\/figure>\n\n\n\n<p>Le rouge incandescent du <strong>ara macao<\/strong>, un jaune \u00e9clatant qui traverse votre champ de vision, c\u2019est le bec d\u2019un <strong>toucan<\/strong> de Swainson&nbsp;! Les merveilles de la r\u00e9gion d\u2019Antioquia se cachent absolument partout, sur chaque branche et offrent autant de chances de d\u00e9couverte&nbsp;! Les perroquets et les toucans sont de ces oiseaux tr\u00e8s curieux. Ils oseront sans doute vous approcher et guetter si vos mains ne renferment pas quelques tr\u00e9sors de fruits ou de graines. Des rencontres m\u00e9morables que celles de ces oiseaux en Colombie !<\/p>\n\n\n\n<figure class=\"wp-block-gallery has-nested-images columns-default is-cropped wp-block-gallery-3 is-layout-flex wp-block-gallery-is-layout-flex\">\n<figure class=\"wp-block-image size-full\"><img decoding=\"async\" width=\"1110\" height=\"721\" data-id=\"12280\" src=\"https:\/\/www.amplitudes.com\/blog-backend\/wp-content\/uploads\/2022\/11\/Oiseaux_9.jpg\" alt=\"Voyage ornithologique en Colombie - Toucan de Swainson - Amplitudes\" class=\"wp-image-12280\" srcset=\"https:\/\/www.amplitudes.com\/blog-backend\/wp-content\/uploads\/2022\/11\/Oiseaux_9.jpg 1110w, https:\/\/www.amplitudes.com\/blog-backend\/wp-content\/uploads\/2022\/11\/Oiseaux_9-300x195.jpg 300w, https:\/\/www.amplitudes.com\/blog-backend\/wp-content\/uploads\/2022\/11\/Oiseaux_9-781x507.jpg 781w\" sizes=\"(max-width: 1110px) 100vw, 1110px\" \/><\/figure>\n\n\n\n<figure class=\"wp-block-image size-full\"><img decoding=\"async\" width=\"1110\" height=\"721\" data-id=\"12281\" src=\"https:\/\/www.amplitudes.com\/blog-backend\/wp-content\/uploads\/2022\/11\/Oiseaux_8.jpg\" alt=\"S\u00e9jour Oiseaux Colombie - ara macao en vol - Amplitudes\" class=\"wp-image-12281\" srcset=\"https:\/\/www.amplitudes.com\/blog-backend\/wp-content\/uploads\/2022\/11\/Oiseaux_8.jpg 1110w, https:\/\/www.amplitudes.com\/blog-backend\/wp-content\/uploads\/2022\/11\/Oiseaux_8-300x195.jpg 300w, https:\/\/www.amplitudes.com\/blog-backend\/wp-content\/uploads\/2022\/11\/Oiseaux_8-781x507.jpg 781w\" sizes=\"(max-width: 1110px) 100vw, 1110px\" \/><\/figure>\n<\/figure>\n\n\n\n<h2 class=\"has-text-align-left wp-block-heading\" id=\"utria-le-plus-paradisiaque-des-parcs-naturels-de-colombie\"><span class=\"ez-toc-section\" id=\"Utria_le_plus_paradisiaque_des_parcs_naturels_de_Colombie\"><\/span><strong>Utria, le plus paradisiaque des parcs naturels de Colombie<\/strong><span class=\"ez-toc-section-end\"><\/span><\/h2>\n\n\n\n<p>Des rives du <strong>Rio Magdalena<\/strong>, vous avez atteint<strong> l\u2019oc\u00e9an Pacifique<\/strong>. Jungle luxuriante, mangroves, cascades, bienvenue dans la r\u00e9gion la moins peupl\u00e9e de Colombie, le <strong>sanctuaire de la nature <\/strong>et des animaux&nbsp;: <strong>Utria<\/strong>. Cette r\u00e9gion est habit\u00e9e par des tribus indig\u00e8nes qui ont su s\u2019accorder au rythme de vie de la nature, en pr\u00e9server la splendeur. Par la mer sur une <strong>lancha <\/strong>ou accompagn\u00e9 d\u2019un guide dans un <strong>trek<\/strong>, nos experts vous conseillent pour aller rencontrer les Ember\u00e1 et apprendre \u00e0 conna\u00eetre Utria, <strong>\u00ab&nbsp;la belle femme endormie&nbsp;\u00bb.<\/strong> Mais m\u00e9fiez-vous, une gardienne veille sur elle, vrai cerb\u00e8re aviaire\u2026<\/p>\n\n\n\n<figure class=\"wp-block-image size-full\"><img decoding=\"async\" width=\"1110\" height=\"721\" src=\"https:\/\/www.amplitudes.com\/blog-backend\/wp-content\/uploads\/2022\/11\/Oiseaux_10.jpg\" alt=\"S\u00e9jour Parcs Naturels Colombie - Cascade Parc Utria - Amplitudes\" class=\"wp-image-12282\" srcset=\"https:\/\/www.amplitudes.com\/blog-backend\/wp-content\/uploads\/2022\/11\/Oiseaux_10.jpg 1110w, https:\/\/www.amplitudes.com\/blog-backend\/wp-content\/uploads\/2022\/11\/Oiseaux_10-300x195.jpg 300w, https:\/\/www.amplitudes.com\/blog-backend\/wp-content\/uploads\/2022\/11\/Oiseaux_10-781x507.jpg 781w\" sizes=\"(max-width: 1110px) 100vw, 1110px\" \/><figcaption>Cascade secr\u00e8te de la belle femme endormie<\/figcaption><\/figure>\n\n\n\n<p>La <strong>harpie f\u00e9roce<\/strong>&nbsp;! Un nom qui trouve son origine dans la mythologie grecque. Un m\u00e8tre de haut et jusqu\u2019\u00e0 deux m\u00e8tres d\u2019envergure, la harpie est <strong>le plus grand aigle forestier d\u2019Am\u00e9rique du Sud<\/strong>. Son plumage noir et blanc lui conf\u00e8re une aust\u00e8re dignit\u00e9. Ses impressionnantes serres sont si puissantes qu\u2019elles peuvent porter un paresseux adulte, proie de choix de la harpie. L\u2019observer est un privil\u00e8ge, elle est tr\u00e8s difficile \u00e0 rep\u00e9rer. Elle repr\u00e9sente une v\u00e9ritable perle rare \u00e0 d\u00e9busquer pour tous les enthousiastes d\u2019ornithologie&nbsp;!<\/p>\n\n\n\n<figure class=\"wp-block-gallery has-nested-images columns-default is-cropped wp-block-gallery-4 is-layout-flex wp-block-gallery-is-layout-flex\">\n<figure class=\"wp-block-image size-full\"><img decoding=\"async\" width=\"1110\" height=\"721\" data-id=\"12283\" src=\"https:\/\/www.amplitudes.com\/blog-backend\/wp-content\/uploads\/2022\/11\/Oiseaux_12.jpg\" alt=\"S\u00e9jour Utria - Portrait d'une harpie f\u00e9roce - Amplitudes\" class=\"wp-image-12283\" srcset=\"https:\/\/www.amplitudes.com\/blog-backend\/wp-content\/uploads\/2022\/11\/Oiseaux_12.jpg 1110w, https:\/\/www.amplitudes.com\/blog-backend\/wp-content\/uploads\/2022\/11\/Oiseaux_12-300x195.jpg 300w, https:\/\/www.amplitudes.com\/blog-backend\/wp-content\/uploads\/2022\/11\/Oiseaux_12-781x507.jpg 781w\" sizes=\"(max-width: 1110px) 100vw, 1110px\" \/><\/figure>\n\n\n\n<figure class=\"wp-block-image size-full\"><img decoding=\"async\" width=\"1110\" height=\"721\" data-id=\"12284\" src=\"https:\/\/www.amplitudes.com\/blog-backend\/wp-content\/uploads\/2022\/11\/OIseaux_11.jpg\" alt=\"Voyage Colombie - Harpie f\u00e9roce aux ailes d\u00e9ploy\u00e9es - Amplitudes\" class=\"wp-image-12284\" srcset=\"https:\/\/www.amplitudes.com\/blog-backend\/wp-content\/uploads\/2022\/11\/OIseaux_11.jpg 1110w, https:\/\/www.amplitudes.com\/blog-backend\/wp-content\/uploads\/2022\/11\/OIseaux_11-300x195.jpg 300w, https:\/\/www.amplitudes.com\/blog-backend\/wp-content\/uploads\/2022\/11\/OIseaux_11-781x507.jpg 781w\" sizes=\"(max-width: 1110px) 100vw, 1110px\" \/><\/figure>\n<\/figure>\n\n\n\n<h2 class=\"wp-block-heading\" id=\"la-majestueuse-vallee-de-cocora-ultime-repaire-des-oiseaux-en-colombie\"><span class=\"ez-toc-section\" id=\"La_majestueuse_vallee_de_Cocora_ultime_repaire_des_oiseaux_en_Colombie\"><\/span><strong>La majestueuse vall\u00e9e de Cocora, ultime repaire des oiseaux en Colombie<\/strong><span class=\"ez-toc-section-end\"><\/span><\/h2>\n\n\n\n<p>Dans les hauteurs de cette vall\u00e9e sont cultiv\u00e9s les grains qui donne ce si d\u00e9licieux nectar qu\u2019est <a href=\"https:\/\/www.amplitudes.com\/blog\/voyage-dans-la-region-du-cafe-en-colombie.html\" target=\"_blank\" rel=\"noreferrer noopener\">le caf\u00e9 colombien<\/a>&nbsp;! Mais ce n\u2019est pas l\u00e0 son plus grand tr\u00e9sor\u2026 La<strong> vall\u00e9e de Cocora<\/strong> est l\u2019\u00e9crin dans lequel est pr\u00e9serv\u00e9 l\u2019arbre national de la Colombie&nbsp;: le <strong>palmier de cire<\/strong>. Culminant parfois jusqu\u2019\u00e0 60 m\u00e8tres de haut, ce dernier nous int\u00e9resse aujourd\u2019hui car il est l\u2019habitat du <strong>perroquet \u00e0 oreilles jaunes<\/strong>. Grand d\u2019une quarantaine de centim\u00e8tres, avec une longue queue et un plumage couleur citron vert, il se distingue par un masque \u00e9galement couleur agrume mais jaune cette fois.<\/p>\n\n\n\n<figure class=\"wp-block-image size-full\"><img decoding=\"async\" width=\"1110\" height=\"721\" src=\"https:\/\/www.amplitudes.com\/blog-backend\/wp-content\/uploads\/2022\/11\/Oiseaux_13.jpg\" alt=\"Circuit Parcs naturels Colombie - Palmeraie de la vall\u00e9e de Cocora - Amplitudes\" class=\"wp-image-12285\" srcset=\"https:\/\/www.amplitudes.com\/blog-backend\/wp-content\/uploads\/2022\/11\/Oiseaux_13.jpg 1110w, https:\/\/www.amplitudes.com\/blog-backend\/wp-content\/uploads\/2022\/11\/Oiseaux_13-300x195.jpg 300w, https:\/\/www.amplitudes.com\/blog-backend\/wp-content\/uploads\/2022\/11\/Oiseaux_13-781x507.jpg 781w\" sizes=\"(max-width: 1110px) 100vw, 1110px\" \/><figcaption>Des monts qui rec\u00e8lent des merveilles<\/figcaption><\/figure>\n\n\n\n<p>Le vrai joyau ornithologique de la vall\u00e9e est la <strong>r\u00e9serve Acaime. <\/strong>Traversez la vall\u00e9e pour une halte dans cette r\u00e9serve et la d\u00e9couverte des mille tailles et couleurs du <strong>colibri<\/strong>. La Colombie est le pays au monde accueillant le plus grand nombre d\u2019esp\u00e8ces de colibris. Peut-\u00eatre verrez-vous <strong>l\u2019inca noir<\/strong>, cette esp\u00e8ce end\u00e9mique au plumage sombre et au tr\u00e8s long bec effil\u00e9 comme un fleuret. Celui que vous apercevrez sans aucun doute est le <strong>colibri flavescent<\/strong>, ou <strong>chupasavia<\/strong>, avec sa t\u00eate couleur smaragdine et ses ailes noires cachant les reflets d\u2019or de son dos.<\/p>\n\n\n\n<p>Visitez la vall\u00e9e de Cocora et la r\u00e9serve Acaime durant notre circuit <a href=\"https:\/\/www.amplitudes.com\/voyage\/voyage-colombie\/circuit-colombie\/sejour-colombie\/colombie-essentielle.html?utm_source=blog&amp;utm_medium=oiseaux_en_colombie_quels_parcs_naturels_choisir&amp;utm_campaign=blog_oiseaux_en_colombie_quels_parcs_naturels_choisir&amp;utm_content=\u00a1_Hola_Locombia\" target=\"_blank\" rel=\"noreferrer noopener\">\u00a1 Hola Locombia !<\/a><\/p>\n\n\n\n<figure class=\"wp-block-gallery has-nested-images columns-default is-cropped wp-block-gallery-5 is-layout-flex wp-block-gallery-is-layout-flex\">\n<figure class=\"wp-block-image size-full\"><img decoding=\"async\" width=\"1110\" height=\"721\" data-id=\"12286\" src=\"https:\/\/www.amplitudes.com\/blog-backend\/wp-content\/uploads\/2022\/11\/Oiseaux_15.jpg\" alt=\"Visite vall\u00e9e de Cocora - Couple de perroquets - Amplitudes\" class=\"wp-image-12286\" srcset=\"https:\/\/www.amplitudes.com\/blog-backend\/wp-content\/uploads\/2022\/11\/Oiseaux_15.jpg 1110w, https:\/\/www.amplitudes.com\/blog-backend\/wp-content\/uploads\/2022\/11\/Oiseaux_15-300x195.jpg 300w, https:\/\/www.amplitudes.com\/blog-backend\/wp-content\/uploads\/2022\/11\/Oiseaux_15-781x507.jpg 781w\" sizes=\"(max-width: 1110px) 100vw, 1110px\" \/><\/figure>\n\n\n\n<figure class=\"wp-block-image size-full\"><img decoding=\"async\" width=\"1110\" height=\"721\" data-id=\"12287\" src=\"https:\/\/www.amplitudes.com\/blog-backend\/wp-content\/uploads\/2022\/11\/Oiseaux_14.jpg\" alt=\"Oiseau R\u00e9serve Acaime - Colibri en vol - Amplitudes\" class=\"wp-image-12287\" srcset=\"https:\/\/www.amplitudes.com\/blog-backend\/wp-content\/uploads\/2022\/11\/Oiseaux_14.jpg 1110w, https:\/\/www.amplitudes.com\/blog-backend\/wp-content\/uploads\/2022\/11\/Oiseaux_14-300x195.jpg 300w, https:\/\/www.amplitudes.com\/blog-backend\/wp-content\/uploads\/2022\/11\/Oiseaux_14-781x507.jpg 781w\" sizes=\"(max-width: 1110px) 100vw, 1110px\" \/><\/figure>\n<\/figure>\n\n\n\n<blockquote class=\"wp-block-quote\"><p><em>Chacun rec\u00e8le en lui une for\u00eat vierge, une \u00e9tendue de neige o\u00f9 nul oiseau n\u2019a laiss\u00e9 son empreinte \u2013 Virginia Woolf<\/em><\/p><\/blockquote>\n\n\n\n<h3 class=\"has-text-align-center wp-block-heading\" id=\"envie-de-partir-explorer-l-un-de-ces-parcs-naturels-colombiens-en-particulier-ou-plusieurs-de-rencontrer-les-plus-beaux-oiseaux-de-colombie-contactez-nos-experts\"><strong>Envie de partir explorer l&rsquo;un de ces parcs naturels colombiens en particulier ou plusieurs ? De rencontrer les plus beaux oiseaux de Colombie ? <a href=\"https:\/\/www.amplitudes.com\/agence-de-voyages\/toulouse\/paris\/demande-devis-sur-mesure.html?utm_source=blog&amp;utm_medium=oiseaux_en_colombie_quels_parcs_naturels_choisir&amp;utm_campaign=blog_oiseaux_en_colombie_quels_parcs_naturels_choisir&amp;utm_content=Contactez_nos_experts\" target=\"_blank\" rel=\"noreferrer noopener\">Contactez nos experts&nbsp;!<\/a><\/strong><\/h3>\n","protected":false},"excerpt":{"rendered":"<p>DOSSIER DU MOIS #Novembre 2022 : La Colombie, art, nature et amour. Venez danser ! C\u2019est un v\u00e9ritable bal de couleurs et de chants qui r\u00e9sonnent dans les Cara\u00efbes ! La Colombie rassemble dans ses for\u00eats et ses montagnes la plus grande diversit\u00e9 ornithologique du monde avec plus de 1 800 esp\u00e8ces d\u2019oiseaux diff\u00e9rentes. Un [&hellip;]<\/p>\n","protected":false},"author":2,"featured_media":12269,"comment_status":"open","ping_status":"open","sticky":false,"template":"","format":"standard","meta":{"footnotes":""},"categories":[169],"tags":[210],"yoast_head":"<!-- This site is optimized with the Yoast SEO plugin v22.1 - https:\/\/yoast.com\/wordpress\/plugins\/seo\/ -->\n<title>Oiseaux en Colombie : quels parcs naturels choisir ? - Amplitudes<\/title>\n<meta name=\"description\" content=\"D\u00e9couvrez les plus beaux parcs naturels de Colombie et leurs magnifiques oiseaux ! Du parc Tayrona jusqu\u2019\u00e0 la vall\u00e9e de Cocora.\" \/>\n<meta name=\"robots\" content=\"index, follow, max-snippet:-1, max-image-preview:large, max-video-preview:-1\" \/>\n<link rel=\"canonical\" href=\"https:\/\/www.amplitudes.com\/blog-backend\/oiseaux-en-colombie-quels-parcs-naturels-choisir\/\" \/>\n<meta property=\"og:locale\" content=\"fr_FR\" \/>\n<meta property=\"og:type\" content=\"article\" \/>\n<meta property=\"og:title\" content=\"Oiseaux en Colombie : quels parcs naturels choisir ? - Amplitudes\" \/>\n<meta property=\"og:description\" content=\"D\u00e9couvrez les plus beaux parcs naturels de Colombie et leurs magnifiques oiseaux ! Du parc Tayrona jusqu\u2019\u00e0 la vall\u00e9e de Cocora.\" \/>\n<meta property=\"og:url\" content=\"https:\/\/www.amplitudes.com\/blog-backend\/oiseaux-en-colombie-quels-parcs-naturels-choisir\/\" \/>\n<meta property=\"og:site_name\" content=\"Blog de l&#039;agence de voyage sur-mesure Amplitudes\" \/>\n<meta property=\"article:publisher\" content=\"http:\/\/facebook.com\/amplitudes.devoyages\/\" \/>\n<meta property=\"article:published_time\" content=\"2022-11-10T13:05:40+00:00\" \/>\n<meta property=\"article:modified_time\" content=\"2022-11-10T13:05:42+00:00\" \/>\n<meta property=\"og:image\" content=\"https:\/\/www.amplitudes.com\/blog-backend\/wp-content\/uploads\/2022\/11\/Oiseaux_pano.jpg\" \/>\n\t<meta property=\"og:image:width\" content=\"1110\" \/>\n\t<meta property=\"og:image:height\" content=\"481\" \/>\n\t<meta property=\"og:image:type\" content=\"image\/jpeg\" \/>\n<meta name=\"author\" content=\"Floriane\" \/>\n<meta name=\"twitter:card\" content=\"summary_large_image\" \/>\n<meta name=\"twitter:creator\" content=\"@AmplitudesV\" \/>\n<meta name=\"twitter:site\" content=\"@AmplitudesV\" \/>\n<meta name=\"twitter:label1\" content=\"\u00c9crit par\" \/>\n\t<meta name=\"twitter:data1\" content=\"Floriane\" \/>\n\t<meta name=\"twitter:label2\" content=\"Dur\u00e9e de lecture estim\u00e9e\" \/>\n\t<meta name=\"twitter:data2\" content=\"9 minutes\" \/>\n<script type=\"application\/ld+json\" class=\"yoast-schema-graph\">{\"@context\":\"https:\/\/schema.org\",\"@graph\":[{\"@type\":\"WebPage\",\"@id\":\"https:\/\/www.amplitudes.com\/blog-backend\/oiseaux-en-colombie-quels-parcs-naturels-choisir\/\",\"url\":\"https:\/\/www.amplitudes.com\/blog-backend\/oiseaux-en-colombie-quels-parcs-naturels-choisir\/\",\"name\":\"Oiseaux en Colombie : quels parcs naturels choisir ? - Amplitudes\",\"isPartOf\":{\"@id\":\"https:\/\/www.amplitudes.com\/blog-backend\/#website\"},\"datePublished\":\"2022-11-10T13:05:40+00:00\",\"dateModified\":\"2022-11-10T13:05:42+00:00\",\"author\":{\"@id\":\"https:\/\/www.amplitudes.com\/blog-backend\/#\/schema\/person\/1ac2058edef1f5f0f2c16e7f096a80b1\"},\"description\":\"D\u00e9couvrez les plus beaux parcs naturels de Colombie et leurs magnifiques oiseaux ! Du parc Tayrona jusqu\u2019\u00e0 la vall\u00e9e de Cocora.\",\"inLanguage\":\"fr-FR\",\"potentialAction\":[{\"@type\":\"ReadAction\",\"target\":[\"https:\/\/www.amplitudes.com\/blog-backend\/oiseaux-en-colombie-quels-parcs-naturels-choisir\/\"]}]},{\"@type\":\"WebSite\",\"@id\":\"https:\/\/www.amplitudes.com\/blog-backend\/#website\",\"url\":\"https:\/\/www.amplitudes.com\/blog-backend\/\",\"name\":\"Blog de l&#039;agence de voyage sur-mesure Amplitudes\",\"description\":\"\",\"potentialAction\":[{\"@type\":\"SearchAction\",\"target\":{\"@type\":\"EntryPoint\",\"urlTemplate\":\"https:\/\/www.amplitudes.com\/blog-backend\/?s={search_term_string}\"},\"query-input\":\"required name=search_term_string\"}],\"inLanguage\":\"fr-FR\"},{\"@type\":\"Person\",\"@id\":\"https:\/\/www.amplitudes.com\/blog-backend\/#\/schema\/person\/1ac2058edef1f5f0f2c16e7f096a80b1\",\"name\":\"Floriane\",\"image\":{\"@type\":\"ImageObject\",\"inLanguage\":\"fr-FR\",\"@id\":\"https:\/\/www.amplitudes.com\/blog-backend\/#\/schema\/person\/image\/\",\"url\":\"https:\/\/secure.gravatar.com\/avatar\/f3f77af3dabd00f62e61c417047e08f6?s=96&d=mm&r=g\",\"contentUrl\":\"https:\/\/secure.gravatar.com\/avatar\/f3f77af3dabd00f62e61c417047e08f6?s=96&d=mm&r=g\",\"caption\":\"Floriane\"},\"url\":\"https:\/\/www.amplitudes.com\/blog-backend\/author\/audrey\/\"}]}<\/script>\n<!-- \/ Yoast SEO plugin. -->","yoast_head_json":{"title":"Oiseaux en Colombie : quels parcs naturels choisir ? - Amplitudes","description":"D\u00e9couvrez les plus beaux parcs naturels de Colombie et leurs magnifiques oiseaux ! Du parc Tayrona jusqu\u2019\u00e0 la vall\u00e9e de Cocora.","robots":{"index":"index","follow":"follow","max-snippet":"max-snippet:-1","max-image-preview":"max-image-preview:large","max-video-preview":"max-video-preview:-1"},"canonical":"https:\/\/www.amplitudes.com\/blog-backend\/oiseaux-en-colombie-quels-parcs-naturels-choisir\/","og_locale":"fr_FR","og_type":"article","og_title":"Oiseaux en Colombie : quels parcs naturels choisir ? - Amplitudes","og_description":"D\u00e9couvrez les plus beaux parcs naturels de Colombie et leurs magnifiques oiseaux ! Du parc Tayrona jusqu\u2019\u00e0 la vall\u00e9e de Cocora.","og_url":"https:\/\/www.amplitudes.com\/blog-backend\/oiseaux-en-colombie-quels-parcs-naturels-choisir\/","og_site_name":"Blog de l&#039;agence de voyage sur-mesure Amplitudes","article_publisher":"http:\/\/facebook.com\/amplitudes.devoyages\/","article_published_time":"2022-11-10T13:05:40+00:00","article_modified_time":"2022-11-10T13:05:42+00:00","og_image":[{"width":1110,"height":481,"url":"https:\/\/www.amplitudes.com\/blog-backend\/wp-content\/uploads\/2022\/11\/Oiseaux_pano.jpg","type":"image\/jpeg"}],"author":"Floriane","twitter_card":"summary_large_image","twitter_creator":"@AmplitudesV","twitter_site":"@AmplitudesV","twitter_misc":{"\u00c9crit par":"Floriane","Dur\u00e9e de lecture estim\u00e9e":"9 minutes"},"schema":{"@context":"https:\/\/schema.org","@graph":[{"@type":"WebPage","@id":"https:\/\/www.amplitudes.com\/blog-backend\/oiseaux-en-colombie-quels-parcs-naturels-choisir\/","url":"https:\/\/www.amplitudes.com\/blog-backend\/oiseaux-en-colombie-quels-parcs-naturels-choisir\/","name":"Oiseaux en Colombie : quels parcs naturels choisir ? - Amplitudes","isPartOf":{"@id":"https:\/\/www.amplitudes.com\/blog-backend\/#website"},"datePublished":"2022-11-10T13:05:40+00:00","dateModified":"2022-11-10T13:05:42+00:00","author":{"@id":"https:\/\/www.amplitudes.com\/blog-backend\/#\/schema\/person\/1ac2058edef1f5f0f2c16e7f096a80b1"},"description":"D\u00e9couvrez les plus beaux parcs naturels de Colombie et leurs magnifiques oiseaux ! Du parc Tayrona jusqu\u2019\u00e0 la vall\u00e9e de Cocora.","inLanguage":"fr-FR","potentialAction":[{"@type":"ReadAction","target":["https:\/\/www.amplitudes.com\/blog-backend\/oiseaux-en-colombie-quels-parcs-naturels-choisir\/"]}]},{"@type":"WebSite","@id":"https:\/\/www.amplitudes.com\/blog-backend\/#website","url":"https:\/\/www.amplitudes.com\/blog-backend\/","name":"Blog de l&#039;agence de voyage sur-mesure Amplitudes","description":"","potentialAction":[{"@type":"SearchAction","target":{"@type":"EntryPoint","urlTemplate":"https:\/\/www.amplitudes.com\/blog-backend\/?s={search_term_string}"},"query-input":"required name=search_term_string"}],"inLanguage":"fr-FR"},{"@type":"Person","@id":"https:\/\/www.amplitudes.com\/blog-backend\/#\/schema\/person\/1ac2058edef1f5f0f2c16e7f096a80b1","name":"Floriane","image":{"@type":"ImageObject","inLanguage":"fr-FR","@id":"https:\/\/www.amplitudes.com\/blog-backend\/#\/schema\/person\/image\/","url":"https:\/\/secure.gravatar.com\/avatar\/f3f77af3dabd00f62e61c417047e08f6?s=96&d=mm&r=g","contentUrl":"https:\/\/secure.gravatar.com\/avatar\/f3f77af3dabd00f62e61c417047e08f6?s=96&d=mm&r=g","caption":"Floriane"},"url":"https:\/\/www.amplitudes.com\/blog-backend\/author\/audrey\/"}]}},"_links":{"self":[{"href":"https:\/\/www.amplitudes.com\/blog-backend\/wp-json\/wp\/v2\/posts\/12267"}],"collection":[{"href":"https:\/\/www.amplitudes.com\/blog-backend\/wp-json\/wp\/v2\/posts"}],"about":[{"href":"https:\/\/www.amplitudes.com\/blog-backend\/wp-json\/wp\/v2\/types\/post"}],"author":[{"embeddable":true,"href":"https:\/\/www.amplitudes.com\/blog-backend\/wp-json\/wp\/v2\/users\/2"}],"replies":[{"embeddable":true,"href":"https:\/\/www.amplitudes.com\/blog-backend\/wp-json\/wp\/v2\/comments?post=12267"}],"version-history":[{"count":21,"href":"https:\/\/www.amplitudes.com\/blog-backend\/wp-json\/wp\/v2\/posts\/12267\/revisions"}],"predecessor-version":[{"id":12332,"href":"https:\/\/www.amplitudes.com\/blog-backend\/wp-json\/wp\/v2\/posts\/12267\/revisions\/12332"}],"wp:featuredmedia":[{"embeddable":true,"href":"https:\/\/www.amplitudes.com\/blog-backend\/wp-json\/wp\/v2\/media\/12269"}],"wp:attachment":[{"href":"https:\/\/www.amplitudes.com\/blog-backend\/wp-json\/wp\/v2\/media?parent=12267"}],"wp:term":[{"taxonomy":"category","embeddable":true,"href":"https:\/\/www.amplitudes.com\/blog-backend\/wp-json\/wp\/v2\/categories?post=12267"},{"taxonomy":"post_tag","embeddable":true,"href":"https:\/\/www.amplitudes.com\/blog-backend\/wp-json\/wp\/v2\/tags?post=12267"}],"curies":[{"name":"wp","href":"https:\/\/api.w.org\/{rel}","templated":true}]}}