{"id":12295,"date":"2022-11-25T14:39:19","date_gmt":"2022-11-25T13:39:19","guid":{"rendered":"https:\/\/www.amplitudes.com\/blog-backend\/?p=12295"},"modified":"2026-02-23T16:54:44","modified_gmt":"2026-02-23T15:54:44","slug":"voyage-de-noces-en-amerique-latine-nos-coups-de-coeur","status":"publish","type":"post","link":"https:\/\/www.amplitudes.com\/blog-backend\/voyage-de-noces-en-amerique-latine-nos-coups-de-coeur\/","title":{"rendered":"Voyage de noces en Am\u00e9rique Latine\u00a0: nos coups de c\u0153ur"},"content":{"rendered":"\n<p><strong>DOSSIER DU MOIS #Novembre 2022 : La Colombie, art, nature et amour. <\/strong>Envie d\u2019un voyage de noces en Am\u00e9rique Latine ? Farniente au Belize, randonn\u00e9e dans les montagnes chiliennes ou encore balade \u00e0 cheval dans les plaines inond\u00e9es du Br\u00e9sil, \u00e0 vous de d\u00e9couvrir ce qui vous fait r\u00eaver\u00a0! Ce r\u00eave, vous le touchez du bout du doigt\u2026 Nous vous laissons le faire glisser pour voyager \u00e0 travers tout le continent et<strong> <\/strong>rencontrer votre lune de miel parfaite\u00a0! <\/p>\n\n\n\n<p><a href=\"https:\/\/www.amplitudes.com\/voyage-voyages-de-noces\/agence-de-voyage-sur-mesure\/circuit-voyages-de-noces\/sejour-voyages-de-noces.html\">Toutes nos id\u00e9es de lunes de miel dans le monde<\/a><\/p>\n\n\n\n<h2 class=\"wp-block-heading has-text-align-left\" id=\"une-lune-de-miel-au-belize-aux-parfums-d-orchidees-et-de-sable-chaud\"><strong>Une lune de miel au Belize aux parfums d\u2019orchid\u00e9es et de sable chaud<\/strong><\/h2>\n\n\n\n<p>Des bars art-d\u00e9co de Miami aux \u00e9colodges imagin\u00e9s par Francis Ford Coppola, c\u2019est le glamour et le luxe d\u2019Hollywood qui rencontrent tout le piment des Cara\u00efbes dans ce voyage de noces imagin\u00e9 par nos sp\u00e9cialistes Amplitudes. Une semaine en<strong> parfait \u00e9quilibre entre aventure et confort<\/strong>. Parcourez des <strong>vestiges mayas<\/strong> encore dissimul\u00e9s, une <strong>grotte-sanctuaire<\/strong> dans un trek en pleine for\u00eat tropicale&#8230; Un cadre d\u2019exception pour ravir vos pupilles, une gastronomie sur mesure pour faire danser vos papilles, une nature sacr\u00e9e pour faire vibrer votre \u00e2me, au Belize tout est l\u00e0 pour vous combler.<\/p>\n\n\n\n<figure class=\"wp-block-image size-full\"><img decoding=\"async\" width=\"1110\" height=\"721\" src=\"https:\/\/www.amplitudes.com\/blog-backend\/wp-content\/uploads\/2022\/11\/Belize_1.jpg\" alt=\"S\u00e9jour au Belize - Paillotte sur pilotis - Amplitudes\" class=\"wp-image-12298\" srcset=\"https:\/\/www.amplitudes.com\/blog-backend\/wp-content\/uploads\/2022\/11\/Belize_1.jpg 1110w, https:\/\/www.amplitudes.com\/blog-backend\/wp-content\/uploads\/2022\/11\/Belize_1-300x195.jpg 300w, https:\/\/www.amplitudes.com\/blog-backend\/wp-content\/uploads\/2022\/11\/Belize_1-781x507.jpg 781w\" sizes=\"(max-width: 1110px) 100vw, 1110px\" \/><figcaption class=\"wp-element-caption\">Vous entendez d\u00e9j\u00e0 le bruit des vagues&#8230;<\/figcaption><\/figure>\n\n\n\n<p><strong>Notre nid d\u2019amour coup de c\u0153ur :<\/strong> <strong>L\u2019\u00e9colodge Turtle Inn<\/strong>, sorti de l\u2019imagination du r\u00e9alisateur du <em>Parrain<\/em>, vous accueille dans une ambiance \u00e0 la fois rustique et raffin\u00e9e. Toits de palmes, bois clairs et v\u00e9g\u00e9tation luxuriante pour un d\u00e9paysement complet. La <strong>plage priv\u00e9e de Palenque<\/strong> \u00e0 cinq minutes \u00e0 pied de votre chambre comble toutes vos esp\u00e9rances de farniente. Une soir\u00e9e en bateau sur la lagune en compagnie des dauphins offre un merveilleux dernier acte \u00e0 cette <strong>parenth\u00e8se idyllique<\/strong>. &nbsp;<\/p>\n\n\n\n<p class=\"has-text-align-center\">Atteignez ce nirvana avec notre <a href=\"https:\/\/www.amplitudes.com\/voyage\/voyage-belize\/circuit-belize\/sejour-belize\/chez-francis-ford-coppola.html\">s\u00e9jour romantique au Belize<\/a> incluant un second \u00e9colodge sign\u00e9 Coppola<\/p>\n\n\n\n<figure class=\"wp-block-gallery has-nested-images columns-default is-cropped wp-block-gallery-1 is-layout-flex wp-block-gallery-is-layout-flex\">\n<figure class=\"wp-block-image size-full\"><img decoding=\"async\" width=\"1110\" height=\"721\" data-id=\"12299\" src=\"https:\/\/www.amplitudes.com\/blog-backend\/wp-content\/uploads\/2022\/11\/Belize_3.jpg\" alt=\"S\u00e9jour au Belize - Salon intimiste Turtle Inn - Amplitudes\" class=\"wp-image-12299\" srcset=\"https:\/\/www.amplitudes.com\/blog-backend\/wp-content\/uploads\/2022\/11\/Belize_3.jpg 1110w, https:\/\/www.amplitudes.com\/blog-backend\/wp-content\/uploads\/2022\/11\/Belize_3-300x195.jpg 300w, https:\/\/www.amplitudes.com\/blog-backend\/wp-content\/uploads\/2022\/11\/Belize_3-781x507.jpg 781w\" sizes=\"(max-width: 1110px) 100vw, 1110px\" \/><\/figure>\n\n\n\n<figure class=\"wp-block-image size-full\"><img decoding=\"async\" width=\"1110\" height=\"721\" data-id=\"12300\" src=\"https:\/\/www.amplitudes.com\/blog-backend\/wp-content\/uploads\/2022\/11\/Belize_2.jpg\" alt=\"S\u00e9jour au Belize - Pool house Turtle Inn - Amplitudes\" class=\"wp-image-12300\" srcset=\"https:\/\/www.amplitudes.com\/blog-backend\/wp-content\/uploads\/2022\/11\/Belize_2.jpg 1110w, https:\/\/www.amplitudes.com\/blog-backend\/wp-content\/uploads\/2022\/11\/Belize_2-300x195.jpg 300w, https:\/\/www.amplitudes.com\/blog-backend\/wp-content\/uploads\/2022\/11\/Belize_2-781x507.jpg 781w\" sizes=\"(max-width: 1110px) 100vw, 1110px\" \/><\/figure>\n<\/figure>\n\n\n\n<h2 class=\"wp-block-heading has-text-align-left\" id=\"la-colombie-temoin-de-votre-amour-et-de-votre-voyage-de-noces-en-amerique-latine\"><strong>La Colombie, t\u00e9moin de votre amour<\/strong> <strong>et de votre voyage de noces en Am\u00e9rique Latine <\/strong><\/h2>\n\n\n\n<p>Traversons la mer des Cara\u00efbes pour rejoindre les rivages color\u00e9s de la Colombie, patrie de <a href=\"https:\/\/www.amplitudes.com\/blog\/gabriel-garcia-marquez-la-colombie-du-realisme-magique\/\">Gabriel Garc\u00eda M\u00e1rquez<\/a>\u00a0! Cours de salsa, ca\u00efpirinha au coucher du soleil sur les remparts de la l\u00e9gendaire Cartagena, nuits dans de <strong>somptueux h\u00f4tels de charme<\/strong> de la c\u00f4te carib\u00e9enne&#8230; Ne vous refusez plus rien durant ce voyage de noces en Am\u00e9rique Latine\u00a0! Retirez-vous ensuite au c\u0153ur de la Sierra Nevada et ses montagnes aux for\u00eats de nuages\u2026 Puis refermez la boucle en rejoignant les <strong>fabuleuses plages priv\u00e9es<\/strong> des \u00eeles du Rosaire. Ce sont deux semaines de cr\u00e9puscules flamboyants, de rencontres privil\u00e9gi\u00e9es et de moments en amoureux hors du temps qui vous attendent\u00a0!<\/p>\n\n\n\n<figure class=\"wp-block-image size-full\"><img decoding=\"async\" width=\"1110\" height=\"721\" src=\"https:\/\/www.amplitudes.com\/blog-backend\/wp-content\/uploads\/2022\/11\/Colombie_1.jpg\" alt=\"Voyage de Noces en Am\u00e9rique Latine - Cartagena en Colombie - Amplitudes\" class=\"wp-image-12302\" srcset=\"https:\/\/www.amplitudes.com\/blog-backend\/wp-content\/uploads\/2022\/11\/Colombie_1.jpg 1110w, https:\/\/www.amplitudes.com\/blog-backend\/wp-content\/uploads\/2022\/11\/Colombie_1-300x195.jpg 300w, https:\/\/www.amplitudes.com\/blog-backend\/wp-content\/uploads\/2022\/11\/Colombie_1-781x507.jpg 781w\" sizes=\"(max-width: 1110px) 100vw, 1110px\" \/><figcaption class=\"wp-element-caption\">Toutes les couleurs et fleurs de Colombie<\/figcaption><\/figure>\n\n\n\n<p><strong>Notre nid d\u2019amour coup de c\u0153ur : La casa Oropendola<\/strong>, une villa priv\u00e9e \u00e9co-responsable au c\u0153ur de la <a href=\"https:\/\/www.amplitudes.com\/blog\/oiseaux-en-colombie-quels-parcs-naturels-choisir\/\">Sierra Nevada<\/a>\u00a0! Perch\u00e9e \u00e0 flanc de montagne \u00e0 <strong>1 300 m d\u2019altitude<\/strong>, un point de vue exceptionnel sur la mer comme sur la for\u00eat ! Un chef vous pr\u00e9pare tous les repas que vous souhaitez avec les ingr\u00e9dients phares de la r\u00e9gion et un guide sp\u00e9cialis\u00e9 vous fait d\u00e9couvrir les moindres secrets de ce recoin mythique. Entre ciel et terre, laissez le temps se suspendre\u2026<\/p>\n\n\n\n<p class=\"has-text-align-center\">Elle est plut\u00f4t randonn\u00e9e en montagne et vous visite culturelle\u00a0? Vous \u00eates plut\u00f4t plage priv\u00e9e et lui irr\u00e9ductible citadin\u00a0?\u00a0 Notre circuit <a href=\"https:\/\/www.amplitudes.com\/voyage\/voyage-colombie\/circuit-colombie\/sejour-colombie\/la-serenade-de-la-riviere-de-la-vie.html\">La s\u00e9r\u00e9nade de la rivi\u00e8re de la vie<\/a>, est fait pour que vous soyez tous les deux combl\u00e9s\u00a0!<\/p>\n\n\n\n<figure class=\"wp-block-gallery has-nested-images columns-default is-cropped wp-block-gallery-2 is-layout-flex wp-block-gallery-is-layout-flex\">\n<figure class=\"wp-block-image size-full\"><img decoding=\"async\" width=\"1110\" height=\"721\" data-id=\"12303\" src=\"https:\/\/www.amplitudes.com\/blog-backend\/wp-content\/uploads\/2022\/11\/Colombie_2.jpg\" alt=\"Circuit en Colombie - Villa priv\u00e9e dans une for\u00eat de nuages - Amplitudes\" class=\"wp-image-12303\" srcset=\"https:\/\/www.amplitudes.com\/blog-backend\/wp-content\/uploads\/2022\/11\/Colombie_2.jpg 1110w, https:\/\/www.amplitudes.com\/blog-backend\/wp-content\/uploads\/2022\/11\/Colombie_2-300x195.jpg 300w, https:\/\/www.amplitudes.com\/blog-backend\/wp-content\/uploads\/2022\/11\/Colombie_2-781x507.jpg 781w\" sizes=\"(max-width: 1110px) 100vw, 1110px\" \/><\/figure>\n\n\n\n<figure class=\"wp-block-image size-full\"><img decoding=\"async\" width=\"1110\" height=\"721\" data-id=\"12304\" src=\"https:\/\/www.amplitudes.com\/blog-backend\/wp-content\/uploads\/2022\/11\/Colombie_3.jpg\" alt=\"Circuit en Colombie - Panorama sur la Sierra Nevada  de Santa Marta - Amplitudes\" class=\"wp-image-12304\" srcset=\"https:\/\/www.amplitudes.com\/blog-backend\/wp-content\/uploads\/2022\/11\/Colombie_3.jpg 1110w, https:\/\/www.amplitudes.com\/blog-backend\/wp-content\/uploads\/2022\/11\/Colombie_3-300x195.jpg 300w, https:\/\/www.amplitudes.com\/blog-backend\/wp-content\/uploads\/2022\/11\/Colombie_3-781x507.jpg 781w\" sizes=\"(max-width: 1110px) 100vw, 1110px\" \/><\/figure>\n<\/figure>\n\n\n\n<h2 class=\"wp-block-heading has-text-align-left\" id=\"une-croisiere-en-equateur-pour-glisser-dans-le-bonheur\"><strong>Une croisi\u00e8re en \u00c9quateur, pour glisser dans le bonheur<\/strong><\/h2>\n\n\n\n<p>Vous connaissez d\u00e9j\u00e0 les Cara\u00efbes comme votre poche\u00a0? Alors naviguez <strong>au c\u0153ur de la for\u00eat primaire d\u2019Amazonie<\/strong>\u00a0! De la terre, de la mer ou des airs, les peuples animaux comme humains vous invitent \u00e0 un <a href=\"https:\/\/www.amplitudes.com\/voyage-amazonie\/circuit-amazonie\/sejour-amazonie\/amazonie.html\">t\u00eate-\u00e0-t\u00eate hors du commun dans ce royaume sauvage monumental<\/a>. \u00c0 bord du M\/V Manatee Amazon Explorer, une exp\u00e9rience riche en frissons\u00a0vous attend ! Lorsque vous quittez le Rio Napo, c\u2019est pour vous \u00e9lever vers un point de vue extraordinaire <strong>au-dessus de la canop\u00e9e<\/strong>. Seuls, ensemble, au-dessus du monde&#8230;\u00a0Ce nouveau chapitre de votre histoire s\u2019\u00e9crit au fil du \u00ab\u00a0fleuve oc\u00e9an\u00a0\u00bb.<\/p>\n\n\n\n<figure class=\"wp-block-image size-full\"><img decoding=\"async\" width=\"1110\" height=\"721\" src=\"https:\/\/www.amplitudes.com\/blog-backend\/wp-content\/uploads\/2022\/11\/Equateur_1.jpg\" alt=\"Croisi\u00e8re en \u00c9quateur - Voyage de noces le long du Rio Napo - Amplitudes\" class=\"wp-image-12305\" srcset=\"https:\/\/www.amplitudes.com\/blog-backend\/wp-content\/uploads\/2022\/11\/Equateur_1.jpg 1110w, https:\/\/www.amplitudes.com\/blog-backend\/wp-content\/uploads\/2022\/11\/Equateur_1-300x195.jpg 300w, https:\/\/www.amplitudes.com\/blog-backend\/wp-content\/uploads\/2022\/11\/Equateur_1-781x507.jpg 781w\" sizes=\"(max-width: 1110px) 100vw, 1110px\" \/><figcaption class=\"wp-element-caption\">Glissez en amoureux le long de l&rsquo;Amazone<\/figcaption><\/figure>\n\n\n\n<p><strong>Notre nid d\u2019amour coup de c\u0153ur&nbsp;:<\/strong> Le <strong>M\/V Manatee Amazon Explorer<\/strong>, un magnifique navire aux lignes \u00e9pur\u00e9es pour une descente du fleuve tout en douceur. Son<strong> salon panoramique<\/strong> vous permet de profiter \u00e0 chaque instant de l\u2019extraordinaire beaut\u00e9 de la for\u00eat tropicale et ses luxueuses cabines d\u2019une intimit\u00e9 indispensable. Restaurant, bar lounge, jacuzzi, vous ne voudrez plus en descendre&nbsp;!<\/p>\n\n\n\n<p class=\"has-text-align-center\">Pour une lune de miel en Am\u00e9rique Latine aux \u00e9motions aussi fortes que le courant du grand fleuve Amazone, embarquez pour <a href=\"https:\/\/www.amplitudes.com\/voyage\/amerique-du-sud\/equateur\/nature-et-civilisation-voyage-de-decouverte\/periple-amazonien-au-coeur-de-la-foret-primaire-.html\">cette croisi\u00e8re<\/a>.<\/p>\n\n\n\n<figure class=\"wp-block-gallery has-nested-images columns-default is-cropped wp-block-gallery-3 is-layout-flex wp-block-gallery-is-layout-flex\">\n<figure class=\"wp-block-image size-large\"><img decoding=\"async\" width=\"1110\" height=\"721\" data-id=\"12306\" src=\"https:\/\/www.amplitudes.com\/blog-backend\/wp-content\/uploads\/2022\/11\/Equateur_2.jpg\" alt=\"Croisi\u00e8re en \u00c9quateur - Le M\/V Manatee Amazon Explorer - Amplitudes\" class=\"wp-image-12306\" srcset=\"https:\/\/www.amplitudes.com\/blog-backend\/wp-content\/uploads\/2022\/11\/Equateur_2.jpg 1110w, https:\/\/www.amplitudes.com\/blog-backend\/wp-content\/uploads\/2022\/11\/Equateur_2-300x195.jpg 300w, https:\/\/www.amplitudes.com\/blog-backend\/wp-content\/uploads\/2022\/11\/Equateur_2-781x507.jpg 781w\" sizes=\"(max-width: 1110px) 100vw, 1110px\" \/><\/figure>\n\n\n\n<figure class=\"wp-block-image size-large\"><img decoding=\"async\" width=\"1110\" height=\"721\" data-id=\"12307\" src=\"https:\/\/www.amplitudes.com\/blog-backend\/wp-content\/uploads\/2022\/11\/Equateur_3.jpg\" alt=\"Voyage de Noces en Am\u00e9rique Latine - Croisi\u00e8re M\/V Manatee Amazon Explorer - Amplitudes\" class=\"wp-image-12307\" srcset=\"https:\/\/www.amplitudes.com\/blog-backend\/wp-content\/uploads\/2022\/11\/Equateur_3.jpg 1110w, https:\/\/www.amplitudes.com\/blog-backend\/wp-content\/uploads\/2022\/11\/Equateur_3-300x195.jpg 300w, https:\/\/www.amplitudes.com\/blog-backend\/wp-content\/uploads\/2022\/11\/Equateur_3-781x507.jpg 781w\" sizes=\"(max-width: 1110px) 100vw, 1110px\" \/><\/figure>\n<\/figure>\n\n\n\n<h2 class=\"wp-block-heading has-text-align-left\" id=\"le-feu-sous-la-glace-dans-un-voyage-de-noces-au-chili\"><strong>Le feu sous la glace dans un voyage de noces au Chili<\/strong><\/h2>\n\n\n\n<p>Une lune de miel comme une <strong>bouff\u00e9e d\u2019oxyg\u00e8ne<\/strong>&nbsp;! Abreuvez-vous du grandiose de la nature hom\u00e9rique du Chili. Une odyss\u00e9e de la c\u00f4te Pacifique jusqu\u2019aux tr\u00e9sors des terres ! D\u00e9couvrez des panoramas plus stup\u00e9fiants et surr\u00e9alistes les uns que les autres. <strong>Pics enneig\u00e9s de Patagonie<\/strong>, plaines d\u00e9sertiques de l\u2019Atacama et m\u00eame le <strong>crat\u00e8re d\u2019un volcan<\/strong>. Tout para\u00eet encore si sauvage que l\u2019homme semble n\u2019avoir jamais os\u00e9 s\u2019y aventurer. Mais vous, main dans la main dans de <strong>spectaculaires randonn\u00e9es,<\/strong>&nbsp;vous osez ! Un petit tour aux spas de vos sublimes h\u00f4tels, et vous voil\u00e0 pr\u00eats \u00e0 repartir&nbsp;!<\/p>\n\n\n\n<figure class=\"wp-block-image size-full\"><img decoding=\"async\" width=\"1110\" height=\"721\" src=\"https:\/\/www.amplitudes.com\/blog-backend\/wp-content\/uploads\/2022\/11\/Chili_1.jpg\" alt=\"Lune de miel au Chili - Glacier de Torres del Paine - Amplitudes\" class=\"wp-image-12308\" srcset=\"https:\/\/www.amplitudes.com\/blog-backend\/wp-content\/uploads\/2022\/11\/Chili_1.jpg 1110w, https:\/\/www.amplitudes.com\/blog-backend\/wp-content\/uploads\/2022\/11\/Chili_1-300x195.jpg 300w, https:\/\/www.amplitudes.com\/blog-backend\/wp-content\/uploads\/2022\/11\/Chili_1-781x507.jpg 781w\" sizes=\"(max-width: 1110px) 100vw, 1110px\" \/><figcaption class=\"wp-element-caption\">Majest\u00e9 immobile&#8230;<\/figcaption><\/figure>\n\n\n\n<p><strong>Notre nid d\u2019amour coup de c\u0153ur\u00a0: <\/strong>Les h\u00f4tels <strong>Tierra <\/strong>vous accompagnent tout au long de cette lune de miel farouche. <strong>Trois cocons chaleureux<\/strong>, au plus pr\u00e8s de la nature dans un luxe \u00e9pur\u00e9. Des lieux de repos pour vous apaiser apr\u00e8s les torrents d\u2019\u00e9motions de ces journ\u00e9es \u00e0 arpenter les splendeurs \u00e9ternelles du Chili. Partez \u00e0 l\u2019aventure des <a href=\"https:\/\/www.amplitudes.com\/voyage\/voyage-chili\/circuit-chili\/sejour-chili\/voyage-chili-tierra-hotels-le-chili-en-dimension-xxl.html\">routes chiliennes<\/a>\u00a0pour un voyage de noces en Am\u00e9rique Latine hors des sentiers battus !<\/p>\n\n\n\n<figure class=\"wp-block-gallery has-nested-images columns-default is-cropped wp-block-gallery-4 is-layout-flex wp-block-gallery-is-layout-flex\">\n<figure class=\"wp-block-image size-full\"><img decoding=\"async\" width=\"1110\" height=\"721\" data-id=\"12311\" src=\"https:\/\/www.amplitudes.com\/blog-backend\/wp-content\/uploads\/2022\/11\/Chili_3-1.jpg\" alt=\"Lune de miel au Chili - H\u00f4tel Tierra Patagonia - Amplitudes\" class=\"wp-image-12311\" srcset=\"https:\/\/www.amplitudes.com\/blog-backend\/wp-content\/uploads\/2022\/11\/Chili_3-1.jpg 1110w, https:\/\/www.amplitudes.com\/blog-backend\/wp-content\/uploads\/2022\/11\/Chili_3-1-300x195.jpg 300w, https:\/\/www.amplitudes.com\/blog-backend\/wp-content\/uploads\/2022\/11\/Chili_3-1-781x507.jpg 781w\" sizes=\"(max-width: 1110px) 100vw, 1110px\" \/><\/figure>\n\n\n\n<figure class=\"wp-block-image size-full\"><img decoding=\"async\" width=\"1110\" height=\"721\" data-id=\"12312\" src=\"https:\/\/www.amplitudes.com\/blog-backend\/wp-content\/uploads\/2022\/11\/24371581930_3315b28176_o.jpg\" alt=\"Lune de miel au Chili - H\u00f4tel Tierra Chiloe - Amplitudes\" class=\"wp-image-12312\" srcset=\"https:\/\/www.amplitudes.com\/blog-backend\/wp-content\/uploads\/2022\/11\/24371581930_3315b28176_o.jpg 1110w, https:\/\/www.amplitudes.com\/blog-backend\/wp-content\/uploads\/2022\/11\/24371581930_3315b28176_o-300x195.jpg 300w, https:\/\/www.amplitudes.com\/blog-backend\/wp-content\/uploads\/2022\/11\/24371581930_3315b28176_o-781x507.jpg 781w\" sizes=\"(max-width: 1110px) 100vw, 1110px\" \/><\/figure>\n<\/figure>\n\n\n\n<h2 class=\"wp-block-heading has-text-align-left\" id=\"enflammez-vous-dans-le-pantanal-au-bresil\"><strong>Enflammez-vous dans le Pantanal au Br\u00e9sil<\/strong><\/h2>\n\n\n\n<p>Envolez-vous vers une rare vision du Br\u00e9sil&nbsp;: <strong>le Pantanal<\/strong>&nbsp;! Galopez dans la lumi\u00e8re du jour naissant, le bruit des sabots \u00e9touff\u00e9 par l\u2019herbe tremp\u00e9e&#8230; Le vent dans les cheveux, le sourire sur les l\u00e8vres&#8230; C\u2019est un <strong>instant magique <\/strong>que vous partagez. Vous partez ensuite pour une <strong>haletante chasse photographique<\/strong> sur les eaux alcyoniennes de la rivi\u00e8re : le majestueux cerf des marais, la farouche loutre g\u00e9ante&#8230; Peut-\u00eatre que si vous laissez votre main caresser l\u2019eau, vous sentirez sous votre paume la douceur si particuli\u00e8re d\u2019une raie g\u00e9ante ? Durant un second <strong>safari<\/strong> vous pourrez guetter la majest\u00e9 f\u00e9line hypnotisante des jaguars.<\/p>\n\n\n\n<figure class=\"wp-block-image size-full\"><img decoding=\"async\" width=\"1110\" height=\"721\" src=\"https:\/\/www.amplitudes.com\/blog-backend\/wp-content\/uploads\/2022\/11\/Bresil_1.jpg\" alt=\"Voyage dans le Pantanal - Lever de soleil sur les marais - Amplitudes\" class=\"wp-image-12313\" srcset=\"https:\/\/www.amplitudes.com\/blog-backend\/wp-content\/uploads\/2022\/11\/Bresil_1.jpg 1110w, https:\/\/www.amplitudes.com\/blog-backend\/wp-content\/uploads\/2022\/11\/Bresil_1-300x195.jpg 300w, https:\/\/www.amplitudes.com\/blog-backend\/wp-content\/uploads\/2022\/11\/Bresil_1-781x507.jpg 781w\" sizes=\"(max-width: 1110px) 100vw, 1110px\" \/><figcaption class=\"wp-element-caption\">Aube sur les eaux calmes du marais-monde<\/figcaption><\/figure>\n\n\n\n<p><strong>Notre nid d\u2019amour coup de c\u0153ur :<\/strong> Un <strong>luxueux lodge <\/strong>nich\u00e9 dans les courbes d\u2019un bras de rivi\u00e8re, sur lequel donne votre terrasse. Vous \u00eates si proche de la nature que ce sont les animaux sauvages des environs qui viennent vous voir plus que l\u2019inverse. Les <strong>toucans<\/strong> cherchent leur nourriture aupr\u00e8s de vous. Et, parfois, un <strong>jaguar<\/strong> appara\u00eet sur la rive oppos\u00e9e et vous observe depuis sa branche\u2026 Les tours d\u2019observation vous garantissent \u00e9galement la vue saisissante d\u2019<strong>ocelots<\/strong> et de jabirus au cr\u00e9puscule. \u00a0<\/p>\n\n\n\n<p class=\"has-text-align-center\">Pour une parenth\u00e8se digne d&rsquo;une t\u00e9l\u00e9novela, <a href=\"https:\/\/www.amplitudes.com\/voyage-bresil\/circuit-bresil\/sejour-bresil\/bresil\/voyage-de-noces.html\">envolez-vous en voyage de noces au Br\u00e9sil<\/a> !<\/p>\n\n\n\n<figure class=\"wp-block-gallery has-nested-images columns-default is-cropped wp-block-gallery-5 is-layout-flex wp-block-gallery-is-layout-flex\">\n<figure class=\"wp-block-image size-full\"><img decoding=\"async\" width=\"1110\" height=\"721\" data-id=\"12314\" src=\"https:\/\/www.amplitudes.com\/blog-backend\/wp-content\/uploads\/2022\/11\/Bresil_3.jpg\" alt=\"Voyage dans le Pantanal - Balade \u00e0 cheval \u00e0 l'aube - Amplitudes\" class=\"wp-image-12314\" srcset=\"https:\/\/www.amplitudes.com\/blog-backend\/wp-content\/uploads\/2022\/11\/Bresil_3.jpg 1110w, https:\/\/www.amplitudes.com\/blog-backend\/wp-content\/uploads\/2022\/11\/Bresil_3-300x195.jpg 300w, https:\/\/www.amplitudes.com\/blog-backend\/wp-content\/uploads\/2022\/11\/Bresil_3-781x507.jpg 781w\" sizes=\"(max-width: 1110px) 100vw, 1110px\" \/><\/figure>\n\n\n\n<figure class=\"wp-block-image size-full\"><img decoding=\"async\" width=\"1110\" height=\"721\" data-id=\"12315\" src=\"https:\/\/www.amplitudes.com\/blog-backend\/wp-content\/uploads\/2022\/11\/Bresil_2.jpg\" alt=\"Voyage de noces en Am\u00e9rique Latine - Jaguar dans le Pantanal - Amplitudes\" class=\"wp-image-12315\" srcset=\"https:\/\/www.amplitudes.com\/blog-backend\/wp-content\/uploads\/2022\/11\/Bresil_2.jpg 1110w, https:\/\/www.amplitudes.com\/blog-backend\/wp-content\/uploads\/2022\/11\/Bresil_2-300x195.jpg 300w, https:\/\/www.amplitudes.com\/blog-backend\/wp-content\/uploads\/2022\/11\/Bresil_2-781x507.jpg 781w\" sizes=\"(max-width: 1110px) 100vw, 1110px\" \/><\/figure>\n<\/figure>\n\n\n\n<h3 class=\"wp-block-heading has-text-align-center\" id=\"vous-avez-envie-de-mixer-les-plaisirs-dans-un-parcours-unique-a-votre-image-rencontrez-nos-experts-pour-un-voyage-de-noces-en-amerique-latine-a-la-carte\"><strong>Vous avez envie de mixer les plaisirs dans un parcours unique, \u00e0 votre image\u00a0: <a href=\"https:\/\/www.amplitudes.com\/agence-de-voyages\/toulouse\/paris\/demande-devis-sur-mesure.html\">rencontrez nos experts<\/a> pour un voyage de noces en Am\u00e9rique Latine \u00e0 la carte\u00a0!<\/strong><\/h3>\n","protected":false},"excerpt":{"rendered":"<p>DOSSIER DU MOIS #Novembre 2022 : La Colombie, art, nature et amour. Envie d\u2019un voyage de noces en Am\u00e9rique Latine ? Farniente au Belize, randonn\u00e9e dans les montagnes chiliennes ou encore balade \u00e0 cheval dans les plaines inond\u00e9es du Br\u00e9sil, \u00e0 vous de d\u00e9couvrir ce qui vous fait r\u00eaver\u00a0! Ce r\u00eave, vous le touchez du [&hellip;]<\/p>\n","protected":false},"author":2,"featured_media":12297,"comment_status":"open","ping_status":"open","sticky":false,"template":"","format":"standard","meta":{"footnotes":""},"categories":[169],"tags":[196,197,219,210,246],"yoast_head":"<!-- This site is optimized with the Yoast SEO plugin v22.1 - https:\/\/yoast.com\/wordpress\/plugins\/seo\/ -->\n<title>Voyage de noces en Am\u00e9rique Latine\u00a0: nos coups de c\u0153ur - Amplitudes<\/title>\n<meta name=\"description\" content=\"Choisissez l&#039;\u00e9merveillement dans un voyage de noces en Am\u00e9rique Latine ! 5 circuits \u00e9tonnants pour trouver la lune de miel faite pour vous.\" \/>\n<meta name=\"robots\" content=\"index, follow, max-snippet:-1, max-image-preview:large, max-video-preview:-1\" \/>\n<link rel=\"canonical\" href=\"https:\/\/www.amplitudes.com\/blog-backend\/voyage-de-noces-en-amerique-latine-nos-coups-de-coeur\/\" \/>\n<meta property=\"og:locale\" content=\"fr_FR\" \/>\n<meta property=\"og:type\" content=\"article\" \/>\n<meta property=\"og:title\" content=\"Voyage de noces en Am\u00e9rique Latine\u00a0: nos coups de c\u0153ur - Amplitudes\" \/>\n<meta property=\"og:description\" content=\"Choisissez l&#039;\u00e9merveillement dans un voyage de noces en Am\u00e9rique Latine ! 5 circuits \u00e9tonnants pour trouver la lune de miel faite pour vous.\" \/>\n<meta property=\"og:url\" content=\"https:\/\/www.amplitudes.com\/blog-backend\/voyage-de-noces-en-amerique-latine-nos-coups-de-coeur\/\" \/>\n<meta property=\"og:site_name\" content=\"Blog de l&#039;agence de voyage sur-mesure Amplitudes\" \/>\n<meta property=\"article:publisher\" content=\"http:\/\/facebook.com\/amplitudes.devoyages\/\" \/>\n<meta property=\"article:published_time\" content=\"2022-11-25T13:39:19+00:00\" \/>\n<meta property=\"article:modified_time\" content=\"2026-02-23T15:54:44+00:00\" \/>\n<meta property=\"og:image\" content=\"https:\/\/www.amplitudes.com\/blog-backend\/wp-content\/uploads\/2022\/11\/25753713790_4a7b6d3c23_o-1.jpg\" \/>\n\t<meta property=\"og:image:width\" content=\"1110\" \/>\n\t<meta property=\"og:image:height\" content=\"481\" \/>\n\t<meta property=\"og:image:type\" content=\"image\/jpeg\" \/>\n<meta name=\"author\" content=\"Floriane\" \/>\n<meta name=\"twitter:card\" content=\"summary_large_image\" \/>\n<meta name=\"twitter:creator\" content=\"@AmplitudesV\" \/>\n<meta name=\"twitter:site\" content=\"@AmplitudesV\" \/>\n<meta name=\"twitter:label1\" content=\"\u00c9crit par\" \/>\n\t<meta name=\"twitter:data1\" content=\"Floriane\" \/>\n\t<meta name=\"twitter:label2\" content=\"Dur\u00e9e de lecture estim\u00e9e\" \/>\n\t<meta name=\"twitter:data2\" content=\"9 minutes\" \/>\n<script type=\"application\/ld+json\" class=\"yoast-schema-graph\">{\"@context\":\"https:\/\/schema.org\",\"@graph\":[{\"@type\":\"WebPage\",\"@id\":\"https:\/\/www.amplitudes.com\/blog-backend\/voyage-de-noces-en-amerique-latine-nos-coups-de-coeur\/\",\"url\":\"https:\/\/www.amplitudes.com\/blog-backend\/voyage-de-noces-en-amerique-latine-nos-coups-de-coeur\/\",\"name\":\"Voyage de noces en Am\u00e9rique Latine\u00a0: nos coups de c\u0153ur - Amplitudes\",\"isPartOf\":{\"@id\":\"https:\/\/www.amplitudes.com\/blog-backend\/#website\"},\"datePublished\":\"2022-11-25T13:39:19+00:00\",\"dateModified\":\"2026-02-23T15:54:44+00:00\",\"author\":{\"@id\":\"https:\/\/www.amplitudes.com\/blog-backend\/#\/schema\/person\/1ac2058edef1f5f0f2c16e7f096a80b1\"},\"description\":\"Choisissez l'\u00e9merveillement dans un voyage de noces en Am\u00e9rique Latine ! 5 circuits \u00e9tonnants pour trouver la lune de miel faite pour vous.\",\"inLanguage\":\"fr-FR\",\"potentialAction\":[{\"@type\":\"ReadAction\",\"target\":[\"https:\/\/www.amplitudes.com\/blog-backend\/voyage-de-noces-en-amerique-latine-nos-coups-de-coeur\/\"]}]},{\"@type\":\"WebSite\",\"@id\":\"https:\/\/www.amplitudes.com\/blog-backend\/#website\",\"url\":\"https:\/\/www.amplitudes.com\/blog-backend\/\",\"name\":\"Blog de l&#039;agence de voyage sur-mesure Amplitudes\",\"description\":\"\",\"potentialAction\":[{\"@type\":\"SearchAction\",\"target\":{\"@type\":\"EntryPoint\",\"urlTemplate\":\"https:\/\/www.amplitudes.com\/blog-backend\/?s={search_term_string}\"},\"query-input\":\"required name=search_term_string\"}],\"inLanguage\":\"fr-FR\"},{\"@type\":\"Person\",\"@id\":\"https:\/\/www.amplitudes.com\/blog-backend\/#\/schema\/person\/1ac2058edef1f5f0f2c16e7f096a80b1\",\"name\":\"Floriane\",\"image\":{\"@type\":\"ImageObject\",\"inLanguage\":\"fr-FR\",\"@id\":\"https:\/\/www.amplitudes.com\/blog-backend\/#\/schema\/person\/image\/\",\"url\":\"https:\/\/secure.gravatar.com\/avatar\/f3f77af3dabd00f62e61c417047e08f6?s=96&d=mm&r=g\",\"contentUrl\":\"https:\/\/secure.gravatar.com\/avatar\/f3f77af3dabd00f62e61c417047e08f6?s=96&d=mm&r=g\",\"caption\":\"Floriane\"},\"url\":\"https:\/\/www.amplitudes.com\/blog-backend\/author\/audrey\/\"}]}<\/script>\n<!-- \/ Yoast SEO plugin. -->","yoast_head_json":{"title":"Voyage de noces en Am\u00e9rique Latine\u00a0: nos coups de c\u0153ur - Amplitudes","description":"Choisissez l'\u00e9merveillement dans un voyage de noces en Am\u00e9rique Latine ! 5 circuits \u00e9tonnants pour trouver la lune de miel faite pour vous.","robots":{"index":"index","follow":"follow","max-snippet":"max-snippet:-1","max-image-preview":"max-image-preview:large","max-video-preview":"max-video-preview:-1"},"canonical":"https:\/\/www.amplitudes.com\/blog-backend\/voyage-de-noces-en-amerique-latine-nos-coups-de-coeur\/","og_locale":"fr_FR","og_type":"article","og_title":"Voyage de noces en Am\u00e9rique Latine\u00a0: nos coups de c\u0153ur - Amplitudes","og_description":"Choisissez l'\u00e9merveillement dans un voyage de noces en Am\u00e9rique Latine ! 5 circuits \u00e9tonnants pour trouver la lune de miel faite pour vous.","og_url":"https:\/\/www.amplitudes.com\/blog-backend\/voyage-de-noces-en-amerique-latine-nos-coups-de-coeur\/","og_site_name":"Blog de l&#039;agence de voyage sur-mesure Amplitudes","article_publisher":"http:\/\/facebook.com\/amplitudes.devoyages\/","article_published_time":"2022-11-25T13:39:19+00:00","article_modified_time":"2026-02-23T15:54:44+00:00","og_image":[{"width":1110,"height":481,"url":"https:\/\/www.amplitudes.com\/blog-backend\/wp-content\/uploads\/2022\/11\/25753713790_4a7b6d3c23_o-1.jpg","type":"image\/jpeg"}],"author":"Floriane","twitter_card":"summary_large_image","twitter_creator":"@AmplitudesV","twitter_site":"@AmplitudesV","twitter_misc":{"\u00c9crit par":"Floriane","Dur\u00e9e de lecture estim\u00e9e":"9 minutes"},"schema":{"@context":"https:\/\/schema.org","@graph":[{"@type":"WebPage","@id":"https:\/\/www.amplitudes.com\/blog-backend\/voyage-de-noces-en-amerique-latine-nos-coups-de-coeur\/","url":"https:\/\/www.amplitudes.com\/blog-backend\/voyage-de-noces-en-amerique-latine-nos-coups-de-coeur\/","name":"Voyage de noces en Am\u00e9rique Latine\u00a0: nos coups de c\u0153ur - Amplitudes","isPartOf":{"@id":"https:\/\/www.amplitudes.com\/blog-backend\/#website"},"datePublished":"2022-11-25T13:39:19+00:00","dateModified":"2026-02-23T15:54:44+00:00","author":{"@id":"https:\/\/www.amplitudes.com\/blog-backend\/#\/schema\/person\/1ac2058edef1f5f0f2c16e7f096a80b1"},"description":"Choisissez l'\u00e9merveillement dans un voyage de noces en Am\u00e9rique Latine ! 5 circuits \u00e9tonnants pour trouver la lune de miel faite pour vous.","inLanguage":"fr-FR","potentialAction":[{"@type":"ReadAction","target":["https:\/\/www.amplitudes.com\/blog-backend\/voyage-de-noces-en-amerique-latine-nos-coups-de-coeur\/"]}]},{"@type":"WebSite","@id":"https:\/\/www.amplitudes.com\/blog-backend\/#website","url":"https:\/\/www.amplitudes.com\/blog-backend\/","name":"Blog de l&#039;agence de voyage sur-mesure Amplitudes","description":"","potentialAction":[{"@type":"SearchAction","target":{"@type":"EntryPoint","urlTemplate":"https:\/\/www.amplitudes.com\/blog-backend\/?s={search_term_string}"},"query-input":"required name=search_term_string"}],"inLanguage":"fr-FR"},{"@type":"Person","@id":"https:\/\/www.amplitudes.com\/blog-backend\/#\/schema\/person\/1ac2058edef1f5f0f2c16e7f096a80b1","name":"Floriane","image":{"@type":"ImageObject","inLanguage":"fr-FR","@id":"https:\/\/www.amplitudes.com\/blog-backend\/#\/schema\/person\/image\/","url":"https:\/\/secure.gravatar.com\/avatar\/f3f77af3dabd00f62e61c417047e08f6?s=96&d=mm&r=g","contentUrl":"https:\/\/secure.gravatar.com\/avatar\/f3f77af3dabd00f62e61c417047e08f6?s=96&d=mm&r=g","caption":"Floriane"},"url":"https:\/\/www.amplitudes.com\/blog-backend\/author\/audrey\/"}]}},"_links":{"self":[{"href":"https:\/\/www.amplitudes.com\/blog-backend\/wp-json\/wp\/v2\/posts\/12295"}],"collection":[{"href":"https:\/\/www.amplitudes.com\/blog-backend\/wp-json\/wp\/v2\/posts"}],"about":[{"href":"https:\/\/www.amplitudes.com\/blog-backend\/wp-json\/wp\/v2\/types\/post"}],"author":[{"embeddable":true,"href":"https:\/\/www.amplitudes.com\/blog-backend\/wp-json\/wp\/v2\/users\/2"}],"replies":[{"embeddable":true,"href":"https:\/\/www.amplitudes.com\/blog-backend\/wp-json\/wp\/v2\/comments?post=12295"}],"version-history":[{"count":36,"href":"https:\/\/www.amplitudes.com\/blog-backend\/wp-json\/wp\/v2\/posts\/12295\/revisions"}],"predecessor-version":[{"id":19289,"href":"https:\/\/www.amplitudes.com\/blog-backend\/wp-json\/wp\/v2\/posts\/12295\/revisions\/19289"}],"wp:featuredmedia":[{"embeddable":true,"href":"https:\/\/www.amplitudes.com\/blog-backend\/wp-json\/wp\/v2\/media\/12297"}],"wp:attachment":[{"href":"https:\/\/www.amplitudes.com\/blog-backend\/wp-json\/wp\/v2\/media?parent=12295"}],"wp:term":[{"taxonomy":"category","embeddable":true,"href":"https:\/\/www.amplitudes.com\/blog-backend\/wp-json\/wp\/v2\/categories?post=12295"},{"taxonomy":"post_tag","embeddable":true,"href":"https:\/\/www.amplitudes.com\/blog-backend\/wp-json\/wp\/v2\/tags?post=12295"}],"curies":[{"name":"wp","href":"https:\/\/api.w.org\/{rel}","templated":true}]}}