{"id":12969,"date":"2023-05-05T13:36:33","date_gmt":"2023-05-05T12:36:33","guid":{"rendered":"https:\/\/www.amplitudes.com\/blog-backend\/?p=12969"},"modified":"2025-10-08T15:12:32","modified_gmt":"2025-10-08T14:12:32","slug":"ou-voir-des-baleines-nos-destinations-fetiches","status":"publish","type":"post","link":"https:\/\/www.amplitudes.com\/blog-backend\/ou-voir-des-baleines-nos-destinations-fetiches\/","title":{"rendered":"O\u00f9 voir des baleines\u00a0? \u00a0Nos destinations f\u00e9tiches"},"content":{"rendered":"\n<p><strong>DOSSIER DU MOIS #Mai 2023&nbsp;: Tout feu, tout poil, tout autour du monde&nbsp;!<\/strong> Alors que les flots vous entourent, qu\u2019ils se confondent avec le ciel, un <strong>geyser<\/strong> perce la surface jusque-l\u00e0 tranquille. Enfin&nbsp;! Le spectacle que vous esp\u00e9riez commence, le rideau aquatique se l\u00e8ve, pour vous laisser apercevoir d\u2019abord <strong>un dos<\/strong>, discret entre les remous bleus. Le calme revient avant que n&rsquo;\u00e9merge de l\u2019eau dans des jaillissements d\u2019\u00e9cume une <strong>formidable queue blanche<\/strong>&nbsp;! Mais o\u00f9 se d\u00e9roule cette <strong>sc\u00e8ne formidable<\/strong>&nbsp;? O\u00f9 rencontrer ces <strong>majestueuses cr\u00e9atures<\/strong>&nbsp;? <strong>O\u00f9 voir des baleines&nbsp;?<\/strong> Nos sp\u00e9cialistes vous ouvrent la voie pour d\u00e9couvrir o\u00f9 et quand les observer\u2026<\/p>\n\n\n\n<p><a href=\"https:\/\/www.amplitudes.com\/voyage-animaux\/agence-de-voyage-sur-mesure\/circuit-animaux\/sejour-animaux.html?utm_source=blog&amp;utm_medium=ou_voir_des_baleines&nbsp;?_&nbsp;nos_destinations_fetiches&amp;utm_campaign=blog_ou_voir_des_baleines&nbsp;?_&nbsp;nos_destinations_fetiches&amp;utm_content=Tous_nos_voyages_animaliers\" target=\"_blank\" rel=\"noreferrer noopener\">Tous nos voyages animaliers<\/a><\/p>\n\n\n\n<h2 class=\"wp-block-heading\" id=\"le-canada-evasion-grandeur-nature\"><strong>Le Canada, \u00e9vasion grandeur nature<\/strong><\/h2>\n\n\n\n<figure class=\"wp-block-image size-full\"><img decoding=\"async\" width=\"1110\" height=\"721\" src=\"https:\/\/www.amplitudes.com\/blog-backend\/wp-content\/uploads\/2023\/05\/Article-baleine_1.jpg\" alt=\"Circuit chauffeur-guide au Canada - Terrasse du Clayoquot Wilderness Resort - Amplitudes\" class=\"wp-image-12970\" srcset=\"https:\/\/www.amplitudes.com\/blog-backend\/wp-content\/uploads\/2023\/05\/Article-baleine_1.jpg 1110w, https:\/\/www.amplitudes.com\/blog-backend\/wp-content\/uploads\/2023\/05\/Article-baleine_1-300x195.jpg 300w, https:\/\/www.amplitudes.com\/blog-backend\/wp-content\/uploads\/2023\/05\/Article-baleine_1-781x507.jpg 781w\" sizes=\"(max-width: 1110px) 100vw, 1110px\" \/><figcaption class=\"wp-element-caption\">Le faste sauvage du Canada<\/figcaption><\/figure>\n\n\n\n<p>Nos amies c\u00e9tac\u00e9s sont visibles dans bien des endroits du <strong>Canada<\/strong>. Pour nos <a href=\"https:\/\/www.amplitudes.com\/voyage-quebec\/circuit-quebec\/sejour-quebec\/quebec.html\">sp\u00e9cialistes Qu\u00e9bec<\/a>, un <a href=\"https:\/\/www.amplitudes.com\/voyage-tadoussac\/circuit-tadoussac\/sejour-tadoussac\/tadoussac.html\">crochet par la petite ville de Tadoussac<\/a> est un incontournable, tout comme <a href=\"https:\/\/www.amplitudes.com\/voyage-gaspesie\/circuit-gaspesie\/sejour-gaspesie\/gaspesie.html\">via la Gasp\u00e9sie<\/a>, mais nulle part ailleurs que dans l\u2019ouest vous ne trouverez aussi fabuleux que le <strong>Clayoquot Wilderness Resort<\/strong>. Vous l\u2019atteignez en <strong>hydravion<\/strong> pour passer <strong>deux jours entiers dans le plus grand des luxes<\/strong>, au c\u0153ur d\u2019une nature pr\u00e9serv\u00e9e. S\u2019y m\u00ealent <strong>for\u00eat dense<\/strong>, fourmillante de vie, <strong>les eaux les plus pures<\/strong> que vous ayez jamais vu, tout cela surplomb\u00e9 par de <strong>royales montagnes<\/strong>. Enrichissez votre <a href=\"https:\/\/www.amplitudes.com\/voyage-ouest-canadien\/circuit-ouest-canadien\/sejour-ouest-canadien\/ouest-canadien.html\">voyage dans l&rsquo;ouest Canadien<\/a> gr\u00e2ce \u00e0 l\u2019exp\u00e9rience <strong>Sights of the Sound<\/strong>, \u00e0 bord d\u2019un zodiac sur l\u2019oc\u00e9an. Longez alors les rivages bruts de cette <a href=\"https:\/\/www.amplitudes.com\/voyage-colombie-britannique\/circuit-colombie-britannique\/sejour-colombie-britannique\/colombie-britannique.html\">r\u00e9gion unique de la Colombie-Britannique<\/a> pour apercevoir les <strong>ours noirs<\/strong>, <strong>lions de mer<\/strong> et bien \u00e9videmment, <strong>les baleines.<\/strong><\/p>\n\n\n\n<blockquote class=\"wp-block-quote\">\n<p><strong>O\u00f9 et quand voir les baleines\u00a0au Canada : <\/strong>De mars \u00e0 octobre, les eaux du pays accueillent la migration des douces g\u00e9antes des mers. C\u2019est \u00e0 la mi-juillet qu&rsquo;il faut <a href=\"https:\/\/www.amplitudes.com\/voyage-canada\/circuit-canada\/sejour-canada\/canada\/voyage-baleine.html\">partir au Canada voir des baleines<\/a> car elles sont alors les plus nombreuses dans ces ond\u00e9es foisonnantes de nourriture.<\/p>\n<\/blockquote>\n\n\n\n<h2 class=\"wp-block-heading\" id=\"en-polynesie-francaise-les-baleines-sont-chez-elles\"><strong>En Polyn\u00e9sie Fran\u00e7aise, les baleines sont chez elles&nbsp;!<\/strong><\/h2>\n\n\n\n<figure class=\"wp-block-image size-full\"><img decoding=\"async\" width=\"1110\" height=\"721\" src=\"https:\/\/www.amplitudes.com\/blog-backend\/wp-content\/uploads\/2023\/05\/Article-baleine_2.jpg\" alt=\"S\u00e9jour baln\u00e9aire en Polyn\u00e9sie Fran\u00e7aise- L'impressionnant saut d'une baleine \u00e0 bosses - Amplitudes\" class=\"wp-image-12971\" srcset=\"https:\/\/www.amplitudes.com\/blog-backend\/wp-content\/uploads\/2023\/05\/Article-baleine_2.jpg 1110w, https:\/\/www.amplitudes.com\/blog-backend\/wp-content\/uploads\/2023\/05\/Article-baleine_2-300x195.jpg 300w, https:\/\/www.amplitudes.com\/blog-backend\/wp-content\/uploads\/2023\/05\/Article-baleine_2-781x507.jpg 781w\" sizes=\"(max-width: 1110px) 100vw, 1110px\" \/><figcaption class=\"wp-element-caption\">Voltige titanesque<\/figcaption><\/figure>\n\n\n\n<p><strong>Moorea<\/strong>, l\u2019\u00eele s\u0153ur de Tahiti, en <strong>totale libert\u00e9 pendant 5 jours<\/strong>\u2026 En voil\u00e0 une parfaite occasion de ne retrouver la terre ferme que pour dormir dans votre bel h\u00f4tel. Dans les <strong>baies de Cook et d\u2019Opunohu<\/strong>, la vie sous-marine est un spectacle \u00e9poustouflant. <strong>Requins<\/strong>,<strong> dauphins<\/strong>,<strong> baleines <\/strong>et<strong> tortues<\/strong> sont les plus impressionnants h\u00f4tes de vos s\u00e9ances de plong\u00e9e ou snorkeling dans les jardins coralliens multicolores. La <a href=\"https:\/\/www.amplitudes.com\/voyage-polynesie-francaise\/circuit-polynesie-francaise\/sejour-polynesie-francaise\/polynesie-francaise.html??utm_source=blog&amp;utm_medium=ou_voir_des_baleines_nos_destinations_fetiches&amp;utm_campaign=blog_ou_voir_des_baleines_nos_destinations_fetiches&amp;utm_content=Polynesie_Francaise\" target=\"_blank\" rel=\"noreferrer noopener\">Polyn\u00e9sie Fran\u00e7aise<\/a> est un sanctuaire pour les <strong>baleines \u00e0 bosses<\/strong>. Tranquilles forces de la nature, elles vous attendent pour leurs spectaculaires parades nuptiales. Les sauts qu\u2019elles effectuent peuvent s\u2019\u00e9lever jusqu\u2019\u00e0 <strong>5 m de haut<\/strong>&nbsp;! &nbsp;<\/p>\n\n\n\n<blockquote class=\"wp-block-quote\">\n<p><strong>O\u00f9 et quand observer les baleines en Polyn\u00e9sie Fran\u00e7aise&nbsp;: <\/strong>De<em> <\/em>juillet \u00e0 novembre, profitez d\u2019une rencontre tout \u00e0 fait privil\u00e9gi\u00e9e avec les baleines \u00e0 bosses. Moorea est l\u2019une des seules destinations o\u00f9 nager \u00e0 leurs c\u00f4t\u00e9s est autoris\u00e9. Les eaux polyn\u00e9siennes sont id\u00e9ales pour les rencontres amoureuses et les naissances de ces magnifiques cr\u00e9atures. Peut-\u00eatre pourrez-vous admirer l\u2019\u00e9mouvante sc\u00e8ne d\u2019une maman et de son baleineau\u2026<\/p>\n<\/blockquote>\n\n\n\n<p><a href=\"https:\/\/www.amplitudes.com\/voyage\/voyage-polynesie-francaise\/circuit-polynesie-francaise\/sejour-polynesie-francaise\/croisiere-perles-du-pacifique.html?utm_source=blog&amp;utm_medium=ou_voir_des_baleines_nos_destinations_fetiches&amp;utm_campaign=blog_ou_voir_des_baleines_nos_destinations_fetiches&amp;utm_content=Decouvrez_Moorea_la_perle_du_Pacifique\" target=\"_blank\" rel=\"noreferrer noopener\">D\u00e9couvrez Moorea, la perle du Pacifique<\/a><\/p>\n\n\n\n<h2 class=\"wp-block-heading\" id=\"la-colombie-notre-spot-secret-ou-voir-des-baleines\"><strong>La Colombie, notre spot secret o\u00f9 voir des baleines<\/strong><\/h2>\n\n\n\n<figure class=\"wp-block-image size-full\"><img decoding=\"async\" width=\"1110\" height=\"721\" src=\"https:\/\/www.amplitudes.com\/blog-backend\/wp-content\/uploads\/2023\/05\/Article-baleine_3.jpeg\" alt=\"Autotour en Colombie - La plage de l'Almejal \u00e0 Bahia Solano - Amplitudes\" class=\"wp-image-12972\" srcset=\"https:\/\/www.amplitudes.com\/blog-backend\/wp-content\/uploads\/2023\/05\/Article-baleine_3.jpeg 1110w, https:\/\/www.amplitudes.com\/blog-backend\/wp-content\/uploads\/2023\/05\/Article-baleine_3-300x195.jpeg 300w, https:\/\/www.amplitudes.com\/blog-backend\/wp-content\/uploads\/2023\/05\/Article-baleine_3-781x507.jpeg 781w\" sizes=\"(max-width: 1110px) 100vw, 1110px\" \/><figcaption class=\"wp-element-caption\">Un havre confidentiel au doux chant d&rsquo;oc\u00e9an<\/figcaption><\/figure>\n\n\n\n<p><strong>Parenth\u00e8se baln\u00e9aire<\/strong> pendant <strong>votre voyage hors des sentiers battus<\/strong> \u00e0 travers la <a href=\"https:\/\/www.amplitudes.com\/voyage-colombie\/circuit-colombie\/sejour-colombie\/colombie.html?utm_source=blog&amp;utm_medium=ou_voir_des_baleines_nos_destinations_fetiches&amp;utm_campaign=blog_ou_voir_des_baleines_nos_destinations_fetiches&amp;utm_content=Colombie\" target=\"_blank\" rel=\"noreferrer noopener\">Colombie<\/a>, <strong>Bahia Solano<\/strong> est comme un \u00e9den sur Terre. Une <strong>r\u00e9serve naturelle exceptionnelle<\/strong> o\u00f9 votre <strong>bungalow \u00e9coresponsable <\/strong>est venu se nicher tel un toucan entre les branches d\u2019un pal\u00e9tuvier&#8230; Destination encore confidentielle, <strong>accessible seulement par petit avion<\/strong>, cette jungle est un paradis pour les amoureux de la nature, lass\u00e9s des randonn\u00e9es trop bien balis\u00e9es. Nous vous assurons les <strong>rencontres les plus magiques<\/strong> avec les baleines venant mettre bas dans ces eaux peu profondes. Ici, tout est simple et les habitants ont cette chaleur humaine toute colombienne. <\/p>\n\n\n\n<blockquote class=\"wp-block-quote\">\n<p><strong>O\u00f9 et quand voir les baleines&nbsp;en Colombie :<\/strong> De fin juin \u00e0 la mi-octobre, les baleines \u00e0 bosses rejoignent les eaux ti\u00e8des de la c\u00f4te Pacifique colombienne pour la saison des amours. Une occasion unique d\u2019entendre leur s\u00e9r\u00e9nade r\u00e9sonner contre la coque de votre navire.<\/p>\n<\/blockquote>\n\n\n\n<p><a href=\"https:\/\/www.amplitudes.com\/voyage\/voyage-colombie\/circuit-colombie\/sejour-colombie\/objectif-loin-des-cliches-.html?utm_source=blog&amp;utm_medium=ou_voir_des_baleines_nos_destinations_fetiches&amp;utm_campaign=blog_ou_voir_des_baleines_nos_destinations_fetiches&amp;utm_content=Envolez_vous_pour_un_voyage_loin_des_cliches_en_Colombie\" target=\"_blank\" rel=\"noreferrer noopener\">Envolez-vous pour un voyage loin des clich\u00e9s en Colombie<\/a><\/p>\n\n\n\n<h2 class=\"wp-block-heading\" id=\"l-afrique-du-sud-l-oasis-ou-voir-des-baleines\"><strong>L\u2019Afrique du Sud, l\u2019oasis o\u00f9 voir des baleines<\/strong><\/h2>\n\n\n\n<figure class=\"wp-block-image size-full\"><img decoding=\"async\" width=\"1110\" height=\"721\" src=\"https:\/\/www.amplitudes.com\/blog-backend\/wp-content\/uploads\/2023\/05\/Article-baleine_4.jpg\" alt=\"Autotour Afrique du Sud - O\u00f9 voir les baleines de Walker Bay - Amplitudes\" class=\"wp-image-12973\" srcset=\"https:\/\/www.amplitudes.com\/blog-backend\/wp-content\/uploads\/2023\/05\/Article-baleine_4.jpg 1110w, https:\/\/www.amplitudes.com\/blog-backend\/wp-content\/uploads\/2023\/05\/Article-baleine_4-300x195.jpg 300w, https:\/\/www.amplitudes.com\/blog-backend\/wp-content\/uploads\/2023\/05\/Article-baleine_4-781x507.jpg 781w\" sizes=\"(max-width: 1110px) 100vw, 1110px\" \/><figcaption class=\"wp-element-caption\">Gr\u00e2ce et puissance si proche&#8230;<\/figcaption><\/figure>\n\n\n\n<p>\u00c0 quelques kilom\u00e8tres de <strong>Cape Town<\/strong> se trouve le <strong>petit village de p\u00eacheurs d\u2019Hermanus<\/strong>. Les passionn\u00e9s d\u2019observation animali\u00e8re hocheront la t\u00eate d\u2019un air entendu. En effet, il s\u2019agit l\u00e0 de l\u2019un des <strong>meilleurs spots au monde<\/strong> pour apercevoir les g\u00e9antes des mers depuis le rivage&nbsp;! Les eaux basses et ti\u00e8des de la <strong>Walker Bay<\/strong> sont une autre <strong>pouponni\u00e8re de choix pour les baleines \u00e0 bosses<\/strong>. Cependant, d\u2019autres esp\u00e8ces &#8211; comme le <strong>rorqual de Bryde<\/strong> &#8211; y ont eux une <strong>r\u00e9sidence permanente<\/strong>. Cette escale est le point de d\u00e9part id\u00e9al de votre <strong>d\u00e9couverte de la faune <a href=\"https:\/\/www.amplitudes.com\/voyage-afrique-du-sud\/circuit-afrique-du-sud\/sejour-afrique-du-sud\/afrique-du-sud.html?utm_source=blog&amp;utm_medium=ou_voir_des_baleines_nos_destinations_fetiches&amp;utm_campaign=blog_ou_voir_des_baleines_nos_destinations_fetiches&amp;utm_content=sud_africaine\" target=\"_blank\" rel=\"noreferrer noopener\">sud-africaine<\/a><\/strong> depuis ses c\u00f4tes jusqu\u2019\u00e0 sa capitale en passant par les r\u00e9serves naturelles incontournables du pays.<\/p>\n\n\n\n<blockquote class=\"wp-block-quote\">\n<p><strong>O\u00f9 et quand observer les baleines&nbsp;en Afrique du Sud :<\/strong> De juin \u00e0 novembre, les baleines \u00e0 bosses viennent donner naissance dans les eaux sud-africaines. Quant aux rorquals, n\u2019\u00e9tant pas une esp\u00e8ce migratoire, ils sont visibles toute l\u2019ann\u00e9e.&nbsp;&nbsp;<\/p>\n<\/blockquote>\n\n\n\n<p><a href=\"https:\/\/www.amplitudes.com\/voyage\/voyage-afrique-du-sud\/circuit-afrique-du-sud\/sejour-afrique-du-sud\/panorama-sud-africain.html?utm_source=blog&amp;utm_medium=ou_voir_des_baleines_nos_destinations_fetiches&amp;utm_campaign=blog_ou_voir_des_baleines_nos_destinations_fetiches&amp;utm_content=Les_safaris_en_Afrique_du_Sud_commencent_des_le_rivage\" target=\"_blank\" rel=\"noreferrer noopener\">Les safaris en Afrique du Sud commencent d\u00e8s le rivage<\/a><\/p>\n\n\n\n<h2 class=\"wp-block-heading\" id=\"la-norvege-aventure-sur-les-eaux-nordiques\"><strong>La Norv\u00e8ge, aventure sur les eaux nordiques<\/strong><\/h2>\n\n\n\n<figure class=\"wp-block-image size-full\"><img decoding=\"async\" width=\"1110\" height=\"721\" src=\"https:\/\/www.amplitudes.com\/blog-backend\/wp-content\/uploads\/2023\/05\/Article-baleine_5.jpg\" alt=\"Croisi\u00e8re en Norv\u00e8ge - Village dans les \u00eeles Lofoten o\u00f9 voir des baleines - Amplitudes\" class=\"wp-image-12974\" srcset=\"https:\/\/www.amplitudes.com\/blog-backend\/wp-content\/uploads\/2023\/05\/Article-baleine_5.jpg 1110w, https:\/\/www.amplitudes.com\/blog-backend\/wp-content\/uploads\/2023\/05\/Article-baleine_5-300x195.jpg 300w, https:\/\/www.amplitudes.com\/blog-backend\/wp-content\/uploads\/2023\/05\/Article-baleine_5-781x507.jpg 781w\" sizes=\"(max-width: 1110px) 100vw, 1110px\" \/><figcaption class=\"wp-element-caption\">Des flots aux rivages, la Norv\u00e8ge est apaisante<\/figcaption><\/figure>\n\n\n\n<p>Suivez <strong>le chemin des baleines \u00e0 bosses<\/strong> jusqu\u2019aux <strong>fjords<\/strong> de <a href=\"https:\/\/www.amplitudes.com\/voyage-norvege\/circuit-norvege\/sejour-norvege\/norvege.html?utm_source=blog&amp;utm_medium=ou_voir_des_baleines_nos_destinations_fetiches&amp;utm_campaign=blog_ou_voir_des_baleines_nos_destinations_fetiches&amp;utm_content=Norvege\" target=\"_blank\" rel=\"noreferrer noopener\">Norv\u00e8ge<\/a>. Durant cette croisi\u00e8re tout au long du littoral nordique, abordez entre autres les <strong>\u00eeles Lofoten <\/strong>aux charmantes maisonnettes de bois vermillon. Les <strong>orques<\/strong> se joignent \u00e0 leurs cousines les baleines. <strong>Ailerons et geysers<\/strong> \u00e9mergent de l\u2019eau alors que l\u2019air septentrional rosit vos joues. Avec ses paysages extr\u00eames en d\u00e9cor d\u2019un <strong>ballet titanesque<\/strong>, <strong>cette croisi\u00e8re est un \u00e9merveillement<\/strong> de chaque instant. Les bateaux d\u2019exploration sont \u00e9quip\u00e9s <strong>d\u2019hydrophones<\/strong> afin de vous laisser entendre, depuis les <strong>salons d\u2019observations panoramiques<\/strong>, les <strong>hypnotisants chants<\/strong> des pacifiques habitants des profondeurs. &nbsp;<\/p>\n\n\n\n<blockquote class=\"wp-block-quote\">\n<p><strong>O\u00f9 et quand voir les baleines en Norv\u00e8ge&nbsp;:<\/strong> De d\u00e9but juillet \u00e0 octobre, de nombreuses exp\u00e9ditions partent notamment de la ville de Tromso pour suivre les baleines dans leurs parties de chasse au hareng. <\/p>\n<\/blockquote>\n\n\n\n<p><a href=\"https:\/\/www.amplitudes.com\/voyage\/europe\/norvege\/voyage-de-decouverte-nature\/a-bord-de-lexpress-cotier.html?utm_source=blog&amp;utm_medium=ou_voir_des_baleines_nos_destinations_fetiches&amp;utm_campaign=blog_ou_voir_des_baleines_nos_destinations_fetiches&amp;utm_content=Glissez_en_compagnie_des_baleines_dans_une_croisiere_en_Norvege\" target=\"_blank\" rel=\"noreferrer noopener\">Glissez en compagnie des baleines dans une croisi\u00e8re en Norv\u00e8ge<\/a><\/p>\n\n\n\n<h3 class=\"wp-block-heading has-text-align-center\" id=\"vous-savez-a-present-ou-voir-des-baleines-nos-experts-vous-attendent-pour-connaitre-votre-destination-preferee\"><strong>Vous savez \u00e0 pr\u00e9sent o\u00f9 voir des baleines, <a href=\"https:\/\/www.amplitudes.com\/agence-de-voyages\/toulouse\/paris\/demande-devis-sur-mesure.html?utm_source=blog&amp;utm_medium=ou_voir_des_baleines_nos_destinations_fetiches&amp;utm_campaign=blog_ou_voir_des_baleines_nos_destinations_fetiches&amp;utm_content=nos_experts_vous_attendent\" target=\"_blank\" rel=\"noreferrer noopener\">nos experts vous attendent<\/a> pour conna\u00eetre votre destination pr\u00e9f\u00e9r\u00e9e&nbsp;!<\/strong><\/h3>\n","protected":false},"excerpt":{"rendered":"<p>DOSSIER DU MOIS #Mai 2023&nbsp;: Tout feu, tout poil, tout autour du monde&nbsp;! Alors que les flots vous entourent, qu\u2019ils se confondent avec le ciel, un geyser perce la surface jusque-l\u00e0 tranquille. Enfin&nbsp;! Le spectacle que vous esp\u00e9riez commence, le rideau aquatique se l\u00e8ve, pour vous laisser apercevoir d\u2019abord un dos, discret entre les remous [&hellip;]<\/p>\n","protected":false},"author":2,"featured_media":12975,"comment_status":"open","ping_status":"open","sticky":false,"template":"","format":"standard","meta":{"footnotes":""},"categories":[169],"tags":[212,214,210,205,202],"yoast_head":"<!-- This site is optimized with the Yoast SEO plugin v22.1 - https:\/\/yoast.com\/wordpress\/plugins\/seo\/ -->\n<title>O\u00f9 voir des baleines\u00a0? \u00a0Nos destinations f\u00e9tiches - Amplitudes<\/title>\n<meta name=\"description\" content=\"Quelles sont les plus belles destinations o\u00f9 voir des baleines ? Nos experts vous guident pour cocher une ligne de votre bucket list.\" \/>\n<meta name=\"robots\" content=\"index, follow, max-snippet:-1, max-image-preview:large, max-video-preview:-1\" \/>\n<link rel=\"canonical\" href=\"https:\/\/www.amplitudes.com\/blog-backend\/ou-voir-des-baleines-nos-destinations-fetiches\/\" \/>\n<meta property=\"og:locale\" content=\"fr_FR\" \/>\n<meta property=\"og:type\" content=\"article\" \/>\n<meta property=\"og:title\" content=\"O\u00f9 voir des baleines\u00a0? \u00a0Nos destinations f\u00e9tiches - Amplitudes\" \/>\n<meta property=\"og:description\" content=\"Quelles sont les plus belles destinations o\u00f9 voir des baleines ? Nos experts vous guident pour cocher une ligne de votre bucket list.\" \/>\n<meta property=\"og:url\" content=\"https:\/\/www.amplitudes.com\/blog-backend\/ou-voir-des-baleines-nos-destinations-fetiches\/\" \/>\n<meta property=\"og:site_name\" content=\"Blog de l&#039;agence de voyage sur-mesure Amplitudes\" \/>\n<meta property=\"article:publisher\" content=\"http:\/\/facebook.com\/amplitudes.devoyages\/\" \/>\n<meta property=\"article:published_time\" content=\"2023-05-05T12:36:33+00:00\" \/>\n<meta property=\"article:modified_time\" content=\"2025-10-08T14:12:32+00:00\" \/>\n<meta property=\"og:image\" content=\"https:\/\/www.amplitudes.com\/blog-backend\/wp-content\/uploads\/2023\/05\/Article-baleine_pano.jpg\" \/>\n\t<meta property=\"og:image:width\" content=\"1110\" \/>\n\t<meta property=\"og:image:height\" content=\"481\" \/>\n\t<meta property=\"og:image:type\" content=\"image\/jpeg\" \/>\n<meta name=\"author\" content=\"Floriane\" \/>\n<meta name=\"twitter:card\" content=\"summary_large_image\" \/>\n<meta name=\"twitter:creator\" content=\"@AmplitudesV\" \/>\n<meta name=\"twitter:site\" content=\"@AmplitudesV\" \/>\n<meta name=\"twitter:label1\" content=\"\u00c9crit par\" \/>\n\t<meta name=\"twitter:data1\" content=\"Floriane\" \/>\n\t<meta name=\"twitter:label2\" content=\"Dur\u00e9e de lecture estim\u00e9e\" \/>\n\t<meta name=\"twitter:data2\" content=\"7 minutes\" \/>\n<script type=\"application\/ld+json\" class=\"yoast-schema-graph\">{\"@context\":\"https:\/\/schema.org\",\"@graph\":[{\"@type\":\"WebPage\",\"@id\":\"https:\/\/www.amplitudes.com\/blog-backend\/ou-voir-des-baleines-nos-destinations-fetiches\/\",\"url\":\"https:\/\/www.amplitudes.com\/blog-backend\/ou-voir-des-baleines-nos-destinations-fetiches\/\",\"name\":\"O\u00f9 voir des baleines\u00a0? \u00a0Nos destinations f\u00e9tiches - Amplitudes\",\"isPartOf\":{\"@id\":\"https:\/\/www.amplitudes.com\/blog-backend\/#website\"},\"datePublished\":\"2023-05-05T12:36:33+00:00\",\"dateModified\":\"2025-10-08T14:12:32+00:00\",\"author\":{\"@id\":\"https:\/\/www.amplitudes.com\/blog-backend\/#\/schema\/person\/1ac2058edef1f5f0f2c16e7f096a80b1\"},\"description\":\"Quelles sont les plus belles destinations o\u00f9 voir des baleines ? Nos experts vous guident pour cocher une ligne de votre bucket list.\",\"inLanguage\":\"fr-FR\",\"potentialAction\":[{\"@type\":\"ReadAction\",\"target\":[\"https:\/\/www.amplitudes.com\/blog-backend\/ou-voir-des-baleines-nos-destinations-fetiches\/\"]}]},{\"@type\":\"WebSite\",\"@id\":\"https:\/\/www.amplitudes.com\/blog-backend\/#website\",\"url\":\"https:\/\/www.amplitudes.com\/blog-backend\/\",\"name\":\"Blog de l&#039;agence de voyage sur-mesure Amplitudes\",\"description\":\"\",\"potentialAction\":[{\"@type\":\"SearchAction\",\"target\":{\"@type\":\"EntryPoint\",\"urlTemplate\":\"https:\/\/www.amplitudes.com\/blog-backend\/?s={search_term_string}\"},\"query-input\":\"required name=search_term_string\"}],\"inLanguage\":\"fr-FR\"},{\"@type\":\"Person\",\"@id\":\"https:\/\/www.amplitudes.com\/blog-backend\/#\/schema\/person\/1ac2058edef1f5f0f2c16e7f096a80b1\",\"name\":\"Floriane\",\"image\":{\"@type\":\"ImageObject\",\"inLanguage\":\"fr-FR\",\"@id\":\"https:\/\/www.amplitudes.com\/blog-backend\/#\/schema\/person\/image\/\",\"url\":\"https:\/\/secure.gravatar.com\/avatar\/f3f77af3dabd00f62e61c417047e08f6?s=96&d=mm&r=g\",\"contentUrl\":\"https:\/\/secure.gravatar.com\/avatar\/f3f77af3dabd00f62e61c417047e08f6?s=96&d=mm&r=g\",\"caption\":\"Floriane\"},\"url\":\"https:\/\/www.amplitudes.com\/blog-backend\/author\/audrey\/\"}]}<\/script>\n<!-- \/ Yoast SEO plugin. -->","yoast_head_json":{"title":"O\u00f9 voir des baleines\u00a0? \u00a0Nos destinations f\u00e9tiches - Amplitudes","description":"Quelles sont les plus belles destinations o\u00f9 voir des baleines ? Nos experts vous guident pour cocher une ligne de votre bucket list.","robots":{"index":"index","follow":"follow","max-snippet":"max-snippet:-1","max-image-preview":"max-image-preview:large","max-video-preview":"max-video-preview:-1"},"canonical":"https:\/\/www.amplitudes.com\/blog-backend\/ou-voir-des-baleines-nos-destinations-fetiches\/","og_locale":"fr_FR","og_type":"article","og_title":"O\u00f9 voir des baleines\u00a0? \u00a0Nos destinations f\u00e9tiches - Amplitudes","og_description":"Quelles sont les plus belles destinations o\u00f9 voir des baleines ? Nos experts vous guident pour cocher une ligne de votre bucket list.","og_url":"https:\/\/www.amplitudes.com\/blog-backend\/ou-voir-des-baleines-nos-destinations-fetiches\/","og_site_name":"Blog de l&#039;agence de voyage sur-mesure Amplitudes","article_publisher":"http:\/\/facebook.com\/amplitudes.devoyages\/","article_published_time":"2023-05-05T12:36:33+00:00","article_modified_time":"2025-10-08T14:12:32+00:00","og_image":[{"width":1110,"height":481,"url":"https:\/\/www.amplitudes.com\/blog-backend\/wp-content\/uploads\/2023\/05\/Article-baleine_pano.jpg","type":"image\/jpeg"}],"author":"Floriane","twitter_card":"summary_large_image","twitter_creator":"@AmplitudesV","twitter_site":"@AmplitudesV","twitter_misc":{"\u00c9crit par":"Floriane","Dur\u00e9e de lecture estim\u00e9e":"7 minutes"},"schema":{"@context":"https:\/\/schema.org","@graph":[{"@type":"WebPage","@id":"https:\/\/www.amplitudes.com\/blog-backend\/ou-voir-des-baleines-nos-destinations-fetiches\/","url":"https:\/\/www.amplitudes.com\/blog-backend\/ou-voir-des-baleines-nos-destinations-fetiches\/","name":"O\u00f9 voir des baleines\u00a0? \u00a0Nos destinations f\u00e9tiches - Amplitudes","isPartOf":{"@id":"https:\/\/www.amplitudes.com\/blog-backend\/#website"},"datePublished":"2023-05-05T12:36:33+00:00","dateModified":"2025-10-08T14:12:32+00:00","author":{"@id":"https:\/\/www.amplitudes.com\/blog-backend\/#\/schema\/person\/1ac2058edef1f5f0f2c16e7f096a80b1"},"description":"Quelles sont les plus belles destinations o\u00f9 voir des baleines ? Nos experts vous guident pour cocher une ligne de votre bucket list.","inLanguage":"fr-FR","potentialAction":[{"@type":"ReadAction","target":["https:\/\/www.amplitudes.com\/blog-backend\/ou-voir-des-baleines-nos-destinations-fetiches\/"]}]},{"@type":"WebSite","@id":"https:\/\/www.amplitudes.com\/blog-backend\/#website","url":"https:\/\/www.amplitudes.com\/blog-backend\/","name":"Blog de l&#039;agence de voyage sur-mesure Amplitudes","description":"","potentialAction":[{"@type":"SearchAction","target":{"@type":"EntryPoint","urlTemplate":"https:\/\/www.amplitudes.com\/blog-backend\/?s={search_term_string}"},"query-input":"required name=search_term_string"}],"inLanguage":"fr-FR"},{"@type":"Person","@id":"https:\/\/www.amplitudes.com\/blog-backend\/#\/schema\/person\/1ac2058edef1f5f0f2c16e7f096a80b1","name":"Floriane","image":{"@type":"ImageObject","inLanguage":"fr-FR","@id":"https:\/\/www.amplitudes.com\/blog-backend\/#\/schema\/person\/image\/","url":"https:\/\/secure.gravatar.com\/avatar\/f3f77af3dabd00f62e61c417047e08f6?s=96&d=mm&r=g","contentUrl":"https:\/\/secure.gravatar.com\/avatar\/f3f77af3dabd00f62e61c417047e08f6?s=96&d=mm&r=g","caption":"Floriane"},"url":"https:\/\/www.amplitudes.com\/blog-backend\/author\/audrey\/"}]}},"_links":{"self":[{"href":"https:\/\/www.amplitudes.com\/blog-backend\/wp-json\/wp\/v2\/posts\/12969"}],"collection":[{"href":"https:\/\/www.amplitudes.com\/blog-backend\/wp-json\/wp\/v2\/posts"}],"about":[{"href":"https:\/\/www.amplitudes.com\/blog-backend\/wp-json\/wp\/v2\/types\/post"}],"author":[{"embeddable":true,"href":"https:\/\/www.amplitudes.com\/blog-backend\/wp-json\/wp\/v2\/users\/2"}],"replies":[{"embeddable":true,"href":"https:\/\/www.amplitudes.com\/blog-backend\/wp-json\/wp\/v2\/comments?post=12969"}],"version-history":[{"count":16,"href":"https:\/\/www.amplitudes.com\/blog-backend\/wp-json\/wp\/v2\/posts\/12969\/revisions"}],"predecessor-version":[{"id":18062,"href":"https:\/\/www.amplitudes.com\/blog-backend\/wp-json\/wp\/v2\/posts\/12969\/revisions\/18062"}],"wp:featuredmedia":[{"embeddable":true,"href":"https:\/\/www.amplitudes.com\/blog-backend\/wp-json\/wp\/v2\/media\/12975"}],"wp:attachment":[{"href":"https:\/\/www.amplitudes.com\/blog-backend\/wp-json\/wp\/v2\/media?parent=12969"}],"wp:term":[{"taxonomy":"category","embeddable":true,"href":"https:\/\/www.amplitudes.com\/blog-backend\/wp-json\/wp\/v2\/categories?post=12969"},{"taxonomy":"post_tag","embeddable":true,"href":"https:\/\/www.amplitudes.com\/blog-backend\/wp-json\/wp\/v2\/tags?post=12969"}],"curies":[{"name":"wp","href":"https:\/\/api.w.org\/{rel}","templated":true}]}}