{"id":16312,"date":"2024-12-27T13:28:21","date_gmt":"2024-12-27T12:28:21","guid":{"rendered":"https:\/\/www.amplitudes.com\/blog-backend\/?p=16312"},"modified":"2024-12-27T13:32:02","modified_gmt":"2024-12-27T12:32:02","slug":"retro-2024-les-plus-belles-photos-du-monde","status":"publish","type":"post","link":"https:\/\/www.amplitudes.com\/blog-backend\/retro-2024-les-plus-belles-photos-du-monde\/","title":{"rendered":"R\u00e9tro 2024 : Les plus belles photos du monde"},"content":{"rendered":"\n<p>Encore une sublime ann\u00e9e de voyages, en images, sur <a href=\"https:\/\/www.instagram.com\/amplitudes\/\">notre compte Instagram Amplitudes<\/a>. <strong>Retour sur les plus belles photos ayant su faire vibrer notre esth\u00e8te communaut\u00e9 en 2024<\/strong>, ces d\u00e9tails du monde entier que vous avez particuli\u00e8rement appr\u00e9ci\u00e9s. Une collection mettant \u00e0 l&rsquo;honneur la biodiversit\u00e9 des fonds marins seychellois comme les plages sauvages du Cap\u2026 Des <strong>contr\u00e9es <\/strong>que nos<strong> cr\u00e9ateurs d&rsquo;itin\u00e9rances et s\u00e9jours<\/strong>, en artisans contemporains d&rsquo;\u00e9motions, aiment \u00e0 <strong>vous emmener explorer au-del\u00e0 des apparences, au-del\u00e0 de tout\u2026 clich\u00e9 <\/strong>! Nous vous invitons \u00e0 vous laisser porter par ce p\u00e9riple visuel qui trace, en dix images extraordinaires, un aper\u00e7u de notre art du voyage\u2026<\/p>\n\n\n\n<h2 class=\"wp-block-heading\"><strong>10 &#8211; Les Seychelles, r\u00e9veiller l&rsquo;animal marin en soi\u2026<\/strong><\/h2>\n\n\n\n<figure class=\"wp-block-image size-full\"><img decoding=\"async\" width=\"1110\" height=\"721\" src=\"https:\/\/www.amplitudes.com\/blog-backend\/wp-content\/uploads\/2024\/12\/Top-10-Seychelles-e1735300800474.jpg\" alt=\"Voyage Seychelles - photo poissons - Amplitudes\" class=\"wp-image-16314\" srcset=\"https:\/\/www.amplitudes.com\/blog-backend\/wp-content\/uploads\/2024\/12\/Top-10-Seychelles-e1735300800474.jpg 1110w, https:\/\/www.amplitudes.com\/blog-backend\/wp-content\/uploads\/2024\/12\/Top-10-Seychelles-e1735300800474-300x195.jpg 300w, https:\/\/www.amplitudes.com\/blog-backend\/wp-content\/uploads\/2024\/12\/Top-10-Seychelles-e1735300800474-781x507.jpg 781w\" sizes=\"(max-width: 1110px) 100vw, 1110px\" \/><figcaption class=\"wp-element-caption\"><em>Rencontre aquatique<\/em><\/figcaption><\/figure>\n\n\n\n<p>Dans les <strong>eaux du Parc marin de Sainte-Anne<\/strong>, les poissons-perroquets aux \u00e9cailles scintillantes et leurs comparses aux robes chamarr\u00e9es dansent sous le <strong>fond de verre de votre bateau privatif<\/strong>\u2026 Plus loin, majestueux, les napol\u00e9ons glissent avec gr\u00e2ce parmi les r\u00e9cifs coralliens. Pour une <strong>rencontre privil\u00e9gi\u00e9e <\/strong>avec ces acrobates des mers, nos cr\u00e9ateurs Seychelles recommandent les <strong>intersaisons.<\/strong> De mai \u00e0 juin et de septembre \u00e0 novembre, l&rsquo;oc\u00e9an Indien est calme et offre une visibilit\u00e9 optimale. Les rayons du soleil percent alors les flots dans un spectacle de lumi\u00e8re enchanteur. Apr\u00e8s ces moments d&rsquo;\u00e9merveillement, nos <strong>adresses h\u00f4teli\u00e8res surplombant l&rsquo;oc\u00e9an<\/strong> vous tendent les bras. Chaque r\u00e9veil face \u00e0 ce grand bleu envo\u00fbtant est une invitation \u00e0 y replonger\u2026 Quel doux projet !<\/p>\n\n\n\n<div class=\"wp-block-buttons is-content-justification-center is-layout-flex wp-container-core-buttons-layout-1 wp-block-buttons-is-layout-flex\">\n<div class=\"wp-block-button has-custom-width wp-block-button__width-75 has-custom-font-size is-style-fill\" style=\"font-size:16px\"><a class=\"wp-block-button__link wp-element-button\" href=\"https:\/\/www.amplitudes.com\/voyage-seychelles\/circuit-seychelles\/sejour-seychelles\/seychelles.html\" style=\"border-radius:0px\">D\u00c9COUVRIR NOS VOYAGES AUX SEYCHELLES<\/a><\/div>\n<\/div>\n\n\n\n<h2 class=\"wp-block-heading\"><strong>9 &#8211; Un autre monde, la Vall\u00e9e de la Lune au Chili<\/strong><\/h2>\n\n\n\n<figure class=\"wp-block-image size-full\"><img decoding=\"async\" width=\"1110\" height=\"721\" src=\"https:\/\/www.amplitudes.com\/blog-backend\/wp-content\/uploads\/2024\/12\/Top-9-Chili.jpg\" alt=\"Voyage Chili - Image Vall\u00e9e de la Lune - Amplitudes\" class=\"wp-image-16315\" srcset=\"https:\/\/www.amplitudes.com\/blog-backend\/wp-content\/uploads\/2024\/12\/Top-9-Chili.jpg 1110w, https:\/\/www.amplitudes.com\/blog-backend\/wp-content\/uploads\/2024\/12\/Top-9-Chili-300x195.jpg 300w, https:\/\/www.amplitudes.com\/blog-backend\/wp-content\/uploads\/2024\/12\/Top-9-Chili-781x507.jpg 781w\" sizes=\"(max-width: 1110px) 100vw, 1110px\" \/><figcaption class=\"wp-element-caption\"><em>L&rsquo;ailleurs, brut, pur<\/em><\/figcaption><\/figure>\n\n\n\n<p>Le silence est d&rsquo;ocre lorsque l&rsquo;on s&rsquo;enfonce dans les <strong>\u00e9tendues s\u00e9l\u00e9nites<\/strong> de ce <strong>nord chilien<\/strong> o\u00f9 la Vall\u00e9e de la Lune se d\u00e9ploie. Entre dunes de sable sculpt\u00e9es et dentelle rocheuse, la nature imprime son artisanat dans ce <strong>recoin l\u00e9gendaire du d\u00e9sert d&rsquo;Atacama<\/strong>. Sa voisine, la Vall\u00e9e de la Mort, ajoute sa touche artistique \u00e0 ce tableau d\u00e9j\u00e0 grandiose lors d&rsquo;une d\u00e9couverte \u00e0 VTT que notre <strong>service de conciergerie interne<\/strong> peut baliser dans votre <strong>itin\u00e9raire sur mesure au Chili<\/strong>. Au c\u0153ur de cet Altiplano fascinant, votre \u00e9crin de bien-\u00eatre vous attend ensuite pour une pause r\u00e9g\u00e9n\u00e9rante. Les rayons du cr\u00e9puscule colorent les reliefs des Andes d&rsquo;un nuancier ros\u00e9, promesse de nouvelles aubes de r\u00eave\u2026 Votre appareil photo devrait peu dormir !<\/p>\n\n\n\n<div class=\"wp-block-buttons is-content-justification-center is-layout-flex wp-container-core-buttons-layout-2 wp-block-buttons-is-layout-flex\">\n<div class=\"wp-block-button has-custom-width wp-block-button__width-75 has-custom-font-size is-style-fill\" style=\"font-size:16px\"><a class=\"wp-block-button__link wp-element-button\" href=\"https:\/\/www.amplitudes.com\/voyage-chili\/circuit-chili\/sejour-chili\/chili.html\" style=\"border-radius:0px\">D\u00c9COUVRIR NOS VOYAGES AU CHILI<\/a><\/div>\n<\/div>\n\n\n\n<h2 class=\"wp-block-heading\"><strong>8 &#8211; Quelle c\u00e9l\u00e8bre vision si ce n&rsquo;est la baie d&rsquo;Halong au Vietnam\u2026<\/strong><\/h2>\n\n\n\n<figure class=\"wp-block-image size-full\"><img decoding=\"async\" width=\"1110\" height=\"721\" src=\"https:\/\/www.amplitudes.com\/blog-backend\/wp-content\/uploads\/2024\/12\/Top-8-Vietnam.jpg\" alt=\"Voyage Vietnam - Clich\u00e9 baie d'Halong brouillard - Amplitudes\" class=\"wp-image-16316\" srcset=\"https:\/\/www.amplitudes.com\/blog-backend\/wp-content\/uploads\/2024\/12\/Top-8-Vietnam.jpg 1110w, https:\/\/www.amplitudes.com\/blog-backend\/wp-content\/uploads\/2024\/12\/Top-8-Vietnam-300x195.jpg 300w, https:\/\/www.amplitudes.com\/blog-backend\/wp-content\/uploads\/2024\/12\/Top-8-Vietnam-781x507.jpg 781w\" sizes=\"(max-width: 1110px) 100vw, 1110px\" \/><figcaption class=\"wp-element-caption\"><em>Brumes mystiques<\/em><\/figcaption><\/figure>\n\n\n\n<p>\u00c0 bord d&rsquo;une <strong>jonque privatis\u00e9e<\/strong> par nos cr\u00e9ateurs Vietnam, la magie fusionne avec les premiers rayons de l&rsquo;aube. Debout sur le pont sup\u00e9rieur, imaginez votre matinale s\u00e9ance de tai-chi s&rsquo;esquisser face aux pitons karstiques encore embrum\u00e9s de cette intemporelle baie d&rsquo;Halong\u2026 Entre deux criques secr\u00e8tes r\u00e9v\u00e9l\u00e9es, votre embarcation jette l&rsquo;ancre, instant baignade ou kayak \u00e0 la d\u00e9couverte de grottes s\u00e9culaires et de villages flottants pr\u00e9serv\u00e9s\u2026 Le soir venu, vous savourez un festin de fruits de mer sur le pont, le soleil embrasant les eaux c\u00e9rul\u00e9ennes. Cette <strong>parenth\u00e8se intimiste au c\u0153ur d&rsquo;un site mythique<\/strong> fait le bonheur des amoureux, comme en t\u00e9moigne la demande en mariage partag\u00e9e \u00e0 nos c\u00f4t\u00e9s par Coralie, blogueuse connue sous le pseudonyme Elles en Parlent.<\/p>\n\n\n\n<div class=\"wp-block-buttons is-content-justification-center is-layout-flex wp-container-core-buttons-layout-3 wp-block-buttons-is-layout-flex\">\n<div class=\"wp-block-button has-custom-width wp-block-button__width-75 has-custom-font-size is-style-fill\" style=\"font-size:16px\"><a class=\"wp-block-button__link wp-element-button\" href=\"https:\/\/www.amplitudes.com\/voyage-vietnam\/circuit-vietnam\/sejour-vietnam\/vietnam.html\" style=\"border-radius:0px\">D\u00c9COUVRIR NOS VOYAGES AU VIETNAM<\/a><\/div>\n<\/div>\n\n\n\n<h2 class=\"wp-block-heading\"><strong>7 &#8211; L&rsquo;Afrique du Sud, versant c\u00f4tier \u00e0 Cape Town<\/strong><\/h2>\n\n\n\n<figure class=\"wp-block-image size-full\"><img decoding=\"async\" width=\"1110\" height=\"721\" src=\"https:\/\/www.amplitudes.com\/blog-backend\/wp-content\/uploads\/2024\/12\/Top-7-Afrique-du-sud.jpg\" alt=\"Voyage Afrique du Sud - Photo Surfeur Cape Town - Amplitudes\" class=\"wp-image-16317\" srcset=\"https:\/\/www.amplitudes.com\/blog-backend\/wp-content\/uploads\/2024\/12\/Top-7-Afrique-du-sud.jpg 1110w, https:\/\/www.amplitudes.com\/blog-backend\/wp-content\/uploads\/2024\/12\/Top-7-Afrique-du-sud-300x195.jpg 300w, https:\/\/www.amplitudes.com\/blog-backend\/wp-content\/uploads\/2024\/12\/Top-7-Afrique-du-sud-781x507.jpg 781w\" sizes=\"(max-width: 1110px) 100vw, 1110px\" \/><figcaption class=\"wp-element-caption\"><em>Bain matinal<\/em><\/figcaption><\/figure>\n\n\n\n<p>\u00c0 Cape Town, il y a Clifton ou encore Camps Bay, de jolis bancs de sable, mais que diriez-vous de <strong>filer sur la c\u00f4te sauvage du Cap-Occidental <\/strong>? Nos experts ont rep\u00e9r\u00e9 une <strong>bourgade cach\u00e9e<\/strong> aux regards indiscrets. Les Captoniens eux-m\u00eames s&rsquo;y r\u00e9fugient pour savourer un art de vivre entre luxe d\u00e9contract\u00e9 et nature encore pr\u00e9serv\u00e9e en cette fin d&rsquo;ann\u00e9e 2024. Son de sabots sur le sable pour r\u00e9veille-matin, votre cheval trottant le long des vagues\u2026 \u00c0 moins que le vent marin ne fasse tintinnabuler la sonnette de votre bicyclette filant entre les blanches maisons ? \u00c0 l&rsquo;heure du d\u00e9jeuner, un panier <strong>pique-nique pr\u00e9par\u00e9 avec la complicit\u00e9 de votre concierge personnel<\/strong> <strong>Amplitudes <\/strong>invite \u00e0 une pause gourmande face \u00e0 l&rsquo;oc\u00e9an.<\/p>\n\n\n\n<div class=\"wp-block-buttons is-content-justification-center is-layout-flex wp-container-core-buttons-layout-4 wp-block-buttons-is-layout-flex\">\n<div class=\"wp-block-button has-custom-width wp-block-button__width-75 has-custom-font-size is-style-fill\" style=\"font-size:16px\"><a class=\"wp-block-button__link wp-element-button\" href=\"https:\/\/www.amplitudes.com\/voyage-afrique-du-sud\/circuit-afrique-du-sud\/sejour-afrique-du-sud\/afrique-du-sud.html\" style=\"border-radius:0px\">D\u00c9COUVRIR NOS VOYAGES EN AFRIQUE DU SUD<\/a><\/div>\n<\/div>\n\n\n\n<h2 class=\"wp-block-heading\"><strong>6 &#8211; Image d&rsquo;un Cambodge nature<\/strong><\/h2>\n\n\n\n<figure class=\"wp-block-image size-full\"><img decoding=\"async\" width=\"1109\" height=\"720\" src=\"https:\/\/www.amplitudes.com\/blog-backend\/wp-content\/uploads\/2024\/12\/iStock-1176431384-copie-e1735301314252.jpg\" alt=\"Voyage Cambodge - Image N\u00e9nuphar - Amplitudes\" class=\"wp-image-16318\" srcset=\"https:\/\/www.amplitudes.com\/blog-backend\/wp-content\/uploads\/2024\/12\/iStock-1176431384-copie-e1735301314252.jpg 1109w, https:\/\/www.amplitudes.com\/blog-backend\/wp-content\/uploads\/2024\/12\/iStock-1176431384-copie-e1735301314252-300x195.jpg 300w, https:\/\/www.amplitudes.com\/blog-backend\/wp-content\/uploads\/2024\/12\/iStock-1176431384-copie-e1735301314252-781x507.jpg 781w\" sizes=\"(max-width: 1109px) 100vw, 1109px\" \/><figcaption class=\"wp-element-caption\"><em>Instant suspendu<\/em><\/figcaption><\/figure>\n\n\n\n<p>Les <strong>temples mill\u00e9naires d&rsquo;Angkor<\/strong> sont <strong>ourl\u00e9s d&rsquo;une belle nature<\/strong>. Il y a les racines des fromagers &#8211; arbres g\u00e9ants &#8211; qui dessinent des arabesques myst\u00e9rieuses sur la pierre mais aussi des douves ornement\u00e9es de n\u00e9nuphars\u2026 Depuis ces <strong>canaux<\/strong>, \u00e0 bord d&rsquo;une embarcation traditionnelle, le <strong>coucher du soleil<\/strong> peut se savourer d&rsquo;une <strong>coupe de champagne<\/strong>. Une autre fa\u00e7on de voir Angkor\u2026 Avec nos cr\u00e9ateurs, votre journ\u00e9e peut prendre un <strong>tour changeant des d\u00e9couvertes classiques<\/strong> d\u00e8s l&rsquo;aube. Une \u00e9l\u00e9gante voiture vintage vous conduisant alors vers les sanctuaires encore d\u00e9serts. Un luxueux h\u00f4tel vous abritant ensuite lorsque le soleil est \u00e0 son z\u00e9nith, puis une ascension vers les terrasses c\u00e9lestes d&rsquo;Angkor Wat\u2026<\/p>\n\n\n\n<div class=\"wp-block-buttons is-content-justification-center is-layout-flex wp-container-core-buttons-layout-5 wp-block-buttons-is-layout-flex\">\n<div class=\"wp-block-button has-custom-width wp-block-button__width-75 has-custom-font-size is-style-fill\" style=\"font-size:16px\"><a class=\"wp-block-button__link wp-element-button\" href=\"https:\/\/www.amplitudes.com\/voyage-cambodge\/circuit-cambodge\/sejour-cambodge\/cambodge.html\" style=\"border-radius:0px\">D\u00c9COUVRIR NOS VOYAGES AU CAMBODGE<\/a><\/div>\n<\/div>\n\n\n\n<h2 class=\"wp-block-heading\"><strong>5 &#8211; Salvatrice solitude islandaise<\/strong><\/h2>\n\n\n\n<figure class=\"wp-block-image size-full\"><img decoding=\"async\" width=\"1110\" height=\"721\" src=\"https:\/\/www.amplitudes.com\/blog-backend\/wp-content\/uploads\/2024\/12\/Top-5-Islande-e1735301480107.jpg\" alt=\"Voyage Islande - Homme sur une montagne - Amplitudes\" class=\"wp-image-16320\" srcset=\"https:\/\/www.amplitudes.com\/blog-backend\/wp-content\/uploads\/2024\/12\/Top-5-Islande-e1735301480107.jpg 1110w, https:\/\/www.amplitudes.com\/blog-backend\/wp-content\/uploads\/2024\/12\/Top-5-Islande-e1735301480107-300x195.jpg 300w, https:\/\/www.amplitudes.com\/blog-backend\/wp-content\/uploads\/2024\/12\/Top-5-Islande-e1735301480107-781x507.jpg 781w\" sizes=\"(max-width: 1110px) 100vw, 1110px\" \/><figcaption class=\"wp-element-caption\"><em>Retrouvailles Homme &#8211; Nature<\/em><\/figcaption><\/figure>\n\n\n\n<p><strong>Reykjavik<\/strong> d\u00e9ploie ses atours design de <strong>plus petite capitale europ\u00e9enne<\/strong>. Mais, ailleurs en Islande, la nature ne manque pas de nous rappeler avec force et beaut\u00e9 que nous ne sommes que ses modestes invit\u00e9s\u2026&nbsp;<strong>Au large de la \u00ab\u00a0Baie des Fum\u00e9es\u00a0\u00bb<\/strong>, les baleines valsent avec panache tout comme les vapeurs du Blue Lagoon dans le ciel nordique. Dans ce spa naturel aux eaux turquoise laiteuses chauff\u00e9es \u00e0 38\u00b0, la nature se fait douce\u2026 Les bulles effleurent votre peau alors que votre regard se perd dans la photo intacte du <strong>monde sauvage environnant<\/strong>. L&rsquo;on voudrait y rester, et cela tombe bien, nous connaissons une adresse divine\u2026 <strong>L&rsquo;Islande, une destination \u00e0 elle seule ou une escale tout en contrastes d&rsquo;un s\u00e9jour combin\u00e9 \u00e0\u2026 New York !<\/strong><\/p>\n\n\n\n<div class=\"wp-block-buttons is-content-justification-center is-layout-flex wp-container-core-buttons-layout-6 wp-block-buttons-is-layout-flex\">\n<div class=\"wp-block-button has-custom-width wp-block-button__width-75 has-custom-font-size is-style-fill\" style=\"font-size:16px\"><a class=\"wp-block-button__link wp-element-button\" href=\"https:\/\/www.amplitudes.com\/voyage-islande\/circuit-islande\/sejour-islande\/islande.html\" style=\"border-radius:0px\">D\u00c9COUVRIR NOS VOYAGES EN ISLANDE<\/a><\/div>\n<\/div>\n\n\n\n<h2 class=\"wp-block-heading\"><strong>4 &#8211; New York, mouvement perp\u00e9tuel<\/strong><\/h2>\n\n\n\n<figure class=\"wp-block-image size-full\"><img decoding=\"async\" width=\"1110\" height=\"721\" src=\"https:\/\/www.amplitudes.com\/blog-backend\/wp-content\/uploads\/2024\/12\/Top-4-New-York-e1735301649632.jpg\" alt=\"Voyage New York - Photo taxi - Amplitudes\" class=\"wp-image-16322\" srcset=\"https:\/\/www.amplitudes.com\/blog-backend\/wp-content\/uploads\/2024\/12\/Top-4-New-York-e1735301649632.jpg 1110w, https:\/\/www.amplitudes.com\/blog-backend\/wp-content\/uploads\/2024\/12\/Top-4-New-York-e1735301649632-300x195.jpg 300w, https:\/\/www.amplitudes.com\/blog-backend\/wp-content\/uploads\/2024\/12\/Top-4-New-York-e1735301649632-781x507.jpg 781w\" sizes=\"(max-width: 1110px) 100vw, 1110px\" \/><figcaption class=\"wp-element-caption\"><em>Tourbillon new-yorkais<\/em><\/figcaption><\/figure>\n\n\n\n<p>L\u00e0, de l\u2019autre c\u00f4t\u00e9 de l\u2019Atlantique Nord, c\u2019est dans l&rsquo;effervescence de la <strong>ville-monde des \u00c9tats-Unis<\/strong>&nbsp;que votre combin\u00e9 avec l&rsquo;Islande se poursuit ou que d\u00e9marre votre s\u00e9jour 100% new-yorkais. <strong>Ici, tout change plus vite qu&rsquo;ailleurs, tout vit plus fort qu&rsquo;ailleurs<\/strong>\u2026 Les quartiers de Brooklyn r\u00e9inventent chaque jour leur identit\u00e9 dans une symphonie urbaine vibrante. \u00c0 v\u00e9lo, votre guide francophone priv\u00e9 vous d\u00e9voile les secrets des entrep\u00f4ts reconvertis de DUMBO. \u00c0 Red Hook, les docks d&rsquo;antan murmurent leurs histoires aux caf\u00e9s artisanaux qui fleurissent \u00e0 chaque coin de rue. Et, ici-et-l\u00e0, nous pouvons \u00e9galement vous emmener vous glisser dans l&rsquo;intimit\u00e9 de speakeasies cach\u00e9s derri\u00e8re d&rsquo;anodines devantures.<\/p>\n\n\n\n<div class=\"wp-block-buttons is-content-justification-center is-layout-flex wp-container-core-buttons-layout-7 wp-block-buttons-is-layout-flex\">\n<div class=\"wp-block-button has-custom-width wp-block-button__width-75 has-custom-font-size is-style-fill\" style=\"font-size:16px\"><a class=\"wp-block-button__link wp-element-button\" href=\"https:\/\/www.amplitudes.com\/voyage-new-york\/circuit-new-york\/sejour-new-york\/new-york.html\" style=\"border-radius:0px\">D\u00c9COUVRIR NOS VOYAGES \u00c0 NEW YORK<\/a><\/div>\n<\/div>\n\n\n\n<h2 class=\"wp-block-heading\"><strong>3 &#8211; L&rsquo;Afrique du Sud, versant animalier<\/strong><\/h2>\n\n\n\n<figure class=\"wp-block-image size-full\"><img decoding=\"async\" width=\"1110\" height=\"721\" src=\"https:\/\/www.amplitudes.com\/blog-backend\/wp-content\/uploads\/2024\/12\/Top-3-Afrique-du-sud-e1735301803128.jpg\" alt=\"Safari Afrique du Sud - Image animali\u00e8re - Amplitudes\" class=\"wp-image-16323\" srcset=\"https:\/\/www.amplitudes.com\/blog-backend\/wp-content\/uploads\/2024\/12\/Top-3-Afrique-du-sud-e1735301803128.jpg 1110w, https:\/\/www.amplitudes.com\/blog-backend\/wp-content\/uploads\/2024\/12\/Top-3-Afrique-du-sud-e1735301803128-300x195.jpg 300w, https:\/\/www.amplitudes.com\/blog-backend\/wp-content\/uploads\/2024\/12\/Top-3-Afrique-du-sud-e1735301803128-781x507.jpg 781w\" sizes=\"(max-width: 1110px) 100vw, 1110px\" \/><figcaption class=\"wp-element-caption\"><em>Clich\u00e9 sauvage<\/em><\/figcaption><\/figure>\n\n\n\n<p>Retour en Afrique du Sud mais, cette fois, les vastes \u00e9tendues ne sont plus de sable mais de savanes. Les parcs et r\u00e9serves sont nombreux sur cette terre. Il y a le <strong>secret Parc national de Marakele<\/strong>. 23 000 hectares gard\u00e9s par pr\u00e9dateurs et herbivores\u2026 De nouveaux amis de choix en famille ! Il y a aussi le&nbsp;<strong>Parc national du Pilanesberg<\/strong>. Vos pas se glissent dans ceux d&rsquo;un guide avant de s&rsquo;en remettre aux mains expertes des praticiens du spa de votre \u00e9l\u00e9gante tani\u00e8re nocturne. Et puis, il y a bien s\u00fbr le <strong>Kruger, mythique. Mais l\u00e0 aussi nos experts savent vous d\u00e9busquer des concessions priv\u00e9es pour une d\u00e9couverte plus privil\u00e9gi\u00e9e<\/strong>. Entre croiser les membres du Big 5 africain versus d&rsquo;autres \u00e2mes voyageuses, les premiers remportent le concours !<\/p>\n\n\n\n<div class=\"wp-block-buttons is-content-justification-center is-layout-flex wp-container-core-buttons-layout-8 wp-block-buttons-is-layout-flex\">\n<div class=\"wp-block-button has-custom-width wp-block-button__width-75 has-custom-font-size is-style-fill\" style=\"font-size:16px\"><a class=\"wp-block-button__link wp-element-button\" href=\"https:\/\/www.amplitudes.com\/comment-partir\/safari.html\" style=\"border-radius:0px\">D\u00c9COUVRIR NOS SAFARIS<\/a><\/div>\n<\/div>\n\n\n\n<h2 class=\"wp-block-heading\"><strong>2 &#8211; Sculpturale Montr\u00e9al<\/strong><\/h2>\n\n\n\n<figure class=\"wp-block-image size-full\"><img decoding=\"async\" width=\"1110\" height=\"721\" src=\"https:\/\/www.amplitudes.com\/blog-backend\/wp-content\/uploads\/2024\/12\/Top-2-Montreal-e1735302013906.jpg\" alt=\"S\u00e9jour Montr\u00e9al - L'Anneau - Amplitudes\" class=\"wp-image-16324\" srcset=\"https:\/\/www.amplitudes.com\/blog-backend\/wp-content\/uploads\/2024\/12\/Top-2-Montreal-e1735302013906.jpg 1110w, https:\/\/www.amplitudes.com\/blog-backend\/wp-content\/uploads\/2024\/12\/Top-2-Montreal-e1735302013906-300x195.jpg 300w, https:\/\/www.amplitudes.com\/blog-backend\/wp-content\/uploads\/2024\/12\/Top-2-Montreal-e1735302013906-781x507.jpg 781w\" sizes=\"(max-width: 1110px) 100vw, 1110px\" \/><figcaption class=\"wp-element-caption\"><em>Mus\u00e9e urbain<\/em><\/figcaption><\/figure>\n\n\n\n<p>Sur le continent nord-am\u00e9ricain, si New York sait se renouveler, c&rsquo;est aussi le cas de Montr\u00e9al. <strong>Multiculturelle<\/strong>, la m\u00e9tropole ne cessera jamais de nous s\u00e9duire. Son centre historique, son parc Jean-Drapeau ou encore sa ville souterraine et ses rives du Saint-Laurent\u2026 Mais tiens, n&rsquo;est-il d\u00e9sormais pas possible de s&rsquo;initier \u00e0 la voile sur ces eaux l\u00e9gendaires ? Si ! Et l\u00e0, cet ancien \u00ab\u00a0traversier\u00a0\u00bb ne s&rsquo;est-il pas refait une beaut\u00e9 en se m\u00e9tamorphosant en spa divin ? \u00c9galement ! Le Bota Bota spa-sur-l\u2019eau ! Mais <strong>l&#8217;embl\u00e8me du renouveau<\/strong> de notre illustre cousine qu\u00e9b\u00e9coise n&rsquo;est autre que cette<strong> sculpture sobrement baptis\u00e9 \u00ab\u00a0L&rsquo;Anneau\u00a0\u00bb<\/strong> ! \u00c0 l&rsquo;aff\u00fbt, nos sp\u00e9cialistes Canada vous accompagnent pour un s\u00e9jour entre intemporels et nouveaut\u00e9s.<\/p>\n\n\n\n<div class=\"wp-block-buttons is-content-justification-center is-layout-flex wp-container-core-buttons-layout-9 wp-block-buttons-is-layout-flex\">\n<div class=\"wp-block-button has-custom-width wp-block-button__width-75 has-custom-font-size is-style-fill\" style=\"font-size:16px\"><a class=\"wp-block-button__link wp-element-button\" href=\"https:\/\/www.amplitudes.com\/voyage-montreal\/circuit-montreal\/sejour-montreal\/montreal.html\" style=\"border-radius:0px\">D\u00c9COUVRIR NOS VOYAGES VIA MONTR\u00c9AL<\/a><\/div>\n<\/div>\n\n\n\n<h2 class=\"wp-block-heading\"><strong>1 &#8211; L&rsquo;ann\u00e9e du tigre, Inde<\/strong><\/h2>\n\n\n\n<figure class=\"wp-block-image size-full\"><img decoding=\"async\" width=\"1110\" height=\"721\" src=\"https:\/\/www.amplitudes.com\/blog-backend\/wp-content\/uploads\/2024\/12\/Top-1-Inde-e1735302157420.jpg\" alt=\"Safari Inde - Tigre - Amplitudes\" class=\"wp-image-16325\" srcset=\"https:\/\/www.amplitudes.com\/blog-backend\/wp-content\/uploads\/2024\/12\/Top-1-Inde-e1735302157420.jpg 1110w, https:\/\/www.amplitudes.com\/blog-backend\/wp-content\/uploads\/2024\/12\/Top-1-Inde-e1735302157420-300x195.jpg 300w, https:\/\/www.amplitudes.com\/blog-backend\/wp-content\/uploads\/2024\/12\/Top-1-Inde-e1735302157420-781x507.jpg 781w\" sizes=\"(max-width: 1110px) 100vw, 1110px\" \/><figcaption class=\"wp-element-caption\"><em>Regard 2024<\/em><\/figcaption><\/figure>\n\n\n\n<p>Le sommet de cette r\u00e9trospective est occup\u00e9e par un roi. Sur les <strong>terres indiennes<\/strong>,<strong> deux royaut\u00e9s se partagent le tr\u00f4ne : <\/strong>les <strong>maharadjas <\/strong>dans leurs<strong> riches demeures s\u00e9culaires&nbsp;<\/strong>et le<strong> tigre royal <\/strong>dans son <strong>royaume sauvage<\/strong>. Les 1 334 km\u00b2 du Parc national de Ranthambore d\u00e9ploient leur majest\u00e9 tel un somptueux palais naturel o\u00f9 le f\u00e9lin r\u00e8gne en souverain discret mais bel et bien l\u00e0. Plus loin, dans les jungles du Madhya Pradesh, l\u00e0 m\u00eame o\u00f9 Kipling imagina son \u00ab\u00a0Livre de la Jungle\u00a0\u00bb, d&rsquo;autres monarques fauves arpentent leur domaine d&rsquo;un pas majestueux. Pour vous permettre d&rsquo;approcher ces seigneurs au regard d&rsquo;ambre durant votre <strong>rare voyage en Inde<\/strong>, nos experts vous ouvrent les portes de <strong>campements chics<\/strong> et d&rsquo;h\u00f4tels luxueux.<\/p>\n\n\n\n<div class=\"wp-block-buttons is-content-justification-center is-layout-flex wp-container-core-buttons-layout-10 wp-block-buttons-is-layout-flex\">\n<div class=\"wp-block-button has-custom-width wp-block-button__width-75 has-custom-font-size is-style-fill\" style=\"font-size:16px\"><a class=\"wp-block-button__link wp-element-button\" href=\"https:\/\/www.amplitudes.com\/voyage-inde\/circuit-inde\/sejour-inde\/inde.html\" style=\"border-radius:0px\">D\u00c9COUVRIR NOS VOYAGES EN INDE<\/a><\/div>\n<\/div>\n\n\n\n<h3 class=\"wp-block-heading has-text-align-center\"><strong>Quelle sera votre photo personnelle de l&rsquo;ann\u00e9e 2025 ? <a href=\"https:\/\/www.amplitudes.com\/agence-de-voyages\/toulouse\/paris\/demande-devis-sur-mesure.html\">Composez votre prochain voyage sur mesure avec nos cr\u00e9ateurs<\/a><\/strong><\/h3>\n","protected":false},"excerpt":{"rendered":"<p>Encore une sublime ann\u00e9e de voyages, en images, sur notre compte Instagram Amplitudes. Retour sur les plus belles photos ayant su faire vibrer notre esth\u00e8te communaut\u00e9 en 2024, ces d\u00e9tails du monde entier que vous avez particuli\u00e8rement appr\u00e9ci\u00e9s. Une collection mettant \u00e0 l&rsquo;honneur la biodiversit\u00e9 des fonds marins seychellois comme les plages sauvages du Cap\u2026 [&hellip;]<\/p>\n","protected":false},"author":2,"featured_media":16329,"comment_status":"open","ping_status":"open","sticky":false,"template":"","format":"standard","meta":{"footnotes":""},"categories":[169],"tags":[212,203,214,219,190,193,192,247,183,243],"yoast_head":"<!-- This site is optimized with the Yoast SEO plugin v22.1 - https:\/\/yoast.com\/wordpress\/plugins\/seo\/ -->\n<title>R\u00e9tro 2024 : Les plus belles photos du monde - Blog de l&#039;agence de voyage sur-mesure Amplitudes<\/title>\n<meta name=\"description\" content=\"D\u00e9couvrez la plus belle photo du monde en 2024 selon notre communaut\u00e9 de voyageurs Amplitudes. 10 clich\u00e9s esquissant notre art du voyage.\" \/>\n<meta name=\"robots\" content=\"index, follow, max-snippet:-1, max-image-preview:large, max-video-preview:-1\" \/>\n<link rel=\"canonical\" href=\"https:\/\/www.amplitudes.com\/blog-backend\/retro-2024-les-plus-belles-photos-du-monde\/\" \/>\n<meta property=\"og:locale\" content=\"fr_FR\" \/>\n<meta property=\"og:type\" content=\"article\" \/>\n<meta property=\"og:title\" content=\"R\u00e9tro 2024 : Les plus belles photos du monde - Blog de l&#039;agence de voyage sur-mesure Amplitudes\" \/>\n<meta property=\"og:description\" content=\"D\u00e9couvrez la plus belle photo du monde en 2024 selon notre communaut\u00e9 de voyageurs Amplitudes. 10 clich\u00e9s esquissant notre art du voyage.\" \/>\n<meta property=\"og:url\" content=\"https:\/\/www.amplitudes.com\/blog-backend\/retro-2024-les-plus-belles-photos-du-monde\/\" \/>\n<meta property=\"og:site_name\" content=\"Blog de l&#039;agence de voyage sur-mesure Amplitudes\" \/>\n<meta property=\"article:publisher\" content=\"http:\/\/facebook.com\/amplitudes.devoyages\/\" \/>\n<meta property=\"article:published_time\" content=\"2024-12-27T12:28:21+00:00\" \/>\n<meta property=\"article:modified_time\" content=\"2024-12-27T12:32:02+00:00\" \/>\n<meta property=\"og:image\" content=\"https:\/\/www.amplitudes.com\/blog-backend\/wp-content\/uploads\/2024\/12\/Pano-top-6-Cambodge.jpg\" \/>\n\t<meta property=\"og:image:width\" content=\"1110\" \/>\n\t<meta property=\"og:image:height\" content=\"481\" \/>\n\t<meta property=\"og:image:type\" content=\"image\/jpeg\" \/>\n<meta name=\"author\" content=\"Floriane\" \/>\n<meta name=\"twitter:card\" content=\"summary_large_image\" \/>\n<meta name=\"twitter:creator\" content=\"@AmplitudesV\" \/>\n<meta name=\"twitter:site\" content=\"@AmplitudesV\" \/>\n<meta name=\"twitter:label1\" content=\"\u00c9crit par\" \/>\n\t<meta name=\"twitter:data1\" content=\"Floriane\" \/>\n\t<meta name=\"twitter:label2\" content=\"Dur\u00e9e de lecture estim\u00e9e\" \/>\n\t<meta name=\"twitter:data2\" content=\"8 minutes\" \/>\n<script type=\"application\/ld+json\" class=\"yoast-schema-graph\">{\"@context\":\"https:\/\/schema.org\",\"@graph\":[{\"@type\":\"WebPage\",\"@id\":\"https:\/\/www.amplitudes.com\/blog-backend\/retro-2024-les-plus-belles-photos-du-monde\/\",\"url\":\"https:\/\/www.amplitudes.com\/blog-backend\/retro-2024-les-plus-belles-photos-du-monde\/\",\"name\":\"R\u00e9tro 2024 : Les plus belles photos du monde - Blog de l&#039;agence de voyage sur-mesure Amplitudes\",\"isPartOf\":{\"@id\":\"https:\/\/www.amplitudes.com\/blog-backend\/#website\"},\"datePublished\":\"2024-12-27T12:28:21+00:00\",\"dateModified\":\"2024-12-27T12:32:02+00:00\",\"author\":{\"@id\":\"https:\/\/www.amplitudes.com\/blog-backend\/#\/schema\/person\/1ac2058edef1f5f0f2c16e7f096a80b1\"},\"description\":\"D\u00e9couvrez la plus belle photo du monde en 2024 selon notre communaut\u00e9 de voyageurs Amplitudes. 10 clich\u00e9s esquissant notre art du voyage.\",\"inLanguage\":\"fr-FR\",\"potentialAction\":[{\"@type\":\"ReadAction\",\"target\":[\"https:\/\/www.amplitudes.com\/blog-backend\/retro-2024-les-plus-belles-photos-du-monde\/\"]}]},{\"@type\":\"WebSite\",\"@id\":\"https:\/\/www.amplitudes.com\/blog-backend\/#website\",\"url\":\"https:\/\/www.amplitudes.com\/blog-backend\/\",\"name\":\"Blog de l&#039;agence de voyage sur-mesure Amplitudes\",\"description\":\"\",\"potentialAction\":[{\"@type\":\"SearchAction\",\"target\":{\"@type\":\"EntryPoint\",\"urlTemplate\":\"https:\/\/www.amplitudes.com\/blog-backend\/?s={search_term_string}\"},\"query-input\":\"required name=search_term_string\"}],\"inLanguage\":\"fr-FR\"},{\"@type\":\"Person\",\"@id\":\"https:\/\/www.amplitudes.com\/blog-backend\/#\/schema\/person\/1ac2058edef1f5f0f2c16e7f096a80b1\",\"name\":\"Floriane\",\"image\":{\"@type\":\"ImageObject\",\"inLanguage\":\"fr-FR\",\"@id\":\"https:\/\/www.amplitudes.com\/blog-backend\/#\/schema\/person\/image\/\",\"url\":\"https:\/\/secure.gravatar.com\/avatar\/f3f77af3dabd00f62e61c417047e08f6?s=96&d=mm&r=g\",\"contentUrl\":\"https:\/\/secure.gravatar.com\/avatar\/f3f77af3dabd00f62e61c417047e08f6?s=96&d=mm&r=g\",\"caption\":\"Floriane\"},\"url\":\"https:\/\/www.amplitudes.com\/blog-backend\/author\/audrey\/\"}]}<\/script>\n<!-- \/ Yoast SEO plugin. -->","yoast_head_json":{"title":"R\u00e9tro 2024 : Les plus belles photos du monde - Blog de l&#039;agence de voyage sur-mesure Amplitudes","description":"D\u00e9couvrez la plus belle photo du monde en 2024 selon notre communaut\u00e9 de voyageurs Amplitudes. 10 clich\u00e9s esquissant notre art du voyage.","robots":{"index":"index","follow":"follow","max-snippet":"max-snippet:-1","max-image-preview":"max-image-preview:large","max-video-preview":"max-video-preview:-1"},"canonical":"https:\/\/www.amplitudes.com\/blog-backend\/retro-2024-les-plus-belles-photos-du-monde\/","og_locale":"fr_FR","og_type":"article","og_title":"R\u00e9tro 2024 : Les plus belles photos du monde - Blog de l&#039;agence de voyage sur-mesure Amplitudes","og_description":"D\u00e9couvrez la plus belle photo du monde en 2024 selon notre communaut\u00e9 de voyageurs Amplitudes. 10 clich\u00e9s esquissant notre art du voyage.","og_url":"https:\/\/www.amplitudes.com\/blog-backend\/retro-2024-les-plus-belles-photos-du-monde\/","og_site_name":"Blog de l&#039;agence de voyage sur-mesure Amplitudes","article_publisher":"http:\/\/facebook.com\/amplitudes.devoyages\/","article_published_time":"2024-12-27T12:28:21+00:00","article_modified_time":"2024-12-27T12:32:02+00:00","og_image":[{"width":1110,"height":481,"url":"https:\/\/www.amplitudes.com\/blog-backend\/wp-content\/uploads\/2024\/12\/Pano-top-6-Cambodge.jpg","type":"image\/jpeg"}],"author":"Floriane","twitter_card":"summary_large_image","twitter_creator":"@AmplitudesV","twitter_site":"@AmplitudesV","twitter_misc":{"\u00c9crit par":"Floriane","Dur\u00e9e de lecture estim\u00e9e":"8 minutes"},"schema":{"@context":"https:\/\/schema.org","@graph":[{"@type":"WebPage","@id":"https:\/\/www.amplitudes.com\/blog-backend\/retro-2024-les-plus-belles-photos-du-monde\/","url":"https:\/\/www.amplitudes.com\/blog-backend\/retro-2024-les-plus-belles-photos-du-monde\/","name":"R\u00e9tro 2024 : Les plus belles photos du monde - Blog de l&#039;agence de voyage sur-mesure Amplitudes","isPartOf":{"@id":"https:\/\/www.amplitudes.com\/blog-backend\/#website"},"datePublished":"2024-12-27T12:28:21+00:00","dateModified":"2024-12-27T12:32:02+00:00","author":{"@id":"https:\/\/www.amplitudes.com\/blog-backend\/#\/schema\/person\/1ac2058edef1f5f0f2c16e7f096a80b1"},"description":"D\u00e9couvrez la plus belle photo du monde en 2024 selon notre communaut\u00e9 de voyageurs Amplitudes. 10 clich\u00e9s esquissant notre art du voyage.","inLanguage":"fr-FR","potentialAction":[{"@type":"ReadAction","target":["https:\/\/www.amplitudes.com\/blog-backend\/retro-2024-les-plus-belles-photos-du-monde\/"]}]},{"@type":"WebSite","@id":"https:\/\/www.amplitudes.com\/blog-backend\/#website","url":"https:\/\/www.amplitudes.com\/blog-backend\/","name":"Blog de l&#039;agence de voyage sur-mesure Amplitudes","description":"","potentialAction":[{"@type":"SearchAction","target":{"@type":"EntryPoint","urlTemplate":"https:\/\/www.amplitudes.com\/blog-backend\/?s={search_term_string}"},"query-input":"required name=search_term_string"}],"inLanguage":"fr-FR"},{"@type":"Person","@id":"https:\/\/www.amplitudes.com\/blog-backend\/#\/schema\/person\/1ac2058edef1f5f0f2c16e7f096a80b1","name":"Floriane","image":{"@type":"ImageObject","inLanguage":"fr-FR","@id":"https:\/\/www.amplitudes.com\/blog-backend\/#\/schema\/person\/image\/","url":"https:\/\/secure.gravatar.com\/avatar\/f3f77af3dabd00f62e61c417047e08f6?s=96&d=mm&r=g","contentUrl":"https:\/\/secure.gravatar.com\/avatar\/f3f77af3dabd00f62e61c417047e08f6?s=96&d=mm&r=g","caption":"Floriane"},"url":"https:\/\/www.amplitudes.com\/blog-backend\/author\/audrey\/"}]}},"_links":{"self":[{"href":"https:\/\/www.amplitudes.com\/blog-backend\/wp-json\/wp\/v2\/posts\/16312"}],"collection":[{"href":"https:\/\/www.amplitudes.com\/blog-backend\/wp-json\/wp\/v2\/posts"}],"about":[{"href":"https:\/\/www.amplitudes.com\/blog-backend\/wp-json\/wp\/v2\/types\/post"}],"author":[{"embeddable":true,"href":"https:\/\/www.amplitudes.com\/blog-backend\/wp-json\/wp\/v2\/users\/2"}],"replies":[{"embeddable":true,"href":"https:\/\/www.amplitudes.com\/blog-backend\/wp-json\/wp\/v2\/comments?post=16312"}],"version-history":[{"count":5,"href":"https:\/\/www.amplitudes.com\/blog-backend\/wp-json\/wp\/v2\/posts\/16312\/revisions"}],"predecessor-version":[{"id":16330,"href":"https:\/\/www.amplitudes.com\/blog-backend\/wp-json\/wp\/v2\/posts\/16312\/revisions\/16330"}],"wp:featuredmedia":[{"embeddable":true,"href":"https:\/\/www.amplitudes.com\/blog-backend\/wp-json\/wp\/v2\/media\/16329"}],"wp:attachment":[{"href":"https:\/\/www.amplitudes.com\/blog-backend\/wp-json\/wp\/v2\/media?parent=16312"}],"wp:term":[{"taxonomy":"category","embeddable":true,"href":"https:\/\/www.amplitudes.com\/blog-backend\/wp-json\/wp\/v2\/categories?post=16312"},{"taxonomy":"post_tag","embeddable":true,"href":"https:\/\/www.amplitudes.com\/blog-backend\/wp-json\/wp\/v2\/tags?post=16312"}],"curies":[{"name":"wp","href":"https:\/\/api.w.org\/{rel}","templated":true}]}}