{"id":17373,"date":"2025-06-27T13:54:52","date_gmt":"2025-06-27T12:54:52","guid":{"rendered":"https:\/\/www.amplitudes.com\/blog-backend\/?p=17373"},"modified":"2026-02-23T17:26:34","modified_gmt":"2026-02-23T16:26:34","slug":"voyage-en-famille-en-amerique-du-sud-douceur-latine","status":"publish","type":"post","link":"https:\/\/www.amplitudes.com\/blog-backend\/voyage-en-famille-en-amerique-du-sud-douceur-latine\/","title":{"rendered":"Voyage en famille en Am\u00e9rique du sud : douceur latine"},"content":{"rendered":"\n<p><strong>DOSSIER DU MOIS #Juin 2025 : Petits et grands globe-trotteurs.<\/strong> Une <a href=\"https:\/\/www.amplitudes.com\/avec-qui-partir\/voyage-en-famille.html\">\u00e9pop\u00e9e en famille<\/a> en Am\u00e9rique latine est une promesse de d\u00e9paysement dans des endroits sauvages, vivants, accueillants. Avec les conseils de nos experts, partez visiter la <strong>chaleureuse Colombie<\/strong>, son ambiance festive et accueillante et ses paysages divers et vari\u00e9s. <strong>Roulez au Costa Rica<\/strong>, vos enfants sur la banquette arri\u00e8re. D\u00e9couvrez ses jungles luxuriantes et sa faune d&rsquo;une beaut\u00e9 exceptionnelle. <strong>Envolez-vous pour le Panama<\/strong>, ses rivages aux eaux turquoise, ses grandes villes modernes et l&rsquo;hospitalit\u00e9 de son peuple. <strong>Choisissez le Mexique<\/strong> pour son histoire, pour sa passion, pour son \u00e2me. Enfin, <strong>voyagez au Br\u00e9sil<\/strong> et surprenez vous \u00e0 r\u00eaver dans ses parcs naturels, dans ses villes traditionnelles. Un voyage en famille en Am\u00e9rique du Sud, sur la route de nombreux tr\u00e9sors enfouis. L\u00e0 o\u00f9 chaque membre de la tribu grandit et s&rsquo;\u00e9merveille au fil des chemins partag\u00e9s.<\/p>\n\n\n\n<div id=\"ez-toc-container\" class=\"ez-toc-v2_0_17 ez-toc-wrap-left counter-hierarchy counter-decimal\">\n<div class=\"ez-toc-title-container\">\n<p class=\"ez-toc-title\">Sommaire <\/p>\n<span class=\"ez-toc-title-toggle\"><a class=\"ez-toc-pull-right ez-toc-btn ez-toc-btn-xs ez-toc-btn-default ez-toc-toggle\" style=\"display: none;\"><i class=\"ez-toc-glyphicon ez-toc-icon-toggle\"><\/i><\/a><\/span><\/div>\n<nav><ul class=\"ez-toc-list ez-toc-list-level-1\"><li class=\"ez-toc-page-1 ez-toc-heading-level-2\"><a class=\"ez-toc-link ez-toc-heading-1\" href=\"https:\/\/www.amplitudes.com\/blog-backend\/voyage-en-famille-en-amerique-du-sud-douceur-latine\/#LAmerique_du_Sud_en_famille_Un_long_et_luxueux_sejour_en_Colombie\" title=\"Luxueux s\u00e9jour en Colombie\">Luxueux s\u00e9jour en Colombie<\/a><\/li><li class=\"ez-toc-page-1 ez-toc-heading-level-2\"><a class=\"ez-toc-link ez-toc-heading-2\" href=\"https:\/\/www.amplitudes.com\/blog-backend\/voyage-en-famille-en-amerique-du-sud-douceur-latine\/#Un_voyage_en_famille_de_15_jours_en_Amerique_du_Sud_Road_trip_a_travers_les_sentiers_verdoyants_du_Costa_Rica\" title=\"Road trip au Costa Rica\">Road trip au Costa Rica<\/a><\/li><li class=\"ez-toc-page-1 ez-toc-heading-level-2\"><a class=\"ez-toc-link ez-toc-heading-3\" href=\"https:\/\/www.amplitudes.com\/blog-backend\/voyage-en-famille-en-amerique-du-sud-douceur-latine\/#Quel_est_le_meilleur_pays_dAmerique_Latine_a_visiter_avec_des_enfants_Voyage_au_Panama_en_famille_nature_et_tendresse\" title=\"La tendresse du Panama\">La tendresse du Panama<\/a><\/li><li class=\"ez-toc-page-1 ez-toc-heading-level-2\"><a class=\"ez-toc-link ez-toc-heading-4\" href=\"https:\/\/www.amplitudes.com\/blog-backend\/voyage-en-famille-en-amerique-du-sud-douceur-latine\/#Un_circuit_au_Mexique_a_la_carte_Pour_un_voyage_en_famille_en_Amerique_Centrale_insolite\" title=\"Le Mexique insolite\">Le Mexique insolite<\/a><\/li><li class=\"ez-toc-page-1 ez-toc-heading-level-2\"><a class=\"ez-toc-link ez-toc-heading-5\" href=\"https:\/\/www.amplitudes.com\/blog-backend\/voyage-en-famille-en-amerique-du-sud-douceur-latine\/#Quel_pays_est_le_plus_adapte_pour_visiter_lAmerique_du_Sud_en_famille_Un_voyage_de_reve_au_Bresil\" title=\"Le r\u00eave br\u00e9silien\">Le r\u00eave br\u00e9silien<\/a><\/li><li class=\"ez-toc-page-1 ez-toc-heading-level-2\"><a class=\"ez-toc-link ez-toc-heading-6\" href=\"https:\/\/www.amplitudes.com\/blog-backend\/voyage-en-famille-en-amerique-du-sud-douceur-latine\/#Quels_sont_les_plus_dAmplitudes_pour_visiter_lAmerique_latine_en_famille\" title=\"Les bonus Amplitudes\">Les bonus Amplitudes<\/a><\/li><\/ul><\/nav><\/div>\n<h2 class=\"wp-block-heading\"><span class=\"ez-toc-section\" id=\"LAmerique_du_Sud_en_famille_Un_long_et_luxueux_sejour_en_Colombie\"><\/span><strong>L&rsquo;Am\u00e9rique du Sud en famille. Un long et luxueux s\u00e9jour en Colombie<\/strong><span class=\"ez-toc-section-end\"><\/span><\/h2>\n\n\n\n<p><strong>Terre de contrastes flamboyants<\/strong>, un voyage en famille dans ce pays d&rsquo;Am\u00e9rique du Sud conjugue nature brute et \u00e9nergie d\u00e9bordante. Bord\u00e9e par l&rsquo;oc\u00e9an Pacifique et la mer des Cara\u00efbes, elle offre un kal\u00e9idoscope de paysages. For\u00eat amazonienne, montagnes andines, d\u00e9serts arides, plages de r\u00eaves ou encore vall\u00e9e de cafetiers, <strong>la Colombie<\/strong> se d\u00e9voile comme un monde \u00e0 part. <strong>Inattendue et foisonnante<\/strong>, ici, chaque r\u00e9gion conte son histoire. D\u00e9couvrez sa culture latine, sa <strong>cuisine g\u00e9n\u00e9reuse<\/strong> aux empanadas, arepas, fruits tropicaux et ses plats aux saveurs franches. Puis explorez <strong>sa biodiversit\u00e9<\/strong>, r\u00e9put\u00e9e comme une des plus riches du monde. Rencontrez des jaguars, des toucans ou m\u00eame des paresseux somnolant dans des lits d&rsquo;orchid\u00e9es sauvages. Plongez dans cette <strong>\u0153uvre d&rsquo;art vivante<\/strong>, vibrante o\u00f9 chaque parfum semble vous murmurer : <em>aqu\u00ed, todo es posible<\/em>. La Colombie en famille, une aventure riche en \u00e9motions !<\/p>\n\n\n\n<figure class=\"wp-block-image size-full\"><img decoding=\"async\" width=\"1110\" height=\"721\" src=\"https:\/\/www.amplitudes.com\/blog-backend\/wp-content\/uploads\/2025\/06\/image-colombie-article-amerique-du-sud.jpg\" alt=\"Voyage en famille en Am\u00e9rique du sud - visitez les ruelles color\u00e9es de Colombie - Amplitudes\" class=\"wp-image-17385\" srcset=\"https:\/\/www.amplitudes.com\/blog-backend\/wp-content\/uploads\/2025\/06\/image-colombie-article-amerique-du-sud.jpg 1110w, https:\/\/www.amplitudes.com\/blog-backend\/wp-content\/uploads\/2025\/06\/image-colombie-article-amerique-du-sud-300x195.jpg 300w, https:\/\/www.amplitudes.com\/blog-backend\/wp-content\/uploads\/2025\/06\/image-colombie-article-amerique-du-sud-781x507.jpg 781w\" sizes=\"(max-width: 1110px) 100vw, 1110px\" \/><figcaption class=\"wp-element-caption\">La beaut\u00e9 dans les g\u00eanes<\/figcaption><\/figure>\n\n\n\n<p>Nos circuits exceptionnels en Colombie sont parfaitement con\u00e7us pour une \u00e9vasion familiale. Un programme<strong> ludique et vari\u00e9<\/strong> pour \u00e9merveiller les enfants, un <strong>slow travel <\/strong>id\u00e9al o\u00f9 tout est pens\u00e9 pour vous. Accompagn\u00e9s d&rsquo;un guide francophone, vivez une journ\u00e9e bondissante \u00e0 travers les ruelles de Bogota.&nbsp;<strong>P\u00e9dalez dans la capitale<\/strong> en passant par les march\u00e9s et les mus\u00e9es qui pars\u00e8ment la ville. Puis, rendez vous dans un atelier de graffiti et laissez place \u00e0 l&rsquo;inspiration emmagasin\u00e9e tout au long de votre excitante journ\u00e9e. Aussi, comment ne pas visiter Cartagena ? Situ\u00e9e au bord de la mer des Cara\u00efbes, cette merveille de l&rsquo;Am\u00e9rique latine vous berce par la <strong>beaut\u00e9 de ses paysages<\/strong>. Visitez cette ville aux rythmes des tambours, prenez un cours de percussions dans les mangroves de la Boquilla entre ses kiosques et ses eaux claires. Lors de votre voyage en Am\u00e9rique du Sud, rencontrez la <strong>forte culture colombienne<\/strong>, en famille.<\/p>\n\n\n\n<div style=\"height:20px\" aria-hidden=\"true\" class=\"wp-block-spacer\"><\/div>\n\n\n\n<div class=\"wp-block-buttons is-content-justification-center is-layout-flex wp-container-core-buttons-layout-1 wp-block-buttons-is-layout-flex\">\n<div class=\"wp-block-button has-custom-width wp-block-button__width-75 has-custom-font-size is-style-outline\" style=\"font-size:16px\"><a class=\"wp-block-button__link wp-element-button\" href=\"https:\/\/www.amplitudes.com\/voyage-colombie\/circuit-colombie\/sejour-colombie\/colombie.html\" style=\"border-radius:0px\">D\u00c9COUVREZ NOS CIRCUITS SUR MESURE EN COLOMBIE<\/a><\/div>\n<\/div>\n\n\n\n<div style=\"height:20px\" aria-hidden=\"true\" class=\"wp-block-spacer\"><\/div>\n\n\n\n<h2 class=\"wp-block-heading\"><span class=\"ez-toc-section\" id=\"Un_voyage_en_famille_de_15_jours_en_Amerique_du_Sud_Road_trip_a_travers_les_sentiers_verdoyants_du_Costa_Rica\"><\/span><strong>Un voyage en famille de 15 jours en Am\u00e9rique du Sud. Road trip \u00e0 travers les sentiers verdoyants du Costa Rica<\/strong><span class=\"ez-toc-section-end\"><\/span><\/h2>\n\n\n\n<p>Un <strong>sanctuaire naturel \u00e0 ciel ouvert<\/strong> o\u00f9 les routes m\u00e8nent \u00e0 l&rsquo;\u00e9merveillement. Lors de votre voyage en famille en Am\u00e9rique du Sud, le<strong> Costa Rica<\/strong> vous offre ses plages sauvages du Pacifique et de la mer des Cara\u00efbes, ses for\u00eats brumeuses de Monteverde, ses volcans actifs bord\u00e9s de jungles luxuriantes\u2026 Un pays qui fait de la nature sa priorit\u00e9. L\u00e0-bas, l&rsquo;aventure se vit en douceur, \u00e0 l&rsquo;\u00e9coute de la terre, de l&rsquo;eau, des animaux. Partez pour <strong>des road trips inoubliables<\/strong> entre pistes rouges, ponts suspendus et arr\u00eats impr\u00e9vus devant de majestueuses cascades. Chaque trajet devient <strong>une promesse d&rsquo;\u00e9vasion<\/strong>, chaque d\u00e9tour une surprise. Traversez des villages traditionnels, longez des rivi\u00e8res turquoise, grimpez jusqu&rsquo;aux crat\u00e8res fumants ou descendez vers les plages d\u00e9sertes bord\u00e9es de cocotiers. Et puis surtout, adoptez la philosophie de vie des Ticos,<em> <strong>Pura Vida<\/strong><\/em>.<em> <\/em>Venez <a href=\"https:\/\/www.amplitudes.com\/voyage-costa-rica\/circuit-costa-rica\/sejour-costa-rica\/costa-rica.html\">visiter le Costa Rica<\/a> en douceur avec vos enfants.<\/p>\n\n\n\n<figure class=\"wp-block-image size-full\"><img decoding=\"async\" width=\"1110\" height=\"721\" src=\"https:\/\/www.amplitudes.com\/blog-backend\/wp-content\/uploads\/2025\/06\/image-costa-rica-article-amerique-du-sud.jpg\" alt=\"Voyage en famille en Am\u00e9rique latine - visitez le Rio Celeste au Costa Rica - Amplitudes\" class=\"wp-image-17386\" srcset=\"https:\/\/www.amplitudes.com\/blog-backend\/wp-content\/uploads\/2025\/06\/image-costa-rica-article-amerique-du-sud.jpg 1110w, https:\/\/www.amplitudes.com\/blog-backend\/wp-content\/uploads\/2025\/06\/image-costa-rica-article-amerique-du-sud-300x195.jpg 300w, https:\/\/www.amplitudes.com\/blog-backend\/wp-content\/uploads\/2025\/06\/image-costa-rica-article-amerique-du-sud-781x507.jpg 781w\" sizes=\"(max-width: 1110px) 100vw, 1110px\" \/><figcaption class=\"wp-element-caption\">Cascades c\u00e9lestes<\/figcaption><\/figure>\n\n\n\n<p>Quoi de mieux qu&rsquo;un road trip en famille au Costa Rica pour d\u00e9couvrir pleinement l&rsquo;immensit\u00e9 et la&nbsp;<strong>beaut\u00e9 de sa faune et de sa flore<\/strong>. Grimpez dans votre voiture avec vos enfants, tels des aventuriers en qu\u00eate de tr\u00e9sors ! Entre d\u00e9couverte culturelle et<strong> coups de c\u0153ur perp\u00e9tuels<\/strong>, roulez \u00e0 travers les foisonnants parcs nationaux et les jungles luxuriantes costariciennes. Lors d&rsquo;un voyage sur mesure en Am\u00e9rique latine, votre famille se surprend \u00e0 <strong>r\u00eaver en communion<\/strong>, \u00e0 s&rsquo;\u00e9merveiller \u00e0 l&rsquo;unisson. <strong>Fl\u00e2nez dans les villages traditionnels<\/strong> et leurs march\u00e9s color\u00e9s. Laissez-vous charmer par les fa\u00e7ades coloniales aux tons patin\u00e9s. Quand vient la nuit, partez \u00e0 la rencontre des grenouilles aux couleurs improbables, des insectes lumineux et des bruissements myst\u00e9rieux lors d&rsquo;une marche nocturne dans <strong>la r\u00e9serve de Maquenque<\/strong>. Un road trip au Costa Rica en famille grav\u00e9 dans les m\u00e9moires\u2026<\/p>\n\n\n\n<div style=\"height:20px\" aria-hidden=\"true\" class=\"wp-block-spacer\"><\/div>\n\n\n\n<div class=\"wp-block-buttons is-content-justification-center is-layout-flex wp-container-core-buttons-layout-2 wp-block-buttons-is-layout-flex\">\n<div class=\"wp-block-button has-custom-width wp-block-button__width-75 has-custom-font-size is-style-outline\" style=\"font-size:16px\"><a class=\"wp-block-button__link wp-element-button\" href=\"https:\/\/www.amplitudes.com\/voyage-costa-rica\/circuit-costa-rica\/sejour-costa-rica\/costa-rica\/voyage-en-famille.html\" style=\"border-radius:0px\">D\u00c9COUVREZ LE COSTA RICA EN FAMILLE<\/a><\/div>\n<\/div>\n\n\n\n<div style=\"height:20px\" aria-hidden=\"true\" class=\"wp-block-spacer\"><\/div>\n\n\n\n<h2 class=\"wp-block-heading\"><span class=\"ez-toc-section\" id=\"Quel_est_le_meilleur_pays_dAmerique_Latine_a_visiter_avec_des_enfants_Voyage_au_Panama_en_famille_nature_et_tendresse\"><\/span><strong>Quel est le meilleur pays d&rsquo;Am\u00e9rique Latine \u00e0 visiter avec des enfants ? Voyage au Panama en famille, nature et tendresse<\/strong><span class=\"ez-toc-section-end\"><\/span><\/h2>\n\n\n\n<p>Un<strong> trait d&rsquo;union entre deux mondes<\/strong>, deux oc\u00e9ans\u2026 Un petit pays d&rsquo;Am\u00e9rique latine qui, lors d&rsquo;un voyage en famille, surprend par <strong>la beaut\u00e9 de ses paysages<\/strong> et sa diversit\u00e9 culturelle. L\u00e0-bas, on passe d&rsquo;un archipel de carte postale aux rues vibrantes de Panama City, des for\u00eats tropicales o\u00f9 vivent singes hurleurs et toucans \u00e0 des villages ancr\u00e9s dans le temps. Embarquez pour <strong>les \u00eeles San Blas<\/strong>, joyaux de la c\u00f4te carib\u00e9enne, pos\u00e9s sur une mer <em>azul<\/em>, o\u00f9 les enfants courent pieds nus sur le sable pendant que les parents discutent avec <strong>les Guna<\/strong>, peuple insulaire fier et accueillant. Arr\u00eatez-vous devant<strong> les \u00e9cluses du canal<\/strong>, fascin\u00e9s par le lent ballet des cargos g\u00e9ants. Vivez cette <strong>\u00e9chapp\u00e9e paisible<\/strong>, authentique, o\u00f9 chaque \u00e9tape m\u00eale d\u00e9couverte, rencontre et \u00e9merveillement. Visitez le Panama en famille.<\/p>\n\n\n\n<figure class=\"wp-block-image size-full\"><img decoding=\"async\" width=\"1110\" height=\"721\" src=\"https:\/\/www.amplitudes.com\/blog-backend\/wp-content\/uploads\/2025\/06\/image-panama-article-amerique-du-sud.jpg\" alt=\"Voyage en Am\u00e9rique du Sud en famille - Visitez les plages du Panama - Amplitudes\" class=\"wp-image-17387\" srcset=\"https:\/\/www.amplitudes.com\/blog-backend\/wp-content\/uploads\/2025\/06\/image-panama-article-amerique-du-sud.jpg 1110w, https:\/\/www.amplitudes.com\/blog-backend\/wp-content\/uploads\/2025\/06\/image-panama-article-amerique-du-sud-300x195.jpg 300w, https:\/\/www.amplitudes.com\/blog-backend\/wp-content\/uploads\/2025\/06\/image-panama-article-amerique-du-sud-781x507.jpg 781w\" sizes=\"(max-width: 1110px) 100vw, 1110px\" \/><figcaption class=\"wp-element-caption\">Fronti\u00e8re entre ciel et mer<\/figcaption><\/figure>\n\n\n\n<p>Parcourez ce roman d&rsquo;aventure \u00e0 travers nos circuits d&rsquo;exception, con\u00e7us pour des <strong>\u00e9vasions&nbsp;en famille inoubliables<\/strong>. Nos voyages au Panama avec des enfants s&rsquo;articulent autour de quatre piliers. Un programme court avec des distances r\u00e9duites pour <strong>limiter la fatigue<\/strong> et profiter pleinement de chaque \u00e9tape. Un itin\u00e9raire rayonnant autour de l&rsquo;effervescence de la capitale avant de partir pour un <strong>s\u00e9jour baln\u00e9aire<\/strong>, loin des foules. Une s\u00e9lection de sites pr\u00e9serv\u00e9s et d&rsquo;activit\u00e9s adapt\u00e9es aux bambins : tours en bateau, kayak, p\u00eache\u2026 Une p\u00e9riode des baleines concordant \u00e0 l&rsquo;agenda scolaire, pour <strong>d\u00e9couvrir le plus gros mammif\u00e8re de la plan\u00e8te<\/strong>, sans manquer l&rsquo;\u00e9cole. Visiter le Panama en famille, c&rsquo;est la sensation d&rsquo;aller au bout du monde, ensemble. C&rsquo;est l&rsquo;occasion de ramener des <strong>souvenirs imp\u00e9rissables<\/strong> d&rsquo;un voyage unique, ludique et d\u00e9paysant.<\/p>\n\n\n\n<div style=\"height:20px\" aria-hidden=\"true\" class=\"wp-block-spacer\"><\/div>\n\n\n\n<div class=\"wp-block-buttons is-content-justification-center is-layout-flex wp-container-core-buttons-layout-3 wp-block-buttons-is-layout-flex\">\n<div class=\"wp-block-button has-custom-width wp-block-button__width-75 has-custom-font-size is-style-outline\" style=\"font-size:16px\"><a class=\"wp-block-button__link wp-element-button\" href=\"https:\/\/www.amplitudes.com\/voyage-panama\/circuit-panama\/sejour-panama\/panama.html\" style=\"border-radius:0px\">D\u00c9COUVREZ NOS CIRCUITS SUR MESURE AU PANAMA<\/a><\/div>\n<\/div>\n\n\n\n<div style=\"height:20px\" aria-hidden=\"true\" class=\"wp-block-spacer\"><\/div>\n\n\n\n<div style=\"height:20px\" aria-hidden=\"true\" class=\"wp-block-spacer\"><\/div>\n\n\n\n<hr class=\"wp-block-separator has-alpha-channel-opacity is-style-wide\"\/>\n\n\n\n<div class=\"wp-block-group is-layout-constrained wp-block-group-is-layout-constrained\"><div class=\"wp-block-group__inner-container\">\n<div class=\"wp-block-group background-color : # is-layout-constrained wp-block-group-is-layout-constrained\"><div class=\"wp-block-group__inner-container\">\n<div class=\"wp-block-columns is-layout-flex wp-container-core-columns-layout-1 wp-block-columns-is-layout-flex\">\n<div class=\"wp-block-column is-layout-flow wp-block-column-is-layout-flow\">\n<figure class=\"wp-block-image size-large\"><img decoding=\"async\" width=\"901\" height=\"507\" src=\"https:\/\/www.amplitudes.com\/blog-backend\/wp-content\/uploads\/2025\/06\/Amplitudes_039593-1-901x507.jpg\" alt=\"Voyage en Colombie - Cath\u00e9drale - Amplitudes\" class=\"wp-image-17404\" srcset=\"https:\/\/www.amplitudes.com\/blog-backend\/wp-content\/uploads\/2025\/06\/Amplitudes_039593-1-901x507.jpg 901w, https:\/\/www.amplitudes.com\/blog-backend\/wp-content\/uploads\/2025\/06\/Amplitudes_039593-1-300x169.jpg 300w, https:\/\/www.amplitudes.com\/blog-backend\/wp-content\/uploads\/2025\/06\/Amplitudes_039593-1-1536x864.jpg 1536w, https:\/\/www.amplitudes.com\/blog-backend\/wp-content\/uploads\/2025\/06\/Amplitudes_039593-1-1170x660.jpg 1170w, https:\/\/www.amplitudes.com\/blog-backend\/wp-content\/uploads\/2025\/06\/Amplitudes_039593-1.jpg 1920w\" sizes=\"(max-width: 901px) 100vw, 901px\" \/><\/figure>\n\n\n\n<p class=\"has-text-align-center\"><strong>Voyage en Colombie : Encantournable Colombie<\/strong><\/p>\n\n\n\n<div class=\"wp-block-buttons is-layout-flex wp-block-buttons-is-layout-flex\">\n<div class=\"wp-block-button has-custom-width wp-block-button__width-100 has-custom-font-size\" style=\"font-size:16px\"><a class=\"wp-block-button__link wp-element-button\" href=\"https:\/\/www.amplitudes.com\/voyage\/voyage-colombie\/circuit-colombie\/sejour-colombie\/encantournable-colombie.html\" style=\"border-radius:0px\">D\u00c9COUVRIR<\/a><\/div>\n<\/div>\n<\/div>\n\n\n\n<div class=\"wp-block-column is-layout-flow wp-block-column-is-layout-flow\">\n<figure class=\"wp-block-image size-large\"><img decoding=\"async\" width=\"901\" height=\"507\" src=\"https:\/\/www.amplitudes.com\/blog-backend\/wp-content\/uploads\/2025\/06\/Amplitudes_029126-1-901x507.jpg\" alt=\"Voyage C\u00f4te du Costa Rica - Plage - Amplitudes\" class=\"wp-image-17403\" srcset=\"https:\/\/www.amplitudes.com\/blog-backend\/wp-content\/uploads\/2025\/06\/Amplitudes_029126-1-901x507.jpg 901w, https:\/\/www.amplitudes.com\/blog-backend\/wp-content\/uploads\/2025\/06\/Amplitudes_029126-1-300x169.jpg 300w, https:\/\/www.amplitudes.com\/blog-backend\/wp-content\/uploads\/2025\/06\/Amplitudes_029126-1-1536x864.jpg 1536w, https:\/\/www.amplitudes.com\/blog-backend\/wp-content\/uploads\/2025\/06\/Amplitudes_029126-1-1170x660.jpg 1170w, https:\/\/www.amplitudes.com\/blog-backend\/wp-content\/uploads\/2025\/06\/Amplitudes_029126-1.jpg 1920w\" sizes=\"(max-width: 901px) 100vw, 901px\" \/><\/figure>\n\n\n\n<p class=\"has-text-align-center\"><strong>Voyage au Costa Rica : Portrait tropical d&rsquo;une fugue en famille<\/strong><\/p>\n\n\n\n<div class=\"wp-block-buttons is-layout-flex wp-block-buttons-is-layout-flex\">\n<div class=\"wp-block-button has-custom-width wp-block-button__width-100 has-custom-font-size\" style=\"font-size:16px\"><a class=\"wp-block-button__link wp-element-button\" href=\"https:\/\/www.amplitudes.com\/voyage\/voyage-costa-rica\/circuit-costa-rica\/sejour-costa-rica\/portrait-tropical-dune-fugue-en-famille.html\" style=\"border-radius:0px\">D\u00c9COUVRIR<\/a><\/div>\n<\/div>\n<\/div>\n\n\n\n<div class=\"wp-block-column is-layout-flow wp-block-column-is-layout-flow\">\n<figure class=\"wp-block-image size-large\"><img decoding=\"async\" width=\"901\" height=\"507\" src=\"https:\/\/www.amplitudes.com\/blog-backend\/wp-content\/uploads\/2025\/06\/Amplitudes_001998-901x507.jpg\" alt=\"Voyage au Panama - rivages idylliques - Amplitudes\" class=\"wp-image-17405\" srcset=\"https:\/\/www.amplitudes.com\/blog-backend\/wp-content\/uploads\/2025\/06\/Amplitudes_001998-901x507.jpg 901w, https:\/\/www.amplitudes.com\/blog-backend\/wp-content\/uploads\/2025\/06\/Amplitudes_001998-300x169.jpg 300w, https:\/\/www.amplitudes.com\/blog-backend\/wp-content\/uploads\/2025\/06\/Amplitudes_001998-1536x864.jpg 1536w, https:\/\/www.amplitudes.com\/blog-backend\/wp-content\/uploads\/2025\/06\/Amplitudes_001998-1170x660.jpg 1170w, https:\/\/www.amplitudes.com\/blog-backend\/wp-content\/uploads\/2025\/06\/Amplitudes_001998.jpg 1920w\" sizes=\"(max-width: 901px) 100vw, 901px\" \/><\/figure>\n\n\n\n<p class=\"has-text-align-center\"><strong>Voyage au Panama : Ni\u00f1os, mi nombre es Panama<\/strong><\/p>\n\n\n\n<div class=\"wp-block-buttons is-layout-flex wp-block-buttons-is-layout-flex\">\n<div class=\"wp-block-button has-custom-width wp-block-button__width-100 has-custom-font-size\" style=\"font-size:16px\"><a class=\"wp-block-button__link wp-element-button\" href=\"https:\/\/www.amplitudes.com\/voyage\/voyage-panama\/circuit-panama\/sejour-panama\/mi-nombre-es-panama.html\" style=\"border-radius:0px\">D\u00c9COUVRIR<\/a><\/div>\n<\/div>\n<\/div>\n<\/div>\n<\/div><\/div>\n<\/div><\/div>\n\n\n\n<hr class=\"wp-block-separator has-alpha-channel-opacity is-style-wide\"\/>\n\n\n\n<h2 class=\"wp-block-heading\"><span class=\"ez-toc-section\" id=\"Un_circuit_au_Mexique_a_la_carte_Pour_un_voyage_en_famille_en_Amerique_Centrale_insolite\"><\/span><strong>Un circuit au Mexique \u00e0 la carte. Pour un voyage en famille en Am\u00e9rique Centrale insolite<\/strong><span class=\"ez-toc-section-end\"><\/span><\/h2>\n\n\n\n<p>Le Mexique, un concentr\u00e9 de magie brute et de<strong> traditions vivantes<\/strong>. Un pays qui bouscule les sens. Odeur du ma\u00efs grill\u00e9, couleurs \u00e9clatantes des march\u00e9s et grondement discret des volcans, loin, \u00e0 l&rsquo;horizon. On se surprend \u00e0 y trouver une<strong> riche diversit\u00e9 culturelle<\/strong>, fi\u00e8re et g\u00e9n\u00e9reuse, qui s&rsquo;invite dans chaque rue, chaque assiette, chaque sourire\u2026 <strong>Naviguez \u00e0 Xochimilco<\/strong> dans des barques orn\u00e9es de fleurs, grimpez les pyramides pr\u00e9colombiennes, apprenez \u00e0 faire des tortillas ou encore, \u00e9coutez les mariachis au coucher du soleil, impr\u00e9gnez-vous d&rsquo;un Mexique vibrant. Des <strong>vestiges mayas enfouis<\/strong> dans la jungle aux villages aux fa\u00e7ades pastel, des plages du Pacifique aux cenotes secrets du Yucat\u00e1n. Visiter la Nouvelle-Espagne, c&rsquo;est <strong>traverser les si\u00e8cles <\/strong>et le monde en une seule \u00e9pop\u00e9e. Un voyage en Am\u00e9rique latine en famille, des <strong>moments de partages uniques<\/strong>.<\/p>\n\n\n\n<figure class=\"wp-block-image size-full\"><img decoding=\"async\" width=\"1110\" height=\"721\" src=\"https:\/\/www.amplitudes.com\/blog-backend\/wp-content\/uploads\/2025\/06\/image-mexique-article-amerique-du-sud.jpg\" alt=\"Voyage en famille en Am\u00e9rique latine - visitez les temples maya du Mexique - Amplitudes\" class=\"wp-image-17388\" srcset=\"https:\/\/www.amplitudes.com\/blog-backend\/wp-content\/uploads\/2025\/06\/image-mexique-article-amerique-du-sud.jpg 1110w, https:\/\/www.amplitudes.com\/blog-backend\/wp-content\/uploads\/2025\/06\/image-mexique-article-amerique-du-sud-300x195.jpg 300w, https:\/\/www.amplitudes.com\/blog-backend\/wp-content\/uploads\/2025\/06\/image-mexique-article-amerique-du-sud-781x507.jpg 781w\" sizes=\"(max-width: 1110px) 100vw, 1110px\" \/><figcaption class=\"wp-element-caption\">Contempler l&rsquo;horizon bleut\u00e9<\/figcaption><\/figure>\n\n\n\n<p>Nos sp\u00e9cialistes con\u00e7oivent des<strong> \u00e9vasions kids friendly <\/strong>sur mesure pour satisfaire vos tendres besoins. Dans le cadre d&rsquo;un voyage en Am\u00e9rique latine en famille, au Mexique, nos experts ont tiss\u00e9, pour vous,<strong> des circuits haut de gamme<\/strong>. Ces derniers comprennent une d\u00e9couverte des sites, loin des foules, authentiques. Un grand nombre de repas inclus pour faciliter le voyage des parents. Et bien s\u00fbr, une s\u00e9lection d&rsquo;<strong>activit\u00e9s adapt\u00e9es aux enfants<\/strong> entre aventure, culture et superbes spectacles. Visitez les temples mayas et le site arch\u00e9ologique encore en fouille d&rsquo;Ek Balam, <strong>vecteur de vocation<\/strong> ? Puis partez d\u00e9couvrir la myst\u00e9rieuse et foisonnante <strong>r\u00e9serve de Rio Lagartos<\/strong>. Rencontrez des alligators et autres flamants roses \u00e0 travers ses lagons et lacs de la m\u00eame couleur. Un endroit pour le moins atypique ! Profitez d&rsquo;un voyage en Am\u00e9rique latine en famille entre <strong>moments de d\u00e9tente <\/strong>et enrichissements culturels. Sourires et convivialit\u00e9 assur\u00e9s !<\/p>\n\n\n\n<div style=\"height:20px\" aria-hidden=\"true\" class=\"wp-block-spacer\"><\/div>\n\n\n\n<div class=\"wp-block-buttons is-content-justification-center is-layout-flex wp-container-core-buttons-layout-7 wp-block-buttons-is-layout-flex\">\n<div class=\"wp-block-button has-custom-width wp-block-button__width-75 has-custom-font-size is-style-outline\" style=\"font-size:16px\"><a class=\"wp-block-button__link wp-element-button\" href=\"https:\/\/www.amplitudes.com\/voyage-mexique\/circuit-mexique\/sejour-mexique\/mexique.html\" style=\"border-radius:0px\">D\u00c9COUVREZ NOS CIRCUITS SUR MESURE AU MEXIQUE<\/a><\/div>\n<\/div>\n\n\n\n<div style=\"height:20px\" aria-hidden=\"true\" class=\"wp-block-spacer\"><\/div>\n\n\n\n<h2 class=\"wp-block-heading\"><span class=\"ez-toc-section\" id=\"Quel_pays_est_le_plus_adapte_pour_visiter_lAmerique_du_Sud_en_famille_Un_voyage_de_reve_au_Bresil\"><\/span><strong>Quel pays est le plus adapt\u00e9 pour visiter l&rsquo;Am\u00e9rique du Sud en famille ? Un voyage de r\u00eave au Br\u00e9sil<\/strong><span class=\"ez-toc-section-end\"><\/span><\/h2>\n\n\n\n<p>Un <strong>g\u00e9ant d&rsquo;Am\u00e9rique du Sud<\/strong> \u00e0 d\u00e9couvrir lors d&rsquo;un voyage en famille. Un pays <strong>d\u00e9bordant de vie<\/strong>, de sons, de couleurs ! Parsem\u00e9 de plages infinies, de jungles luxuriantes, de chutes vertigineuses, de mangroves, de d\u00e9serts de sable blanc, de rivi\u00e8res vert \u00e9meraude\u2026 Un endroit o\u00f9 <strong>tout se vit plus intens\u00e9ment<\/strong>. Cependant, tout ne se limite pas \u00e0 la beaut\u00e9 de ses paysages. Sa diversit\u00e9 culturelle, son <strong>\u00e9nergie contagieuse<\/strong> et l&rsquo;accueil chaleureux de la population locale r\u00e9chauffent le c\u0153ur. Partez \u00e0 la rencontre des mille visages du pays des Canarinho. <strong>Visitez Rio de Janeiro<\/strong>, entre morros verdoyants et rivages mythiques. Voguez vers les chutes d&rsquo;Igua\u00e7u, dessinant un merveilleux tableau devant <strong>les portes de l&rsquo;Amazonie<\/strong>. Ou encore, parcourez la r\u00e9gion du Nordeste et impr\u00e9gnez-vous de l&rsquo;atmosph\u00e8re du Br\u00e9sil \u00e0 travers des <strong>danses et des chants traditionnels<\/strong>. <\/p>\n\n\n\n<figure class=\"wp-block-image size-full\"><img decoding=\"async\" width=\"1110\" height=\"721\" src=\"https:\/\/www.amplitudes.com\/blog-backend\/wp-content\/uploads\/2025\/06\/image-bresil-article-amerique-du-sud.jpg\" alt=\"Voyage en famille au Br\u00e9sil - visitez Rio de Janeiro - Amplitudes\" class=\"wp-image-17389\" srcset=\"https:\/\/www.amplitudes.com\/blog-backend\/wp-content\/uploads\/2025\/06\/image-bresil-article-amerique-du-sud.jpg 1110w, https:\/\/www.amplitudes.com\/blog-backend\/wp-content\/uploads\/2025\/06\/image-bresil-article-amerique-du-sud-300x195.jpg 300w, https:\/\/www.amplitudes.com\/blog-backend\/wp-content\/uploads\/2025\/06\/image-bresil-article-amerique-du-sud-781x507.jpg 781w\" sizes=\"(max-width: 1110px) 100vw, 1110px\" \/><figcaption class=\"wp-element-caption\">Joga Bonito<\/figcaption><\/figure>\n\n\n\n<p>Du nord au sud, d&rsquo;est en ouest, <strong>le Br\u00e9sil vous surprend toujours<\/strong>. Pour vous impr\u00e9gner de l&rsquo;\u00e2me du pays de la samba, nos experts con\u00e7oivent des&nbsp;<strong>\u00e9vasions haut de gamme adapt\u00e9es aux familles<\/strong>. Explorez les coulisses du carnaval de Rio de Janeiro et initiez-vous \u00e0 la samba dans une ambiance joyeuse et festive. Rendez-vous \u00e0 <strong>la ville de Paraty<\/strong>, le bon endroit pour d\u00e9couvrir les animaux marins de la r\u00e9gion accompagn\u00e9s de votre masque et de votre tuba. Puis profitez d&rsquo;un tour en bateau sur <strong>Ilha Grande<\/strong>, entre criques secr\u00e8tes, eaux turquoise et rivages sauvages. Les bambins jouant aux Robinsons pendant que les parents profitent d&rsquo;un moment de d\u00e9tente au soleil, sereinement. Alors, <strong>faites confiance \u00e0 Amplitudes<\/strong> pour<strong> faire r\u00eaver petits et grands<\/strong>. Le Br\u00e9sil, destination id\u00e9ale pour un voyage en Am\u00e9rique du Sud en famille.<\/p>\n\n\n\n<div style=\"height:20px\" aria-hidden=\"true\" class=\"wp-block-spacer\"><\/div>\n\n\n\n<div class=\"wp-block-buttons is-content-justification-center is-layout-flex wp-container-core-buttons-layout-8 wp-block-buttons-is-layout-flex\">\n<div class=\"wp-block-button has-custom-width wp-block-button__width-75 has-custom-font-size is-style-outline\" style=\"font-size:16px\"><a class=\"wp-block-button__link wp-element-button\" href=\"https:\/\/www.amplitudes.com\/voyage-bresil\/circuit-bresil\/sejour-bresil\/bresil\/voyage-en-famille.html\" style=\"border-radius:0px\">D\u00c9COUVREZ NOS \u00c9VASIONS BR\u00c9SILIENNES FAMILIALES<\/a><\/div>\n<\/div>\n\n\n\n<div style=\"height:20px\" aria-hidden=\"true\" class=\"wp-block-spacer\"><\/div>\n\n\n\n<hr class=\"wp-block-separator has-alpha-channel-opacity is-style-wide\"\/>\n\n\n\n<div class=\"wp-block-group is-layout-constrained wp-block-group-is-layout-constrained\"><div class=\"wp-block-group__inner-container\">\n<div class=\"wp-block-group background-color : # is-layout-constrained wp-block-group-is-layout-constrained\"><div class=\"wp-block-group__inner-container\">\n<div class=\"wp-block-columns is-layout-flex wp-container-core-columns-layout-2 wp-block-columns-is-layout-flex\">\n<div class=\"wp-block-column is-layout-flow wp-block-column-is-layout-flow\">\n<figure class=\"wp-block-image size-large\"><img decoding=\"async\" width=\"901\" height=\"507\" src=\"https:\/\/www.amplitudes.com\/blog-backend\/wp-content\/uploads\/2025\/06\/Amplitudes_029022-901x507.jpg\" alt=\"Voyage Mexique - Temple maya - Amplitudes\" class=\"wp-image-17406\" srcset=\"https:\/\/www.amplitudes.com\/blog-backend\/wp-content\/uploads\/2025\/06\/Amplitudes_029022-901x507.jpg 901w, https:\/\/www.amplitudes.com\/blog-backend\/wp-content\/uploads\/2025\/06\/Amplitudes_029022-300x169.jpg 300w, https:\/\/www.amplitudes.com\/blog-backend\/wp-content\/uploads\/2025\/06\/Amplitudes_029022-1536x864.jpg 1536w, https:\/\/www.amplitudes.com\/blog-backend\/wp-content\/uploads\/2025\/06\/Amplitudes_029022-1170x660.jpg 1170w, https:\/\/www.amplitudes.com\/blog-backend\/wp-content\/uploads\/2025\/06\/Amplitudes_029022.jpg 1920w\" sizes=\"(max-width: 901px) 100vw, 901px\" \/><\/figure>\n\n\n\n<p class=\"has-text-align-center\"><strong>Voyage Mexique : La Familia Maya<\/strong><\/p>\n\n\n\n<div class=\"wp-block-buttons is-layout-flex wp-block-buttons-is-layout-flex\">\n<div class=\"wp-block-button has-custom-width wp-block-button__width-100 has-custom-font-size\" style=\"font-size:16px\"><a class=\"wp-block-button__link wp-element-button\" href=\"https:\/\/www.amplitudes.com\/voyage\/voyage-mexique\/circuit-mexique\/sejour-mexique\/la-familia-maya.html\" style=\"border-radius:0px\">D\u00c9COUVRIR<\/a><\/div>\n<\/div>\n<\/div>\n\n\n\n<div class=\"wp-block-column is-layout-flow wp-block-column-is-layout-flow\">\n<figure class=\"wp-block-image size-large\"><img decoding=\"async\" width=\"901\" height=\"507\" src=\"https:\/\/www.amplitudes.com\/blog-backend\/wp-content\/uploads\/2025\/06\/Amplitudes_018869-901x507.jpg\" alt=\"Voyage Mexique - Temple de Tulum - Amplitudes\" class=\"wp-image-17407\" srcset=\"https:\/\/www.amplitudes.com\/blog-backend\/wp-content\/uploads\/2025\/06\/Amplitudes_018869-901x507.jpg 901w, https:\/\/www.amplitudes.com\/blog-backend\/wp-content\/uploads\/2025\/06\/Amplitudes_018869-300x169.jpg 300w, https:\/\/www.amplitudes.com\/blog-backend\/wp-content\/uploads\/2025\/06\/Amplitudes_018869-1536x864.jpg 1536w, https:\/\/www.amplitudes.com\/blog-backend\/wp-content\/uploads\/2025\/06\/Amplitudes_018869-1170x660.jpg 1170w, https:\/\/www.amplitudes.com\/blog-backend\/wp-content\/uploads\/2025\/06\/Amplitudes_018869.jpg 1920w\" sizes=\"(max-width: 901px) 100vw, 901px\" \/><\/figure>\n\n\n\n<p class=\"has-text-align-center\"><strong>Voyage Mexique : Myst\u00e8res du Yucatan<\/strong><\/p>\n\n\n\n<div class=\"wp-block-buttons is-layout-flex wp-block-buttons-is-layout-flex\">\n<div class=\"wp-block-button has-custom-width wp-block-button__width-100 has-custom-font-size\" style=\"font-size:16px\"><a class=\"wp-block-button__link wp-element-button\" href=\"https:\/\/www.amplitudes.com\/voyage\/amerique-centrale\/mexique\/en-famille-nature-et-civilisation\/mysteres-du-yucatan.html\" style=\"border-radius:0px\">D\u00c9COUVRIR<\/a><\/div>\n<\/div>\n<\/div>\n\n\n\n<div class=\"wp-block-column is-layout-flow wp-block-column-is-layout-flow\">\n<figure class=\"wp-block-image size-large\"><img decoding=\"async\" width=\"901\" height=\"507\" src=\"https:\/\/www.amplitudes.com\/blog-backend\/wp-content\/uploads\/2025\/06\/pexels-victorfreitas-1072841-1-901x507.jpg\" alt=\"Voyage au Br\u00e9sil - famille qui marche sur la plage - Amplitudes\" class=\"wp-image-17409\" srcset=\"https:\/\/www.amplitudes.com\/blog-backend\/wp-content\/uploads\/2025\/06\/pexels-victorfreitas-1072841-1-901x507.jpg 901w, https:\/\/www.amplitudes.com\/blog-backend\/wp-content\/uploads\/2025\/06\/pexels-victorfreitas-1072841-1-300x169.jpg 300w, https:\/\/www.amplitudes.com\/blog-backend\/wp-content\/uploads\/2025\/06\/pexels-victorfreitas-1072841-1-1536x864.jpg 1536w, https:\/\/www.amplitudes.com\/blog-backend\/wp-content\/uploads\/2025\/06\/pexels-victorfreitas-1072841-1-1170x660.jpg 1170w, https:\/\/www.amplitudes.com\/blog-backend\/wp-content\/uploads\/2025\/06\/pexels-victorfreitas-1072841-1.jpg 1920w\" sizes=\"(max-width: 901px) 100vw, 901px\" \/><\/figure>\n\n\n\n<p class=\"has-text-align-center\"><strong>Voyage Br\u00e9sil : Le souffle du Br\u00e9sil en famille<\/strong><\/p>\n\n\n\n<div class=\"wp-block-buttons is-layout-flex wp-block-buttons-is-layout-flex\">\n<div class=\"wp-block-button has-custom-width wp-block-button__width-100 has-custom-font-size\" style=\"font-size:16px\"><a class=\"wp-block-button__link wp-element-button\" href=\"https:\/\/www.amplitudes.com\/voyage\/voyage-bresil\/circuit-bresil\/sejour-bresil\/le-souffle-du-bresil-en-famille.html\" style=\"border-radius:0px\">D\u00c9COUVRIR<\/a><\/div>\n<\/div>\n<\/div>\n<\/div>\n<\/div><\/div>\n<\/div><\/div>\n\n\n\n<hr class=\"wp-block-separator has-alpha-channel-opacity is-style-wide\"\/>\n\n\n\n<h2 class=\"wp-block-heading\"><span class=\"ez-toc-section\" id=\"Quels_sont_les_plus_dAmplitudes_pour_visiter_lAmerique_latine_en_famille\"><\/span><strong>Quels sont les plus d&rsquo;Amplitudes pour visiter l&rsquo;Am\u00e9rique latine en famille ?<\/strong><span class=\"ez-toc-section-end\"><\/span><\/h2>\n\n\n\n<p><strong>Faire confiance \u00e0 Amplitudes<\/strong>, c&rsquo;est s&rsquo;assurer d&rsquo;une exp\u00e9dition sereine et d&rsquo;une organisation fluide adapt\u00e9e \u00e0 tous les membres de la famille. Nos experts et <strong>conseillers s&rsquo;occupent de tout<\/strong>. Ils <strong>prennent en charge l&rsquo;int\u00e9gralit\u00e9 des r\u00e9servations<\/strong> : chambres communicantes, visites guid\u00e9es priv\u00e9es, trajets, location de v\u00e9hicules adapt\u00e9s\u2026 Chaque \u00e9tape, chaque halte, <strong>chaque instant est m\u00e9ticuleusement pens\u00e9 pour un voyage avec des enfants<\/strong>. Des h\u00f4tels kids friendly, des activit\u00e9s ludiques et enrichissantes, des temps calmes durant votre s\u00e9jour.&nbsp;Dans une <strong>volont\u00e9 d&rsquo;\u00e9vasion apais\u00e9e<\/strong>, nous mettons \u00e0 votre disposition notre service de conciergerie, disponible tout au long de votre <a href=\"https:\/\/www.amplitudes.com\/voyage-amerique-latine\/destination-amerique-latine\/circuit-amerique-latine\/sejour-amerique-latine\/amerique-latine.html\">fabuleuse \u00e9chapp\u00e9e sud-am\u00e9ricaine<\/a>. Puis, nous vous offrons aussi un <strong>sublime carnet de voyage<\/strong> unique, num\u00e9rique et enti\u00e8rement personnalis\u00e9. Partir en Am\u00e9rique du Sud en famille avec Amplitudes, c&rsquo;est la <strong>promesse d&rsquo;un voyage inoubliable<\/strong>, o\u00f9 chaque moment se savoure pleinement, ensemble.&nbsp;<\/p>\n\n\n\n<h3 class=\"wp-block-heading has-text-align-center\"><strong>Quel pays d&rsquo;Am\u00e9rique latine a su vous charmer ? Faites-le-nous savoir : <a href=\"https:\/\/www.amplitudes.com\/agence-de-voyages\/toulouse\/paris\/demande-devis-sur-mesure.html\">demandez votre devis gratuit<\/a><\/strong><\/h3>\n","protected":false},"excerpt":{"rendered":"<p>DOSSIER DU MOIS #Juin 2025 : Petits et grands globe-trotteurs. Une \u00e9pop\u00e9e en famille en Am\u00e9rique latine est une promesse de d\u00e9paysement dans des endroits sauvages, vivants, accueillants. Avec les conseils de nos experts, partez visiter la chaleureuse Colombie, son ambiance festive et accueillante et ses paysages divers et vari\u00e9s. Roulez au Costa Rica, vos [&hellip;]<\/p>\n","protected":false},"author":2,"featured_media":17400,"comment_status":"open","ping_status":"open","sticky":false,"template":"","format":"standard","meta":{"footnotes":""},"categories":[169],"tags":[197,210,181,241,271],"yoast_head":"<!-- This site is optimized with the Yoast SEO plugin v22.1 - https:\/\/yoast.com\/wordpress\/plugins\/seo\/ -->\n<title>Voyage en famille en Am\u00e9rique du sud : douceur latine - Amplitudes<\/title>\n<meta name=\"description\" content=\"Partez en voyage en Am\u00e9rique du Sud en famille avec Amplitudes pour d\u00e9couvrir la culture latine sous les conseils de nos sp\u00e9cialistes.\" \/>\n<meta name=\"robots\" content=\"index, follow, max-snippet:-1, max-image-preview:large, max-video-preview:-1\" \/>\n<link rel=\"canonical\" href=\"https:\/\/www.amplitudes.com\/blog-backend\/voyage-en-famille-en-amerique-du-sud-douceur-latine\/\" \/>\n<meta property=\"og:locale\" content=\"fr_FR\" \/>\n<meta property=\"og:type\" content=\"article\" \/>\n<meta property=\"og:title\" content=\"Voyage en famille en Am\u00e9rique du sud : douceur latine - Amplitudes\" \/>\n<meta property=\"og:description\" content=\"Partez en voyage en Am\u00e9rique du Sud en famille avec Amplitudes pour d\u00e9couvrir la culture latine sous les conseils de nos sp\u00e9cialistes.\" \/>\n<meta property=\"og:url\" content=\"https:\/\/www.amplitudes.com\/blog-backend\/voyage-en-famille-en-amerique-du-sud-douceur-latine\/\" \/>\n<meta property=\"og:site_name\" content=\"Blog de l&#039;agence de voyage sur-mesure Amplitudes\" \/>\n<meta property=\"article:publisher\" content=\"http:\/\/facebook.com\/amplitudes.devoyages\/\" \/>\n<meta property=\"article:published_time\" content=\"2025-06-27T12:54:52+00:00\" \/>\n<meta property=\"article:modified_time\" content=\"2026-02-23T16:26:34+00:00\" \/>\n<meta property=\"og:image\" content=\"https:\/\/www.amplitudes.com\/blog-backend\/wp-content\/uploads\/2025\/06\/Amplitudes_019242.jpg\" \/>\n\t<meta property=\"og:image:width\" content=\"1110\" \/>\n\t<meta property=\"og:image:height\" content=\"481\" \/>\n\t<meta property=\"og:image:type\" content=\"image\/jpeg\" \/>\n<meta name=\"author\" content=\"Floriane\" \/>\n<meta name=\"twitter:card\" content=\"summary_large_image\" \/>\n<meta name=\"twitter:creator\" content=\"@AmplitudesV\" \/>\n<meta name=\"twitter:site\" content=\"@AmplitudesV\" \/>\n<meta name=\"twitter:label1\" content=\"\u00c9crit par\" \/>\n\t<meta name=\"twitter:data1\" content=\"Floriane\" \/>\n\t<meta name=\"twitter:label2\" content=\"Dur\u00e9e de lecture estim\u00e9e\" \/>\n\t<meta name=\"twitter:data2\" content=\"10 minutes\" \/>\n<script type=\"application\/ld+json\" class=\"yoast-schema-graph\">{\"@context\":\"https:\/\/schema.org\",\"@graph\":[{\"@type\":\"WebPage\",\"@id\":\"https:\/\/www.amplitudes.com\/blog-backend\/voyage-en-famille-en-amerique-du-sud-douceur-latine\/\",\"url\":\"https:\/\/www.amplitudes.com\/blog-backend\/voyage-en-famille-en-amerique-du-sud-douceur-latine\/\",\"name\":\"Voyage en famille en Am\u00e9rique du sud : douceur latine - Amplitudes\",\"isPartOf\":{\"@id\":\"https:\/\/www.amplitudes.com\/blog-backend\/#website\"},\"datePublished\":\"2025-06-27T12:54:52+00:00\",\"dateModified\":\"2026-02-23T16:26:34+00:00\",\"author\":{\"@id\":\"https:\/\/www.amplitudes.com\/blog-backend\/#\/schema\/person\/1ac2058edef1f5f0f2c16e7f096a80b1\"},\"description\":\"Partez en voyage en Am\u00e9rique du Sud en famille avec Amplitudes pour d\u00e9couvrir la culture latine sous les conseils de nos sp\u00e9cialistes.\",\"inLanguage\":\"fr-FR\",\"potentialAction\":[{\"@type\":\"ReadAction\",\"target\":[\"https:\/\/www.amplitudes.com\/blog-backend\/voyage-en-famille-en-amerique-du-sud-douceur-latine\/\"]}]},{\"@type\":\"WebSite\",\"@id\":\"https:\/\/www.amplitudes.com\/blog-backend\/#website\",\"url\":\"https:\/\/www.amplitudes.com\/blog-backend\/\",\"name\":\"Blog de l&#039;agence de voyage sur-mesure Amplitudes\",\"description\":\"\",\"potentialAction\":[{\"@type\":\"SearchAction\",\"target\":{\"@type\":\"EntryPoint\",\"urlTemplate\":\"https:\/\/www.amplitudes.com\/blog-backend\/?s={search_term_string}\"},\"query-input\":\"required name=search_term_string\"}],\"inLanguage\":\"fr-FR\"},{\"@type\":\"Person\",\"@id\":\"https:\/\/www.amplitudes.com\/blog-backend\/#\/schema\/person\/1ac2058edef1f5f0f2c16e7f096a80b1\",\"name\":\"Floriane\",\"image\":{\"@type\":\"ImageObject\",\"inLanguage\":\"fr-FR\",\"@id\":\"https:\/\/www.amplitudes.com\/blog-backend\/#\/schema\/person\/image\/\",\"url\":\"https:\/\/secure.gravatar.com\/avatar\/f3f77af3dabd00f62e61c417047e08f6?s=96&d=mm&r=g\",\"contentUrl\":\"https:\/\/secure.gravatar.com\/avatar\/f3f77af3dabd00f62e61c417047e08f6?s=96&d=mm&r=g\",\"caption\":\"Floriane\"},\"url\":\"https:\/\/www.amplitudes.com\/blog-backend\/author\/audrey\/\"}]}<\/script>\n<!-- \/ Yoast SEO plugin. -->","yoast_head_json":{"title":"Voyage en famille en Am\u00e9rique du sud : douceur latine - Amplitudes","description":"Partez en voyage en Am\u00e9rique du Sud en famille avec Amplitudes pour d\u00e9couvrir la culture latine sous les conseils de nos sp\u00e9cialistes.","robots":{"index":"index","follow":"follow","max-snippet":"max-snippet:-1","max-image-preview":"max-image-preview:large","max-video-preview":"max-video-preview:-1"},"canonical":"https:\/\/www.amplitudes.com\/blog-backend\/voyage-en-famille-en-amerique-du-sud-douceur-latine\/","og_locale":"fr_FR","og_type":"article","og_title":"Voyage en famille en Am\u00e9rique du sud : douceur latine - Amplitudes","og_description":"Partez en voyage en Am\u00e9rique du Sud en famille avec Amplitudes pour d\u00e9couvrir la culture latine sous les conseils de nos sp\u00e9cialistes.","og_url":"https:\/\/www.amplitudes.com\/blog-backend\/voyage-en-famille-en-amerique-du-sud-douceur-latine\/","og_site_name":"Blog de l&#039;agence de voyage sur-mesure Amplitudes","article_publisher":"http:\/\/facebook.com\/amplitudes.devoyages\/","article_published_time":"2025-06-27T12:54:52+00:00","article_modified_time":"2026-02-23T16:26:34+00:00","og_image":[{"width":1110,"height":481,"url":"https:\/\/www.amplitudes.com\/blog-backend\/wp-content\/uploads\/2025\/06\/Amplitudes_019242.jpg","type":"image\/jpeg"}],"author":"Floriane","twitter_card":"summary_large_image","twitter_creator":"@AmplitudesV","twitter_site":"@AmplitudesV","twitter_misc":{"\u00c9crit par":"Floriane","Dur\u00e9e de lecture estim\u00e9e":"10 minutes"},"schema":{"@context":"https:\/\/schema.org","@graph":[{"@type":"WebPage","@id":"https:\/\/www.amplitudes.com\/blog-backend\/voyage-en-famille-en-amerique-du-sud-douceur-latine\/","url":"https:\/\/www.amplitudes.com\/blog-backend\/voyage-en-famille-en-amerique-du-sud-douceur-latine\/","name":"Voyage en famille en Am\u00e9rique du sud : douceur latine - Amplitudes","isPartOf":{"@id":"https:\/\/www.amplitudes.com\/blog-backend\/#website"},"datePublished":"2025-06-27T12:54:52+00:00","dateModified":"2026-02-23T16:26:34+00:00","author":{"@id":"https:\/\/www.amplitudes.com\/blog-backend\/#\/schema\/person\/1ac2058edef1f5f0f2c16e7f096a80b1"},"description":"Partez en voyage en Am\u00e9rique du Sud en famille avec Amplitudes pour d\u00e9couvrir la culture latine sous les conseils de nos sp\u00e9cialistes.","inLanguage":"fr-FR","potentialAction":[{"@type":"ReadAction","target":["https:\/\/www.amplitudes.com\/blog-backend\/voyage-en-famille-en-amerique-du-sud-douceur-latine\/"]}]},{"@type":"WebSite","@id":"https:\/\/www.amplitudes.com\/blog-backend\/#website","url":"https:\/\/www.amplitudes.com\/blog-backend\/","name":"Blog de l&#039;agence de voyage sur-mesure Amplitudes","description":"","potentialAction":[{"@type":"SearchAction","target":{"@type":"EntryPoint","urlTemplate":"https:\/\/www.amplitudes.com\/blog-backend\/?s={search_term_string}"},"query-input":"required name=search_term_string"}],"inLanguage":"fr-FR"},{"@type":"Person","@id":"https:\/\/www.amplitudes.com\/blog-backend\/#\/schema\/person\/1ac2058edef1f5f0f2c16e7f096a80b1","name":"Floriane","image":{"@type":"ImageObject","inLanguage":"fr-FR","@id":"https:\/\/www.amplitudes.com\/blog-backend\/#\/schema\/person\/image\/","url":"https:\/\/secure.gravatar.com\/avatar\/f3f77af3dabd00f62e61c417047e08f6?s=96&d=mm&r=g","contentUrl":"https:\/\/secure.gravatar.com\/avatar\/f3f77af3dabd00f62e61c417047e08f6?s=96&d=mm&r=g","caption":"Floriane"},"url":"https:\/\/www.amplitudes.com\/blog-backend\/author\/audrey\/"}]}},"_links":{"self":[{"href":"https:\/\/www.amplitudes.com\/blog-backend\/wp-json\/wp\/v2\/posts\/17373"}],"collection":[{"href":"https:\/\/www.amplitudes.com\/blog-backend\/wp-json\/wp\/v2\/posts"}],"about":[{"href":"https:\/\/www.amplitudes.com\/blog-backend\/wp-json\/wp\/v2\/types\/post"}],"author":[{"embeddable":true,"href":"https:\/\/www.amplitudes.com\/blog-backend\/wp-json\/wp\/v2\/users\/2"}],"replies":[{"embeddable":true,"href":"https:\/\/www.amplitudes.com\/blog-backend\/wp-json\/wp\/v2\/comments?post=17373"}],"version-history":[{"count":20,"href":"https:\/\/www.amplitudes.com\/blog-backend\/wp-json\/wp\/v2\/posts\/17373\/revisions"}],"predecessor-version":[{"id":19296,"href":"https:\/\/www.amplitudes.com\/blog-backend\/wp-json\/wp\/v2\/posts\/17373\/revisions\/19296"}],"wp:featuredmedia":[{"embeddable":true,"href":"https:\/\/www.amplitudes.com\/blog-backend\/wp-json\/wp\/v2\/media\/17400"}],"wp:attachment":[{"href":"https:\/\/www.amplitudes.com\/blog-backend\/wp-json\/wp\/v2\/media?parent=17373"}],"wp:term":[{"taxonomy":"category","embeddable":true,"href":"https:\/\/www.amplitudes.com\/blog-backend\/wp-json\/wp\/v2\/categories?post=17373"},{"taxonomy":"post_tag","embeddable":true,"href":"https:\/\/www.amplitudes.com\/blog-backend\/wp-json\/wp\/v2\/tags?post=17373"}],"curies":[{"name":"wp","href":"https:\/\/api.w.org\/{rel}","templated":true}]}}