{"id":17420,"date":"2025-07-04T13:46:11","date_gmt":"2025-07-04T12:46:11","guid":{"rendered":"https:\/\/www.amplitudes.com\/blog-backend\/?p=17420"},"modified":"2025-08-28T11:52:11","modified_gmt":"2025-08-28T10:52:11","slug":"que-faire-au-costa-rica-immersions-selon-la-duree-du-sejour","status":"publish","type":"post","link":"https:\/\/www.amplitudes.com\/blog-backend\/que-faire-au-costa-rica-immersions-selon-la-duree-du-sejour\/","title":{"rendered":"Que faire au Costa Rica\u202f? Immersions selon la dur\u00e9e du s\u00e9jour\u00a0"},"content":{"rendered":"\n<p>Les eaux turquoise des Cara\u00efbes d\u2019un c\u00f4t\u00e9, les vagues puissantes du Pacifique de l\u2019autre, le <strong>Costa Rica<\/strong> se fait terre de rencontres entre jungle et plages. La brume flotte au sommet du <strong>volcan Arenal<\/strong>, un toucan traverse le ciel et la rumeur des cascades vient briser le silence. Au-del\u00e0 des paysages propices \u00e0 la <strong>d\u00e9connexion<\/strong>, c\u2019est un nouvel \u00e9tat d\u2019esprit qui s\u2019impose\u202f: la <strong>\u00ab\u202fPura Vida\u202f\u00bb.<\/strong> Ici, on prend le temps de savourer un caf\u00e9, de fl\u00e2ner les pieds dans le sable chaud \u00e0 <strong>Tamarindo<\/strong> ou de glisser en tyrolienne sous la canop\u00e9e de <strong>Monteverde<\/strong>. Vivre <a href=\"https:\/\/www.amplitudes.com\/voyage-costa-rica\/circuit-costa-rica\/sejour-costa-rica\/costa-rica.html\">l\u2019exp\u00e9rience costaricaine<\/a>, c\u2019est une parenth\u00e8se pr\u00e9cieuse durant laquelle parents et enfants appr\u00e9cient la vie diff\u00e9remment. Le sourire d\u2019un paresseux devient alors le souvenir puissant de ce <strong>voyage unique <\/strong>en Am\u00e9rique centrale.<\/p>\n\n\n\n<h2 class=\"wp-block-heading\"><strong>Que faire au Costa Rica en 1 semaine ou 10 jours\u202f?&nbsp;<\/strong><\/h2>\n\n\n\n<p>Au Costa Rica, chaque exp\u00e9rience repr\u00e9sente une aventure en soi. Pour cette raison, nos artisans cr\u00e9ateurs recommandent un <a href=\"https:\/\/www.amplitudes.com\/voyage-costa-rica\/circuit-costa-rica\/sejour-costa-rica\/costa-rica\/circuit-dix-jours.html\">s\u00e9jour d\u2019au moins 1 semaine en terre tica<\/a> pour un <strong>voyage immersif<\/strong>.&nbsp;<\/p>\n\n\n\n<h3 class=\"wp-block-heading\"><strong>Exploration du volcan Arenal et d\u00e9tente aux sources chaudes&nbsp;<\/strong><\/h3>\n\n\n\n<figure class=\"wp-block-image size-full\"><img decoding=\"async\" width=\"1110\" height=\"721\" src=\"https:\/\/www.amplitudes.com\/blog-backend\/wp-content\/uploads\/2025\/07\/image.jpg\" alt=\"Que faire au Costa Rica \u2013 Le sommet du volcan Arenal dissimul\u00e9 par la brume - Amplitudes\" class=\"wp-image-17421\" srcset=\"https:\/\/www.amplitudes.com\/blog-backend\/wp-content\/uploads\/2025\/07\/image.jpg 1110w, https:\/\/www.amplitudes.com\/blog-backend\/wp-content\/uploads\/2025\/07\/image-300x195.jpg 300w, https:\/\/www.amplitudes.com\/blog-backend\/wp-content\/uploads\/2025\/07\/image-781x507.jpg 781w\" sizes=\"(max-width: 1110px) 100vw, 1110px\" \/><figcaption class=\"wp-element-caption\">Un g\u00e9ant de la nature<\/figcaption><\/figure>\n\n\n\n<p>Des souvenirs aussi riches que la diversit\u00e9 des paysages. C\u2019est cette promesse murmur\u00e9e qui vous accompagne lors de votre arriv\u00e9e au pied du <strong>volcan Arenal<\/strong> s\u2019\u00e9levant \u00e0 1\u202f720 m\u00e8tres d\u2019altitude dans un <strong>climat myst\u00e9rieux<\/strong>. Nombreuses sont les possibilit\u00e9s d\u2019admirer et de d\u00e9couvrir ce g\u00e9ant de la nature. Suspendus entre ciel et for\u00eat, \u00e0 travers un parcours en <strong>tyrolienne<\/strong> perch\u00e9s \u00e0 plus de 250 m\u00e8tres au-dessus de la canop\u00e9e. En <strong>kayak<\/strong>, sur les eaux calmes du <strong>lac Arenal<\/strong> o\u00f9 le volcan domine majestueusement ce tableau vivant. Ici, effort et r\u00e9confort sont au rendez-vous. En effet, l\u2019activit\u00e9 volcanique d\u2019Arenal alimente diff\u00e9rentes sources d\u2019eau chaude. Lorsque le jour d\u00e9cline, les <strong>eaux <em>Ecotermales<\/em><\/strong><em> <\/em>vous tendent les bras pour un moment de d\u00e9tente. Entrez en harmonie avec la nature alors que le chant des oiseaux vous berce et la cascade \u00e0 effet hydro massant vous offre le meilleur des moments. Un moment suspendu.&nbsp;<\/p>\n\n\n\n<blockquote class=\"wp-block-quote\">\n<p><strong>Touche Amplitudes\u202f:<\/strong> Notre conciergerie ne laisse rien au hasard. <a href=\"https:\/\/www.amplitudes.com\/voyage-volcan-arenal\/circuit-volcan-arenal\/sejour-volcan-arenal\/volcan-arenal.html\">De passage dans la r\u00e9gion d&rsquo;Arenal<\/a> pour une nuit, une tente de luxe vous attend, vue imprenable sur le volcan. \u00c0 l\u2019ext\u00e9rieur, votre terrasse est sublim\u00e9e d\u2019une piscine aliment\u00e9e par les sources d\u2019eau chaude. Un moment unique et privil\u00e9gi\u00e9 au c\u0153ur d\u2019une verdure luxuriante.&nbsp;<\/p>\n<\/blockquote>\n\n\n\n<h3 class=\"wp-block-heading\"><strong>Balade sur les ponts suspendus de la Monteverde Cloud Forest Biological Reserve&nbsp;<\/strong><\/h3>\n\n\n\n<figure class=\"wp-block-image size-full\"><img decoding=\"async\" width=\"1110\" height=\"721\" src=\"https:\/\/www.amplitudes.com\/blog-backend\/wp-content\/uploads\/2025\/07\/image-1.jpg\" alt=\"Exp\u00e9riences au Costa Rica \u2013 Pont suspendu au c\u0153ur de la r\u00e9serve de Monteverde - Amplitudes\" class=\"wp-image-17422\" srcset=\"https:\/\/www.amplitudes.com\/blog-backend\/wp-content\/uploads\/2025\/07\/image-1.jpg 1110w, https:\/\/www.amplitudes.com\/blog-backend\/wp-content\/uploads\/2025\/07\/image-1-300x195.jpg 300w, https:\/\/www.amplitudes.com\/blog-backend\/wp-content\/uploads\/2025\/07\/image-1-781x507.jpg 781w\" sizes=\"(max-width: 1110px) 100vw, 1110px\" \/><figcaption class=\"wp-element-caption\">Prendre de la hauteur<\/figcaption><\/figure>\n\n\n\n<p>Direction les hauteurs brumeuses de la <strong>Monteverde Cloud Forest Biological Reserve<\/strong>, o\u00f9 seuls le souffle du vent et le chant des colibris r\u00e9sonnent dans une <strong>atmosph\u00e8re mystique<\/strong>. Son nom figure parmi les r\u00e9serves les plus c\u00e9l\u00e8bres et les plus importantes du Costa Rica. Un sanctuaire de biodiversit\u00e9 o\u00f9 cohabitent plus de <strong>400 esp\u00e8ces d\u2019oiseaux<\/strong> et plus de <strong>150 esp\u00e8ces d\u2019amphibiens et de reptiles<\/strong>. Peut-\u00eatre aurez-vous la chance de croiser, sur votre chemin, le mythique quetzal et son plumage vert \u00e9meraude. Ce qui est certain, c\u2019est que vous aussi, vous prendrez votre envol. Comme un oiseau, prenez de la hauteur avec une <a href=\"https:\/\/www.amplitudes.com\/voyage-costa-rica\/circuit-costa-rica\/sejour-costa-rica\/costa-rica\/voyage-en-couple-costa-rica.html\">balade costaricienne romantique<\/a>, au gr\u00e9 des<strong> ponts suspendus<\/strong> et admirez le paysage sous un autre angle. Au c\u0153ur de <strong>Monteverde<\/strong>, un simple chant d\u2019oiseau ou une silhouette furtive suffit \u00e0 r\u00e9v\u00e9ler l\u2019enchantement des lieux. La nature dans toute sa majest\u00e9.\u00a0<\/p>\n\n\n\n<blockquote class=\"wp-block-quote\">\n<p><strong>Touche Amplitudes\u202f:<\/strong> Que diriez-vous d\u2019une randonn\u00e9e nocturne\u202f? Nos conseillers vous organisent une <a href=\"https:\/\/www.amplitudes.com\/voyage-monteverde\/circuit-monteverde\/sejour-monteverde\/monteverde.html\">visite de Monteverde<\/a> \u00e0 la tomb\u00e9e de la nuit, accompagn\u00e9 d\u2019un guide sp\u00e9cialis\u00e9, pour d\u00e9couvrir les secrets des habitants de la r\u00e9serve. Observez d\u2019un \u0153il discret les coatis ou encore les opossums \u00e0 la recherche de nourriture.&nbsp;<\/p>\n<\/blockquote>\n\n\n\n<h3 class=\"wp-block-heading\"><strong>Rencontre animali\u00e8re et farniente sur les plages de Manuel Antonio&nbsp;<\/strong><\/h3>\n\n\n\n<figure class=\"wp-block-image size-full\"><img decoding=\"async\" width=\"1110\" height=\"721\" src=\"https:\/\/www.amplitudes.com\/blog-backend\/wp-content\/uploads\/2025\/07\/image-2.jpg\" alt=\"D\u00e9couvrir le Costa Rica \u2013 La for\u00eat du parc national Manuel Antonio rejoint l\u2019oc\u00e9an Pacifique - Amplitudes\" class=\"wp-image-17423\" srcset=\"https:\/\/www.amplitudes.com\/blog-backend\/wp-content\/uploads\/2025\/07\/image-2.jpg 1110w, https:\/\/www.amplitudes.com\/blog-backend\/wp-content\/uploads\/2025\/07\/image-2-300x195.jpg 300w, https:\/\/www.amplitudes.com\/blog-backend\/wp-content\/uploads\/2025\/07\/image-2-781x507.jpg 781w\" sizes=\"(max-width: 1110px) 100vw, 1110px\" \/><figcaption class=\"wp-element-caption\">Rencontre entre terre et mer<\/figcaption><\/figure>\n\n\n\n<p>Une nouvelle aventure vous attend, cette fois au rythme des vagues, au c\u0153ur du <strong>parc national Manuel Antonio<\/strong>. Une for\u00eat tropicale luxuriante aux mille surprises qui s\u2019\u00e9tend sur <strong>683 hectares<\/strong>. Ici, chaque pas est une rencontre. D\u2019abord avec un singe capucin qui se balance de liane en liane, puis avec un papillon morpho qui impressionne par son bleu \u00e9lectrique. Plusieurs sentiers se dessinent sous la canop\u00e9e, comme le <strong>Sendero Perezoso<\/strong>, id\u00e9al pour observer la faune de plus pr\u00e8s. Au bout du chemin, ce sont les vagues qui vous appellent. La <strong>plage de Manuel Antonio <\/strong>rappelle que le Costa Rica est aussi une invitation \u00e0 la d\u00e9tente. Un moyen de profiter avec sa moiti\u00e9 de ce <a href=\"https:\/\/www.amplitudes.com\/voyage-costa-rica\/circuit-costa-rica\/sejour-costa-rica\/costa-rica\/voyage-de-noces.html\">s\u00e9jour costaricain plac\u00e9 sous le signe de l\u2019amour<\/a>. Main dans la main sur une plage de sable blanc, face aux eaux cristallines qui s\u2019\u00e9tendent \u00e0 l\u2019infini. L\u2019\u00e9merveillement na\u00eet ici, entre <strong>d\u00e9couverte<\/strong> et <strong>contemplation<\/strong>.&nbsp;<\/p>\n\n\n\n<blockquote class=\"wp-block-quote\">\n<p><strong>Touche Amplitudes\u202f:<\/strong> Pour ne rien manquer de cette <a href=\"https:\/\/www.amplitudes.com\/voyage-manuel-antonio\/circuit-manuel-antonio\/sejour-manuel-antonio\/manuel-antonio.html\">\u00e9tape au parc de Manuel Antonio<\/a>, au bord de l&rsquo;oc\u00e9an Pacifique, notre conciergerie vous organise une visite guid\u00e9e aux c\u00f4t\u00e9s d\u2019un guide francophone. D\u00e9couvrez alors les secrets de la for\u00eat tropicale du parc le plus c\u00e9l\u00e8bre du Costa Rica.\u00a0<\/p>\n<\/blockquote>\n\n\n\n<h3 class=\"wp-block-heading\"><strong>D\u00e9couverte d\u2019un joyau de la biodiversit\u00e9\u202f: le parc national Tortuguero&nbsp;<\/strong><\/h3>\n\n\n\n<figure class=\"wp-block-image size-full\"><img decoding=\"async\" width=\"1110\" height=\"721\" src=\"https:\/\/www.amplitudes.com\/blog-backend\/wp-content\/uploads\/2025\/07\/image-4.jpg\" alt=\"Exp\u00e9riences pour un s\u00e9jour au Costa Rica \u2013 La tortue, embl\u00e8me du parc national Tortuguero - Amplitudes\" class=\"wp-image-17425\" srcset=\"https:\/\/www.amplitudes.com\/blog-backend\/wp-content\/uploads\/2025\/07\/image-4.jpg 1110w, https:\/\/www.amplitudes.com\/blog-backend\/wp-content\/uploads\/2025\/07\/image-4-300x195.jpg 300w, https:\/\/www.amplitudes.com\/blog-backend\/wp-content\/uploads\/2025\/07\/image-4-781x507.jpg 781w\" sizes=\"(max-width: 1110px) 100vw, 1110px\" \/><figcaption class=\"wp-element-caption\">Silencieuse voyageuse<\/figcaption><\/figure>\n\n\n\n<p>Une entr\u00e9e presque secr\u00e8te dans l\u2019intimit\u00e9 sauvage du Costa Rica. Bienvenue au <strong>parc national Tortuguero,<\/strong> r\u00e9serve naturelle de pr\u00e8s de <strong>19\u202f000 hectares<\/strong>. Une d\u00e9couverte entre terre et mer o\u00f9 la nature r\u00e8gne. Comme son nom l\u2019indique, le parc est connu pour ses tortues qui viennent pondre leurs \u0153ufs au bord de l\u2019eau. C\u2019est en naviguant sur les canaux que la faune maritime se d\u00e9voile. C\u2019est les yeux grands ouverts, que l\u2019on part \u00e0 la recherche des ca\u00efmans et des h\u00e9rons qui r\u00e9sident au c\u0153ur de ce <strong>joyau de la biodiversit\u00e9<\/strong>. Pour d\u00e9couvrir la partie terrestre, une belle randonn\u00e9e s\u2019impose au c\u0153ur des sentiers. Une exploration dans le <strong>silence de la nature<\/strong>, en prenant le temps d\u2019observer et d\u2019\u00e9couter. Le paresseux \u00e0 gorge brune vous esquisse un sourire tandis que l\u2019anhinga vous \u00e9merveille avec ses ailes d\u00e9ploy\u00e9es.&nbsp;<\/p>\n\n\n\n<blockquote class=\"wp-block-quote\">\n<p><strong>Touche Amplitudes\u202f:<\/strong> Quoi de mieux qu\u2019une <a href=\"https:\/\/www.amplitudes.com\/voyage-tortuguero\/circuit-tortuguero\/sejour-tortuguero\/tortuguero.html\">nuit en lodge au c\u0153ur du parc national Tortuguero<\/a> pour une immersion totale\u202f? Depuis votre cocon, la vue s\u2019\u00e9tend sur la rivi\u00e8re et les amandiers qui la bordent. Comme l\u2019impression de faire partie du paysage.\u00a0<\/p>\n<\/blockquote>\n\n\n\n<h3 class=\"wp-block-heading\"><strong>Tamarindo, entre plages et aventures&nbsp;<\/strong><\/h3>\n\n\n\n<figure class=\"wp-block-image size-full\"><img decoding=\"async\" width=\"1110\" height=\"721\" src=\"https:\/\/www.amplitudes.com\/blog-backend\/wp-content\/uploads\/2025\/07\/image-11.jpg\" alt=\"S\u00e9jour au Costa Rica \u2013 La for\u00eat tropicale rejoint le sable \u00e0 Tamarindo - Amplitudes\" class=\"wp-image-17432\" srcset=\"https:\/\/www.amplitudes.com\/blog-backend\/wp-content\/uploads\/2025\/07\/image-11.jpg 1110w, https:\/\/www.amplitudes.com\/blog-backend\/wp-content\/uploads\/2025\/07\/image-11-300x195.jpg 300w, https:\/\/www.amplitudes.com\/blog-backend\/wp-content\/uploads\/2025\/07\/image-11-781x507.jpg 781w\" sizes=\"(max-width: 1110px) 100vw, 1110px\" \/><figcaption class=\"wp-element-caption\">Balade \u00e0 cheval aux derniers feux du soleil<\/figcaption><\/figure>\n\n\n\n<p>Les <strong>plages de Tamarindo<\/strong> vous appellent, douces et sauvages, pour un <a href=\"https:\/\/www.amplitudes.com\/voyage-costa-rica\/circuit-costa-rica\/sejour-costa-rica\/costa-rica\/plage-au-costa-rica.html\">moment baln\u00e9aire hors du temps au Costa Rica<\/a>, les pieds dans le sable blond ou dans les eaux cristallines de la <strong>r\u00e9gion de Guanacaste<\/strong>. Pendant que certains savourent le <strong>calme<\/strong>, cocktail dans une main, cr\u00e8me solaire dans l\u2019autre, d\u2019autres s\u2019abandonnent \u00e0 <strong>l\u2019appel de l\u2019aventure<\/strong>. L\u2019exploration des mangroves en kayak, royaume secret des h\u00e9rons et des singes hurleurs. Les apprentis surfeurs profitent des belles vagues et se r\u00e9jouissent de se lever sur la planche pour la premi\u00e8re fois. Les plus exp\u00e9riment\u00e9s, eux, se donnent rendez-vous sur la <strong>Playa Langosta<\/strong>. Sous la surface des eaux claires de l\u2019oc\u00e9an, un monde foisonnant se r\u00e9v\u00e8le le temps d\u2019une session <strong>snorkeling<\/strong> en t\u00eate \u00e0 t\u00eate avec les poissons-papillons. Le soir venu, le <strong>march\u00e9 nocturne de Tamarindo<\/strong> est le lieu parfait pour d\u00e9guster de d\u00e9licieux plats locaux au rythme des spectacles de rue.<\/p>\n\n\n\n<blockquote class=\"wp-block-quote\">\n<p><strong>Touche Amplitudes\u202f:<\/strong> Pour profiter des derniers feux du soleil, notre conciergerie vous organise une sortie en catamaran pour observer le coucher de soleil sur l\u2019eau. Un moment unique et intime pendant votre <a href=\"https:\/\/www.amplitudes.com\/voyage-tamarindo\/circuit-tamarindo\/sejour-tamarindo\/tamarindo.html\">s\u00e9jour \u00e0 Tamarindo<\/a>, \u00e0 partager avec sa moiti\u00e9 ou en famille.<\/p>\n<\/blockquote>\n\n\n\n<h2 class=\"wp-block-heading\"><strong>Que faire au Costa Rica en 2 semaines\u202f? 15 jours d\u2019exp\u00e9riences en famille&nbsp;<\/strong><\/h2>\n\n\n\n<p>D\u00e9couvrir le Costa Rica requiert des trajets \u00e0 travers les diff\u00e9rentes r\u00e9gions. Ainsi, <a href=\"https:\/\/www.amplitudes.com\/voyage-costa-rica\/circuit-costa-rica\/sejour-costa-rica\/costa-rica\/circuit-quinze-jours.html\">partir 15 jours au pays des Ticas et Ticos<\/a> est id\u00e9al pour optimiser les d\u00e9placements tout en profitant du s\u00e9jour et des exp\u00e9riences.&nbsp;<\/p>\n\n\n\n<h3 class=\"wp-block-heading\"><strong>Visite au c\u0153ur de la culture locale dans la Vall\u00e9e Centrale&nbsp;<\/strong><\/h3>\n\n\n\n<figure class=\"wp-block-image size-full\"><img decoding=\"async\" width=\"1110\" height=\"721\" src=\"https:\/\/www.amplitudes.com\/blog-backend\/wp-content\/uploads\/2025\/07\/image-3.jpg\" alt=\"Que faire au Costa Rica\u202f? \u2013 Les montagnes subliment la Vall\u00e9e Centrale - Amplitudes\" class=\"wp-image-17424\" srcset=\"https:\/\/www.amplitudes.com\/blog-backend\/wp-content\/uploads\/2025\/07\/image-3.jpg 1110w, https:\/\/www.amplitudes.com\/blog-backend\/wp-content\/uploads\/2025\/07\/image-3-300x195.jpg 300w, https:\/\/www.amplitudes.com\/blog-backend\/wp-content\/uploads\/2025\/07\/image-3-781x507.jpg 781w\" sizes=\"(max-width: 1110px) 100vw, 1110px\" \/><figcaption class=\"wp-element-caption\">Verdure \u00e0 perte de vue<\/figcaption><\/figure>\n\n\n\n<p>La <strong><a href=\"https:\/\/www.amplitudes.com\/voyage-vallee-centrale\/circuit-vallee-centrale\/sejour-vallee-centrale\/vallee-centrale.html\">Vall\u00e9e Centrale du Costa Rica<\/a><\/strong> regorge de tr\u00e9sors naturels et culturels. C\u2019est au c\u0153ur de <strong>San Jos\u00e9<\/strong>, capitale nich\u00e9e entre montagnes et volcans, que la richesse du patrimoine du Costa Rica se d\u00e9voile. Les secrets de ce pays <strong>d\u2019Am\u00e9rique centrale<\/strong> sont expos\u00e9s au <strong>mus\u00e9e de l\u2019Or pr\u00e9colombien<\/strong>, \u00e0 travers des salles plus color\u00e9es les unes que les autres, et au <strong>mus\u00e9e national <\/strong>avec les costumes traditionnels costariciens. La culture locale se d\u00e9couvre \u00e9galement en plein air, avec les plantations de caf\u00e9 \u00e0 <strong>Aquiares Estate<\/strong>, class\u00e9es monument historique. Petits et grands suivent avec attention la transformation des graines. Apr\u00e8s la d\u00e9gustation, une fois devenus experts du caf\u00e9, rien de mieux qu\u2019un arr\u00eat \u00e0 la <strong>cascade Aquiares<\/strong> pour le plus grand plaisir des plus jeunes. Les <strong>amoureux de la flore <\/strong>profitent d\u2019un moment de d\u00e9tente dans un cadre naturel pittoresque.\u00a0\u00a0<\/p>\n\n\n\n<blockquote class=\"wp-block-quote\">\n<p><strong>Touche Amplitudes\u202f:<\/strong> Les enfants aussi ont le droit de se r\u00e9galer. Lors de votre visite dans les plantations de caf\u00e9, notre conciergerie vous organise un atelier chocolat, de la torr\u00e9faction \u00e0 la d\u00e9gustation.&nbsp;<\/p>\n<\/blockquote>\n\n\n\n<h3 class=\"wp-block-heading\"><strong>Road trip carib\u00e9en \u00e0 la d\u00e9couverte de Puerto Viejo &amp; Cahuita&nbsp;<\/strong><\/h3>\n\n\n\n<figure class=\"wp-block-image size-full\"><img decoding=\"async\" width=\"1110\" height=\"721\" src=\"https:\/\/www.amplitudes.com\/blog-backend\/wp-content\/uploads\/2025\/07\/image-10.jpg\" alt=\"Que faire au Costa Rica \u2013 Le soleil se couche sur Cahuita - Amplitudes\" class=\"wp-image-17431\" srcset=\"https:\/\/www.amplitudes.com\/blog-backend\/wp-content\/uploads\/2025\/07\/image-10.jpg 1110w, https:\/\/www.amplitudes.com\/blog-backend\/wp-content\/uploads\/2025\/07\/image-10-300x195.jpg 300w, https:\/\/www.amplitudes.com\/blog-backend\/wp-content\/uploads\/2025\/07\/image-10-781x507.jpg 781w\" sizes=\"(max-width: 1110px) 100vw, 1110px\" \/><figcaption class=\"wp-element-caption\">Clapotis des vagues et vent dans les feuilles<\/figcaption><\/figure>\n\n\n\n<p>Le <a href=\"https:\/\/www.amplitudes.com\/voyage-cahuita\/circuit-cahuita\/sejour-cahuita\/cahuita.html\">paisible village de Cahuita<\/a>, lov\u00e9 au sud de la c\u00f4te Cara\u00efbe, d\u00e9voile, au milieu de maisons color\u00e9es, l\u2019une des natures les plus sauvages du pays. Son parc national offre un <strong>spectacle vivant spectaculaire <\/strong>entre jungle et plages bord\u00e9es d\u2019amandiers tropicaux. Un sentier en bord de c\u00f4te vous emm\u00e8ne \u00e0 la rencontre des iguanes et des singes hurleurs. Quelques kilom\u00e8tres plus au sud, <a href=\"https:\/\/www.amplitudes.com\/voyage-puerto-viejo\/circuit-puerto-viejo\/sejour-puerto-viejo\/puerto-viejo.html\">l\u2019aventure carib\u00e9enne se prolonge au village de Puerto Viejo<\/a>, paradis des surfeurs et r\u00e9gion d\u2019origine des Indiens Bribris, o\u00f9 l\u2019aventure devient plus rustique. Dans une <strong>ambiance des plus d\u00e9contract\u00e9es<\/strong>, les diff\u00e9rentes \u00e9tendues de sable deviennent terrains de jeu pour petits et grands. D&rsquo;ailleurs, <a href=\"https:\/\/www.amplitudes.com\/voyage-playa-cocles\/circuit-playa-cocles\/sejour-playa-cocles\/playa-cocles.html\">le spot de surf de Playa Cocles<\/a>, appr\u00e9ci\u00e9 des locaux et des voyageurs, s\u00e9duit pour ses eaux turquoise, id\u00e9ale pour le snorkeling, les yeux riv\u00e9s sur la barri\u00e8re de corail. Cette \u00e9tape de votre <strong>s\u00e9jour au Costa Rica<\/strong> se fait plus traditionnelle.\u00a0<\/p>\n\n\n\n<blockquote class=\"wp-block-quote\">\n<p><strong>Touche Amplitudes\u202f:<\/strong> Pour une exp\u00e9rience plus immersive et plus adapt\u00e9e aux enfants, <a href=\"https:\/\/www.amplitudes.com\/voyage-cote-caraibe-du-costa-rica\/circuit-cote-caraibe-du-costa-rica\/sejour-cote-caraibe-du-costa-rica\/cote-caraibe-du-costa-rica.html\">nos experts de la c\u00f4te Cara\u00efbe costaricienne<\/a> vous organisent une journ\u00e9e en compagnie du peuple indig\u00e8ne des Bribri. Une exp\u00e9rience consacr\u00e9e \u00e0 la d\u00e9couverte des traditions de la communaut\u00e9 telles que la production de chocolat ou encore la visite des jardins de plantes m\u00e9dicinales.\u00a0<\/p>\n<\/blockquote>\n\n\n\n<h3 class=\"wp-block-heading\"><strong>D\u00e9couverte du parc national Corcovado, incontournable d\u2019un circuit de 15 jours&nbsp;au Costa Rica<\/strong><\/h3>\n\n\n\n<figure class=\"wp-block-image size-full\"><img decoding=\"async\" width=\"1110\" height=\"721\" src=\"https:\/\/www.amplitudes.com\/blog-backend\/wp-content\/uploads\/2025\/07\/image-5.jpg\" alt=\"Exp\u00e9riences au Costa Rica \u2013 Le parc national du Corcovado face \u00e0 la Baie de Drake - Amplitudes\" class=\"wp-image-17426\" srcset=\"https:\/\/www.amplitudes.com\/blog-backend\/wp-content\/uploads\/2025\/07\/image-5.jpg 1110w, https:\/\/www.amplitudes.com\/blog-backend\/wp-content\/uploads\/2025\/07\/image-5-300x195.jpg 300w, https:\/\/www.amplitudes.com\/blog-backend\/wp-content\/uploads\/2025\/07\/image-5-781x507.jpg 781w\" sizes=\"(max-width: 1110px) 100vw, 1110px\" \/><figcaption class=\"wp-element-caption\">Palmiers et sable dor\u00e9<\/figcaption><\/figure>\n\n\n\n<p><a href=\"https:\/\/www.amplitudes.com\/voyage-parc-national-corcovado\/circuit-parc-national-corcovado\/sejour-parc-national-corcovado\/parc-national-corcovado.html\">Le parc national du Corcovado est une \u00e9tape indispensable<\/a>, notamment pour les familles en qu\u00eate d\u2019\u00e9vasion et de nature \u00e0 l\u2019\u00e9tat pur. Ce sanctuaire est l\u2019un des joyaux les plus pr\u00e9serv\u00e9s d\u2019Am\u00e9rique centrale. En effet, \u00e0 lui seul, il repr\u00e9sente <strong>2,5% de la biodiversit\u00e9 mondiale<\/strong>. Les animaux sauvages se laissent observer dans leur habitat naturel au d\u00e9tour d\u2019un sentier, dans un silence. Pour avoir une chance de les apercevoir, il faut savoir \u00eatre silencieux. Le parc regroupe plus de 300 esp\u00e8ces d\u2019oiseaux et plus de 100 esp\u00e8ces de mammif\u00e8res \u00e9voluant au milieu des mangroves. Le tapir, impressionnant par sa taille mais \u00e9tonnamment discret, toujours \u00e0 la recherche de feuillages, intrigue les petits explorateurs. Si le temps le permet, <a href=\"https:\/\/www.amplitudes.com\/voyage-bahia-drake\/circuit-bahia-drake\/sejour-bahia-drake\/bahia-drake.html\">direction la petite ville de Drake Bay<\/a> o\u00f9 des excursions en bateau sont propos\u00e9es pour tenter d\u2019apercevoir dauphins et tortues de mer. Une <strong>\u00e9tape marquante<\/strong> de votre <strong>circuit au Costa Rica<\/strong>.\u00a0<\/p>\n\n\n\n<blockquote class=\"wp-block-quote\">\n<p><strong>Touche Amplitudes\u202f: <\/strong>L\u2019acc\u00e8s au parc nich\u00e9 <a href=\"https:\/\/www.amplitudes.com\/voyage-peninsule-d-osa\/circuit-peninsule-d-osa\/sejour-peninsule-d-osa\/peninsule-d-osa.html\">au c\u0153ur de la p\u00e9ninsule d&rsquo;Osa<\/a>, tout pr\u00e8s de la baie de Drake, peut s\u2019av\u00e9rer difficile et le trajet peut para\u00eetre long pour les plus petits. Ainsi, nos experts vous r\u00e9servent un vol depuis San Jos\u00e9 vers la p\u00e9ninsule pour une exp\u00e9rience des plus agr\u00e9ables.\u00a0<\/p>\n<\/blockquote>\n\n\n\n<h3 class=\"wp-block-heading\"><strong>En route pour une myriade d\u2019activit\u00e9s au volcan Rinc\u00f3n de la Vieja&nbsp;<\/strong><\/h3>\n\n\n\n<figure class=\"wp-block-image size-full\"><img decoding=\"async\" width=\"1110\" height=\"721\" src=\"https:\/\/www.amplitudes.com\/blog-backend\/wp-content\/uploads\/2025\/07\/image-7.jpg\" alt=\"S\u00e9jour costaricain \u2013 La nature verdoyante du volcan Rinc\u00f3n de la Vieja - Amplitudes\" class=\"wp-image-17428\" srcset=\"https:\/\/www.amplitudes.com\/blog-backend\/wp-content\/uploads\/2025\/07\/image-7.jpg 1110w, https:\/\/www.amplitudes.com\/blog-backend\/wp-content\/uploads\/2025\/07\/image-7-300x195.jpg 300w, https:\/\/www.amplitudes.com\/blog-backend\/wp-content\/uploads\/2025\/07\/image-7-781x507.jpg 781w\" sizes=\"(max-width: 1110px) 100vw, 1110px\" \/><figcaption class=\"wp-element-caption\">Ondulations naturelles<\/figcaption><\/figure>\n\n\n\n<p>Lors d&rsquo;un <a href=\"https:\/\/www.amplitudes.com\/voyage-nord-du-costa-rica\/circuit-nord-du-costa-rica\/sejour-nord-du-costa-rica\/nord-du-costa-rica.html\">s\u00e9jour dans le nord du Costa Rica<\/a>, nord-ouest au c\u0153ur de la <strong>province du Guanacaste<\/strong> pr\u00e9cis\u00e9ment, le <strong>volcan Rinc\u00f3n de la Vieja<\/strong>, \u00ab\u202fcoin de la vieille\u202f\u00bb, vous offre un paysage vivant spectaculaire. Ainsi, son parc devient le terrain de jeu des familles \u00e0 la recherche d\u2019un voyage riche en d\u00e9couvertes. Ici, les arbres centenaires se font l\u2019abri d\u2019une faune riche en couleurs. L\u2019une des plus belles randonn\u00e9es m\u00e8ne \u00e0 la cascade <strong>La Cangreja<\/strong> o\u00f9 seuls les marcheurs les plus aguerris s\u2019\u00e9lancent pour une pause fra\u00eecheur au milieu de la jungle. Les enfants seront plus aptes \u00e0 sillonner le sentier <strong>Las Pailas<\/strong>, offrant un premier contact ludique et \u00e9ducatif avec la puissance du volcan. Une <a href=\"https:\/\/www.amplitudes.com\/voyage-costa-rica\/circuit-costa-rica\/sejour-costa-rica\/costa-rica\/voyage-en-famille.html\">exp\u00e9rience costaricaine pour les familles<\/a> qui n\u2019ont peur de rien, pas m\u00eame de la force de la nature. Nature, qui entre nous, se veut plut\u00f4t douce dans ce coin sauvage du Costa Rica.\u00a0<\/p>\n\n\n\n<blockquote class=\"wp-block-quote\">\n<p><strong>Touche Amplitudes\u202f:<\/strong> Pour b\u00e9n\u00e9ficier des bienfaits de la nature g\u00e9othermique, nos experts vous proposent de participer \u00e0 un rituel thermal naturel entre bain de boue volcanique ti\u00e8de et sources d\u2019eau chaude.&nbsp;<\/p>\n<\/blockquote>\n\n\n\n<h2 class=\"wp-block-heading\"><strong>Que faire au Costa Rica en 3 semaines\u202f?&nbsp;<\/strong><\/h2>\n\n\n\n<p>Sur cette dur\u00e9e, il est \u00e9galement possible de <a href=\"https:\/\/www.amplitudes.com\/voyage-costa-rica\/circuit-costa-rica\/sejour-costa-rica\/costa-rica\/combine-costa-rica.html\">faire de ce voyage au Costa Rica le point de d\u00e9part pour un s\u00e9jour combin\u00e9 d&rsquo;exception<\/a> avec le Panama ou encore le Nicaragua.\u00a0<\/p>\n\n\n\n<h3 class=\"wp-block-heading\"><strong>Excursion f\u00e9\u00e9rique le long des paysages enchant\u00e9s de la rivi\u00e8re du volcan Tenorio\u202f: R\u00edo Celeste&nbsp;<\/strong><\/h3>\n\n\n\n<figure class=\"wp-block-image size-full\"><img decoding=\"async\" width=\"1110\" height=\"721\" src=\"https:\/\/www.amplitudes.com\/blog-backend\/wp-content\/uploads\/2025\/07\/image-9.jpg\" alt=\"Que faire au Costa Rica\u202f\u2013 La cascade du R\u00edo Celeste r\u00e9sonne dans la for\u00eat - Amplitudes\" class=\"wp-image-17430\" srcset=\"https:\/\/www.amplitudes.com\/blog-backend\/wp-content\/uploads\/2025\/07\/image-9.jpg 1110w, https:\/\/www.amplitudes.com\/blog-backend\/wp-content\/uploads\/2025\/07\/image-9-300x195.jpg 300w, https:\/\/www.amplitudes.com\/blog-backend\/wp-content\/uploads\/2025\/07\/image-9-781x507.jpg 781w\" sizes=\"(max-width: 1110px) 100vw, 1110px\" \/><figcaption class=\"wp-element-caption\">La rivi\u00e8re enchant\u00e9e<\/figcaption><\/figure>\n\n\n\n<p>Au c\u0153ur du <strong>parc national du volcan Tenorio<\/strong>, la randonn\u00e9e le long du <strong>R<strong>\u00ed<\/strong>o Celeste <\/strong>r\u00e9serve l\u2019une des exp\u00e9riences les plus f\u00e9\u00e9riques du pays. Un sentiment de fra\u00eecheur au milieu d\u2019une for\u00eat tropicale humide. Les toucans, eux, subliment le paysage de leurs couleurs vives. Impossible de l\u00e2cher du regard la couleur turquoise de la rivi\u00e8re qui para\u00eet presque irr\u00e9elle. Au cours de l\u2019excursion, les cascades et bassins se succ\u00e8dent dans une harmonie parfaite entre eau et for\u00eat. Une fois redescendu, vous tombez nez \u00e0 nez avec <strong>la Laguna Azul<\/strong> qui vous hypnotise de son bleu per\u00e7ant. C\u2019est une fois arriv\u00e9 \u00e0 <strong>Te\u00f1idero<\/strong> que vous d\u00e9couvrez le point magique o\u00f9 les eaux s\u2019entrem\u00ealent et cr\u00e9ent ce turquoise. Une r\u00e9action chimique qui se produit lors de la rencontre des deux rivi\u00e8res\u202f: <strong>R\u00edo<\/strong> <strong>Celeste<\/strong> et <strong>R\u00edo Buena Vista<\/strong>. Le <a href=\"https:\/\/www.amplitudes.com\/voyage-volcan-tenorio\/circuit-volcan-tenorio\/sejour-volcan-tenorio\/volcan-tenorio.html\">parc national du volcan Tenorio<\/a>, une parenth\u00e8se enchant\u00e9e de votre circuit costaricain.\u00a0<\/p>\n\n\n\n<blockquote class=\"wp-block-quote\">\n<p><strong>Touche Amplitudes\u202f:<\/strong> Pour se rendre au parc, dans la r\u00e9gion nord du Costa Rica, <a href=\"https:\/\/www.amplitudes.com\/voyage-san-jose\/circuit-san-jose\/sejour-san-jose\/san-jose.html\">nos experts s\u2019occupent de louer une voiture pour vous \u00e0 San Jos\u00e9<\/a>. Vous n\u2019aurez qu\u2019\u00e0 la r\u00e9cup\u00e9rer et vous diriger vers votre nouvelle aventure.<\/p>\n<\/blockquote>\n\n\n\n<h3 class=\"wp-block-heading\"><strong>S\u00e9jour baln\u00e9aire sur la p\u00e9ninsule de Nicoya&nbsp;au Costa Rica<\/strong><\/h3>\n\n\n\n<figure class=\"wp-block-image size-full\"><img decoding=\"async\" width=\"1110\" height=\"721\" src=\"https:\/\/www.amplitudes.com\/blog-backend\/wp-content\/uploads\/2025\/07\/image-6.jpg\" alt=\"Exp\u00e9riences costaricaines \u2013 Les vagues de Nicoya cherchent \u00e0 rejoindre la for\u00eat - Amplitudes\" class=\"wp-image-17427\" srcset=\"https:\/\/www.amplitudes.com\/blog-backend\/wp-content\/uploads\/2025\/07\/image-6.jpg 1110w, https:\/\/www.amplitudes.com\/blog-backend\/wp-content\/uploads\/2025\/07\/image-6-300x195.jpg 300w, https:\/\/www.amplitudes.com\/blog-backend\/wp-content\/uploads\/2025\/07\/image-6-781x507.jpg 781w\" sizes=\"(max-width: 1110px) 100vw, 1110px\" \/><figcaption class=\"wp-element-caption\"> Fronti\u00e8re naturelle<\/figcaption><\/figure>\n\n\n\n<p>Sur la c\u00f4te sauvage de la <strong>p\u00e9ninsule de Nicoya<\/strong>, profitez de votre <strong>voyage au Costa Rica<\/strong> en suivant <a href=\"https:\/\/www.amplitudes.com\/voyage-costa-rica\/circuit-costa-rica\/sejour-costa-rica\/costa-rica\/voyage-de-luxe.html\">l\u2019art de vivre de la \u00ab\u202fpura vida\u202f\u00bb<\/a>. Entre plages de sable fin bord\u00e9es de palmiers et villages de p\u00eacheurs, la p\u00e9ninsule offre une facette plus douce et intime du pays. <a href=\"https:\/\/www.amplitudes.com\/voyage-samara\/circuit-samara\/sejour-samara\/samara.html\">De passage sur les rives de S\u00e1mara<\/a>, l\u2019oc\u00e9an Pacifique vous livre ses secrets. \u00c0 bord d\u2019un kayak ou d\u2019un paddle, explorez les eaux et mangroves de la r\u00e9gion en compagnie d\u2019un guide. Des excursions nocturnes sont \u00e9galement organis\u00e9es entre juin et janvier, p\u00e9riode de <strong>ponte des tortues de mer<\/strong>. \u00c0 <strong>Punta Islita<\/strong>, ne manquez pas la visite du refuge et centre d\u2019\u00e9levage d\u00e9di\u00e9 aux aras rouges, le <strong>Macaw Recovery Network<\/strong>. Ici, les esp\u00e8ces fragilis\u00e9es trouvent refuge, dans l\u2019espoir d\u2019assurer leur reproduction. Les petits sont eux rel\u00e2ch\u00e9s dans la nature. La p\u00e9ninsule de Nicoya offre un \u00e9quilibre entre <strong>nature brute et douceur<\/strong>.\u00a0<\/p>\n\n\n\n<blockquote class=\"wp-block-quote\">\n<p><strong>Touche Amplitudes\u202f:<\/strong> Pour marquer davantage cette \u00e9tape de votre circuit au Costa Rica, notre conciergerie vous propose une excursion en bateau au large de S\u00e1mara \u00e0 la recherche des dauphins et des raies. S\u2019ensuit une session snorkeling au milieu des eaux claires.\u00a0<\/p>\n<\/blockquote>\n\n\n\n<h3 class=\"wp-block-heading\"><strong>Entre terre et oc\u00e9an, au c\u0153ur du parc Marino Ballena&nbsp;<\/strong><\/h3>\n\n\n\n<figure class=\"wp-block-image size-full\"><img decoding=\"async\" width=\"1110\" height=\"721\" src=\"https:\/\/www.amplitudes.com\/blog-backend\/wp-content\/uploads\/2025\/07\/image-8.jpg\" alt=\"Exp\u00e9riences costaricaines \u2013 La queue du Parc Marino Ballena se d\u00e9voile - Amplitudes\" class=\"wp-image-17429\" srcset=\"https:\/\/www.amplitudes.com\/blog-backend\/wp-content\/uploads\/2025\/07\/image-8.jpg 1110w, https:\/\/www.amplitudes.com\/blog-backend\/wp-content\/uploads\/2025\/07\/image-8-300x195.jpg 300w, https:\/\/www.amplitudes.com\/blog-backend\/wp-content\/uploads\/2025\/07\/image-8-781x507.jpg 781w\" sizes=\"(max-width: 1110px) 100vw, 1110px\" \/><figcaption class=\"wp-element-caption\">La terre \u00e0 la rencontre de l\u2019oc\u00e9an<\/figcaption><\/figure>\n\n\n\n<p>Le <a href=\"https:\/\/www.amplitudes.com\/voyage-parc-marino-ballena\/circuit-parc-marino-ballena\/sejour-parc-marino-ballena\/parc-marino-ballena.html\">parc national Marino Ballena<\/a> d\u00e9roule un paysage unique, non loin du petit village <strong>d\u2019Uvita<\/strong>. Cr\u00e9\u00e9 pour prot\u00e9ger les <strong>baleines \u00e0 bosse<\/strong> qui viennent chaque ann\u00e9e se r\u00e9fugier dans ses eaux pour donner naissance, ce sanctuaire marin de <a href=\"https:\/\/www.amplitudes.com\/voyage-cote-pacifique-du-costa-rica\/circuit-cote-pacifique-du-costa-rica\/sejour-cote-pacifique-du-costa-rica\/cote-pacifique-du-costa-rica.html\">la c\u00f4te Pacifique sud du Costa Rica<\/a> d\u00e9voile ses secrets \u00e0 mar\u00e9e basse. En effet, une langue de sable en forme de queue de c\u00e9tac\u00e9 appara\u00eet, comme un clin d\u2019\u0153il \u00e0 ses r\u00e9sidentes. Sur l\u2019eau, on embarque pour se rapprocher des baleines ou d\u00e9couvrir les fonds marins lors d\u2019une session <strong>snorkeling<\/strong> aux c\u00f4t\u00e9s des poissons-perroquets. Parfois, dauphins et raies mantas se rassemblent pour un moment encore plus magique. Sur la terre ferme, on prend <strong>le temps d\u2019observer l\u2019horizon<\/strong>, de se d\u00e9tendre au doux clapotis des vagues et de respirer l\u2019air marin. Des <strong>sentiers c\u00f4tiers<\/strong> permettent d\u2019observer les mangroves et plusieurs esp\u00e8ces d\u2019oiseaux. Les plus chanceux pourraient apercevoir un ballet marin, au loin.\u00a0<\/p>\n\n\n\n<blockquote class=\"wp-block-quote\">\n<p><strong>Touche Amplitudes\u202f:<\/strong> Pour finir la journ\u00e9e en beaut\u00e9, notre conciergerie vous organise un pique-nique les pieds dans le sable, alors que le soleil se couche paisiblement <a href=\"https:\/\/www.amplitudes.com\/voyage-uvita\/circuit-uvita\/sejour-uvita\/uvita.html\">sur la Playa Uvita<\/a>. L\u2019endroit id\u00e9al pour un moment unique \u00e0 partager avec sa moiti\u00e9.\u00a0<\/p>\n<\/blockquote>\n\n\n\n<h3 class=\"wp-block-heading\"><strong>Juste prendre le temps et profiter davantage de chaque \u00e9tape de votre itin\u00e9raire&nbsp;<\/strong><\/h3>\n\n\n\n<p>Un <strong>s\u00e9jour au Costa Rica<\/strong> se vit pleinement. Les journ\u00e9es d\u00e9filent et ne se ressemblent pas. \u00c0 chaque \u00e9tape son aventure, mais rien ne presse. Un <a href=\"https:\/\/www.amplitudes.com\/voyage-costa-rica\/circuit-costa-rica\/sejour-costa-rica\/costa-rica\/autotour-au-costa-rica.html\">voyage sur les routes costariciennes<\/a> plac\u00e9 sous le signe du <strong>\u00ab\u202fslow travel\u202f\u00bb<\/strong>. Prendre le temps d\u2019observer, de discuter avec les locaux, de faire le plein de souvenirs, c\u2019est donc \u00e0 \u00e7a que ressemble un <strong>voyage de 3 semaines au Costa Rica<\/strong>. Le luxe de pouvoir ralentir et de rester un jour de plus dans un h\u00f4tel, de passer une matin\u00e9e enti\u00e8re \u00e0 observer les baleines ou de refaire une randonn\u00e9e qui vous a marqu\u00e9. Un long s\u00e9jour, c\u2019est \u00e9galement l\u2019opportunit\u00e9 de voir plus loin, de <strong>repousser les fronti\u00e8res<\/strong>. En effet, notre conciergerie peut vous proposer de combiner ce circuit avec des exp\u00e9riences au <strong>Panama<\/strong> et au <strong>Nicaragua<\/strong>. L\u2019occasion d\u2019\u00e9largir votre horizon vers des cultures nouvelles et des paysages oniriques.\u00a0<\/p>\n\n\n\n<div class=\"wp-block-group is-layout-constrained wp-block-group-is-layout-constrained\"><div class=\"wp-block-group__inner-container\">\n<div class=\"wp-block-group background-color : # is-layout-constrained wp-block-group-is-layout-constrained\"><div class=\"wp-block-group__inner-container\">\n<div class=\"wp-block-columns is-layout-flex wp-container-core-columns-layout-1 wp-block-columns-is-layout-flex\">\n<div class=\"wp-block-column is-layout-flow wp-block-column-is-layout-flow\"><div class=\"wp-block-image\">\n<figure class=\"aligncenter size-large\"><img decoding=\"async\" width=\"781\" height=\"507\" src=\"https:\/\/www.amplitudes.com\/blog-backend\/wp-content\/uploads\/2025\/04\/Amplitudes_002043-781x507.jpg\" alt=\"Voyage de noces en Am\u00e9rique latine - \u00c0 cheval sur une plage au Costa Rica - Amplitudes\" class=\"wp-image-16961\" srcset=\"https:\/\/www.amplitudes.com\/blog-backend\/wp-content\/uploads\/2025\/04\/Amplitudes_002043-781x507.jpg 781w, https:\/\/www.amplitudes.com\/blog-backend\/wp-content\/uploads\/2025\/04\/Amplitudes_002043-300x195.jpg 300w, https:\/\/www.amplitudes.com\/blog-backend\/wp-content\/uploads\/2025\/04\/Amplitudes_002043.jpg 1110w\" sizes=\"(max-width: 781px) 100vw, 781px\" \/><\/figure><\/div>\n\n\n<p class=\"has-text-align-center\"><strong>Voyage Le charme de la \u00ab\u00a0Pura Vida\u00a0\u00bb<\/strong><\/p>\n\n\n\n<div class=\"wp-block-buttons is-layout-flex wp-block-buttons-is-layout-flex\">\n<div class=\"wp-block-button has-custom-width wp-block-button__width-100 has-custom-font-size\" style=\"font-size:16px\"><a class=\"wp-block-button__link wp-element-button\" href=\"https:\/\/www.amplitudes.com\/voyage\/voyage-costa-rica\/circuit-costa-rica\/sejour-costa-rica\/le-charme-de-la-pura-vida.html\" style=\"border-radius:0px\">D\u00c9COUVRIR<\/a><\/div>\n<\/div>\n<\/div>\n\n\n\n<div class=\"wp-block-column is-vertically-aligned-center is-layout-flow wp-block-column-is-layout-flow\">\n<figure class=\"wp-block-image size-large\"><img decoding=\"async\" width=\"780\" height=\"507\" src=\"https:\/\/www.amplitudes.com\/blog-backend\/wp-content\/uploads\/2017\/02\/Volcan-Arenal-IMG_8924-recoupee-optimmax-780x507.jpg\" alt=\"Voyage Costa Rica - Volcan Arenal - Amplitudes\" class=\"wp-image-4517\" style=\"object-fit:cover\" srcset=\"https:\/\/www.amplitudes.com\/blog-backend\/wp-content\/uploads\/2017\/02\/Volcan-Arenal-IMG_8924-recoupee-optimmax-780x507.jpg 780w, https:\/\/www.amplitudes.com\/blog-backend\/wp-content\/uploads\/2017\/02\/Volcan-Arenal-IMG_8924-recoupee-optimmax-300x195.jpg 300w, https:\/\/www.amplitudes.com\/blog-backend\/wp-content\/uploads\/2017\/02\/Volcan-Arenal-IMG_8924-recoupee-optimmax.jpg 2000w\" sizes=\"(max-width: 780px) 100vw, 780px\" \/><\/figure>\n\n\n\n<p class=\"has-text-align-center\"><strong>Voyage Le D\u00e9fi de la Nature<\/strong><\/p>\n\n\n\n<div class=\"wp-block-buttons is-layout-flex wp-block-buttons-is-layout-flex\">\n<div class=\"wp-block-button has-custom-width wp-block-button__width-100 has-custom-font-size\" style=\"font-size:16px\"><a class=\"wp-block-button__link wp-element-button\" href=\"https:\/\/www.amplitudes.com\/voyage\/voyage-costa-rica\/circuit-costa-rica\/sejour-costa-rica\/le-defi-de-la-nature.html\" style=\"border-radius:0px\">D\u00c9COUVRIR<\/a><\/div>\n<\/div>\n<\/div>\n\n\n\n<div class=\"wp-block-column is-layout-flow wp-block-column-is-layout-flow\">\n<figure class=\"wp-block-image size-large\"><img decoding=\"async\" width=\"781\" height=\"507\" src=\"https:\/\/www.amplitudes.com\/blog-backend\/wp-content\/uploads\/2022\/05\/zdenek-machacek-yeqt115Xkeg-unsplash1-781x507.jpg\" alt=\"Voyage Parc National Los Quetzales - Quetzal - Amplitudes\" class=\"wp-image-12053\" style=\"object-fit:cover\" srcset=\"https:\/\/www.amplitudes.com\/blog-backend\/wp-content\/uploads\/2022\/05\/zdenek-machacek-yeqt115Xkeg-unsplash1-781x507.jpg 781w, https:\/\/www.amplitudes.com\/blog-backend\/wp-content\/uploads\/2022\/05\/zdenek-machacek-yeqt115Xkeg-unsplash1-300x195.jpg 300w, https:\/\/www.amplitudes.com\/blog-backend\/wp-content\/uploads\/2022\/05\/zdenek-machacek-yeqt115Xkeg-unsplash1.jpg 1110w\" sizes=\"(max-width: 781px) 100vw, 781px\" \/><\/figure>\n\n\n\n<p class=\"has-text-align-center\"><strong>Voyage Paradis de la Biodiversit\u00e9<\/strong><\/p>\n\n\n\n<div class=\"wp-block-buttons is-layout-flex wp-block-buttons-is-layout-flex\">\n<div class=\"wp-block-button has-custom-width wp-block-button__width-100 has-custom-font-size\" style=\"font-size:16px\"><a class=\"wp-block-button__link wp-element-button\" href=\"https:\/\/www.amplitudes.com\/voyage\/voyage-costa-rica\/sejour-costa-rica\/circuit-costa-rica\/paradis-de-la-biodiversite.html\" style=\"border-radius:0px\">D\u00c9COUVRIR<\/a><\/div>\n<\/div>\n<\/div>\n<\/div>\n<\/div><\/div>\n<\/div><\/div>\n\n\n\n<h3 class=\"wp-block-heading has-text-align-center\"><strong>Maintenant que vous savez quoi faire au Costa Rica, <a href=\"https:\/\/www.amplitudes.com\/agence-de-voyages\/toulouse\/paris\/demande-devis-sur-mesure.html\">contactez nos experts pour planifier ce s\u00e9jour<\/a>\u202f!&nbsp;<\/strong><\/h3>\n","protected":false},"excerpt":{"rendered":"<p>Les eaux turquoise des Cara\u00efbes d\u2019un c\u00f4t\u00e9, les vagues puissantes du Pacifique de l\u2019autre, le Costa Rica se fait terre de rencontres entre jungle et plages. La brume flotte au sommet du volcan Arenal, un toucan traverse le ciel et la rumeur des cascades vient briser le silence. Au-del\u00e0 des paysages propices \u00e0 la d\u00e9connexion, [&hellip;]<\/p>\n","protected":false},"author":2,"featured_media":17435,"comment_status":"open","ping_status":"open","sticky":false,"template":"","format":"standard","meta":{"footnotes":""},"categories":[169],"tags":[181],"yoast_head":"<!-- This site is optimized with the Yoast SEO plugin v22.1 - https:\/\/yoast.com\/wordpress\/plugins\/seo\/ -->\n<title>Que faire au Costa Rica\u202f? Immersions selon la dur\u00e9e du s\u00e9jour\u00a0<\/title>\n<meta name=\"description\" content=\"D\u00e9couvrez que faire au Costa Rica pour un s\u00e9jour riche en d\u00e9couvertes et exp\u00e9riences, \u00e0 travers ces incontournables ch\u00e9ris par nos experts.\" \/>\n<meta name=\"robots\" content=\"index, follow, max-snippet:-1, max-image-preview:large, max-video-preview:-1\" \/>\n<link rel=\"canonical\" href=\"https:\/\/www.amplitudes.com\/blog-backend\/que-faire-au-costa-rica-immersions-selon-la-duree-du-sejour\/\" \/>\n<meta property=\"og:locale\" content=\"fr_FR\" \/>\n<meta property=\"og:type\" content=\"article\" \/>\n<meta property=\"og:title\" content=\"Que faire au Costa Rica\u202f? Immersions selon la dur\u00e9e du s\u00e9jour\u00a0\" \/>\n<meta property=\"og:description\" content=\"D\u00e9couvrez que faire au Costa Rica pour un s\u00e9jour riche en d\u00e9couvertes et exp\u00e9riences, \u00e0 travers ces incontournables ch\u00e9ris par nos experts.\" \/>\n<meta property=\"og:url\" content=\"https:\/\/www.amplitudes.com\/blog-backend\/que-faire-au-costa-rica-immersions-selon-la-duree-du-sejour\/\" \/>\n<meta property=\"og:site_name\" content=\"Blog de l&#039;agence de voyage sur-mesure Amplitudes\" \/>\n<meta property=\"article:publisher\" content=\"http:\/\/facebook.com\/amplitudes.devoyages\/\" \/>\n<meta property=\"article:published_time\" content=\"2025-07-04T12:46:11+00:00\" \/>\n<meta property=\"article:modified_time\" content=\"2025-08-28T10:52:11+00:00\" \/>\n<meta property=\"og:image\" content=\"https:\/\/www.amplitudes.com\/blog-backend\/wp-content\/uploads\/2025\/07\/pano-ok.jpg\" \/>\n\t<meta property=\"og:image:width\" content=\"1110\" \/>\n\t<meta property=\"og:image:height\" content=\"481\" \/>\n\t<meta property=\"og:image:type\" content=\"image\/jpeg\" \/>\n<meta name=\"author\" content=\"Floriane\" \/>\n<meta name=\"twitter:card\" content=\"summary_large_image\" \/>\n<meta name=\"twitter:creator\" content=\"@AmplitudesV\" \/>\n<meta name=\"twitter:site\" content=\"@AmplitudesV\" \/>\n<meta name=\"twitter:label1\" content=\"\u00c9crit par\" \/>\n\t<meta name=\"twitter:data1\" content=\"Floriane\" \/>\n\t<meta name=\"twitter:label2\" content=\"Dur\u00e9e de lecture estim\u00e9e\" \/>\n\t<meta name=\"twitter:data2\" content=\"16 minutes\" \/>\n<script type=\"application\/ld+json\" class=\"yoast-schema-graph\">{\"@context\":\"https:\/\/schema.org\",\"@graph\":[{\"@type\":\"WebPage\",\"@id\":\"https:\/\/www.amplitudes.com\/blog-backend\/que-faire-au-costa-rica-immersions-selon-la-duree-du-sejour\/\",\"url\":\"https:\/\/www.amplitudes.com\/blog-backend\/que-faire-au-costa-rica-immersions-selon-la-duree-du-sejour\/\",\"name\":\"Que faire au Costa Rica\u202f? Immersions selon la dur\u00e9e du s\u00e9jour\u00a0\",\"isPartOf\":{\"@id\":\"https:\/\/www.amplitudes.com\/blog-backend\/#website\"},\"datePublished\":\"2025-07-04T12:46:11+00:00\",\"dateModified\":\"2025-08-28T10:52:11+00:00\",\"author\":{\"@id\":\"https:\/\/www.amplitudes.com\/blog-backend\/#\/schema\/person\/1ac2058edef1f5f0f2c16e7f096a80b1\"},\"description\":\"D\u00e9couvrez que faire au Costa Rica pour un s\u00e9jour riche en d\u00e9couvertes et exp\u00e9riences, \u00e0 travers ces incontournables ch\u00e9ris par nos experts.\",\"inLanguage\":\"fr-FR\",\"potentialAction\":[{\"@type\":\"ReadAction\",\"target\":[\"https:\/\/www.amplitudes.com\/blog-backend\/que-faire-au-costa-rica-immersions-selon-la-duree-du-sejour\/\"]}]},{\"@type\":\"WebSite\",\"@id\":\"https:\/\/www.amplitudes.com\/blog-backend\/#website\",\"url\":\"https:\/\/www.amplitudes.com\/blog-backend\/\",\"name\":\"Blog de l&#039;agence de voyage sur-mesure Amplitudes\",\"description\":\"\",\"potentialAction\":[{\"@type\":\"SearchAction\",\"target\":{\"@type\":\"EntryPoint\",\"urlTemplate\":\"https:\/\/www.amplitudes.com\/blog-backend\/?s={search_term_string}\"},\"query-input\":\"required name=search_term_string\"}],\"inLanguage\":\"fr-FR\"},{\"@type\":\"Person\",\"@id\":\"https:\/\/www.amplitudes.com\/blog-backend\/#\/schema\/person\/1ac2058edef1f5f0f2c16e7f096a80b1\",\"name\":\"Floriane\",\"image\":{\"@type\":\"ImageObject\",\"inLanguage\":\"fr-FR\",\"@id\":\"https:\/\/www.amplitudes.com\/blog-backend\/#\/schema\/person\/image\/\",\"url\":\"https:\/\/secure.gravatar.com\/avatar\/f3f77af3dabd00f62e61c417047e08f6?s=96&d=mm&r=g\",\"contentUrl\":\"https:\/\/secure.gravatar.com\/avatar\/f3f77af3dabd00f62e61c417047e08f6?s=96&d=mm&r=g\",\"caption\":\"Floriane\"},\"url\":\"https:\/\/www.amplitudes.com\/blog-backend\/author\/audrey\/\"}]}<\/script>\n<!-- \/ Yoast SEO plugin. -->","yoast_head_json":{"title":"Que faire au Costa Rica\u202f? Immersions selon la dur\u00e9e du s\u00e9jour\u00a0","description":"D\u00e9couvrez que faire au Costa Rica pour un s\u00e9jour riche en d\u00e9couvertes et exp\u00e9riences, \u00e0 travers ces incontournables ch\u00e9ris par nos experts.","robots":{"index":"index","follow":"follow","max-snippet":"max-snippet:-1","max-image-preview":"max-image-preview:large","max-video-preview":"max-video-preview:-1"},"canonical":"https:\/\/www.amplitudes.com\/blog-backend\/que-faire-au-costa-rica-immersions-selon-la-duree-du-sejour\/","og_locale":"fr_FR","og_type":"article","og_title":"Que faire au Costa Rica\u202f? Immersions selon la dur\u00e9e du s\u00e9jour\u00a0","og_description":"D\u00e9couvrez que faire au Costa Rica pour un s\u00e9jour riche en d\u00e9couvertes et exp\u00e9riences, \u00e0 travers ces incontournables ch\u00e9ris par nos experts.","og_url":"https:\/\/www.amplitudes.com\/blog-backend\/que-faire-au-costa-rica-immersions-selon-la-duree-du-sejour\/","og_site_name":"Blog de l&#039;agence de voyage sur-mesure Amplitudes","article_publisher":"http:\/\/facebook.com\/amplitudes.devoyages\/","article_published_time":"2025-07-04T12:46:11+00:00","article_modified_time":"2025-08-28T10:52:11+00:00","og_image":[{"width":1110,"height":481,"url":"https:\/\/www.amplitudes.com\/blog-backend\/wp-content\/uploads\/2025\/07\/pano-ok.jpg","type":"image\/jpeg"}],"author":"Floriane","twitter_card":"summary_large_image","twitter_creator":"@AmplitudesV","twitter_site":"@AmplitudesV","twitter_misc":{"\u00c9crit par":"Floriane","Dur\u00e9e de lecture estim\u00e9e":"16 minutes"},"schema":{"@context":"https:\/\/schema.org","@graph":[{"@type":"WebPage","@id":"https:\/\/www.amplitudes.com\/blog-backend\/que-faire-au-costa-rica-immersions-selon-la-duree-du-sejour\/","url":"https:\/\/www.amplitudes.com\/blog-backend\/que-faire-au-costa-rica-immersions-selon-la-duree-du-sejour\/","name":"Que faire au Costa Rica\u202f? Immersions selon la dur\u00e9e du s\u00e9jour\u00a0","isPartOf":{"@id":"https:\/\/www.amplitudes.com\/blog-backend\/#website"},"datePublished":"2025-07-04T12:46:11+00:00","dateModified":"2025-08-28T10:52:11+00:00","author":{"@id":"https:\/\/www.amplitudes.com\/blog-backend\/#\/schema\/person\/1ac2058edef1f5f0f2c16e7f096a80b1"},"description":"D\u00e9couvrez que faire au Costa Rica pour un s\u00e9jour riche en d\u00e9couvertes et exp\u00e9riences, \u00e0 travers ces incontournables ch\u00e9ris par nos experts.","inLanguage":"fr-FR","potentialAction":[{"@type":"ReadAction","target":["https:\/\/www.amplitudes.com\/blog-backend\/que-faire-au-costa-rica-immersions-selon-la-duree-du-sejour\/"]}]},{"@type":"WebSite","@id":"https:\/\/www.amplitudes.com\/blog-backend\/#website","url":"https:\/\/www.amplitudes.com\/blog-backend\/","name":"Blog de l&#039;agence de voyage sur-mesure Amplitudes","description":"","potentialAction":[{"@type":"SearchAction","target":{"@type":"EntryPoint","urlTemplate":"https:\/\/www.amplitudes.com\/blog-backend\/?s={search_term_string}"},"query-input":"required name=search_term_string"}],"inLanguage":"fr-FR"},{"@type":"Person","@id":"https:\/\/www.amplitudes.com\/blog-backend\/#\/schema\/person\/1ac2058edef1f5f0f2c16e7f096a80b1","name":"Floriane","image":{"@type":"ImageObject","inLanguage":"fr-FR","@id":"https:\/\/www.amplitudes.com\/blog-backend\/#\/schema\/person\/image\/","url":"https:\/\/secure.gravatar.com\/avatar\/f3f77af3dabd00f62e61c417047e08f6?s=96&d=mm&r=g","contentUrl":"https:\/\/secure.gravatar.com\/avatar\/f3f77af3dabd00f62e61c417047e08f6?s=96&d=mm&r=g","caption":"Floriane"},"url":"https:\/\/www.amplitudes.com\/blog-backend\/author\/audrey\/"}]}},"_links":{"self":[{"href":"https:\/\/www.amplitudes.com\/blog-backend\/wp-json\/wp\/v2\/posts\/17420"}],"collection":[{"href":"https:\/\/www.amplitudes.com\/blog-backend\/wp-json\/wp\/v2\/posts"}],"about":[{"href":"https:\/\/www.amplitudes.com\/blog-backend\/wp-json\/wp\/v2\/types\/post"}],"author":[{"embeddable":true,"href":"https:\/\/www.amplitudes.com\/blog-backend\/wp-json\/wp\/v2\/users\/2"}],"replies":[{"embeddable":true,"href":"https:\/\/www.amplitudes.com\/blog-backend\/wp-json\/wp\/v2\/comments?post=17420"}],"version-history":[{"count":15,"href":"https:\/\/www.amplitudes.com\/blog-backend\/wp-json\/wp\/v2\/posts\/17420\/revisions"}],"predecessor-version":[{"id":17643,"href":"https:\/\/www.amplitudes.com\/blog-backend\/wp-json\/wp\/v2\/posts\/17420\/revisions\/17643"}],"wp:featuredmedia":[{"embeddable":true,"href":"https:\/\/www.amplitudes.com\/blog-backend\/wp-json\/wp\/v2\/media\/17435"}],"wp:attachment":[{"href":"https:\/\/www.amplitudes.com\/blog-backend\/wp-json\/wp\/v2\/media?parent=17420"}],"wp:term":[{"taxonomy":"category","embeddable":true,"href":"https:\/\/www.amplitudes.com\/blog-backend\/wp-json\/wp\/v2\/categories?post=17420"},{"taxonomy":"post_tag","embeddable":true,"href":"https:\/\/www.amplitudes.com\/blog-backend\/wp-json\/wp\/v2\/tags?post=17420"}],"curies":[{"name":"wp","href":"https:\/\/api.w.org\/{rel}","templated":true}]}}