{"id":18702,"date":"2025-12-26T11:46:23","date_gmt":"2025-12-26T10:46:23","guid":{"rendered":"https:\/\/www.amplitudes.com\/blog-backend\/?p=18702"},"modified":"2025-12-30T16:36:42","modified_gmt":"2025-12-30T15:36:42","slug":"retro-de-lannee-les-plus-belles-photos-de-voyage","status":"publish","type":"post","link":"https:\/\/www.amplitudes.com\/blog-backend\/retro-de-lannee-les-plus-belles-photos-de-voyage\/","title":{"rendered":"R\u00e9tro de l&rsquo;ann\u00e9e : les plus belles photos de voyage"},"content":{"rendered":"\n<p>Une nouvelle ann\u00e9e \u00e0 vos c\u00f4t\u00e9s, sublim\u00e9e par des images inspirantes, sur&nbsp;<a href=\"https:\/\/www.instagram.com\/amplitudes\/\">notre compte Instagram Amplitudes<\/a>.&nbsp;<strong>Nos artisans du voyage <\/strong>vous racontent leurs itin\u00e9rances, des incontournables du Japon aux paradis plus confidentiels, loin des sentiers battus du Costa Rica. Des terres des pharaons aux sourires inoubliables de la communaut\u00e9 Hmong\u2026 Une ann\u00e9e riche en d\u00e9couvertes durant laquelle nos&nbsp;<strong>agents Amplitudes<\/strong> d\u00e9nichent les plus belles adresses pour concevoir des voyages \u00e0 la hauteur de vos attentes.&nbsp;Nous vous invitons \u00e0 revivre avec nous <strong>les plus belles photos de voyage de l&rsquo;ann\u00e9e<\/strong> qui ont s\u00e9duit notre communaut\u00e9. \u00c0&nbsp;la crois\u00e9e des chemins, d&rsquo;horizons lointains et de promesses inoubliables qui fa\u00e7onnent <strong>notre art du voyage<\/strong>. Alors que nous commen\u00e7ons ensemble la nouvelle ann\u00e9e, nous vous proposons de revenir&nbsp;sur<strong> nos<\/strong>&nbsp;<strong>10 clich\u00e9s embl\u00e9matiques <\/strong>qui vous emm\u00e8nent au-del\u00e0 des fronti\u00e8res.&nbsp;<\/p>\n\n\n\n<h2 class=\"wp-block-heading\"><strong>10 &#8211; Image d&rsquo;un Japon en saveurs<\/strong><\/h2>\n\n\n\n<figure class=\"wp-block-image size-full\"><img decoding=\"async\" width=\"1110\" height=\"722\" src=\"https:\/\/www.amplitudes.com\/blog-backend\/wp-content\/uploads\/2025\/12\/JAPON.jpg\" alt=\"Voyage au Japon - Dans un restaurant \u00e0 Tokyo - Amplitudes\" class=\"wp-image-18704\" srcset=\"https:\/\/www.amplitudes.com\/blog-backend\/wp-content\/uploads\/2025\/12\/JAPON.jpg 1110w, https:\/\/www.amplitudes.com\/blog-backend\/wp-content\/uploads\/2025\/12\/JAPON-300x195.jpg 300w, https:\/\/www.amplitudes.com\/blog-backend\/wp-content\/uploads\/2025\/12\/JAPON-779x507.jpg 779w\" sizes=\"(max-width: 1110px) 100vw, 1110px\" \/><figcaption class=\"wp-element-caption\">\u00c0 la crois\u00e9e des rencontres\u2026 <\/figcaption><\/figure>\n\n\n\n<p><strong>Fabien, r\u00e9dacteur Amplitudes,<\/strong>&nbsp;nous raconte sa <a href=\"https:\/\/www.amplitudes.com\/voyage-tokyo\/circuit-tokyo\/sejour-tokyo\/tokyo.html\">premi\u00e8re rencontre avec Tokyo<\/a> : \u00ab\u00a0<strong>Tokyo, la premi\u00e8re fois, est un choc.<\/strong> Un tourbillon dans lequel on se laisse aller avec d\u00e9lice. Visuel, tout d\u2019abord. On est instantan\u00e9ment saisi par le gigantisme, l\u2019immensit\u00e9, la verticalit\u00e9. Le d\u00e9mesur\u00e9ment grand. Le d\u00e9mesur\u00e9ment haut. Sans jamais, pour autant, se sentir \u00e9cras\u00e9. Esth\u00e9tique, ensuite. Se m\u00ealent, aux g\u00e9ants d\u2019acier, la beaut\u00e9 des sanctuaires shinto. Culturel, enfin. Extravagant, \u00e9trange, captivant, sensible, fascinant. <strong>Tokyo est un monde \u00e0 part.<\/strong> Un monde d\u2019images.\u00a0\u00bb Il a pu rencontrer <strong>le chef \u00e9toil\u00e9 Yusuke Nomura<\/strong>, du restaurant v\u00e9g\u00e9tarien Daigo, qui lui a confi\u00e9 : \u00ab Il n\u2019y a pas un seul endroit o\u00f9 l\u2019on mange mal \u00e0 Tokyo. \u00bb Fabien nous confirme : \u00ab\u00a0Du ramen populaire \u00e0 l\u2019izakaya de quartier, de la cuisine de haute vol\u00e9e au barbecue japonais, du comptoir \u00e0 sushis aux fondues Sukiyaki, Tokyo est une d\u00e9flagration culinaire. Une bombe \u00e0 saveurs.\u00a0\u00bb<\/p>\n\n\n\n<h2 class=\"wp-block-heading\"><strong>9 &#8211; La Namibie, r\u00e9veiller sa nature animale&#8230;<\/strong><\/h2>\n\n\n\n<figure class=\"wp-block-image size-full\"><img decoding=\"async\" width=\"1110\" height=\"720\" src=\"https:\/\/www.amplitudes.com\/blog-backend\/wp-content\/uploads\/2025\/12\/NAMIBIE.jpg\" alt=\"Un s\u00e9jour en Namibie - Un safari discret avec un \u00e9l\u00e9phant - Amplitudes\" class=\"wp-image-18706\" srcset=\"https:\/\/www.amplitudes.com\/blog-backend\/wp-content\/uploads\/2025\/12\/NAMIBIE.jpg 1110w, https:\/\/www.amplitudes.com\/blog-backend\/wp-content\/uploads\/2025\/12\/NAMIBIE-300x195.jpg 300w, https:\/\/www.amplitudes.com\/blog-backend\/wp-content\/uploads\/2025\/12\/NAMIBIE-782x507.jpg 782w\" sizes=\"(max-width: 1110px) 100vw, 1110px\" \/><figcaption class=\"wp-element-caption\">La rencontre inoubliable\u2026 d\u2019un Big Five<\/figcaption><\/figure>\n\n\n\n<p>\u00ab\u00a0\u00c0 quoi est-ce que je m\u2019attendais en partant en <strong>Namibie<\/strong> ?\u00a0\u00bb&nbsp;<strong>Linda<\/strong>, <strong>experte Afrique<\/strong>, nous retrace son voyage sur <a href=\"https:\/\/www.amplitudes.com\/voyage-namibie\/circuit-namibie\/sejour-namibie\/namibie.html\">les routes d\u2019Afrique australe<\/a> \u00e0 travers l\u2019une des plus belles photos de l&rsquo;ann\u00e9e : \u00ab\u00a0\u00c0 des paysages grandioses, \u00e0 ma rencontre avec le d\u00e9sert, \u00e0 la dune de Big Daddy bien s\u00fbr, \u00e0 l&rsquo;oc\u00e9an qui rejoint le d\u00e9sert, \u00e0 de longues heures de route, seule au monde, sur des pistes chahut\u00e9es, des safaris\u2026 Je m&rsquo;attendais \u00e0 beaucoup et pourtant\u2026 <strong>Le vivre a \u00e9t\u00e9 une r\u00e9v\u00e9lation<\/strong>. Le premier mot qui me vient, c&rsquo;est \u00ab respiration \u00bb. Une bouff\u00e9e d\u2019oxyg\u00e8ne, une sensation d\u2019espace, l&rsquo;immensit\u00e9 des paysages, rien qui ne ferme le regard\u2026 Je ne sais pas comment l\u2019expliquer, mais \u00e0 chacun de mes voyages en Afrique, je ressens une \u00e9nergie particuli\u00e8re, puissante, primaire et r\u00e9g\u00e9n\u00e9rante. <strong>Ce fut l\u2019un de mes plus beaux voyages<\/strong>, happ\u00e9e par ces espaces infinis, je me sens r\u00e9g\u00e9n\u00e9r\u00e9e.\u00a0\u00bb&nbsp;<\/p>\n\n\n\n<h2 class=\"wp-block-heading\"><strong>8 &#8211; L\u2019ann\u00e9e sous la m\u00e9moire des pharaons&nbsp;: l&rsquo;une des belles photos d\u2019un voyage en Egypte<\/strong><\/h2>\n\n\n\n<figure class=\"wp-block-image size-full\"><img decoding=\"async\" width=\"1110\" height=\"720\" src=\"https:\/\/www.amplitudes.com\/blog-backend\/wp-content\/uploads\/2025\/12\/EGYPTE.jpg\" alt=\"Voyage en \u00c9gypte - Visite d'une pyramide pour f\u00eater l'ann\u00e9e - Amplitudes\" class=\"wp-image-18708\" srcset=\"https:\/\/www.amplitudes.com\/blog-backend\/wp-content\/uploads\/2025\/12\/EGYPTE.jpg 1110w, https:\/\/www.amplitudes.com\/blog-backend\/wp-content\/uploads\/2025\/12\/EGYPTE-300x195.jpg 300w, https:\/\/www.amplitudes.com\/blog-backend\/wp-content\/uploads\/2025\/12\/EGYPTE-782x507.jpg 782w\" sizes=\"(max-width: 1110px) 100vw, 1110px\" \/><figcaption class=\"wp-element-caption\">Sous le silence des pyramides anciennes<\/figcaption><\/figure>\n\n\n\n<p>\u00ab\u00a0<strong>L\u2019\u00c9gypte a boulevers\u00e9 mes rep\u00e8res.<\/strong> Pas seulement par ses merveilles. Mais par son rythme, sa tension, son souffle.\u00a0\u00bb <strong>Mathieu, expert du Moyen-Orient,<\/strong>&nbsp;nous partage<strong> <\/strong>son <a href=\"https:\/\/www.amplitudes.com\/voyage-egypte\/circuit-egypte\/sejour-egypte\/egypte.html\">p\u00e9riple \u00e9gyptien<\/a> : \u00ab\u00a0Le d\u00e9sert s\u2019ouvre, brut, br\u00fblant. On descend dans les entrailles de la roche, dans ces tombeaux que les pharaons ont fait creuser pour l\u2019\u00e9ternit\u00e9. Les parois sont couvertes de peintures aux couleurs encore vives, les hi\u00e9roglyphes dansent sur les murs. On chuchote sans savoir pourquoi, comme si on venait de p\u00e9n\u00e9trer dans <strong>un monde o\u00f9 le temps s\u2019est arr\u00eat\u00e9.<\/strong> Et que dire de Karnak. Monumental. Le soleil frappe les pierres, joue avec les ombres. Partout, des colonnes s\u2019\u00e9l\u00e8vent, immenses, sculpt\u00e9es comme des tiges. Certaines sont ferm\u00e9es, d\u2019autres ouvertes, comme des fleurs de lotus fig\u00e9es dans la pierre. On apprend qu\u2019elles ne sont pas plac\u00e9es au hasard : \u00e0 l\u2019ombre, sous les toits, les bourgeons restent clos. Dans la lumi\u00e8re, les p\u00e9tales s\u2019\u00e9panouissent&#8230;\u00a0\u00bb&nbsp;<\/p>\n\n\n\n<h2 class=\"wp-block-heading\"><strong>7 &#8211; Une promenade \u00e0 Boston<\/strong><\/h2>\n\n\n\n<figure class=\"wp-block-image size-full\"><img decoding=\"async\" width=\"1110\" height=\"720\" src=\"https:\/\/www.amplitudes.com\/blog-backend\/wp-content\/uploads\/2025\/12\/USA.jpg\" alt=\"Voyage aux \u00c9tats-Unis - Promenade dans un quartier de Boston pour c\u00e9l\u00e9brer l'ann\u00e9e - Amplitudes\" class=\"wp-image-18710\" srcset=\"https:\/\/www.amplitudes.com\/blog-backend\/wp-content\/uploads\/2025\/12\/USA.jpg 1110w, https:\/\/www.amplitudes.com\/blog-backend\/wp-content\/uploads\/2025\/12\/USA-300x195.jpg 300w, https:\/\/www.amplitudes.com\/blog-backend\/wp-content\/uploads\/2025\/12\/USA-782x507.jpg 782w\" sizes=\"(max-width: 1110px) 100vw, 1110px\" \/><figcaption class=\"wp-element-caption\">Sous le charme des ruelles de Boston<\/figcaption><\/figure>\n\n\n\n<p>Une double surprise pour <strong>Cl\u00e9mence<\/strong>, <strong>experte des \u00c9tats-Unis<\/strong>, qui raconte<strong> son combin\u00e9 Boston &#8211; Porto Rico <\/strong>: \u00ab\u00a0Tout d\u2019abord le froid, les temp\u00e9ratures n\u00e9gatives et la neige qui donnent \u00e0 <a href=\"https:\/\/www.amplitudes.com\/voyage-boston\/circuit-boston\/sejour-boston\/boston.html\">la ville de Boston<\/a> une atmosph\u00e8re particuli\u00e8re. M\u00eame en plein mois de janvier, le soleil est omnipr\u00e9sent. C\u2019est alors tr\u00e8s agr\u00e9able de se balader \u00e0 pied dans les quartiers historiques de Beacon Hill, Back Bay ou encore North End. <strong>Quelques incontournables<\/strong> : assister \u00e0 un match de basket au TD Garden, se prendre pour un \u00e9tudiant sur le campus de Harvard, prendre de la hauteur \u00e0 VIEW Boston ou encore prendre un caf\u00e9 dans le quartier italien de North End. Direction Porto Rico, \u00eele am\u00e9ricaine des Cara\u00efbes, unique en son genre. L\u2019\u00eele r\u00e9v\u00e8le quelques-uns de ses tr\u00e9sors. Des plages de sable fin \u00e0 l\u2019unique for\u00eat tropicale des \u00c9tats-Unis, en passant par 3 des 5 baies bioluminescentes mondiales.\u00a0\u00bb&nbsp;<\/p>\n\n\n\n<h2 class=\"wp-block-heading\"><strong>6 &#8211; Quand la samba appelle le Br\u00e9sil&#8230;<\/strong><\/h2>\n\n\n\n<figure class=\"wp-block-image size-full\"><img decoding=\"async\" width=\"1110\" height=\"721\" src=\"https:\/\/www.amplitudes.com\/blog-backend\/wp-content\/uploads\/2025\/12\/BR2SIL.jpg\" alt=\"S\u00e9jour au Br\u00e9sil - Visite du Corcovado \u00e0 Rio de Janeiro - Amplitudes\" class=\"wp-image-18719\" srcset=\"https:\/\/www.amplitudes.com\/blog-backend\/wp-content\/uploads\/2025\/12\/BR2SIL.jpg 1110w, https:\/\/www.amplitudes.com\/blog-backend\/wp-content\/uploads\/2025\/12\/BR2SIL-300x195.jpg 300w, https:\/\/www.amplitudes.com\/blog-backend\/wp-content\/uploads\/2025\/12\/BR2SIL-781x507.jpg 781w\" sizes=\"(max-width: 1110px) 100vw, 1110px\" \/><figcaption class=\"wp-element-caption\">Sous le ciel du Corcovado<\/figcaption><\/figure>\n\n\n\n<p>\u00ab\u00a010 jours d\u2019exploration intense \u00e0 travers <strong>un Br\u00e9sil aussi immense que fascinant<\/strong>.\u00a0\u00bb <strong>Marine<\/strong> nous d\u00e9voile son <a href=\"https:\/\/www.amplitudes.com\/voyage-bresil\/circuit-bresil\/sejour-bresil\/bresil.html\">\u00e9chapp\u00e9e br\u00e9silienne<\/a> : \u00ab\u00a0<strong>Rio, cette ville impressionnante<\/strong> au c\u0153ur de la jungle. Entre deux inspections d\u2019h\u00f4tels, nous avons d\u00e9couvert les incontournables : le Corcovado et son Christ majestueux de plus de 38 m\u00e8tres, veillant sur la ville, et le Pain de sucre avec sa vue \u00e0 couper le souffle. Un d\u00eener-spectacle en 3 plats puis une plong\u00e9e dans <strong>l\u2019\u00e2me festive du Br\u00e9sil<\/strong>, au rythme de la samba. Cap sur Igua\u00e7u par un vol int\u00e9rieur. Depuis le hublot, on aper\u00e7oit d\u00e9j\u00e0 le Rio Igua\u00e7u : les mastodontes de la nature sont l\u00e0, juste en dessous. La puissance de l\u2019eau, la v\u00e9g\u00e9tation luxuriante, l\u2019immensit\u00e9 du site. Derni\u00e8re \u00e9tape, et non des moindres : Salvador de Bahia. Le Br\u00e9sil est immense et les distances sont un vrai d\u00e9fi.&nbsp;En bref, le Br\u00e9sil m\u2019a offert une certitude : j\u2019y retournerai !\u00a0\u00bb&nbsp;<\/p>\n\n\n\n<h2 class=\"wp-block-heading\"><strong>5 &#8211; L&rsquo;une des plus belles photos de l&rsquo;ann\u00e9e : l\u2019aube d\u2019un autre jour \u00e0 Mykonos<\/strong><\/h2>\n\n\n\n<figure class=\"wp-block-image size-full\"><img decoding=\"async\" width=\"1110\" height=\"721\" src=\"https:\/\/www.amplitudes.com\/blog-backend\/wp-content\/uploads\/2025\/12\/GRECE.jpg\" alt=\"Voyage en Gr\u00e8ce - Un coucher du soleil sur l'\u00eele de Mykonos - Amplitudes\" class=\"wp-image-18712\" srcset=\"https:\/\/www.amplitudes.com\/blog-backend\/wp-content\/uploads\/2025\/12\/GRECE.jpg 1110w, https:\/\/www.amplitudes.com\/blog-backend\/wp-content\/uploads\/2025\/12\/GRECE-300x195.jpg 300w, https:\/\/www.amplitudes.com\/blog-backend\/wp-content\/uploads\/2025\/12\/GRECE-781x507.jpg 781w\" sizes=\"(max-width: 1110px) 100vw, 1110px\" \/><figcaption class=\"wp-element-caption\">La promesse d\u2019un jour meilleur\u2026<\/figcaption><\/figure>\n\n\n\n<p><strong>Sol\u00e8ne<\/strong> nous partage l&rsquo;une de ses plus belles photos de son voyage venant tout droit de <a href=\"https:\/\/www.amplitudes.com\/voyage-grece\/circuit-grece\/sejour-grece\/grece.html?ville=mykonos-town\">Mykonos<\/a> : \u00ab\u00a0Mykonos est un <strong>v\u00e9ritable bijou<\/strong> au c\u0153ur de la mer \u00c9g\u00e9e. Unique de part son hospitalit\u00e9, ses plages et surtout son sens de la f\u00eate, l\u2019\u00eele est une destination \u00e0 part enti\u00e8re que j\u2019ai eu l\u2019occasion de d\u00e9couvrir lors de mon famtrip.&nbsp;C\u00f4t\u00e9 exp\u00e9rience, Mykonos n\u2019est pas en reste avec la magnifique \u00eele arch\u00e9ologique de D\u00e9los situ\u00e9e \u00e0 quelques minutes de bateau, vestige d\u2019une riche civilisation pass\u00e9e entre histoires anciennes et l\u00e9gendes. J\u2019ai ensuite termin\u00e9 mon s\u00e9jour avec une balade \u00e0 cheval sur la plage de Fokos, un moment hors du temps ! Entre beaut\u00e9 naturelle et ambiance chaleureuse, <strong>Mykonos est une merveilleuse d\u00e9couverte !<\/strong> \u00c0 combiner \u00e0 d\u2019autres \u00eeles des Cyclades ou pour un s\u00e9jour baln\u00e9aire festif.\u00a0\u00bb&nbsp;<\/p>\n\n\n\n<h2 class=\"wp-block-heading\"><strong>4 &#8211; Une \u00e9chapp\u00e9e verte lors d&rsquo;un voyage en Asie : les plus belles photos des rizi\u00e8res du Vietnam <\/strong><\/h2>\n\n\n\n<figure class=\"wp-block-image size-full\"><img decoding=\"async\" width=\"1110\" height=\"720\" src=\"https:\/\/www.amplitudes.com\/blog-backend\/wp-content\/uploads\/2025\/12\/VIETNAM.jpg\" alt=\"Escapade au Vietnam - Visite des rizi\u00e8res - Amplitudes\" class=\"wp-image-18715\" srcset=\"https:\/\/www.amplitudes.com\/blog-backend\/wp-content\/uploads\/2025\/12\/VIETNAM.jpg 1110w, https:\/\/www.amplitudes.com\/blog-backend\/wp-content\/uploads\/2025\/12\/VIETNAM-300x195.jpg 300w, https:\/\/www.amplitudes.com\/blog-backend\/wp-content\/uploads\/2025\/12\/VIETNAM-782x507.jpg 782w\" sizes=\"(max-width: 1110px) 100vw, 1110px\" \/><figcaption class=\"wp-element-caption\">Une halte dans les rizi\u00e8res infinies<\/figcaption><\/figure>\n\n\n\n<p><strong>Retour de voyage de<\/strong> <strong>Priscilla<\/strong> qui explore le <a href=\"https:\/\/www.amplitudes.com\/voyage-vietnam\/circuit-vietnam\/sejour-vietnam\/vietnam.html\">Vietnam<\/a> \u00e0 travers ses plus belles photos de l\u2019ann\u00e9e : \u00ab\u00a0\u00c0 peine sortie de l\u2019avion, <strong>le d\u00e9paysement est total<\/strong> ! D\u00e9couverte de nouveaux visages, de nouvelles tenues, de sourires timides et curieux\u2026\u00c7a sent bon les \u00e9pices, les fruits ont un go\u00fbt merveilleux, la v\u00e9g\u00e9tation verdoyante et dense nous entoure et colore les premiers paysages. Les gens jouent, discutent bruyamment et rigolent\u2026 <strong>C\u2019est un pays plein de vie !<\/strong>&nbsp;Depuis Mai Chau, nous filons jusqu\u2019au plateau rocheux de Hang Kia \u2013 Pa Co \u00e0 la rencontre des Hmong. Ici arr\u00eat sur image, <strong>tout est magnifique.<\/strong> Nous montons et retrouvons la fra\u00eecheur dans ces paysages si diff\u00e9rents. Champs de ma\u00efs et arbres fruitiers arborent les pentes de la vall\u00e9e. Il y a peu de monde sur la route, les locaux circulent \u00e0 moto, en tenues traditionnelles color\u00e9es.\u00a0\u00bb&nbsp;<\/p>\n\n\n\n<h2 class=\"wp-block-heading\"><strong>3 &#8211; Costa Rica, le retour au sauvage<\/strong><\/h2>\n\n\n\n<figure class=\"wp-block-image size-full\"><img decoding=\"async\" width=\"1110\" height=\"722\" src=\"https:\/\/www.amplitudes.com\/blog-backend\/wp-content\/uploads\/2025\/12\/COSTA-RICA.jpg\" alt=\"Voyage au Costa Rica - Un animal surgissant comme un tr\u00e9sor de l'ann\u00e9e - Amplitudes\" class=\"wp-image-18723\" srcset=\"https:\/\/www.amplitudes.com\/blog-backend\/wp-content\/uploads\/2025\/12\/COSTA-RICA.jpg 1110w, https:\/\/www.amplitudes.com\/blog-backend\/wp-content\/uploads\/2025\/12\/COSTA-RICA-300x195.jpg 300w, https:\/\/www.amplitudes.com\/blog-backend\/wp-content\/uploads\/2025\/12\/COSTA-RICA-779x507.jpg 779w\" sizes=\"(max-width: 1110px) 100vw, 1110px\" \/><figcaption class=\"wp-element-caption\">La reconnexion \u00e0 l\u2019essentiel\u2026<\/figcaption><\/figure>\n\n\n\n<p>L&rsquo;une des photos surprenantes d&rsquo;un animal surgissant lors du <strong>voyage de Killian <\/strong>au <a href=\"https:\/\/www.amplitudes.com\/voyage-costa-rica\/circuit-costa-rica\/sejour-costa-rica\/costa-rica.html\">Costa Rica<\/a> : \u00ab\u00a0Au cours de ce voyage au Costa Rica, j\u2019ai vraiment compris que c\u2019est une destination qu\u2019on ne peut pas r\u00e9sumer : on doit la vivre, la sentir, presque la respirer. Trois moments m\u2019ont profond\u00e9ment marqu\u00e9, chacun r\u00e9v\u00e9lant une facette essentielle du pays. Ce voyage m\u2019a rappel\u00e9 quelque chose d\u2019essentiel : <strong>le Costa Rica est tout ce que notre quotidien n\u2019est plus. <\/strong>L\u00e0-bas, le temps ralentit r\u00e9ellement. On se surprend \u00e0 \u00e9couter, \u00e0 observer, \u00e0 lever les yeux. La nature reprend toute la place, et nous, notre juste place \u00e0 l\u2019int\u00e9rieur. En France, tout est rythme, structure, urgence. L\u00e0-bas, <strong>tout est instinct<\/strong>, <strong>respiration<\/strong>, <strong>pr\u00e9sence.<\/strong> C\u2019est ce contraste qui rend le Costa Rica aussi puissant : <strong>on en revient diff\u00e9rent<\/strong>, un peu apais\u00e9, un peu recalibr\u00e9.\u00a0\u00bb&nbsp;<\/p>\n\n\n\n<h2 class=\"wp-block-heading\"><strong>2 &#8211; Texas, sur la route du rod\u00e9o<\/strong><\/h2>\n\n\n\n<figure class=\"wp-block-image size-full\"><img decoding=\"async\" width=\"1110\" height=\"720\" src=\"https:\/\/www.amplitudes.com\/blog-backend\/wp-content\/uploads\/2025\/12\/TEXAS.jpg\" alt=\"Voyage au Texas - Une balade dans le quartier de Grapevine - Amplitudes\" class=\"wp-image-18721\" srcset=\"https:\/\/www.amplitudes.com\/blog-backend\/wp-content\/uploads\/2025\/12\/TEXAS.jpg 1110w, https:\/\/www.amplitudes.com\/blog-backend\/wp-content\/uploads\/2025\/12\/TEXAS-300x195.jpg 300w, https:\/\/www.amplitudes.com\/blog-backend\/wp-content\/uploads\/2025\/12\/TEXAS-782x507.jpg 782w\" sizes=\"(max-width: 1110px) 100vw, 1110px\" \/><figcaption class=\"wp-element-caption\">Rayons dor\u00e9es sur Grapevine<\/figcaption><\/figure>\n\n\n\n<p>L&rsquo;un des plus belles photos de <strong>Grapevine <\/strong>au <a href=\"https:\/\/www.amplitudes.com\/voyage-texas\/circuit-texas\/sejour-texas\/texas.html\">Texas<\/a> tandis que\u00a0<strong>Gianina raconte<\/strong> son p\u00e9riple de l&rsquo;ann\u00e9e : \u00ab\u00a0The Lone Star State ! Un territoire immense, plus grand que la France, o\u00f9 les Texans clament le slogan <strong>\u00ab Everything is bigger in Texas \u00bb<\/strong>. Le voyage commence \u00e0 Grapevine, petite ville proche de l\u2019a\u00e9roport de Dallas qui est un premier bain dans la culture de cet \u00e9tat si singulier. C\u2019est une ville pleine de charme alliant culture, par son centre historique, nature avec le Grapevine Lake, et histoire par le Grapevine Vintage Railroad d\u2019o\u00f9 l\u2019on peut rejoindre Fort Worth Stockyard. La d\u00e9couverte de ce vaste \u00e9tat continue avec une exp\u00e9rience dans un ranch ! On se frotte \u00e0 <strong>la culture cowboy<\/strong> qui nous renvoie \u00e0 nos livres et films d\u2019enfance. Puis traversez le 66 Historic District, qui a su conserver son \u00e2me vintage. Entre art d\u00e9co, galeries et antiquaires, on plonge dans l\u2019<strong>atmosph\u00e8re mythique des road trips am\u00e9ricains<\/strong>.\u00a0\u00bb\u00a0<\/p>\n\n\n\n<h2 class=\"wp-block-heading\"><strong>1 &#8211; L&rsquo;Afrique du Sud v\u00e9cue depuis Cape Town<\/strong><\/h2>\n\n\n\n<figure class=\"wp-block-image size-full\"><img decoding=\"async\" width=\"1110\" height=\"720\" src=\"https:\/\/www.amplitudes.com\/blog-backend\/wp-content\/uploads\/2025\/12\/AFRIQUE-DU-SUD.jpg\" alt=\"Voyage en Afrique du Sud - La plage de Cape Town - Amplitudes\" class=\"wp-image-18717\" srcset=\"https:\/\/www.amplitudes.com\/blog-backend\/wp-content\/uploads\/2025\/12\/AFRIQUE-DU-SUD.jpg 1110w, https:\/\/www.amplitudes.com\/blog-backend\/wp-content\/uploads\/2025\/12\/AFRIQUE-DU-SUD-300x195.jpg 300w, https:\/\/www.amplitudes.com\/blog-backend\/wp-content\/uploads\/2025\/12\/AFRIQUE-DU-SUD-782x507.jpg 782w\" sizes=\"(max-width: 1110px) 100vw, 1110px\" \/><figcaption class=\"wp-element-caption\">\u00c9chapp\u00e9e sur la plage de Cape Town<\/figcaption><\/figure>\n\n\n\n<p><strong>Margaux, experte Afrique<\/strong>,<strong> <\/strong>nous partage l&rsquo;une de ses photos captur\u00e9es lors de son <a href=\"https:\/\/www.amplitudes.com\/voyage-afrique-du-sud\/circuit-afrique-du-sud\/sejour-afrique-du-sud\/afrique-du-sud.html\">voyage en Afrique du Sud<\/a> durant l&rsquo;ann\u00e9e : \u00ab\u00a0Nous avons pris un vol pour <strong>Cape Town<\/strong>, mais sommes partis directement vers la r\u00e9serve de Witzands. Magnifiques dunes de sable blanc et v\u00e9g\u00e9taux uniques \u00e0 la r\u00e9gion, premi\u00e8re \u00e9tape surprenante et pleine d\u2019aventure. Le parc s\u2019explore en quad, ou en Jeep pour les plus prudents. Nous nous sommes ensuite enfonc\u00e9s dans les terres, dans la r\u00e9serve naturelle de Kagga Kamma. Loin de tout, notre premi\u00e8re soir\u00e9e nous a offert un ciel \u00e9toil\u00e9 \u00e0 couper le souffle ! Nous avons termin\u00e9 notre p\u00e9riple par la splendide Cape Town. Entre oc\u00e9an et montagne, cette ville est vraiment fascinante. L\u2019\u00e9tonnant m\u00e9lange de ce lourd pass\u00e9 historique et d\u2019un mix culturel plut\u00f4t assum\u00e9, <strong>il est impossible d\u2019en repartir insensible<\/strong>.\u00a0\u00bb&nbsp;<\/p>\n\n\n\n<h2 class=\"wp-block-heading\"><strong>Des photographies marquantes sign\u00e9es Amplitudes : un voyage dans le monde entier avec nos plus belles photos de l&rsquo;ann\u00e9e<\/strong><\/h2>\n\n\n\n<p><a href=\"https:\/\/www.amplitudes.com\/blog-backend\/retro-2024-les-plus-belles-photos-du-monde\/\">Des photographies porteuses de sens<\/a>, d&rsquo;\u00e9motions et de partage. Amplitudes aime \u00e0 vous emmener au-del\u00e0 de tout clich\u00e9, \u00e0 explorer le monde sous un autre regard. <strong>Nos cr\u00e9ateurs de voyages<\/strong>, v\u00e9ritables architectes de vos \u00e9chapp\u00e9es belles, s&rsquo;\u00e9panouissent dans l\u2019art de concevoir des <strong>itin\u00e9raires sur-mesure <\/strong>parfaitement adapt\u00e9s \u00e0 vos envies. <strong>Le luxe d\u2019un voyage sign\u00e9 Amplitudes<\/strong> r\u00e9side dans l\u2019intimit\u00e9 des moments r\u00e9ciproques, l\u2019authenticit\u00e9 des rencontres, et l\u2019exclusivit\u00e9 des d\u00e9couvertes. C&rsquo;est dans cette qu\u00eate de l&rsquo;exceptionnel, que commence votre voyage avec Amplitudes.&nbsp;<\/p>\n\n\n\n<h3 class=\"wp-block-heading has-text-align-center\"><strong>Quelles seront vos plus belles photos de voyage de l&rsquo;ann\u00e9e 2026 ?&nbsp;<a href=\"https:\/\/www.amplitudes.com\/agence-de-voyages\/toulouse\/paris\/demande-devis-sur-mesure.html\">Contactez nos experts<\/a> pour organiser votre prochain voyage.<\/strong><\/h3>\n","protected":false},"excerpt":{"rendered":"<p>Une nouvelle ann\u00e9e \u00e0 vos c\u00f4t\u00e9s, sublim\u00e9e par des images inspirantes, sur&nbsp;notre compte Instagram Amplitudes.&nbsp;Nos artisans du voyage vous racontent leurs itin\u00e9rances, des incontournables du Japon aux paradis plus confidentiels, loin des sentiers battus du Costa Rica. Des terres des pharaons aux sourires inoubliables de la communaut\u00e9 Hmong\u2026 Une ann\u00e9e riche en d\u00e9couvertes durant laquelle [&hellip;]<\/p>\n","protected":false},"author":2,"featured_media":18725,"comment_status":"open","ping_status":"open","sticky":false,"template":"","format":"standard","meta":{"footnotes":""},"categories":[172,169],"tags":[212,197,181,255,213,177,229,183,243],"yoast_head":"<!-- This site is optimized with the Yoast SEO plugin v22.1 - https:\/\/yoast.com\/wordpress\/plugins\/seo\/ -->\n<title>R\u00e9tro de l&#039;ann\u00e9e : les plus belles photos de voyage - Amplitudes<\/title>\n<meta name=\"description\" content=\"D\u00e9couvrez les plus belles photos de voyage de l\u2019ann\u00e9e selon la communaut\u00e9 Amplitudes. 10 clich\u00e9s qui incarnent notre art du voyage.\" \/>\n<meta name=\"robots\" content=\"index, follow, max-snippet:-1, max-image-preview:large, max-video-preview:-1\" \/>\n<link rel=\"canonical\" href=\"https:\/\/www.amplitudes.com\/blog-backend\/retro-de-lannee-les-plus-belles-photos-de-voyage\/\" \/>\n<meta property=\"og:locale\" content=\"fr_FR\" \/>\n<meta property=\"og:type\" content=\"article\" \/>\n<meta property=\"og:title\" content=\"R\u00e9tro de l&#039;ann\u00e9e : les plus belles photos de voyage - Amplitudes\" \/>\n<meta property=\"og:description\" content=\"D\u00e9couvrez les plus belles photos de voyage de l\u2019ann\u00e9e selon la communaut\u00e9 Amplitudes. 10 clich\u00e9s qui incarnent notre art du voyage.\" \/>\n<meta property=\"og:url\" content=\"https:\/\/www.amplitudes.com\/blog-backend\/retro-de-lannee-les-plus-belles-photos-de-voyage\/\" \/>\n<meta property=\"og:site_name\" content=\"Blog de l&#039;agence de voyage sur-mesure Amplitudes\" \/>\n<meta property=\"article:publisher\" content=\"http:\/\/facebook.com\/amplitudes.devoyages\/\" \/>\n<meta property=\"article:published_time\" content=\"2025-12-26T10:46:23+00:00\" \/>\n<meta property=\"article:modified_time\" content=\"2025-12-30T15:36:42+00:00\" \/>\n<meta property=\"og:image\" content=\"https:\/\/www.amplitudes.com\/blog-backend\/wp-content\/uploads\/2025\/12\/NAMIBIE-1.jpg\" \/>\n\t<meta property=\"og:image:width\" content=\"1110\" \/>\n\t<meta property=\"og:image:height\" content=\"481\" \/>\n\t<meta property=\"og:image:type\" content=\"image\/jpeg\" \/>\n<meta name=\"author\" content=\"Floriane\" \/>\n<meta name=\"twitter:card\" content=\"summary_large_image\" \/>\n<meta name=\"twitter:creator\" content=\"@AmplitudesV\" \/>\n<meta name=\"twitter:site\" content=\"@AmplitudesV\" \/>\n<meta name=\"twitter:label1\" content=\"\u00c9crit par\" \/>\n\t<meta name=\"twitter:data1\" content=\"Floriane\" \/>\n\t<meta name=\"twitter:label2\" content=\"Dur\u00e9e de lecture estim\u00e9e\" \/>\n\t<meta name=\"twitter:data2\" content=\"10 minutes\" \/>\n<script type=\"application\/ld+json\" class=\"yoast-schema-graph\">{\"@context\":\"https:\/\/schema.org\",\"@graph\":[{\"@type\":\"WebPage\",\"@id\":\"https:\/\/www.amplitudes.com\/blog-backend\/retro-de-lannee-les-plus-belles-photos-de-voyage\/\",\"url\":\"https:\/\/www.amplitudes.com\/blog-backend\/retro-de-lannee-les-plus-belles-photos-de-voyage\/\",\"name\":\"R\u00e9tro de l'ann\u00e9e : les plus belles photos de voyage - Amplitudes\",\"isPartOf\":{\"@id\":\"https:\/\/www.amplitudes.com\/blog-backend\/#website\"},\"datePublished\":\"2025-12-26T10:46:23+00:00\",\"dateModified\":\"2025-12-30T15:36:42+00:00\",\"author\":{\"@id\":\"https:\/\/www.amplitudes.com\/blog-backend\/#\/schema\/person\/1ac2058edef1f5f0f2c16e7f096a80b1\"},\"description\":\"D\u00e9couvrez les plus belles photos de voyage de l\u2019ann\u00e9e selon la communaut\u00e9 Amplitudes. 10 clich\u00e9s qui incarnent notre art du voyage.\",\"inLanguage\":\"fr-FR\",\"potentialAction\":[{\"@type\":\"ReadAction\",\"target\":[\"https:\/\/www.amplitudes.com\/blog-backend\/retro-de-lannee-les-plus-belles-photos-de-voyage\/\"]}]},{\"@type\":\"WebSite\",\"@id\":\"https:\/\/www.amplitudes.com\/blog-backend\/#website\",\"url\":\"https:\/\/www.amplitudes.com\/blog-backend\/\",\"name\":\"Blog de l&#039;agence de voyage sur-mesure Amplitudes\",\"description\":\"\",\"potentialAction\":[{\"@type\":\"SearchAction\",\"target\":{\"@type\":\"EntryPoint\",\"urlTemplate\":\"https:\/\/www.amplitudes.com\/blog-backend\/?s={search_term_string}\"},\"query-input\":\"required name=search_term_string\"}],\"inLanguage\":\"fr-FR\"},{\"@type\":\"Person\",\"@id\":\"https:\/\/www.amplitudes.com\/blog-backend\/#\/schema\/person\/1ac2058edef1f5f0f2c16e7f096a80b1\",\"name\":\"Floriane\",\"image\":{\"@type\":\"ImageObject\",\"inLanguage\":\"fr-FR\",\"@id\":\"https:\/\/www.amplitudes.com\/blog-backend\/#\/schema\/person\/image\/\",\"url\":\"https:\/\/secure.gravatar.com\/avatar\/f3f77af3dabd00f62e61c417047e08f6?s=96&d=mm&r=g\",\"contentUrl\":\"https:\/\/secure.gravatar.com\/avatar\/f3f77af3dabd00f62e61c417047e08f6?s=96&d=mm&r=g\",\"caption\":\"Floriane\"},\"url\":\"https:\/\/www.amplitudes.com\/blog-backend\/author\/audrey\/\"}]}<\/script>\n<!-- \/ Yoast SEO plugin. -->","yoast_head_json":{"title":"R\u00e9tro de l'ann\u00e9e : les plus belles photos de voyage - Amplitudes","description":"D\u00e9couvrez les plus belles photos de voyage de l\u2019ann\u00e9e selon la communaut\u00e9 Amplitudes. 10 clich\u00e9s qui incarnent notre art du voyage.","robots":{"index":"index","follow":"follow","max-snippet":"max-snippet:-1","max-image-preview":"max-image-preview:large","max-video-preview":"max-video-preview:-1"},"canonical":"https:\/\/www.amplitudes.com\/blog-backend\/retro-de-lannee-les-plus-belles-photos-de-voyage\/","og_locale":"fr_FR","og_type":"article","og_title":"R\u00e9tro de l'ann\u00e9e : les plus belles photos de voyage - Amplitudes","og_description":"D\u00e9couvrez les plus belles photos de voyage de l\u2019ann\u00e9e selon la communaut\u00e9 Amplitudes. 10 clich\u00e9s qui incarnent notre art du voyage.","og_url":"https:\/\/www.amplitudes.com\/blog-backend\/retro-de-lannee-les-plus-belles-photos-de-voyage\/","og_site_name":"Blog de l&#039;agence de voyage sur-mesure Amplitudes","article_publisher":"http:\/\/facebook.com\/amplitudes.devoyages\/","article_published_time":"2025-12-26T10:46:23+00:00","article_modified_time":"2025-12-30T15:36:42+00:00","og_image":[{"width":1110,"height":481,"url":"https:\/\/www.amplitudes.com\/blog-backend\/wp-content\/uploads\/2025\/12\/NAMIBIE-1.jpg","type":"image\/jpeg"}],"author":"Floriane","twitter_card":"summary_large_image","twitter_creator":"@AmplitudesV","twitter_site":"@AmplitudesV","twitter_misc":{"\u00c9crit par":"Floriane","Dur\u00e9e de lecture estim\u00e9e":"10 minutes"},"schema":{"@context":"https:\/\/schema.org","@graph":[{"@type":"WebPage","@id":"https:\/\/www.amplitudes.com\/blog-backend\/retro-de-lannee-les-plus-belles-photos-de-voyage\/","url":"https:\/\/www.amplitudes.com\/blog-backend\/retro-de-lannee-les-plus-belles-photos-de-voyage\/","name":"R\u00e9tro de l'ann\u00e9e : les plus belles photos de voyage - Amplitudes","isPartOf":{"@id":"https:\/\/www.amplitudes.com\/blog-backend\/#website"},"datePublished":"2025-12-26T10:46:23+00:00","dateModified":"2025-12-30T15:36:42+00:00","author":{"@id":"https:\/\/www.amplitudes.com\/blog-backend\/#\/schema\/person\/1ac2058edef1f5f0f2c16e7f096a80b1"},"description":"D\u00e9couvrez les plus belles photos de voyage de l\u2019ann\u00e9e selon la communaut\u00e9 Amplitudes. 10 clich\u00e9s qui incarnent notre art du voyage.","inLanguage":"fr-FR","potentialAction":[{"@type":"ReadAction","target":["https:\/\/www.amplitudes.com\/blog-backend\/retro-de-lannee-les-plus-belles-photos-de-voyage\/"]}]},{"@type":"WebSite","@id":"https:\/\/www.amplitudes.com\/blog-backend\/#website","url":"https:\/\/www.amplitudes.com\/blog-backend\/","name":"Blog de l&#039;agence de voyage sur-mesure Amplitudes","description":"","potentialAction":[{"@type":"SearchAction","target":{"@type":"EntryPoint","urlTemplate":"https:\/\/www.amplitudes.com\/blog-backend\/?s={search_term_string}"},"query-input":"required name=search_term_string"}],"inLanguage":"fr-FR"},{"@type":"Person","@id":"https:\/\/www.amplitudes.com\/blog-backend\/#\/schema\/person\/1ac2058edef1f5f0f2c16e7f096a80b1","name":"Floriane","image":{"@type":"ImageObject","inLanguage":"fr-FR","@id":"https:\/\/www.amplitudes.com\/blog-backend\/#\/schema\/person\/image\/","url":"https:\/\/secure.gravatar.com\/avatar\/f3f77af3dabd00f62e61c417047e08f6?s=96&d=mm&r=g","contentUrl":"https:\/\/secure.gravatar.com\/avatar\/f3f77af3dabd00f62e61c417047e08f6?s=96&d=mm&r=g","caption":"Floriane"},"url":"https:\/\/www.amplitudes.com\/blog-backend\/author\/audrey\/"}]}},"_links":{"self":[{"href":"https:\/\/www.amplitudes.com\/blog-backend\/wp-json\/wp\/v2\/posts\/18702"}],"collection":[{"href":"https:\/\/www.amplitudes.com\/blog-backend\/wp-json\/wp\/v2\/posts"}],"about":[{"href":"https:\/\/www.amplitudes.com\/blog-backend\/wp-json\/wp\/v2\/types\/post"}],"author":[{"embeddable":true,"href":"https:\/\/www.amplitudes.com\/blog-backend\/wp-json\/wp\/v2\/users\/2"}],"replies":[{"embeddable":true,"href":"https:\/\/www.amplitudes.com\/blog-backend\/wp-json\/wp\/v2\/comments?post=18702"}],"version-history":[{"count":74,"href":"https:\/\/www.amplitudes.com\/blog-backend\/wp-json\/wp\/v2\/posts\/18702\/revisions"}],"predecessor-version":[{"id":18792,"href":"https:\/\/www.amplitudes.com\/blog-backend\/wp-json\/wp\/v2\/posts\/18702\/revisions\/18792"}],"wp:featuredmedia":[{"embeddable":true,"href":"https:\/\/www.amplitudes.com\/blog-backend\/wp-json\/wp\/v2\/media\/18725"}],"wp:attachment":[{"href":"https:\/\/www.amplitudes.com\/blog-backend\/wp-json\/wp\/v2\/media?parent=18702"}],"wp:term":[{"taxonomy":"category","embeddable":true,"href":"https:\/\/www.amplitudes.com\/blog-backend\/wp-json\/wp\/v2\/categories?post=18702"},{"taxonomy":"post_tag","embeddable":true,"href":"https:\/\/www.amplitudes.com\/blog-backend\/wp-json\/wp\/v2\/tags?post=18702"}],"curies":[{"name":"wp","href":"https:\/\/api.w.org\/{rel}","templated":true}]}}