{"id":4127,"date":"2017-01-06T16:46:40","date_gmt":"2017-01-06T15:46:40","guid":{"rendered":"https:\/\/www.amplitudes.com\/blog-backend\/?p=4127"},"modified":"2019-08-14T11:38:35","modified_gmt":"2019-08-14T10:38:35","slug":"voyage-dans-la-region-du-cafe-en-colombie","status":"publish","type":"post","link":"https:\/\/www.amplitudes.com\/blog-backend\/voyage-dans-la-region-du-cafe-en-colombie\/","title":{"rendered":"Voyage dans la r\u00e9gion du caf\u00e9 en Colombie"},"content":{"rendered":"<p style=\"text-align: justify;\"><span style=\"font-family: gotham-book;\">Pour ce premier <em>Sunday Coffee<\/em>, nous vous emmenons en voyage dans la r\u00e9gion du caf\u00e9 en Colombie, <strong>destination phare de 2017<\/strong>. L\u00e0-bas, on consomme le <em>tinto<\/em>, v\u00e9ritable tr\u00e9sor national. Direction les hauteurs luxuriantes du pays, dans la r\u00e9gion de la Vall\u00e9e de Cocora et de charmants villages comme Salento. C\u2019est dans ce cadre splendide, class\u00e9 \u00e0 l\u2019Unesco, qu&rsquo;y sont cultiv\u00e9s les fameux grains. <\/span><\/p>\n<h2 style=\"text-align: left;\"><span style=\"font-family: gotham-book;\">D\u00e9guster l\u2019authentique caf\u00e9 colombien<\/span><\/h2>\n<figure id=\"attachment_4601\" aria-describedby=\"caption-attachment-4601\" style=\"width: 2000px\" class=\"wp-caption alignnone\"><a href=\"https:\/\/www.amplitudes.com\/blog-backend\/wp-content\/uploads\/2017\/03\/Fotolia_93097260_-Coffee-farm-in-Manizales-Colombia-recoupee-optimax.jpg\" rel=\"attachment wp-att-4601\"><img decoding=\"async\" class=\"size-full wp-image-4601\" src=\"https:\/\/www.amplitudes.com\/blog-backend\/wp-content\/uploads\/2017\/03\/Fotolia_93097260_-Coffee-farm-in-Manizales-Colombia-recoupee-optimax.jpg\" alt=\"Voyage Colombie - Caf\u00e9 Manizales - Amplitudes\" width=\"2000\" height=\"1300\" srcset=\"https:\/\/www.amplitudes.com\/blog-backend\/wp-content\/uploads\/2017\/03\/Fotolia_93097260_-Coffee-farm-in-Manizales-Colombia-recoupee-optimax.jpg 2000w, https:\/\/www.amplitudes.com\/blog-backend\/wp-content\/uploads\/2017\/03\/Fotolia_93097260_-Coffee-farm-in-Manizales-Colombia-recoupee-optimax-300x195.jpg 300w, https:\/\/www.amplitudes.com\/blog-backend\/wp-content\/uploads\/2017\/03\/Fotolia_93097260_-Coffee-farm-in-Manizales-Colombia-recoupee-optimax-780x507.jpg 780w\" sizes=\"(max-width: 2000px) 100vw, 2000px\" \/><\/a><figcaption id=\"caption-attachment-4601\" class=\"wp-caption-text\"><span style=\"font-family: gotham-book;\">Les grains de caf\u00e9 m\u00fbrissent dans les paysages verdoyants non loin de Manizales<\/span><\/figcaption><\/figure>\n<p style=\"text-align: justify;\"><span style=\"font-family: gotham-book;\">Le caf\u00e9 colombien se boit tout au long de la journ\u00e9e, servi par de souriants vendeurs ambulants \u00e0 l\u2019angle des rues de Bogota, Carthag\u00e8ne des Indes&#8230; D\u00e9gust\u00e9 en quelques gorg\u00e9es dans de minuscules gobelets, <strong>le caf\u00e9 colombien exalte l\u2019ar\u00f4me sucr\u00e9 de la panela<\/strong> et celui, plus subtil, des grains cultiv\u00e9s \u00e0 pr\u00e8s de 1\u00a0500m d\u2019altitude.\u00a0Avec quelques 300\u00a0000 plantations de caf\u00e9, la Colombie est le troisi\u00e8me producteur mondial de ce d\u00e9licieux breuvage. Pour assister \u00e0 la r\u00e9colte, pr\u00e9voyez un voyage dans la r\u00e9gion du caf\u00e9 entre les mois de Mars et Juin.<\/span><\/p>\n<figure id=\"attachment_4603\" aria-describedby=\"caption-attachment-4603\" style=\"width: 2000px\" class=\"wp-caption alignnone\"><a href=\"https:\/\/www.amplitudes.com\/blog-backend\/wp-content\/uploads\/2017\/03\/Fotolia_26555518_Caf\u00e9-de-Colombia-\u00a9-Ariane-Citron-recoupee-optimax.jpg\" rel=\"attachment wp-att-4603\"><img decoding=\"async\" class=\"size-full wp-image-4603\" src=\"https:\/\/www.amplitudes.com\/blog-backend\/wp-content\/uploads\/2017\/03\/Fotolia_26555518_Caf\u00e9-de-Colombia-\u00a9-Ariane-Citron-recoupee-optimax.jpg\" alt=\"Voyage Colombie - Caf\u00e9 - Amplitudes\" width=\"2000\" height=\"1300\" srcset=\"https:\/\/www.amplitudes.com\/blog-backend\/wp-content\/uploads\/2017\/03\/Fotolia_26555518_Caf\u00e9-de-Colombia-\u00a9-Ariane-Citron-recoupee-optimax.jpg 2000w, https:\/\/www.amplitudes.com\/blog-backend\/wp-content\/uploads\/2017\/03\/Fotolia_26555518_Caf\u00e9-de-Colombia-\u00a9-Ariane-Citron-recoupee-optimax-300x195.jpg 300w, https:\/\/www.amplitudes.com\/blog-backend\/wp-content\/uploads\/2017\/03\/Fotolia_26555518_Caf\u00e9-de-Colombia-\u00a9-Ariane-Citron-recoupee-optimax-780x507.jpg 780w\" sizes=\"(max-width: 2000px) 100vw, 2000px\" \/><\/a><figcaption id=\"caption-attachment-4603\" class=\"wp-caption-text\"><span style=\"font-family: gotham-book;\">Un caf\u00e9 colombien, \u00e7a vous tente ?<\/span><\/figcaption><\/figure>\n<h2 style=\"text-align: left;\"><span style=\"font-family: gotham-book;\">Voyage dans la r\u00e9gion du caf\u00e9 en Colombie<\/span><\/h2>\n<p style=\"text-align: justify;\"><span style=\"font-family: gotham-book;\">En Colombie, la r\u00e9gion du caf\u00e9 forme un triangle prosp\u00e8re s\u2019\u00e9tirant entre les villes de Manizales, Armenia et Pereira dans l\u2019Ouest du pays. Voyage id\u00e9al pour les amateurs d\u2019activit\u00e9s en plein air, la r\u00e9gion du caf\u00e9 offre de <strong>superbes balades dans les vallons couverts de plantations<\/strong>. Profitez-en pour faire halte dans une finca (ferme) de caf\u00e9 afin de d\u00e9couvrir toute la cha\u00eene du caf\u00e9, de la r\u00e9colte \u00e0 la torr\u00e9faction. La d\u00e9gustation n\u2019en sera que plus belle entre les murs en torchis de ces b\u00e2timents \u00e9voquant les haciendas espagnoles. <\/span><\/p>\n<figure id=\"attachment_4605\" aria-describedby=\"caption-attachment-4605\" style=\"width: 2000px\" class=\"wp-caption alignnone\"><a href=\"https:\/\/www.amplitudes.com\/blog-backend\/wp-content\/uploads\/2017\/03\/Colombian-coffee-\u00a9-Neil-Palmer-CIAT_licence-CC-BY-SA-20-recoupee-optimax.jpg\" rel=\"attachment wp-att-4605\"><img decoding=\"async\" class=\"size-full wp-image-4605\" src=\"https:\/\/www.amplitudes.com\/blog-backend\/wp-content\/uploads\/2017\/03\/Colombian-coffee-\u00a9-Neil-Palmer-CIAT_licence-CC-BY-SA-20-recoupee-optimax.jpg\" alt=\"Cr\u00e9dit photo : Neil Palmer (CIAT)\" width=\"2000\" height=\"1300\" srcset=\"https:\/\/www.amplitudes.com\/blog-backend\/wp-content\/uploads\/2017\/03\/Colombian-coffee-\u00a9-Neil-Palmer-CIAT_licence-CC-BY-SA-20-recoupee-optimax.jpg 2000w, https:\/\/www.amplitudes.com\/blog-backend\/wp-content\/uploads\/2017\/03\/Colombian-coffee-\u00a9-Neil-Palmer-CIAT_licence-CC-BY-SA-20-recoupee-optimax-300x195.jpg 300w, https:\/\/www.amplitudes.com\/blog-backend\/wp-content\/uploads\/2017\/03\/Colombian-coffee-\u00a9-Neil-Palmer-CIAT_licence-CC-BY-SA-20-recoupee-optimax-780x507.jpg 780w\" sizes=\"(max-width: 2000px) 100vw, 2000px\" \/><\/a><figcaption id=\"caption-attachment-4605\" class=\"wp-caption-text\"><span style=\"font-family: gotham-book;\">Cr\u00e9dit photo : Neil Palmer (CIAT)<\/span><\/figcaption><\/figure>\n<p style=\"text-align: justify;\"><span style=\"font-family: gotham-book;\">Mais pour d\u00e9couvrir le c\u0153ur battant de cette r\u00e9gion aux grains d\u2019or noir, il faut se rendre dans les villages. <strong>Vivants et pittoresques, les bourgs artisanaux respirent le bon vivre<\/strong>. Les habitants, coiff\u00e9s de chapeaux de paille <em>muy typico<\/em>, continuent de se retrouver autour des volutes des cafeti\u00e8res d\u2019antan, les sommets de la Cordill\u00e8re Occidentale en arri\u00e8re-plan.<\/span><\/p>\n<h2 style=\"text-align: left;\"><span style=\"font-family: gotham-book;\">Le bourg traditionnel et color\u00e9 de Salento<\/span><\/h2>\n<figure id=\"attachment_4607\" aria-describedby=\"caption-attachment-4607\" style=\"width: 2000px\" class=\"wp-caption alignnone\"><a href=\"https:\/\/www.amplitudes.com\/blog-backend\/wp-content\/uploads\/2017\/03\/Fotolia_68966372_Colombia-Coffe-Region-Street-in-Salento-village-recoupee-optimax.jpg\" rel=\"attachment wp-att-4607\"><img decoding=\"async\" class=\"size-full wp-image-4607\" src=\"https:\/\/www.amplitudes.com\/blog-backend\/wp-content\/uploads\/2017\/03\/Fotolia_68966372_Colombia-Coffe-Region-Street-in-Salento-village-recoupee-optimax.jpg\" alt=\"Voyage Colombie - Salento r\u00e9gion du caf\u00e9 - Amplitudes\" width=\"2000\" height=\"1300\" srcset=\"https:\/\/www.amplitudes.com\/blog-backend\/wp-content\/uploads\/2017\/03\/Fotolia_68966372_Colombia-Coffe-Region-Street-in-Salento-village-recoupee-optimax.jpg 2000w, https:\/\/www.amplitudes.com\/blog-backend\/wp-content\/uploads\/2017\/03\/Fotolia_68966372_Colombia-Coffe-Region-Street-in-Salento-village-recoupee-optimax-300x195.jpg 300w, https:\/\/www.amplitudes.com\/blog-backend\/wp-content\/uploads\/2017\/03\/Fotolia_68966372_Colombia-Coffe-Region-Street-in-Salento-village-recoupee-optimax-780x507.jpg 780w\" sizes=\"(max-width: 2000px) 100vw, 2000px\" \/><\/a><figcaption id=\"caption-attachment-4607\" class=\"wp-caption-text\"><span style=\"font-family: gotham-book;\">L&rsquo;architecture typique de Salento dans la r\u00e9gion du caf\u00e9 en Colombie<\/span><\/figcaption><\/figure>\n<p style=\"text-align: justify;\"><span style=\"font-family: gotham-book;\">Nich\u00e9 dans les paysages bucoliques de la r\u00e9gion du caf\u00e9, Salento est <strong>l\u2019un des plus beaux villages de Colombie<\/strong>. Il est tr\u00e8s agr\u00e9able de fl\u00e2ner dans ses ruelles et s\u2019arr\u00eater, quelques instants, sur les larges trottoirs pour admirer l\u2019architecture typique du Quindio avec ses balcons de bois fleuris et ses encadrements chamarr\u00e9s. Bien qu&rsquo;\u00e9tant fr\u00e9quent\u00e9e par les touristes, Salento a su pr\u00e9server son charme chaleureux, ses \u00e9tals artisanaux et ses petits restaurants.<\/span><\/p>\n<h2 style=\"text-align: left;\"><span style=\"font-family: gotham-book;\">Les palmiers \u00e0 cire de la Vall\u00e9e de Cocora<\/span><\/h2>\n<figure id=\"attachment_4609\" aria-describedby=\"caption-attachment-4609\" style=\"width: 2000px\" class=\"wp-caption alignnone\"><a href=\"https:\/\/www.amplitudes.com\/blog-backend\/wp-content\/uploads\/2017\/03\/Fotolia_90283610_Val\u00e9e-de-Cocora-Salento-Colombie-recoup\u00e9e-optimawx.jpg\" rel=\"attachment wp-att-4609\"><img decoding=\"async\" class=\"size-full wp-image-4609\" src=\"https:\/\/www.amplitudes.com\/blog-backend\/wp-content\/uploads\/2017\/03\/Fotolia_90283610_Val\u00e9e-de-Cocora-Salento-Colombie-recoup\u00e9e-optimawx.jpg\" alt=\"Voyage Colombie - Vall\u00e9e de Cocora Salento caf\u00e9 - Amplitudes\" width=\"2000\" height=\"1300\" srcset=\"https:\/\/www.amplitudes.com\/blog-backend\/wp-content\/uploads\/2017\/03\/Fotolia_90283610_Val\u00e9e-de-Cocora-Salento-Colombie-recoup\u00e9e-optimawx.jpg 2000w, https:\/\/www.amplitudes.com\/blog-backend\/wp-content\/uploads\/2017\/03\/Fotolia_90283610_Val\u00e9e-de-Cocora-Salento-Colombie-recoup\u00e9e-optimawx-300x195.jpg 300w, https:\/\/www.amplitudes.com\/blog-backend\/wp-content\/uploads\/2017\/03\/Fotolia_90283610_Val\u00e9e-de-Cocora-Salento-Colombie-recoup\u00e9e-optimawx-780x507.jpg 780w\" sizes=\"(max-width: 2000px) 100vw, 2000px\" \/><\/a><figcaption id=\"caption-attachment-4609\" class=\"wp-caption-text\"><span style=\"font-family: gotham-book;\">Les palmiers les plus hauts du monde dans la Vall\u00e9e de Cocora<\/span><\/figcaption><\/figure>\n<p style=\"text-align: justify;\"><span style=\"font-family: gotham-book;\">Que serait un voyage autour du caf\u00e9 en Colombie sans passer par le berceau du caf\u00e9 colombien : les terres de la Vall\u00e9e de Cocora. Elles offrent un panorama unique et spectaculaire que sont de gigantesques palmiers \u00e0 2\u00a0400m d\u2019altitude. <strong>Le palmier de cire est l\u2019arbre national de Colombie.<\/strong> Ces palmiers centenaires peuvent atteindre jusqu\u2019\u00e0 80m de haut. Les p\u00e2turages au pied de ces arbres tropicaux et les brumes bleut\u00e9es nimbant le ciel viennent parfaire la beaut\u00e9 de ce site. Explorer en Jeep, \u00e0 pied ou \u00e0 cheval les sentiers de cette vall\u00e9e travers\u00e9e par les eaux du Rio Quindio est un incontournable d\u2019un voyage en Colombie\u00a0!<\/span><\/p>\n<h2 style=\"text-align: center;\"><span style=\"font-family: gotham-book;\"><a href=\"https:\/\/www.amplitudes.com\/agence-de-voyages\/toulouse\/paris\/demande-devis-sur-mesure.html?utm_source=blog&amp;utm_medium=voyage_dans_la_region_du_cafe_en_colombie&amp;utm_campaign=blog_voyage_dans_la_region_du_cafe_en_colombie&amp;utm_content=Partez_pour_un_voyage_fort_en_cafe_en_Colombie\">Partez pour un voyage fort en caf\u00e9 en Colombie !<\/a><\/span><\/h2>\n","protected":false},"excerpt":{"rendered":"<p>Pour ce premier Sunday Coffee, nous vous emmenons en voyage dans la r\u00e9gion du caf\u00e9 en Colombie, destination phare de 2017. L\u00e0-bas, on consomme le tinto, v\u00e9ritable tr\u00e9sor national. Direction les hauteurs luxuriantes du pays, dans la r\u00e9gion de la Vall\u00e9e de Cocora et de charmants villages comme Salento. C\u2019est dans ce cadre splendide, class\u00e9 [&hellip;]<\/p>\n","protected":false},"author":2,"featured_media":4122,"comment_status":"open","ping_status":"open","sticky":false,"template":"","format":"standard","meta":{"footnotes":""},"categories":[169],"tags":[210],"yoast_head":"<!-- This site is optimized with the Yoast SEO plugin v22.1 - https:\/\/yoast.com\/wordpress\/plugins\/seo\/ -->\n<title>Voyage dans la r\u00e9gion du caf\u00e9 en Colombie<\/title>\n<meta name=\"description\" content=\"Partez en voyage dans la r\u00e9gion du caf\u00e9 en Colombie. Un voyage de la Vall\u00e9e de Cocora au bourg pittoresque de Salento o\u00f9 d\u00e9guster un tinto traditionnel.\" \/>\n<meta name=\"robots\" content=\"index, follow, max-snippet:-1, max-image-preview:large, max-video-preview:-1\" \/>\n<link rel=\"canonical\" href=\"https:\/\/www.amplitudes.com\/blog-backend\/voyage-dans-la-region-du-cafe-en-colombie\/\" \/>\n<meta property=\"og:locale\" content=\"fr_FR\" \/>\n<meta property=\"og:type\" content=\"article\" \/>\n<meta property=\"og:title\" content=\"Voyage dans la r\u00e9gion du caf\u00e9 en Colombie\" \/>\n<meta property=\"og:description\" content=\"Partez en voyage dans la r\u00e9gion du caf\u00e9 en Colombie. Un voyage de la Vall\u00e9e de Cocora au bourg pittoresque de Salento o\u00f9 d\u00e9guster un tinto traditionnel.\" \/>\n<meta property=\"og:url\" content=\"https:\/\/www.amplitudes.com\/blog-backend\/voyage-dans-la-region-du-cafe-en-colombie\/\" \/>\n<meta property=\"og:site_name\" content=\"Blog de l&#039;agence de voyage sur-mesure Amplitudes\" \/>\n<meta property=\"article:publisher\" content=\"http:\/\/facebook.com\/amplitudes.devoyages\/\" \/>\n<meta property=\"article:published_time\" content=\"2017-01-06T15:46:40+00:00\" \/>\n<meta property=\"article:modified_time\" content=\"2019-08-14T10:38:35+00:00\" \/>\n<meta property=\"og:image\" content=\"https:\/\/www.amplitudes.com\/blog-backend\/wp-content\/uploads\/2017\/01\/Fotolia_88637714_Col\u00f4mbia-Valle-del-Cocora-test-pano-BADGE-1.jpg\" \/>\n\t<meta property=\"og:image:width\" content=\"1170\" \/>\n\t<meta property=\"og:image:height\" content=\"507\" \/>\n\t<meta property=\"og:image:type\" content=\"image\/jpeg\" \/>\n<meta name=\"author\" content=\"Floriane\" \/>\n<meta name=\"twitter:card\" content=\"summary_large_image\" \/>\n<meta name=\"twitter:creator\" content=\"@AmplitudesV\" \/>\n<meta name=\"twitter:site\" content=\"@AmplitudesV\" \/>\n<meta name=\"twitter:label1\" content=\"\u00c9crit par\" \/>\n\t<meta name=\"twitter:data1\" content=\"Floriane\" \/>\n\t<meta name=\"twitter:label2\" content=\"Dur\u00e9e de lecture estim\u00e9e\" \/>\n\t<meta name=\"twitter:data2\" content=\"3 minutes\" \/>\n<script type=\"application\/ld+json\" class=\"yoast-schema-graph\">{\"@context\":\"https:\/\/schema.org\",\"@graph\":[{\"@type\":\"WebPage\",\"@id\":\"https:\/\/www.amplitudes.com\/blog-backend\/voyage-dans-la-region-du-cafe-en-colombie\/\",\"url\":\"https:\/\/www.amplitudes.com\/blog-backend\/voyage-dans-la-region-du-cafe-en-colombie\/\",\"name\":\"Voyage dans la r\u00e9gion du caf\u00e9 en Colombie\",\"isPartOf\":{\"@id\":\"https:\/\/www.amplitudes.com\/blog-backend\/#website\"},\"datePublished\":\"2017-01-06T15:46:40+00:00\",\"dateModified\":\"2019-08-14T10:38:35+00:00\",\"author\":{\"@id\":\"https:\/\/www.amplitudes.com\/blog-backend\/#\/schema\/person\/1ac2058edef1f5f0f2c16e7f096a80b1\"},\"description\":\"Partez en voyage dans la r\u00e9gion du caf\u00e9 en Colombie. Un voyage de la Vall\u00e9e de Cocora au bourg pittoresque de Salento o\u00f9 d\u00e9guster un tinto traditionnel.\",\"inLanguage\":\"fr-FR\",\"potentialAction\":[{\"@type\":\"ReadAction\",\"target\":[\"https:\/\/www.amplitudes.com\/blog-backend\/voyage-dans-la-region-du-cafe-en-colombie\/\"]}]},{\"@type\":\"WebSite\",\"@id\":\"https:\/\/www.amplitudes.com\/blog-backend\/#website\",\"url\":\"https:\/\/www.amplitudes.com\/blog-backend\/\",\"name\":\"Blog de l&#039;agence de voyage sur-mesure Amplitudes\",\"description\":\"\",\"potentialAction\":[{\"@type\":\"SearchAction\",\"target\":{\"@type\":\"EntryPoint\",\"urlTemplate\":\"https:\/\/www.amplitudes.com\/blog-backend\/?s={search_term_string}\"},\"query-input\":\"required name=search_term_string\"}],\"inLanguage\":\"fr-FR\"},{\"@type\":\"Person\",\"@id\":\"https:\/\/www.amplitudes.com\/blog-backend\/#\/schema\/person\/1ac2058edef1f5f0f2c16e7f096a80b1\",\"name\":\"Floriane\",\"image\":{\"@type\":\"ImageObject\",\"inLanguage\":\"fr-FR\",\"@id\":\"https:\/\/www.amplitudes.com\/blog-backend\/#\/schema\/person\/image\/\",\"url\":\"https:\/\/secure.gravatar.com\/avatar\/f3f77af3dabd00f62e61c417047e08f6?s=96&d=mm&r=g\",\"contentUrl\":\"https:\/\/secure.gravatar.com\/avatar\/f3f77af3dabd00f62e61c417047e08f6?s=96&d=mm&r=g\",\"caption\":\"Floriane\"},\"url\":\"https:\/\/www.amplitudes.com\/blog-backend\/author\/audrey\/\"}]}<\/script>\n<!-- \/ Yoast SEO plugin. -->","yoast_head_json":{"title":"Voyage dans la r\u00e9gion du caf\u00e9 en Colombie","description":"Partez en voyage dans la r\u00e9gion du caf\u00e9 en Colombie. Un voyage de la Vall\u00e9e de Cocora au bourg pittoresque de Salento o\u00f9 d\u00e9guster un tinto traditionnel.","robots":{"index":"index","follow":"follow","max-snippet":"max-snippet:-1","max-image-preview":"max-image-preview:large","max-video-preview":"max-video-preview:-1"},"canonical":"https:\/\/www.amplitudes.com\/blog-backend\/voyage-dans-la-region-du-cafe-en-colombie\/","og_locale":"fr_FR","og_type":"article","og_title":"Voyage dans la r\u00e9gion du caf\u00e9 en Colombie","og_description":"Partez en voyage dans la r\u00e9gion du caf\u00e9 en Colombie. Un voyage de la Vall\u00e9e de Cocora au bourg pittoresque de Salento o\u00f9 d\u00e9guster un tinto traditionnel.","og_url":"https:\/\/www.amplitudes.com\/blog-backend\/voyage-dans-la-region-du-cafe-en-colombie\/","og_site_name":"Blog de l&#039;agence de voyage sur-mesure Amplitudes","article_publisher":"http:\/\/facebook.com\/amplitudes.devoyages\/","article_published_time":"2017-01-06T15:46:40+00:00","article_modified_time":"2019-08-14T10:38:35+00:00","og_image":[{"width":1170,"height":507,"url":"https:\/\/www.amplitudes.com\/blog-backend\/wp-content\/uploads\/2017\/01\/Fotolia_88637714_Col\u00f4mbia-Valle-del-Cocora-test-pano-BADGE-1.jpg","type":"image\/jpeg"}],"author":"Floriane","twitter_card":"summary_large_image","twitter_creator":"@AmplitudesV","twitter_site":"@AmplitudesV","twitter_misc":{"\u00c9crit par":"Floriane","Dur\u00e9e de lecture estim\u00e9e":"3 minutes"},"schema":{"@context":"https:\/\/schema.org","@graph":[{"@type":"WebPage","@id":"https:\/\/www.amplitudes.com\/blog-backend\/voyage-dans-la-region-du-cafe-en-colombie\/","url":"https:\/\/www.amplitudes.com\/blog-backend\/voyage-dans-la-region-du-cafe-en-colombie\/","name":"Voyage dans la r\u00e9gion du caf\u00e9 en Colombie","isPartOf":{"@id":"https:\/\/www.amplitudes.com\/blog-backend\/#website"},"datePublished":"2017-01-06T15:46:40+00:00","dateModified":"2019-08-14T10:38:35+00:00","author":{"@id":"https:\/\/www.amplitudes.com\/blog-backend\/#\/schema\/person\/1ac2058edef1f5f0f2c16e7f096a80b1"},"description":"Partez en voyage dans la r\u00e9gion du caf\u00e9 en Colombie. Un voyage de la Vall\u00e9e de Cocora au bourg pittoresque de Salento o\u00f9 d\u00e9guster un tinto traditionnel.","inLanguage":"fr-FR","potentialAction":[{"@type":"ReadAction","target":["https:\/\/www.amplitudes.com\/blog-backend\/voyage-dans-la-region-du-cafe-en-colombie\/"]}]},{"@type":"WebSite","@id":"https:\/\/www.amplitudes.com\/blog-backend\/#website","url":"https:\/\/www.amplitudes.com\/blog-backend\/","name":"Blog de l&#039;agence de voyage sur-mesure Amplitudes","description":"","potentialAction":[{"@type":"SearchAction","target":{"@type":"EntryPoint","urlTemplate":"https:\/\/www.amplitudes.com\/blog-backend\/?s={search_term_string}"},"query-input":"required name=search_term_string"}],"inLanguage":"fr-FR"},{"@type":"Person","@id":"https:\/\/www.amplitudes.com\/blog-backend\/#\/schema\/person\/1ac2058edef1f5f0f2c16e7f096a80b1","name":"Floriane","image":{"@type":"ImageObject","inLanguage":"fr-FR","@id":"https:\/\/www.amplitudes.com\/blog-backend\/#\/schema\/person\/image\/","url":"https:\/\/secure.gravatar.com\/avatar\/f3f77af3dabd00f62e61c417047e08f6?s=96&d=mm&r=g","contentUrl":"https:\/\/secure.gravatar.com\/avatar\/f3f77af3dabd00f62e61c417047e08f6?s=96&d=mm&r=g","caption":"Floriane"},"url":"https:\/\/www.amplitudes.com\/blog-backend\/author\/audrey\/"}]}},"_links":{"self":[{"href":"https:\/\/www.amplitudes.com\/blog-backend\/wp-json\/wp\/v2\/posts\/4127"}],"collection":[{"href":"https:\/\/www.amplitudes.com\/blog-backend\/wp-json\/wp\/v2\/posts"}],"about":[{"href":"https:\/\/www.amplitudes.com\/blog-backend\/wp-json\/wp\/v2\/types\/post"}],"author":[{"embeddable":true,"href":"https:\/\/www.amplitudes.com\/blog-backend\/wp-json\/wp\/v2\/users\/2"}],"replies":[{"embeddable":true,"href":"https:\/\/www.amplitudes.com\/blog-backend\/wp-json\/wp\/v2\/comments?post=4127"}],"version-history":[{"count":14,"href":"https:\/\/www.amplitudes.com\/blog-backend\/wp-json\/wp\/v2\/posts\/4127\/revisions"}],"predecessor-version":[{"id":9030,"href":"https:\/\/www.amplitudes.com\/blog-backend\/wp-json\/wp\/v2\/posts\/4127\/revisions\/9030"}],"wp:featuredmedia":[{"embeddable":true,"href":"https:\/\/www.amplitudes.com\/blog-backend\/wp-json\/wp\/v2\/media\/4122"}],"wp:attachment":[{"href":"https:\/\/www.amplitudes.com\/blog-backend\/wp-json\/wp\/v2\/media?parent=4127"}],"wp:term":[{"taxonomy":"category","embeddable":true,"href":"https:\/\/www.amplitudes.com\/blog-backend\/wp-json\/wp\/v2\/categories?post=4127"},{"taxonomy":"post_tag","embeddable":true,"href":"https:\/\/www.amplitudes.com\/blog-backend\/wp-json\/wp\/v2\/tags?post=4127"}],"curies":[{"name":"wp","href":"https:\/\/api.w.org\/{rel}","templated":true}]}}