{"id":4280,"date":"2017-02-03T16:30:09","date_gmt":"2017-02-03T15:30:09","guid":{"rendered":"https:\/\/www.amplitudes.com\/blog-backend\/?p=4280"},"modified":"2019-08-14T11:42:42","modified_gmt":"2019-08-14T10:42:42","slug":"voyage-au-costa-rica-le-recit-de-ludivine","status":"publish","type":"post","link":"https:\/\/www.amplitudes.com\/blog-backend\/voyage-au-costa-rica-le-recit-de-ludivine\/","title":{"rendered":"Voyage au Costa Rica, le r\u00e9cit de Ludivine"},"content":{"rendered":"<p style=\"text-align: justify;\"><span style=\"font-family: gotham-book;\">Ludivine, commerciale groupe \u00e0 l\u2019agence de voyage Amplitudes nous raconte son voyage professionnel au Costa Rica. Un voyage entre le volcan Arenal et les ponts suspendus de Monteverde o\u00f9 en \u00e9cartant les branches exub\u00e9rantes de la v\u00e9g\u00e9tation, on d\u00e9couvre de petites sources thermales et des nids de tortues !<br \/>\n<\/span><\/p>\n<h2 style=\"text-align: left;\"><span style=\"font-family: gotham-book;\">C\u2019\u00e9tait ton premier voyage au Costa Rica\u00a0?<\/span><\/h2>\n<p style=\"text-align: justify;\"><span style=\"font-family: gotham-book;\">Oui ! J\u2019\u00e9tais vraiment contente de faire ce voyage au Costa Rica parce que \u00e7a faisait partie des prochaines destinations que je souhaitais faire. \u00c7a a donc \u00e9t\u00e9 une tr\u00e8s belle surprise d\u2019autant que je n\u2019ai vraiment pas \u00e9t\u00e9 d\u00e9\u00e7ue. On a fait un circuit de 9 jours \/ 7 nuits.<\/span><\/p>\n<h2 style=\"text-align: left;\"><span style=\"font-family: gotham-book;\">Jour 1 | France &#8211; San Jos\u00e9<\/span><\/h2>\n<p style=\"text-align: justify;\"><span style=\"font-family: gotham-book;\">Depuis peu, nous pouvons profiter de vols directs entre la France et le Costa Rica. C&rsquo;est optimal ! Du coup, nous sommes arriv\u00e9s en fin de journ\u00e9e sur San Jos\u00e9, la capitale. Nous avions tous h\u00e2te d&rsquo;\u00eatre au lendemain pour prendre la route vers Tortuguero. <\/span><\/p>\n<h2 style=\"text-align: left;\"><span style=\"font-family: gotham-book;\">Jour 2 | San Jos\u00e9 &#8211; Tortuguero\u00a0<\/span><\/h2>\n<p style=\"text-align: justify;\"><span style=\"font-family: gotham-book;\">Tortuguero est incontestablement l\u2019\u00e9tape phare d&rsquo;un voyage au Costa Rica ! Une partie du trajet entre San Jos\u00e9 et Tortuguero se fait en voiture et l&rsquo;autre en barque pour finalement accoster devant son lodge. Il faut savoir que certains de ces \u00e9tablissements disposent de sentiers ce qui permet de se balader et voir des animaux par soi-m\u00eame.<\/span><\/p>\n<figure id=\"attachment_4513\" aria-describedby=\"caption-attachment-4513\" style=\"width: 2000px\" class=\"wp-caption alignnone\"><a href=\"https:\/\/www.amplitudes.com\/blog-backend\/wp-content\/uploads\/2017\/02\/TORTUGUERO-IMG_8655-recoupeeoptimax.jpg\" rel=\"attachment wp-att-4513\"><img decoding=\"async\" class=\"size-full wp-image-4513\" src=\"https:\/\/www.amplitudes.com\/blog-backend\/wp-content\/uploads\/2017\/02\/TORTUGUERO-IMG_8655-recoupeeoptimax.jpg\" alt=\"Voyage Costa Rica - Rivi\u00e8re Tortuguero - Amplitudes\" width=\"2000\" height=\"1300\" srcset=\"https:\/\/www.amplitudes.com\/blog-backend\/wp-content\/uploads\/2017\/02\/TORTUGUERO-IMG_8655-recoupeeoptimax.jpg 2000w, https:\/\/www.amplitudes.com\/blog-backend\/wp-content\/uploads\/2017\/02\/TORTUGUERO-IMG_8655-recoupeeoptimax-300x195.jpg 300w, https:\/\/www.amplitudes.com\/blog-backend\/wp-content\/uploads\/2017\/02\/TORTUGUERO-IMG_8655-recoupeeoptimax-780x507.jpg 780w\" sizes=\"(max-width: 2000px) 100vw, 2000px\" \/><\/a><figcaption id=\"caption-attachment-4513\" class=\"wp-caption-text\"><span style=\"font-family: gotham-book;\">En direction du village de Tortuguero<\/span><\/figcaption><\/figure>\n<p style=\"text-align: justify;\"><span style=\"font-family: gotham-book;\">Je dois avouer que c&rsquo;est une journ\u00e9e o\u00f9 nous avons eu beaucoup de chance ! Tout d&rsquo;abord, sur la route entre San Jos\u00e9 et Tortuguero, nous avons eu la belle surprise de voir un paresseux \u00e0 seulement un m\u00e8tre de nous. Il \u00e9tait accroch\u00e9 sur une branche avec son b\u00e9b\u00e9, c\u2019\u00e9tait vraiment mignon. Puis, sur Tortuguero, en se baladant sur la plage, nous avons vu l&rsquo;\u00e9closion d&rsquo;\u0153ufs de tortues ! C&rsquo;\u00e9tait magique. Toujours \u00e0 Tortuguero, un toucan avec ses couleurs magnifiques et son grand bec est venu se poser juste devant nous. Avec un tel premier jour, on se demandait ce qu\u2019allait \u00eatre le reste du voyage\u00a0!\u00a0<\/span><\/p>\n<figure id=\"attachment_4515\" aria-describedby=\"caption-attachment-4515\" style=\"width: 2000px\" class=\"wp-caption alignnone\"><a href=\"https:\/\/www.amplitudes.com\/blog-backend\/wp-content\/uploads\/2017\/02\/TORTUGUERO-IMG_8820-recoupeeoptimmax.jpg\" rel=\"attachment wp-att-4515\"><img decoding=\"async\" class=\"size-full wp-image-4515\" src=\"https:\/\/www.amplitudes.com\/blog-backend\/wp-content\/uploads\/2017\/02\/TORTUGUERO-IMG_8820-recoupeeoptimmax.jpg\" alt=\"Voyage Costa Rica - Toucan - Amplitudes\" width=\"2000\" height=\"1300\" srcset=\"https:\/\/www.amplitudes.com\/blog-backend\/wp-content\/uploads\/2017\/02\/TORTUGUERO-IMG_8820-recoupeeoptimmax.jpg 2000w, https:\/\/www.amplitudes.com\/blog-backend\/wp-content\/uploads\/2017\/02\/TORTUGUERO-IMG_8820-recoupeeoptimmax-300x195.jpg 300w, https:\/\/www.amplitudes.com\/blog-backend\/wp-content\/uploads\/2017\/02\/TORTUGUERO-IMG_8820-recoupeeoptimmax-780x507.jpg 780w\" sizes=\"(max-width: 2000px) 100vw, 2000px\" \/><\/a><figcaption id=\"caption-attachment-4515\" class=\"wp-caption-text\"><span style=\"font-family: gotham-book;\">Ma\u00eetre toucan sur son son arbre perch\u00e9&#8230;.<\/span><\/figcaption><\/figure>\n<h2 style=\"text-align: left;\"><span style=\"font-family: gotham-book;\">Jour 3 | Tortuguero &#8211; Sarapiqui &#8211; Arenal\u00a0<\/span><\/h2>\n<p style=\"text-align: justify;\"><span style=\"font-family: gotham-book;\">Le Volcan Arenal est un essentiel d&rsquo;un voyage au Costa Rica. En chemin, nous avons fait une \u00e9tape sur le th\u00e8me du chocolat \u00e0 la R\u00e9serve de la Tirimbina de Sarapiqui. C&rsquo;est un tour permettant d&rsquo;apprendre les diff\u00e9rentes \u00e9tapes de fabrication du cacao. Ce qui est int\u00e9ressant c\u2019est que c\u2019est une visite tr\u00e8s ludique. On se prend au jeu, tout le monde participe, c\u2019est un tr\u00e8s bon moment.<br \/>\n<\/span><\/p>\n<h2 style=\"text-align: left;\"><span style=\"font-family: gotham-book;\">Jour 4 | Arenal<\/span><\/h2>\n<p style=\"text-align: justify;\"><span style=\"font-family: gotham-book;\">Il y a un tr\u00e8s large choix d&rsquo;activit\u00e9s au Volcan Arenal : les ponts suspendus, les canopy, les tyroliennes, on peut faire des randonn\u00e9es&#8230; C\u2019est vraiment un monde \u00e0 part\u00a0! A un moment nous grimpions et nous sommes arriv\u00e9s sur un point de vue incroyable sur un lac avec le volcan derri\u00e8re nous\u2026 Le temps s&rsquo;\u00e9tait d\u00e9gag\u00e9 donc nous avions une belle vue.<\/span><\/p>\n<figure id=\"attachment_4517\" aria-describedby=\"caption-attachment-4517\" style=\"width: 2000px\" class=\"wp-caption alignnone\"><a href=\"https:\/\/www.amplitudes.com\/blog-backend\/wp-content\/uploads\/2017\/02\/Volcan-Arenal-IMG_8924-recoupee-optimmax.jpg\" rel=\"attachment wp-att-4517\"><img decoding=\"async\" class=\"size-full wp-image-4517\" src=\"https:\/\/www.amplitudes.com\/blog-backend\/wp-content\/uploads\/2017\/02\/Volcan-Arenal-IMG_8924-recoupee-optimmax.jpg\" alt=\"Voyage Costa Rica - Volcan Arenal - Amplitudes\" width=\"2000\" height=\"1300\" srcset=\"https:\/\/www.amplitudes.com\/blog-backend\/wp-content\/uploads\/2017\/02\/Volcan-Arenal-IMG_8924-recoupee-optimmax.jpg 2000w, https:\/\/www.amplitudes.com\/blog-backend\/wp-content\/uploads\/2017\/02\/Volcan-Arenal-IMG_8924-recoupee-optimmax-300x195.jpg 300w, https:\/\/www.amplitudes.com\/blog-backend\/wp-content\/uploads\/2017\/02\/Volcan-Arenal-IMG_8924-recoupee-optimmax-780x507.jpg 780w\" sizes=\"(max-width: 2000px) 100vw, 2000px\" \/><\/a><figcaption id=\"caption-attachment-4517\" class=\"wp-caption-text\"><span style=\"font-family: gotham-book;\">Le majestueux volcan Arenal<\/span><\/figcaption><\/figure>\n<p style=\"text-align: justify;\"><span style=\"font-family: gotham-book;\">Apr\u00e8s des visites d&rsquo;h\u00f4tels, nous nous sommes rendus aux eaux thermales de Tabacon. Ce sont les plus co\u00fbteuses du lieu mais le cadre est tout simplement idyllique avec sa succession de cascades et ses for\u00eats incroyables. L\u2019endroit est tr\u00e8s visit\u00e9 mais on a tout de m\u00eame un sentiment d\u2019exclusivit\u00e9 parce que ce sont pleins de petits bassins. On y trouve \u00e9galement un buffet-restaurant de qualit\u00e9 proposant des grillades, des plats chauds, des plats continentaux, des plats traditionnels, des salades\u2026 de quoi faire plaisir \u00e0 tous !<\/span><\/p>\n<figure id=\"attachment_4519\" aria-describedby=\"caption-attachment-4519\" style=\"width: 2000px\" class=\"wp-caption alignnone\"><a href=\"https:\/\/www.amplitudes.com\/blog-backend\/wp-content\/uploads\/2017\/02\/Ecotermales-Arenal-IMG_9015-recoupeeoptimmax.jpg\" rel=\"attachment wp-att-4519\"><img decoding=\"async\" class=\"size-full wp-image-4519\" src=\"https:\/\/www.amplitudes.com\/blog-backend\/wp-content\/uploads\/2017\/02\/Ecotermales-Arenal-IMG_9015-recoupeeoptimmax.jpg\" alt=\"Voyage Costa Rica - Source Arenal - Amplitudes\" width=\"2000\" height=\"1300\" srcset=\"https:\/\/www.amplitudes.com\/blog-backend\/wp-content\/uploads\/2017\/02\/Ecotermales-Arenal-IMG_9015-recoupeeoptimmax.jpg 2000w, https:\/\/www.amplitudes.com\/blog-backend\/wp-content\/uploads\/2017\/02\/Ecotermales-Arenal-IMG_9015-recoupeeoptimmax-300x195.jpg 300w, https:\/\/www.amplitudes.com\/blog-backend\/wp-content\/uploads\/2017\/02\/Ecotermales-Arenal-IMG_9015-recoupeeoptimmax-780x507.jpg 780w\" sizes=\"(max-width: 2000px) 100vw, 2000px\" \/><\/a><figcaption id=\"caption-attachment-4519\" class=\"wp-caption-text\"><span style=\"font-family: gotham-book;\">Les sources thermales d&rsquo;Arenal en pleine for\u00eat tropicale<\/span><\/figcaption><\/figure>\n<figure id=\"attachment_4523\" aria-describedby=\"caption-attachment-4523\" style=\"width: 2000px\" class=\"wp-caption alignnone\"><a href=\"https:\/\/www.amplitudes.com\/blog-backend\/wp-content\/uploads\/2017\/02\/Ecotermales-Arenal-IMG_9025-recoupee-optiml.jpg\" rel=\"attachment wp-att-4523\"><img decoding=\"async\" class=\"size-full wp-image-4523\" src=\"https:\/\/www.amplitudes.com\/blog-backend\/wp-content\/uploads\/2017\/02\/Ecotermales-Arenal-IMG_9025-recoupee-optiml.jpg\" alt=\"Voyage Costa Rica - Sources thermales Arenal - Amplitudes\" width=\"2000\" height=\"1300\" srcset=\"https:\/\/www.amplitudes.com\/blog-backend\/wp-content\/uploads\/2017\/02\/Ecotermales-Arenal-IMG_9025-recoupee-optiml.jpg 2000w, https:\/\/www.amplitudes.com\/blog-backend\/wp-content\/uploads\/2017\/02\/Ecotermales-Arenal-IMG_9025-recoupee-optiml-300x195.jpg 300w, https:\/\/www.amplitudes.com\/blog-backend\/wp-content\/uploads\/2017\/02\/Ecotermales-Arenal-IMG_9025-recoupee-optiml-780x507.jpg 780w\" sizes=\"(max-width: 2000px) 100vw, 2000px\" \/><\/a><figcaption id=\"caption-attachment-4523\" class=\"wp-caption-text\"><span style=\"font-family: gotham-book;\">La beaut\u00e9 des sources thermales de Tabacon \u00e0 Arenal<\/span><\/figcaption><\/figure>\n<h2 style=\"text-align: left;\"><span style=\"font-family: gotham-book;\">Jour 5 | Arenal &#8211; Parc National du Volcan Rincon de la Vieja<\/span><\/h2>\n<p style=\"text-align: justify;\"><span style=\"font-family: gotham-book;\">C\u2019est une \u00e9tape que j\u2019ai\u00a0personnellement beaucoup aim\u00e9e ! A Rincon, il y a un h\u00f4tel tr\u00e8s authentique sous forme de bungalows avec un personnel tr\u00e8s accueillant. L&rsquo;\u00e9tablissement poss\u00e8de ses propres eaux thermales, id\u00e9al pour se d\u00e9tendre. Il y avait aussi un ranch avec des chevaux. Ce n\u2019\u00e9tait pas dans notre programme mais avec une autre fille de l\u2019Eductour nous voulions absolument faire une balade \u00e0 cheval. Le seul cr\u00e9neau disponible \u00e9tait \u00e0 6h du matin. Nous sommes parties dans la jungle avec un Costaricien. Il n\u2019y avait personne, seulement la nature, c\u2019\u00e9tait super\u00a0!<\/span><\/p>\n<figure id=\"attachment_4526\" aria-describedby=\"caption-attachment-4526\" style=\"width: 2000px\" class=\"wp-caption alignnone\"><a href=\"https:\/\/www.amplitudes.com\/blog-backend\/wp-content\/uploads\/2017\/02\/Rincon-de-la-Vieja-IMG_9173-recoupeeoptimmax.jpg\" rel=\"attachment wp-att-4526\"><img decoding=\"async\" class=\"size-full wp-image-4526\" src=\"https:\/\/www.amplitudes.com\/blog-backend\/wp-content\/uploads\/2017\/02\/Rincon-de-la-Vieja-IMG_9173-recoupeeoptimmax.jpg\" alt=\"Voyage Costa Rica - Rincon de la Vieja - Amplitudes\" width=\"2000\" height=\"1300\" srcset=\"https:\/\/www.amplitudes.com\/blog-backend\/wp-content\/uploads\/2017\/02\/Rincon-de-la-Vieja-IMG_9173-recoupeeoptimmax.jpg 2000w, https:\/\/www.amplitudes.com\/blog-backend\/wp-content\/uploads\/2017\/02\/Rincon-de-la-Vieja-IMG_9173-recoupeeoptimmax-300x195.jpg 300w, https:\/\/www.amplitudes.com\/blog-backend\/wp-content\/uploads\/2017\/02\/Rincon-de-la-Vieja-IMG_9173-recoupeeoptimmax-780x507.jpg 780w\" sizes=\"(max-width: 2000px) 100vw, 2000px\" \/><\/a><figcaption id=\"caption-attachment-4526\" class=\"wp-caption-text\"><span style=\"font-family: gotham-book;\">Le parc naturel de Rincon de la Vieja<\/span><\/figcaption><\/figure>\n<h2 style=\"text-align: justify;\"><span style=\"font-family: gotham-book;\">Jour 6 | Rincon de la Vieja &#8211; Bebedero &#8211; Monteverde<\/span><\/h2>\n<figure id=\"attachment_4527\" aria-describedby=\"caption-attachment-4527\" style=\"width: 2000px\" class=\"wp-caption alignnone\"><a href=\"https:\/\/www.amplitudes.com\/blog-backend\/wp-content\/uploads\/2017\/02\/Bebedero-Croisi\u00e8re-crocodiles-IMG_9292-recoupee-optim.jpg\" rel=\"attachment wp-att-4527\"><img decoding=\"async\" class=\"size-full wp-image-4527\" src=\"https:\/\/www.amplitudes.com\/blog-backend\/wp-content\/uploads\/2017\/02\/Bebedero-Croisi\u00e8re-crocodiles-IMG_9292-recoupee-optim.jpg\" alt=\"Voyage Costa Rica - Croisi\u00e8re Bebedero Crocodiles\" width=\"2000\" height=\"1300\" srcset=\"https:\/\/www.amplitudes.com\/blog-backend\/wp-content\/uploads\/2017\/02\/Bebedero-Croisi\u00e8re-crocodiles-IMG_9292-recoupee-optim.jpg 2000w, https:\/\/www.amplitudes.com\/blog-backend\/wp-content\/uploads\/2017\/02\/Bebedero-Croisi\u00e8re-crocodiles-IMG_9292-recoupee-optim-300x195.jpg 300w, https:\/\/www.amplitudes.com\/blog-backend\/wp-content\/uploads\/2017\/02\/Bebedero-Croisi\u00e8re-crocodiles-IMG_9292-recoupee-optim-780x507.jpg 780w\" sizes=\"(max-width: 2000px) 100vw, 2000px\" \/><\/a><figcaption id=\"caption-attachment-4527\" class=\"wp-caption-text\"><span style=\"font-family: gotham-book;\">Croisi\u00e8re aux crocodiles sur le fleuve Bebedero<\/span><\/figcaption><\/figure>\n<p style=\"text-align: justify;\"><span style=\"font-family: gotham-book;\">Avant d&rsquo;arriver \u00e0 Monteverde, nous avons fait une balade en bateau d\u2019environ 1h dans l&rsquo;estuaire du fleuve Bebedero pour d\u00e9couvrir la faune des lieux. Nous avons notamment aper\u00e7us des crocodiles, c&rsquo;\u00e9tait top ! Monteverde\u00a0se trouve \u00e0 1\u00a0600 m d\u2019altitude, dans les nuages et la fraicheur des montagnes. Nous y avons visit\u00e9 la plantation de caf\u00e9 Don Juan avant une d\u00e9gustation traditionnelle dans une finca. C\u2019\u00e9tait int\u00e9ressant et nous avions, en prime, une tr\u00e8s belle vue panoramique sur les montagnes et sur l\u2019oc\u00e9an au loin.<\/span><\/p>\n<figure id=\"attachment_4530\" aria-describedby=\"caption-attachment-4530\" style=\"width: 2000px\" class=\"wp-caption alignnone\"><a href=\"https:\/\/www.amplitudes.com\/blog-backend\/wp-content\/uploads\/2017\/02\/Don-Juan-Exploitation-caf\u00e9-MONTEVERDE-IMG_9303-recoupeeoptim.jpg\" rel=\"attachment wp-att-4530\"><img decoding=\"async\" class=\"size-full wp-image-4530\" src=\"https:\/\/www.amplitudes.com\/blog-backend\/wp-content\/uploads\/2017\/02\/Don-Juan-Exploitation-caf\u00e9-MONTEVERDE-IMG_9303-recoupeeoptim.jpg\" alt=\"Voyage Costa Rica - Exploitation de caf\u00e9 Don Juan \u00e0 Monteverde - Amplitudes\" width=\"2000\" height=\"1300\" srcset=\"https:\/\/www.amplitudes.com\/blog-backend\/wp-content\/uploads\/2017\/02\/Don-Juan-Exploitation-caf\u00e9-MONTEVERDE-IMG_9303-recoupeeoptim.jpg 2000w, https:\/\/www.amplitudes.com\/blog-backend\/wp-content\/uploads\/2017\/02\/Don-Juan-Exploitation-caf\u00e9-MONTEVERDE-IMG_9303-recoupeeoptim-300x195.jpg 300w, https:\/\/www.amplitudes.com\/blog-backend\/wp-content\/uploads\/2017\/02\/Don-Juan-Exploitation-caf\u00e9-MONTEVERDE-IMG_9303-recoupeeoptim-780x507.jpg 780w\" sizes=\"(max-width: 2000px) 100vw, 2000px\" \/><\/a><figcaption id=\"caption-attachment-4530\" class=\"wp-caption-text\"><span style=\"font-family: gotham-book;\">A la d\u00e9couverte des exploitations de caf\u00e9&#8230;<\/span><\/figcaption><\/figure>\n<p style=\"text-align: justify;\"><span style=\"font-family: gotham-book;\">L\u2019apr\u00e8s-midi, nous avons fait les ponts suspendus. La principale diff\u00e9rence entre ceux de Monteverde et ceux d&rsquo;Arenal, c\u2019est qu\u2019\u00e0 Monteverde les ponts sont plus hauts et plus beaux. On a parfois vraiment l\u2019impression de marcher sur la for\u00eat\u00a0! On est \u00e0 la cime des arbres, c\u2019est impressionnant parce qu\u2019on ne r\u00e9alise pas qu\u2019on est \u00e0 10m de haut. Malheureusement la pluie \u00e9tait au rendez-vous.<\/span><\/p>\n<figure id=\"attachment_4532\" aria-describedby=\"caption-attachment-4532\" style=\"width: 2000px\" class=\"wp-caption alignnone\"><a href=\"https:\/\/www.amplitudes.com\/blog-backend\/wp-content\/uploads\/2017\/02\/Ludivine-3-optimmax.jpg\" rel=\"attachment wp-att-4532\"><img decoding=\"async\" class=\"size-full wp-image-4532\" src=\"https:\/\/www.amplitudes.com\/blog-backend\/wp-content\/uploads\/2017\/02\/Ludivine-3-optimmax.jpg\" alt=\"Voyage Costa Rica - Pont suspendu Monteverde - Amplitudes\" width=\"2000\" height=\"1300\" srcset=\"https:\/\/www.amplitudes.com\/blog-backend\/wp-content\/uploads\/2017\/02\/Ludivine-3-optimmax.jpg 2000w, https:\/\/www.amplitudes.com\/blog-backend\/wp-content\/uploads\/2017\/02\/Ludivine-3-optimmax-300x195.jpg 300w, https:\/\/www.amplitudes.com\/blog-backend\/wp-content\/uploads\/2017\/02\/Ludivine-3-optimmax-780x507.jpg 780w\" sizes=\"(max-width: 2000px) 100vw, 2000px\" \/><\/a><figcaption id=\"caption-attachment-4532\" class=\"wp-caption-text\"><span style=\"font-family: gotham-book;\">Pont suspendu \u00e0 Monteverde au Costa Rica<\/span><\/figcaption><\/figure>\n<h2 style=\"text-align: justify;\"><span style=\"font-family: gotham-book;\">Jour 7 | Monteverde &#8211; Puntarenas<\/span><\/h2>\n<p style=\"text-align: justify;\"><span style=\"font-family: gotham-book;\">Puntarenas\u00a0est l\u2019une des stations baln\u00e9aires du Costa Rica. C\u2019est la plus proche de San Jos\u00e9 donc le week-end tous les locaux s\u2019y rendent. Nous \u00e9tions en formule all inclusive, en chambre sup\u00e9rieure. Il y avait plusieurs piscines, des clubs ados et enfants \u00e9quip\u00e9s des derni\u00e8res technologies\u2026 Dans un voyage au Costa Rica, c\u2019est une \u00e9tape qui permet de d\u00e9compresser apr\u00e8s un long circuit o\u00f9 l\u2019on fait pas mal de route. Parfait pour reprendre des forces avant de rentrer en France. Il faut savoir que m\u00eame si le Costa Rica est situ\u00e9 sur la c\u00f4te Cara\u00efbe, les plages sont assez sauvages avec, le plus souvent, du sable noir.<\/span><\/p>\n<h2 style=\"text-align: justify;\"><span style=\"font-family: gotham-book;\">Jour 8 | Puntarenas &#8211; San Jos\u00e9 &#8211; France<\/span><\/h2>\n<p style=\"text-align: justify;\"><span style=\"font-family: gotham-book;\">Apr\u00e8s quelques visites sur San Jos\u00e9 dont le Mus\u00e9e de l&rsquo;Or, il \u00e9tait d\u00e9j\u00e0 temps de rentrer en France o\u00f9 nous avons atterri en jour 9.<br \/>\n<\/span><\/p>\n<h2 style=\"text-align: left;\"><span style=\"font-family: gotham-book;\">\u00c0 qui conseillerais-tu ce voyage au Costa Rica\u00a0?<\/span><\/h2>\n<p style=\"text-align: justify;\"><span style=\"font-family: gotham-book;\">A tout le monde. C&rsquo;est une destination qui peut tr\u00e8s facilement \u00eatre adapt\u00e9 aux familles tant il y a d\u2019activit\u00e9s \u00e0 faire. Les enfants seront tr\u00e8s contents de faire ces balades, croiser des animaux\u2026 Il y a un vrai c\u00f4t\u00e9 aventure au Costa Rica\u00a0! C\u2019est \u00e9galement une tr\u00e8s bonne destination pour ceux qui souhaitent partir \u00e0 la rencontre des populations. \u00a0<\/span><\/p>\n<h2 style=\"text-align: left;\"><span style=\"font-family: gotham-book;\">Est-ce que tu peux nous en dire un peu plus sur Tortuguero ?<\/span><\/h2>\n<p style=\"text-align: justify;\"><span style=\"font-family: gotham-book;\">On y retrouve ces paysages qui font r\u00eaver. L\u00e0-bas, on se dit vraiment, je suis en pleine jungle, dans la nature, la vraie. Depuis l\u2019eau, on pose un regard diff\u00e9rent sur cette incroyable nature environnante o\u00f9 l\u2019on croise de nombreux animaux. Le village est aussi tr\u00e8s sympathique. Il compte quelques 2000 habitants. C\u2019est assez typique, on voit qu\u2019ils vivent simplement.<\/span><\/p>\n<h2 style=\"text-align: left;\"><span style=\"font-family: gotham-book;\">Le moment le plus fou de ce voyage\u00a0au Costa Rica ?<\/span><\/h2>\n<div style=\"width: 780px;\" class=\"wp-video\"><!--[if lt IE 9]><script>document.createElement('video');<\/script><![endif]-->\n<video class=\"wp-video-shortcode\" id=\"video-4280-1\" width=\"780\" height=\"439\" preload=\"metadata\" controls=\"controls\"><source type=\"video\/mp4\" src=\"https:\/\/www.amplitudes.com\/blog-backend\/wp-content\/uploads\/2017\/02\/Tortues.mp4?_=1\" \/><a href=\"https:\/\/www.amplitudes.com\/blog-backend\/wp-content\/uploads\/2017\/02\/Tortues.mp4\">https:\/\/www.amplitudes.com\/blog-backend\/wp-content\/uploads\/2017\/02\/Tortues.mp4<\/a><\/video><\/div>\n<p style=\"text-align: justify;\"><span style=\"font-family: gotham-book;\">A Tortuguero justement\u00a0! La naissance des tortues\u00a0! Voir les tortues sortir de leur coquille, peiner \u00e0 se d\u00e9gager du trou de sable et finalement se diriger vers l\u2019oc\u00e9an&#8230; Nous \u00e9tions tous \u00e9bahis\u00a0! C\u2019\u00e9tait impressionnant, quelque chose qu&rsquo;on ne voit qu\u2019une fois dans sa vie\u2026 Un moment tr\u00e8s \u00e9mouvant. J\u2019\u00e9tais tellement fascin\u00e9e par ce spectacle que j\u2019ai pris la vague en suivant les tortues qui venaient de na\u00eetre\u00a0!<\/span><\/p>\n<h2 style=\"text-align: left;\"><span style=\"font-family: gotham-book;\">Tes autres d\u00e9couvertes coups de c\u0153ur\u00a0?<\/span><\/h2>\n<p style=\"text-align: justify;\"><span style=\"font-family: gotham-book;\">Rincon de la Vieja avec ces sources et son c\u00f4t\u00e9 tr\u00e8s authentique, familial. Il n\u2019y a rien de superficiel et ce n\u2019est pas tr\u00e8s touristique. Le principe c\u2019est qu\u2019un tracteur nous conduit \u00e0 travers la jungle jusqu\u2019aux eaux. Pour information, le tracteur passe toutes les 30 minutes ! C\u2019est un trajet d\u2019une vingtaine de minutes qui en soit constitue une formidable exp\u00e9rience. On d\u00e9bouche alors sur un cadre absolument magnifique avec bains de boue, douches en plein air et plusieurs petits bassins avec des temp\u00e9ratures d\u2019eau diff\u00e9rentes.<\/span><\/p>\n<figure id=\"attachment_4536\" aria-describedby=\"caption-attachment-4536\" style=\"width: 2000px\" class=\"wp-caption alignnone\"><a href=\"https:\/\/www.amplitudes.com\/blog-backend\/wp-content\/uploads\/2017\/02\/Buena-Vista-lodge-Rincon-de-la-Vieja-IMG_9247-recoupeeoptimmax-1.jpg\" rel=\"attachment wp-att-4536\"><img decoding=\"async\" class=\"size-full wp-image-4536\" src=\"https:\/\/www.amplitudes.com\/blog-backend\/wp-content\/uploads\/2017\/02\/Buena-Vista-lodge-Rincon-de-la-Vieja-IMG_9247-recoupeeoptimmax-1.jpg\" alt=\"Voyage Costa Rica - Source Buena Vista Lodge Rincon de la Vieja - Amplitudes\" width=\"2000\" height=\"1300\" srcset=\"https:\/\/www.amplitudes.com\/blog-backend\/wp-content\/uploads\/2017\/02\/Buena-Vista-lodge-Rincon-de-la-Vieja-IMG_9247-recoupeeoptimmax-1.jpg 2000w, https:\/\/www.amplitudes.com\/blog-backend\/wp-content\/uploads\/2017\/02\/Buena-Vista-lodge-Rincon-de-la-Vieja-IMG_9247-recoupeeoptimmax-1-300x195.jpg 300w, https:\/\/www.amplitudes.com\/blog-backend\/wp-content\/uploads\/2017\/02\/Buena-Vista-lodge-Rincon-de-la-Vieja-IMG_9247-recoupeeoptimmax-1-780x507.jpg 780w\" sizes=\"(max-width: 2000px) 100vw, 2000px\" \/><\/a><figcaption id=\"caption-attachment-4536\" class=\"wp-caption-text\"><span style=\"font-family: gotham-book;\">Les sources au Buena Vista Lodge \u00e0 Rincon de la Vieja<\/span><\/figcaption><\/figure>\n<p style=\"text-align: justify;\"><span style=\"font-family: gotham-book;\">Pour parfaire le d\u00e9cor, on trouve un bar qui sert les boissons sur les bords de ces piscines naturelles. Nous y \u00e9tions en fin de journ\u00e9e, c\u2019\u00e9tait vraiment tr\u00e8s agr\u00e9able, un moment de pure d\u00e9tente. En pleine for\u00eat, dans une eau \u00e0 plus de 30 degr\u00e9s, que faut-il de plus !<\/span><\/p>\n<h2 style=\"text-align: left;\"><span style=\"font-family: gotham-book;\">Ce qui t\u2019a surpris\u00a0ou te surprendra toujours au Costa Rica ?<\/span><\/h2>\n<p style=\"text-align: justify;\"><span style=\"font-family: gotham-book;\">La gentillesse des locaux. On peut facilement discuter avec eux, ils sont adorables et tr\u00e8s souriants. J\u2019avais connu \u00e7a en Tha\u00eflande.<\/span><\/p>\n<h2 style=\"text-align: left;\"><span style=\"font-family: gotham-book;\">Ce qui va te manquer maintenant que tu es de retour\u00a0?<\/span><\/h2>\n<p style=\"text-align: justify;\"><span style=\"font-family: gotham-book;\">Cette gentillesse et la nourriture\u00a0! On mange bien au Costa Rica\u00a0! Principalement du riz avec des haricots, du poulet et des bananes plantains \u2026 J\u2019ai trouv\u00e9 les produits beaucoup plus naturels que chez nous. Nous avons visit\u00e9\u00a0 de nombreuses fabriques et cultures o\u00f9 l\u2019on sent que c\u2019est plus sain. Nous avons notamment rencontr\u00e9 une famille sp\u00e9cialis\u00e9e dans l\u2019agriculture biologique qui poss\u00e8de un restaurant o\u00f9 les produits cultiv\u00e9s sont cuisin\u00e9s.<\/span><\/p>\n<p style=\"text-align: justify;\"><span style=\"font-family: gotham-book;\">Le cadre naturel va aussi beaucoup me manquer. C\u2019\u00e9tait tr\u00e8s reposant. L\u2019ambiance est zen et permet de se ressourcer. On regarde autour de soi et on oublie tout. Les panoramas sont exceptionnels. C\u2019\u00e9tait un tr\u00e8s bel aper\u00e7u des essentiels du Costa Rica.<\/span><\/p>\n<h2 style=\"text-align: center;\"><span style=\"font-family: gotham-book;\"><a href=\"https:\/\/www.amplitudes.com\/voyage-costa-rica\/circuit-costa-rica\/sejour-costa-rica\/costa-rica.html?utm_source=blog&amp;utm_medium=voyage_au_costa_rica_le_recit_de_ludivine&amp;utm_campaign=blog_voyage_au_costa_rica_le_recit_de_ludivine&amp;utm_content=Decouvrez_nos_offres_pour_un_voyage_au_Costa_Rica\">D\u00e9couvrez nos offres pour un voyage au Costa Rica<\/a><\/span><\/h2>\n","protected":false},"excerpt":{"rendered":"<p>Ludivine, commerciale groupe \u00e0 l\u2019agence de voyage Amplitudes nous raconte son voyage professionnel au Costa Rica. Un voyage entre le volcan Arenal et les ponts suspendus de Monteverde o\u00f9 en \u00e9cartant les branches exub\u00e9rantes de la v\u00e9g\u00e9tation, on d\u00e9couvre de petites sources thermales et des nids de tortues ! C\u2019\u00e9tait ton premier voyage au Costa [&hellip;]<\/p>\n","protected":false},"author":2,"featured_media":4511,"comment_status":"open","ping_status":"open","sticky":false,"template":"","format":"standard","meta":{"footnotes":""},"categories":[172,169],"tags":[181],"yoast_head":"<!-- This site is optimized with the Yoast SEO plugin v22.1 - https:\/\/yoast.com\/wordpress\/plugins\/seo\/ -->\n<title>Voyage au Costa Rica, le r\u00e9cit de Ludivine<\/title>\n<meta name=\"description\" content=\"Ludivine nous raconte son voyage au Costa Rica. Sublime v\u00e9g\u00e9tation, tortues \u00e0 Tortuguero, Volcan Arenal, caf\u00e9 et ponts suspendus au programme du voyage !\" \/>\n<meta name=\"robots\" content=\"index, follow, max-snippet:-1, max-image-preview:large, max-video-preview:-1\" \/>\n<link rel=\"canonical\" href=\"https:\/\/www.amplitudes.com\/blog-backend\/voyage-au-costa-rica-le-recit-de-ludivine\/\" \/>\n<meta property=\"og:locale\" content=\"fr_FR\" \/>\n<meta property=\"og:type\" content=\"article\" \/>\n<meta property=\"og:title\" content=\"Voyage au Costa Rica, le r\u00e9cit de Ludivine\" \/>\n<meta property=\"og:description\" content=\"Ludivine nous raconte son voyage au Costa Rica. Sublime v\u00e9g\u00e9tation, tortues \u00e0 Tortuguero, Volcan Arenal, caf\u00e9 et ponts suspendus au programme du voyage !\" \/>\n<meta property=\"og:url\" content=\"https:\/\/www.amplitudes.com\/blog-backend\/voyage-au-costa-rica-le-recit-de-ludivine\/\" \/>\n<meta property=\"og:site_name\" content=\"Blog de l&#039;agence de voyage sur-mesure Amplitudes\" \/>\n<meta property=\"article:publisher\" content=\"http:\/\/facebook.com\/amplitudes.devoyages\/\" \/>\n<meta property=\"article:published_time\" content=\"2017-02-03T15:30:09+00:00\" \/>\n<meta property=\"article:modified_time\" content=\"2019-08-14T10:42:42+00:00\" \/>\n<meta property=\"og:image\" content=\"https:\/\/www.amplitudes.com\/blog-backend\/wp-content\/uploads\/2017\/02\/Pano-tortues-optimmax.jpg\" \/>\n\t<meta property=\"og:image:width\" content=\"1170\" \/>\n\t<meta property=\"og:image:height\" content=\"507\" \/>\n\t<meta property=\"og:image:type\" content=\"image\/jpeg\" \/>\n<meta name=\"author\" content=\"Floriane\" \/>\n<meta name=\"twitter:card\" content=\"summary_large_image\" \/>\n<meta name=\"twitter:creator\" content=\"@AmplitudesV\" \/>\n<meta name=\"twitter:site\" content=\"@AmplitudesV\" \/>\n<meta name=\"twitter:label1\" content=\"\u00c9crit par\" \/>\n\t<meta name=\"twitter:data1\" content=\"Floriane\" \/>\n\t<meta name=\"twitter:label2\" content=\"Dur\u00e9e de lecture estim\u00e9e\" \/>\n\t<meta name=\"twitter:data2\" content=\"9 minutes\" \/>\n<script type=\"application\/ld+json\" class=\"yoast-schema-graph\">{\"@context\":\"https:\/\/schema.org\",\"@graph\":[{\"@type\":\"WebPage\",\"@id\":\"https:\/\/www.amplitudes.com\/blog-backend\/voyage-au-costa-rica-le-recit-de-ludivine\/\",\"url\":\"https:\/\/www.amplitudes.com\/blog-backend\/voyage-au-costa-rica-le-recit-de-ludivine\/\",\"name\":\"Voyage au Costa Rica, le r\u00e9cit de Ludivine\",\"isPartOf\":{\"@id\":\"https:\/\/www.amplitudes.com\/blog-backend\/#website\"},\"datePublished\":\"2017-02-03T15:30:09+00:00\",\"dateModified\":\"2019-08-14T10:42:42+00:00\",\"author\":{\"@id\":\"https:\/\/www.amplitudes.com\/blog-backend\/#\/schema\/person\/1ac2058edef1f5f0f2c16e7f096a80b1\"},\"description\":\"Ludivine nous raconte son voyage au Costa Rica. Sublime v\u00e9g\u00e9tation, tortues \u00e0 Tortuguero, Volcan Arenal, caf\u00e9 et ponts suspendus au programme du voyage !\",\"inLanguage\":\"fr-FR\",\"potentialAction\":[{\"@type\":\"ReadAction\",\"target\":[\"https:\/\/www.amplitudes.com\/blog-backend\/voyage-au-costa-rica-le-recit-de-ludivine\/\"]}]},{\"@type\":\"WebSite\",\"@id\":\"https:\/\/www.amplitudes.com\/blog-backend\/#website\",\"url\":\"https:\/\/www.amplitudes.com\/blog-backend\/\",\"name\":\"Blog de l&#039;agence de voyage sur-mesure Amplitudes\",\"description\":\"\",\"potentialAction\":[{\"@type\":\"SearchAction\",\"target\":{\"@type\":\"EntryPoint\",\"urlTemplate\":\"https:\/\/www.amplitudes.com\/blog-backend\/?s={search_term_string}\"},\"query-input\":\"required name=search_term_string\"}],\"inLanguage\":\"fr-FR\"},{\"@type\":\"Person\",\"@id\":\"https:\/\/www.amplitudes.com\/blog-backend\/#\/schema\/person\/1ac2058edef1f5f0f2c16e7f096a80b1\",\"name\":\"Floriane\",\"image\":{\"@type\":\"ImageObject\",\"inLanguage\":\"fr-FR\",\"@id\":\"https:\/\/www.amplitudes.com\/blog-backend\/#\/schema\/person\/image\/\",\"url\":\"https:\/\/secure.gravatar.com\/avatar\/f3f77af3dabd00f62e61c417047e08f6?s=96&d=mm&r=g\",\"contentUrl\":\"https:\/\/secure.gravatar.com\/avatar\/f3f77af3dabd00f62e61c417047e08f6?s=96&d=mm&r=g\",\"caption\":\"Floriane\"},\"url\":\"https:\/\/www.amplitudes.com\/blog-backend\/author\/audrey\/\"}]}<\/script>\n<!-- \/ Yoast SEO plugin. -->","yoast_head_json":{"title":"Voyage au Costa Rica, le r\u00e9cit de Ludivine","description":"Ludivine nous raconte son voyage au Costa Rica. Sublime v\u00e9g\u00e9tation, tortues \u00e0 Tortuguero, Volcan Arenal, caf\u00e9 et ponts suspendus au programme du voyage !","robots":{"index":"index","follow":"follow","max-snippet":"max-snippet:-1","max-image-preview":"max-image-preview:large","max-video-preview":"max-video-preview:-1"},"canonical":"https:\/\/www.amplitudes.com\/blog-backend\/voyage-au-costa-rica-le-recit-de-ludivine\/","og_locale":"fr_FR","og_type":"article","og_title":"Voyage au Costa Rica, le r\u00e9cit de Ludivine","og_description":"Ludivine nous raconte son voyage au Costa Rica. Sublime v\u00e9g\u00e9tation, tortues \u00e0 Tortuguero, Volcan Arenal, caf\u00e9 et ponts suspendus au programme du voyage !","og_url":"https:\/\/www.amplitudes.com\/blog-backend\/voyage-au-costa-rica-le-recit-de-ludivine\/","og_site_name":"Blog de l&#039;agence de voyage sur-mesure Amplitudes","article_publisher":"http:\/\/facebook.com\/amplitudes.devoyages\/","article_published_time":"2017-02-03T15:30:09+00:00","article_modified_time":"2019-08-14T10:42:42+00:00","og_image":[{"width":1170,"height":507,"url":"https:\/\/www.amplitudes.com\/blog-backend\/wp-content\/uploads\/2017\/02\/Pano-tortues-optimmax.jpg","type":"image\/jpeg"}],"author":"Floriane","twitter_card":"summary_large_image","twitter_creator":"@AmplitudesV","twitter_site":"@AmplitudesV","twitter_misc":{"\u00c9crit par":"Floriane","Dur\u00e9e de lecture estim\u00e9e":"9 minutes"},"schema":{"@context":"https:\/\/schema.org","@graph":[{"@type":"WebPage","@id":"https:\/\/www.amplitudes.com\/blog-backend\/voyage-au-costa-rica-le-recit-de-ludivine\/","url":"https:\/\/www.amplitudes.com\/blog-backend\/voyage-au-costa-rica-le-recit-de-ludivine\/","name":"Voyage au Costa Rica, le r\u00e9cit de Ludivine","isPartOf":{"@id":"https:\/\/www.amplitudes.com\/blog-backend\/#website"},"datePublished":"2017-02-03T15:30:09+00:00","dateModified":"2019-08-14T10:42:42+00:00","author":{"@id":"https:\/\/www.amplitudes.com\/blog-backend\/#\/schema\/person\/1ac2058edef1f5f0f2c16e7f096a80b1"},"description":"Ludivine nous raconte son voyage au Costa Rica. Sublime v\u00e9g\u00e9tation, tortues \u00e0 Tortuguero, Volcan Arenal, caf\u00e9 et ponts suspendus au programme du voyage !","inLanguage":"fr-FR","potentialAction":[{"@type":"ReadAction","target":["https:\/\/www.amplitudes.com\/blog-backend\/voyage-au-costa-rica-le-recit-de-ludivine\/"]}]},{"@type":"WebSite","@id":"https:\/\/www.amplitudes.com\/blog-backend\/#website","url":"https:\/\/www.amplitudes.com\/blog-backend\/","name":"Blog de l&#039;agence de voyage sur-mesure Amplitudes","description":"","potentialAction":[{"@type":"SearchAction","target":{"@type":"EntryPoint","urlTemplate":"https:\/\/www.amplitudes.com\/blog-backend\/?s={search_term_string}"},"query-input":"required name=search_term_string"}],"inLanguage":"fr-FR"},{"@type":"Person","@id":"https:\/\/www.amplitudes.com\/blog-backend\/#\/schema\/person\/1ac2058edef1f5f0f2c16e7f096a80b1","name":"Floriane","image":{"@type":"ImageObject","inLanguage":"fr-FR","@id":"https:\/\/www.amplitudes.com\/blog-backend\/#\/schema\/person\/image\/","url":"https:\/\/secure.gravatar.com\/avatar\/f3f77af3dabd00f62e61c417047e08f6?s=96&d=mm&r=g","contentUrl":"https:\/\/secure.gravatar.com\/avatar\/f3f77af3dabd00f62e61c417047e08f6?s=96&d=mm&r=g","caption":"Floriane"},"url":"https:\/\/www.amplitudes.com\/blog-backend\/author\/audrey\/"}]}},"_links":{"self":[{"href":"https:\/\/www.amplitudes.com\/blog-backend\/wp-json\/wp\/v2\/posts\/4280"}],"collection":[{"href":"https:\/\/www.amplitudes.com\/blog-backend\/wp-json\/wp\/v2\/posts"}],"about":[{"href":"https:\/\/www.amplitudes.com\/blog-backend\/wp-json\/wp\/v2\/types\/post"}],"author":[{"embeddable":true,"href":"https:\/\/www.amplitudes.com\/blog-backend\/wp-json\/wp\/v2\/users\/2"}],"replies":[{"embeddable":true,"href":"https:\/\/www.amplitudes.com\/blog-backend\/wp-json\/wp\/v2\/comments?post=4280"}],"version-history":[{"count":59,"href":"https:\/\/www.amplitudes.com\/blog-backend\/wp-json\/wp\/v2\/posts\/4280\/revisions"}],"predecessor-version":[{"id":9033,"href":"https:\/\/www.amplitudes.com\/blog-backend\/wp-json\/wp\/v2\/posts\/4280\/revisions\/9033"}],"wp:featuredmedia":[{"embeddable":true,"href":"https:\/\/www.amplitudes.com\/blog-backend\/wp-json\/wp\/v2\/media\/4511"}],"wp:attachment":[{"href":"https:\/\/www.amplitudes.com\/blog-backend\/wp-json\/wp\/v2\/media?parent=4280"}],"wp:term":[{"taxonomy":"category","embeddable":true,"href":"https:\/\/www.amplitudes.com\/blog-backend\/wp-json\/wp\/v2\/categories?post=4280"},{"taxonomy":"post_tag","embeddable":true,"href":"https:\/\/www.amplitudes.com\/blog-backend\/wp-json\/wp\/v2\/tags?post=4280"}],"curies":[{"name":"wp","href":"https:\/\/api.w.org\/{rel}","templated":true}]}}