{"id":4653,"date":"2017-03-10T16:40:33","date_gmt":"2017-03-10T15:40:33","guid":{"rendered":"https:\/\/www.amplitudes.com\/blog-backend\/?p=4653"},"modified":"2025-11-13T18:08:15","modified_gmt":"2025-11-13T17:08:15","slug":"ces-sites-touristiques-a-voir-avant-quil-ne-soit-trop-tard","status":"publish","type":"post","link":"https:\/\/www.amplitudes.com\/blog-backend\/ces-sites-touristiques-a-voir-avant-quil-ne-soit-trop-tard\/","title":{"rendered":"Ces sites touristiques \u00e0 voir avant qu&rsquo;il ne soit trop tard"},"content":{"rendered":"<p style=\"text-align: justify;\"><span style=\"font-family: gotham-book;\">\u00c0 Malte, la \u00ab\u00a0Fen\u00eatre d\u2019Azur\u00a0\u00bb n\u2019est plus. Immortalis\u00e9e sur cette image, cette arche naturelle embl\u00e9matique de l\u2019\u00eele de Gozo \u00e9tait en p\u00e9ril depuis quelques ann\u00e9es. Elle vient cette semaine d\u2019\u00eatre engloutie par la mer, ne r\u00e9sistant plus \u00e0 la temp\u00eate qui faisait rage sur l&rsquo;\u00eele. Une catastrophe qui nous rappelle que rien n\u2019est \u00e9ternel et que de nombreux lieux touristiques sont aujourd\u2019hui menac\u00e9s de disparation. <\/span><\/p>\n<div id=\"ez-toc-container\" class=\"ez-toc-v2_0_17 ez-toc-wrap-left counter-hierarchy counter-decimal\">\n<div class=\"ez-toc-title-container\">\n<p class=\"ez-toc-title\">Sommaire <\/p>\n<span class=\"ez-toc-title-toggle\"><a class=\"ez-toc-pull-right ez-toc-btn ez-toc-btn-xs ez-toc-btn-default ez-toc-toggle\" style=\"display: none;\"><i class=\"ez-toc-glyphicon ez-toc-icon-toggle\"><\/i><\/a><\/span><\/div>\n<nav><ul class=\"ez-toc-list ez-toc-list-level-1\"><li class=\"ez-toc-page-1 ez-toc-heading-level-2\"><a class=\"ez-toc-link ez-toc-heading-1\" href=\"https:\/\/www.amplitudes.com\/blog-backend\/ces-sites-touristiques-a-voir-avant-quil-ne-soit-trop-tard\/#Venise_nouvelle_Atlantide\" title=\"Venise, nouvelle Atlantide\u00a0?\">Venise, nouvelle Atlantide\u00a0?<\/a><\/li><li class=\"ez-toc-page-1 ez-toc-heading-level-2\"><a class=\"ez-toc-link ez-toc-heading-2\" href=\"https:\/\/www.amplitudes.com\/blog-backend\/ces-sites-touristiques-a-voir-avant-quil-ne-soit-trop-tard\/#Le_blanchiment_des_coraux_de_la_Grande_Barriere_de_corail_en_Australie\" title=\"Le blanchiment des coraux de la Grande Barri\u00e8re de corail en Australie\">Le blanchiment des coraux de la Grande Barri\u00e8re de corail en Australie<\/a><\/li><li class=\"ez-toc-page-1 ez-toc-heading-level-2\"><a class=\"ez-toc-link ez-toc-heading-3\" href=\"https:\/\/www.amplitudes.com\/blog-backend\/ces-sites-touristiques-a-voir-avant-quil-ne-soit-trop-tard\/#La_fonte_des_neiges_du_Kilimandjaro\" title=\"La fonte des neiges du Kilimandjaro\">La fonte des neiges du Kilimandjaro<\/a><\/li><li class=\"ez-toc-page-1 ez-toc-heading-level-2\"><a class=\"ez-toc-link ez-toc-heading-4\" href=\"https:\/\/www.amplitudes.com\/blog-backend\/ces-sites-touristiques-a-voir-avant-quil-ne-soit-trop-tard\/#Lassechement_des_Everglades\" title=\"L\u2019ass\u00e8chement des Everglades\">L\u2019ass\u00e8chement des Everglades<\/a><\/li><li class=\"ez-toc-page-1 ez-toc-heading-level-2\"><a class=\"ez-toc-link ez-toc-heading-5\" href=\"https:\/\/www.amplitudes.com\/blog-backend\/ces-sites-touristiques-a-voir-avant-quil-ne-soit-trop-tard\/#Les_lemuriens_et_les_forets_de_Madagascar\" title=\"Les l\u00e9muriens et les for\u00eats de Madagascar\">Les l\u00e9muriens et les for\u00eats de Madagascar<\/a><\/li><li class=\"ez-toc-page-1 ez-toc-heading-level-2\"><a class=\"ez-toc-link ez-toc-heading-6\" href=\"https:\/\/www.amplitudes.com\/blog-backend\/ces-sites-touristiques-a-voir-avant-quil-ne-soit-trop-tard\/#Angkor_a_lepreuve_du_temps\" title=\"Angkor \u00e0 l&rsquo;\u00e9preuve du temps\">Angkor \u00e0 l&rsquo;\u00e9preuve du temps<\/a><\/li><li class=\"ez-toc-page-1 ez-toc-heading-level-2\"><a class=\"ez-toc-link ez-toc-heading-7\" href=\"https:\/\/www.amplitudes.com\/blog-backend\/ces-sites-touristiques-a-voir-avant-quil-ne-soit-trop-tard\/#Les_vagues_de_lile_de_Paques\" title=\"Les vagues de l\u2019\u00eele de P\u00e2ques\">Les vagues de l\u2019\u00eele de P\u00e2ques<\/a><\/li><li class=\"ez-toc-page-1 ez-toc-heading-level-2\"><a class=\"ez-toc-link ez-toc-heading-8\" href=\"https:\/\/www.amplitudes.com\/blog-backend\/ces-sites-touristiques-a-voir-avant-quil-ne-soit-trop-tard\/#La_renovation_du_Taj_Mahal\" title=\"La r\u00e9novation du Taj Mahal\">La r\u00e9novation du Taj Mahal<\/a><\/li><li class=\"ez-toc-page-1 ez-toc-heading-level-2\"><a class=\"ez-toc-link ez-toc-heading-9\" href=\"https:\/\/www.amplitudes.com\/blog-backend\/ces-sites-touristiques-a-voir-avant-quil-ne-soit-trop-tard\/#Les_icebergs_du_Glacier_National_Park\" title=\"Les icebergs du Glacier National Park\">Les icebergs du Glacier National Park<\/a><\/li><li class=\"ez-toc-page-1 ez-toc-heading-level-2\"><a class=\"ez-toc-link ez-toc-heading-10\" href=\"https:\/\/www.amplitudes.com\/blog-backend\/ces-sites-touristiques-a-voir-avant-quil-ne-soit-trop-tard\/#Mekong_fleuve_de_vie\" title=\"M\u00e9kong, fleuve de vie ?\">M\u00e9kong, fleuve de vie ?<\/a><\/li><\/ul><\/nav><\/div>\n<h2 style=\"text-align: left;\"><span class=\"ez-toc-section\" id=\"Venise_nouvelle_Atlantide\"><\/span><span style=\"font-family: gotham-book;\"><a href=\"https:\/\/www.amplitudes.com\/agence-de-voyages\/toulouse\/paris\/demande-devis-sur-mesure.html?utm_source=blog&amp;utm_medium=ces_sites_touristiques_a_voir_avant_qu_il_ne_soit_trop_tard&amp;utm_campaign=blog_ces_sites_touristiques_a_voir_avant_qu_il_ne_soit_trop_tard&amp;utm_content=Venise\">Venise<\/a>, nouvelle Atlantide\u00a0?<\/span><span class=\"ez-toc-section-end\"><\/span><\/h2>\n<figure id=\"attachment_4656\" aria-describedby=\"caption-attachment-4656\" style=\"width: 2000px\" class=\"wp-caption alignnone\"><a href=\"https:\/\/www.amplitudes.com\/blog-backend\/wp-content\/uploads\/2017\/03\/venise.jpg\" rel=\"attachment wp-att-4656\"><img decoding=\"async\" class=\"wp-image-4656 size-full\" src=\"https:\/\/www.amplitudes.com\/blog-backend\/wp-content\/uploads\/2017\/03\/venise.jpg\" alt=\"venise\" width=\"2000\" height=\"1300\" srcset=\"https:\/\/www.amplitudes.com\/blog-backend\/wp-content\/uploads\/2017\/03\/venise.jpg 2000w, https:\/\/www.amplitudes.com\/blog-backend\/wp-content\/uploads\/2017\/03\/venise-300x195.jpg 300w, https:\/\/www.amplitudes.com\/blog-backend\/wp-content\/uploads\/2017\/03\/venise-780x507.jpg 780w\" sizes=\"(max-width: 2000px) 100vw, 2000px\" \/><\/a><figcaption id=\"caption-attachment-4656\" class=\"wp-caption-text\"><span style=\"font-family: gotham-book;\">Venise, fille de l&rsquo;eau<\/span><\/figcaption><\/figure>\n<p style=\"text-align: justify;\"><span style=\"font-family: gotham-book;\">Les soupirs des amoureux et passionn\u00e9 d&rsquo;art n\u2019y peuvent rien changer\u2026 Chaque ann\u00e9e, la Cit\u00e9 des Doges doit faire face \u00e0 la mont\u00e9e du niveau de l\u2019Adriatique et aux inondations accrues qui viennent fragiliser les fondations de ses palais. Un projet de construction de digues est envisag\u00e9 pour stopper cette situation. Mais il reste d\u2019autres menaces dont l\u2019affaissement inexorable de la ville. Centim\u00e8tre par centim\u00e8tre, les tr\u00e9sors de la S\u00e9r\u00e9nissime plongent vers les eaux de la lagune.<\/span><\/p>\n<h2 style=\"text-align: left;\"><span class=\"ez-toc-section\" id=\"Le_blanchiment_des_coraux_de_la_Grande_Barriere_de_corail_en_Australie\"><\/span><span style=\"font-family: gotham-book;\">Le blanchiment des coraux de la Grande Barri\u00e8re de corail en <a href=\"https:\/\/www.amplitudes.com\/voyage-sur-mesure-australie\/australie.html?utm_source=blog&amp;utm_medium=ces_sites_touristiques_a_voir_avant_qu_il_ne_soit_trop_tard&amp;utm_campaign=blog_ces_sites_touristiques_a_voir_avant_qu_il_ne_soit_trop_tard&amp;utm_content=Australie_\">Australie<\/a><\/span><span class=\"ez-toc-section-end\"><\/span><\/h2>\n<figure id=\"attachment_4657\" aria-describedby=\"caption-attachment-4657\" style=\"width: 2000px\" class=\"wp-caption alignnone\"><a href=\"https:\/\/www.amplitudes.com\/blog-backend\/wp-content\/uploads\/2017\/03\/Barriere-corail-australie.jpg\" rel=\"attachment wp-att-4657\"><img decoding=\"async\" class=\"size-full wp-image-4657\" src=\"https:\/\/www.amplitudes.com\/blog-backend\/wp-content\/uploads\/2017\/03\/Barriere-corail-australie.jpg\" alt=\"La Grande Barri\u00e8re de corail, un \u00e9cosyst\u00e8me inestimable\" width=\"2000\" height=\"1300\" srcset=\"https:\/\/www.amplitudes.com\/blog-backend\/wp-content\/uploads\/2017\/03\/Barriere-corail-australie.jpg 2000w, https:\/\/www.amplitudes.com\/blog-backend\/wp-content\/uploads\/2017\/03\/Barriere-corail-australie-300x195.jpg 300w, https:\/\/www.amplitudes.com\/blog-backend\/wp-content\/uploads\/2017\/03\/Barriere-corail-australie-780x507.jpg 780w\" sizes=\"(max-width: 2000px) 100vw, 2000px\" \/><\/a><figcaption id=\"caption-attachment-4657\" class=\"wp-caption-text\"><span style=\"font-family: gotham-book;\">La Grande Barri\u00e8re de corail, un \u00e9cosyst\u00e8me inestimable<\/span><\/figcaption><\/figure>\n<p style=\"text-align: justify;\"><span style=\"font-family: gotham-book;\">400 vari\u00e9t\u00e9s de coraux, 1 500 \u00a0esp\u00e8ces de poissons color\u00e9s, 344\u00a0000 km<sup>2<\/sup> de superficie\u2026 En Australie, la Grande Barri\u00e8re de corail abrite un sublime mais fragile \u00e9cosyst\u00e8me. Depuis deux ans, le r\u00e9chauffement de la temp\u00e9rature des eaux entra\u00eene un blanchiment sans pr\u00e9c\u00e9dent des coraux. Les sp\u00e9cialistes estiment qu\u2019\u00e0 ce rythme, 60% de ce site inscrit au Patrimoine Mondial de l\u2019Humanit\u00e9 aura disparu d\u2019ici \u00e0 2030. Plus grand r\u00e9cif corallien au monde, c&rsquo;est aussi l\u2019habitat des grandes tortues vertes, des animaux menac\u00e9s d\u2019extinction&#8230;<\/span><\/p>\n<h2 style=\"text-align: left;\"><span class=\"ez-toc-section\" id=\"La_fonte_des_neiges_du_Kilimandjaro\"><\/span><span style=\"font-family: gotham-book;\">La fonte des neiges du Kilimandjaro<\/span><span class=\"ez-toc-section-end\"><\/span><\/h2>\n<figure id=\"attachment_4659\" aria-describedby=\"caption-attachment-4659\" style=\"width: 2000px\" class=\"wp-caption alignnone\"><a href=\"https:\/\/www.amplitudes.com\/blog-backend\/wp-content\/uploads\/2017\/03\/kilimanjaro2.jpg\" rel=\"attachment wp-att-4659\"><img decoding=\"async\" class=\"wp-image-4659 size-full\" src=\"https:\/\/www.amplitudes.com\/blog-backend\/wp-content\/uploads\/2017\/03\/kilimanjaro2.jpg\" alt=\"kilimanjaro2\" width=\"2000\" height=\"1300\" srcset=\"https:\/\/www.amplitudes.com\/blog-backend\/wp-content\/uploads\/2017\/03\/kilimanjaro2.jpg 2000w, https:\/\/www.amplitudes.com\/blog-backend\/wp-content\/uploads\/2017\/03\/kilimanjaro2-300x195.jpg 300w, https:\/\/www.amplitudes.com\/blog-backend\/wp-content\/uploads\/2017\/03\/kilimanjaro2-780x507.jpg 780w\" sizes=\"(max-width: 2000px) 100vw, 2000px\" \/><\/a><figcaption id=\"caption-attachment-4659\" class=\"wp-caption-text\"><span style=\"font-family: gotham-book;\">Envol pour le Kilimandjaro !<\/span><\/figcaption><\/figure>\n<p style=\"text-align: justify;\"><span style=\"font-family: gotham-book;\">\u00ab\u00a0Tout ce qu&rsquo;il pouvait voir, vaste comme le monde, immense, haut et incroyablement blanc dans le soleil, c&rsquo;\u00e9tait le sommet carr\u00e9 du Kilimandjaro\u00a0\u00bb.\u00a0 Il ne restera bient\u00f4t plus que les mots d\u2019Hemingway, des images d\u2019archives et les souvenirs des voyageurs&#8230; On ne sait qui de la d\u00e9forestation ou du r\u00e9chauffement climatique est le principal responsable mais l\u2019\u00e9vidence est l\u00e0, les neiges du Kilimandjaro ne sont finalement pas \u00e9ternelles. Situ\u00e9 en Tanzanie, le Toit de l\u2019Afrique, a d\u00e9j\u00e0 vu dispara\u00eetre nombre de ses glaciers.<\/span><\/p>\n<h2 style=\"text-align: left;\"><span class=\"ez-toc-section\" id=\"Lassechement_des_Everglades\"><\/span><span style=\"font-family: gotham-book;\">L\u2019ass\u00e8chement des Everglades<\/span><span class=\"ez-toc-section-end\"><\/span><\/h2>\n<figure id=\"attachment_4660\" aria-describedby=\"caption-attachment-4660\" style=\"width: 2000px\" class=\"wp-caption alignnone\"><a href=\"https:\/\/www.amplitudes.com\/blog-backend\/wp-content\/uploads\/2017\/03\/everglades.jpg\" rel=\"attachment wp-att-4660\"><img decoding=\"async\" class=\"wp-image-4660 size-full\" src=\"https:\/\/www.amplitudes.com\/blog-backend\/wp-content\/uploads\/2017\/03\/everglades.jpg\" alt=\"everglades\" width=\"2000\" height=\"1300\" srcset=\"https:\/\/www.amplitudes.com\/blog-backend\/wp-content\/uploads\/2017\/03\/everglades.jpg 2000w, https:\/\/www.amplitudes.com\/blog-backend\/wp-content\/uploads\/2017\/03\/everglades-300x195.jpg 300w, https:\/\/www.amplitudes.com\/blog-backend\/wp-content\/uploads\/2017\/03\/everglades-780x507.jpg 780w\" sizes=\"(max-width: 2000px) 100vw, 2000px\" \/><\/a><figcaption id=\"caption-attachment-4660\" class=\"wp-caption-text\"><span style=\"font-family: gotham-book;\">Le Parc des Everglades, plus vrai que nature<\/span><\/figcaption><\/figure>\n<p style=\"text-align: justify;\"><span style=\"font-family: gotham-book;\">Pour le moment, les alligators barbotent encore paisiblement dans les marais et les mangroves de la grande r\u00e9serve de <a href=\"https:\/\/www.amplitudes.com\/voyage\/voyage-etats-unis\/circuit-etats-unis\/sejour-etats-unis\/floride-etat-du-soleil.html?utm_source=blog&amp;utm_medium=ces_sites_touristiques_a_voir_avant_qu_il_ne_soit_trop_tard&amp;utm_campaign=blog_ces_sites_touristiques_a_voir_avant_qu_il_ne_soit_trop_tard&amp;utm_content=Floride\">Floride<\/a>. Mais le Parc des Everglades est en danger suite aux interventions de l\u2019Homme en mati\u00e8re de d\u00e9veloppement urbain. Avec la multiplication des barrages, ce sanctuaire naturel ne re\u00e7oit plus suffisamment d\u2019eau douce. Les canaux des Everglades sont en effet aliment\u00e9s par le lac Okeechobee dont les eaux sont, depuis plusieurs ann\u00e9es, drain\u00e9es vers les zones m\u00e9tropolitaines du Sud.<\/span><\/p>\n<h2 style=\"text-align: left;\"><span class=\"ez-toc-section\" id=\"Les_lemuriens_et_les_forets_de_Madagascar\"><\/span><span style=\"font-family: gotham-book;\">Les l\u00e9muriens et les for\u00eats de <a href=\"https:\/\/www.amplitudes.com\/voyage\/voyage-madagascar\/circuit-madagascar\/sejour-madagascar\/saveurs-malgaches.html?utm_source=blog&amp;utm_medium=ces_sites_touristiques_a_voir_avant_qu_il_ne_soit_trop_tard&amp;utm_campaign=blog_ces_sites_touristiques_a_voir_avant_qu_il_ne_soit_trop_tard&amp;utm_content=Madagascar\">Madagascar<\/a><\/span><span class=\"ez-toc-section-end\"><\/span><\/h2>\n<figure id=\"attachment_4661\" aria-describedby=\"caption-attachment-4661\" style=\"width: 2000px\" class=\"wp-caption alignnone\"><a href=\"https:\/\/www.amplitudes.com\/blog-backend\/wp-content\/uploads\/2017\/03\/madagascar.jpg\" rel=\"attachment wp-att-4661\"><img decoding=\"async\" class=\"wp-image-4661 size-full\" src=\"https:\/\/www.amplitudes.com\/blog-backend\/wp-content\/uploads\/2017\/03\/madagascar.jpg\" alt=\"madagascar\" width=\"2000\" height=\"1300\" srcset=\"https:\/\/www.amplitudes.com\/blog-backend\/wp-content\/uploads\/2017\/03\/madagascar.jpg 2000w, https:\/\/www.amplitudes.com\/blog-backend\/wp-content\/uploads\/2017\/03\/madagascar-300x195.jpg 300w, https:\/\/www.amplitudes.com\/blog-backend\/wp-content\/uploads\/2017\/03\/madagascar-780x507.jpg 780w\" sizes=\"(max-width: 2000px) 100vw, 2000px\" \/><\/a><figcaption id=\"caption-attachment-4661\" class=\"wp-caption-text\"><span style=\"font-family: gotham-book;\">La luxuriance des for\u00eats tropicales de Madagascar<\/span><\/figcaption><\/figure>\n<p style=\"text-align: justify;\"><span style=\"font-family: gotham-book;\">Madagascar est un \u00e9den naturel, un joyau de biodiversit\u00e9 avec sa nature unique au monde et ses esp\u00e8ces end\u00e9miques. Mais la d\u00e9forestation y est telle que l\u2019\u00eele pourrait voir dispara\u00eetre toutes ses for\u00eats tropicales d\u2019ici \u00e0 2050. Un drame pour ses v\u00e9ritables mondes v\u00e9g\u00e9taux o\u00f9 s\u2019\u00e9panouissent de merveilleuses orchid\u00e9es et autres fleurs tropicales comme nulle part ailleurs. L\u2019\u00eele doit \u00e9galement faire face au braconnage qui met en p\u00e9ril l\u2019existence de 90% de la population de l\u00e9muriens de Madagascar.<\/span><\/p>\n<h2 style=\"text-align: left;\"><span class=\"ez-toc-section\" id=\"Angkor_a_lepreuve_du_temps\"><\/span><span style=\"font-family: gotham-book;\"><a href=\"https:\/\/www.amplitudes.com\/voyage-thailande\/circuit-thailande\/sejour-thailande\/thailande.html?utm_source=blog&amp;utm_medium=ces_sites_touristiques_a_voir_avant_qu_il_ne_soit_trop_tard&amp;utm_campaign=blog_ces_sites_touristiques_a_voir_avant_qu_il_ne_soit_trop_tard&amp;utm_content=Angkor\">Angkor <\/a>\u00e0 l&rsquo;\u00e9preuve du temps<\/span><span class=\"ez-toc-section-end\"><\/span><\/h2>\n<figure id=\"attachment_4662\" aria-describedby=\"caption-attachment-4662\" style=\"width: 2000px\" class=\"wp-caption alignnone\"><a href=\"https:\/\/www.amplitudes.com\/blog-backend\/wp-content\/uploads\/2017\/03\/angkor2.jpg\" rel=\"attachment wp-att-4662\"><img decoding=\"async\" class=\"wp-image-4662 size-full\" src=\"https:\/\/www.amplitudes.com\/blog-backend\/wp-content\/uploads\/2017\/03\/angkor2.jpg\" alt=\"angkor2\" width=\"2000\" height=\"1300\" srcset=\"https:\/\/www.amplitudes.com\/blog-backend\/wp-content\/uploads\/2017\/03\/angkor2.jpg 2000w, https:\/\/www.amplitudes.com\/blog-backend\/wp-content\/uploads\/2017\/03\/angkor2-300x195.jpg 300w, https:\/\/www.amplitudes.com\/blog-backend\/wp-content\/uploads\/2017\/03\/angkor2-780x507.jpg 780w\" sizes=\"(max-width: 2000px) 100vw, 2000px\" \/><\/a><figcaption id=\"caption-attachment-4662\" class=\"wp-caption-text\"><span style=\"font-family: gotham-book;\">Les ruines l\u00e9gendaires d&rsquo;Angkor<\/span><\/figcaption><\/figure>\n<p style=\"text-align: justify;\"><span style=\"font-family: gotham-book;\">Dor\u00e9navant prot\u00e9g\u00e9s des pillages, les vestiges du site arch\u00e9ologique d\u2019Angkor restent fragiles. Les effets du temps n\u2019\u00e9pargnent pas ce site touch\u00e9 par l\u2019\u00e9rosion de ces temples. Certaines sculptures se sont ainsi effac\u00e9es sous l\u2019effet de la mousson et des variations de barom\u00e8tre. Depuis maintenant des ann\u00e9es, Angkor fait l\u2019objet de programmes de sauvegarde. Des restaurateurs venus du monde entier \u0153uvrent pour restaurer les bas-reliefs et autres splendeurs architecturales de ce site datant de l\u2019Empire Khmer.<\/span><\/p>\n<h2 style=\"text-align: left;\"><span class=\"ez-toc-section\" id=\"Les_vagues_de_lile_de_Paques\"><\/span><span style=\"font-family: gotham-book;\">Les vagues de l\u2019<a href=\"https:\/\/www.amplitudes.com\/voyage-chili\/circuit-chili\/sejour-chili\/chili.html?utm_source=blog&amp;utm_medium=ces_sites_touristiques_a_voir_avant_qu_il_ne_soit_trop_tard&amp;utm_campaign=blog_ces_sites_touristiques_a_voir_avant_qu_il_ne_soit_trop_tard&amp;utm_content=ile_de_paques_\">\u00eele de P\u00e2ques<\/a><\/span><span class=\"ez-toc-section-end\"><\/span><\/h2>\n<figure id=\"attachment_4663\" aria-describedby=\"caption-attachment-4663\" style=\"width: 2000px\" class=\"wp-caption alignnone\"><a href=\"https:\/\/www.amplitudes.com\/blog-backend\/wp-content\/uploads\/2017\/03\/ile-de-paques1.jpg\" rel=\"attachment wp-att-4663\"><img decoding=\"async\" class=\"wp-image-4663 size-full\" src=\"https:\/\/www.amplitudes.com\/blog-backend\/wp-content\/uploads\/2017\/03\/ile-de-paques1.jpg\" alt=\"ile-de-paques1\" width=\"2000\" height=\"1300\" srcset=\"https:\/\/www.amplitudes.com\/blog-backend\/wp-content\/uploads\/2017\/03\/ile-de-paques1.jpg 2000w, https:\/\/www.amplitudes.com\/blog-backend\/wp-content\/uploads\/2017\/03\/ile-de-paques1-300x195.jpg 300w, https:\/\/www.amplitudes.com\/blog-backend\/wp-content\/uploads\/2017\/03\/ile-de-paques1-780x507.jpg 780w\" sizes=\"(max-width: 2000px) 100vw, 2000px\" \/><\/a><figcaption id=\"caption-attachment-4663\" class=\"wp-caption-text\"><span style=\"font-family: gotham-book;\">Immuables, les Moa\u00ef de l&rsquo;\u00eele de P\u00e2ques<\/span><\/figcaption><\/figure>\n<p style=\"text-align: justify;\"><span style=\"font-family: gotham-book;\">L\u2019Unesco s\u2019alarme face aux bouleversements climatiques et craint le pire pour la mythique \u00eele de P\u00e2ques et ses c\u00e9l\u00e8bres statues. Situ\u00e9s au large des c\u00f4tes chiliennes, les myst\u00e9rieux Moa\u00ef doivent lutter contre les violentes vagues du Pacifique qui d\u00e9ferlent sur les c\u00f4tes. Des vagues qui d\u00e9ferlent toujours plus fort et plus haut et qui \u00e0 terme risquent de d\u00e9truire ce patrimoine exceptionnel qui bercent les r\u00eaves des voyageurs.<\/span><\/p>\n<h2 style=\"text-align: left;\"><span class=\"ez-toc-section\" id=\"La_renovation_du_Taj_Mahal\"><\/span><span style=\"font-family: gotham-book;\">La r\u00e9novation du Taj Mahal<\/span><span class=\"ez-toc-section-end\"><\/span><\/h2>\n<figure id=\"attachment_4664\" aria-describedby=\"caption-attachment-4664\" style=\"width: 2000px\" class=\"wp-caption alignnone\"><a href=\"https:\/\/www.amplitudes.com\/blog-backend\/wp-content\/uploads\/2017\/03\/taj-mahal.jpg\" rel=\"attachment wp-att-4664\"><img decoding=\"async\" class=\"wp-image-4664 size-full\" src=\"https:\/\/www.amplitudes.com\/blog-backend\/wp-content\/uploads\/2017\/03\/taj-mahal.jpg\" alt=\"taj-mahal\" width=\"2000\" height=\"1300\" srcset=\"https:\/\/www.amplitudes.com\/blog-backend\/wp-content\/uploads\/2017\/03\/taj-mahal.jpg 2000w, https:\/\/www.amplitudes.com\/blog-backend\/wp-content\/uploads\/2017\/03\/taj-mahal-300x195.jpg 300w, https:\/\/www.amplitudes.com\/blog-backend\/wp-content\/uploads\/2017\/03\/taj-mahal-780x507.jpg 780w\" sizes=\"(max-width: 2000px) 100vw, 2000px\" \/><\/a><figcaption id=\"caption-attachment-4664\" class=\"wp-caption-text\"><span style=\"font-family: gotham-book;\">La blancheur immacul\u00e9e du Taj Mahal \u00e0 Agra<\/span><\/figcaption><\/figure>\n<p style=\"text-align: justify;\"><span style=\"font-family: gotham-book;\">Grand incontournable d\u2019un voyage en Inde, le Taj Mahal n\u2019en est pas \u00e0 sa premi\u00e8re alerte. D\u00e9j\u00e0 en 2011, c\u2019\u00e9tait la fragilit\u00e9 de ses fondations qui \u00e9tait mise en avant. Aujourd\u2019hui, c\u2019est \u00e0 la pollution de l\u2019air que l\u2019embl\u00e8me de l\u2019amour \u00e9ternel doit faire face. Les particules ont commenc\u00e9 \u00e0 alt\u00e9rer le marbre blanc du d\u00f4me et de la fa\u00e7ade de l\u2019\u00e9difice. <a href=\"https:\/\/www.amplitudes.com\/voyage-agra-et-taj-mahal\/circuit-agra-et-taj-mahal\/sejour-agra-et-taj-mahal\/agra-et-taj-mahal.html\">Le joyau d\u2019Agra<\/a> devrait donc prochainement s\u2019offrir une r\u00e9novation pour retrouver toute sa superbe.<\/span><\/p>\n<h2 style=\"text-align: left;\"><span class=\"ez-toc-section\" id=\"Les_icebergs_du_Glacier_National_Park\"><\/span><span style=\"font-family: gotham-book;\">Les icebergs du Glacier National Park<\/span><span class=\"ez-toc-section-end\"><\/span><\/h2>\n<figure id=\"attachment_4665\" aria-describedby=\"caption-attachment-4665\" style=\"width: 2000px\" class=\"wp-caption alignnone\"><a href=\"https:\/\/www.amplitudes.com\/blog-backend\/wp-content\/uploads\/2017\/03\/glacier2.jpg\" rel=\"attachment wp-att-4665\"><img decoding=\"async\" class=\"wp-image-4665 size-full\" src=\"https:\/\/www.amplitudes.com\/blog-backend\/wp-content\/uploads\/2017\/03\/glacier2.jpg\" alt=\"glacier2\" width=\"2000\" height=\"1300\" srcset=\"https:\/\/www.amplitudes.com\/blog-backend\/wp-content\/uploads\/2017\/03\/glacier2.jpg 2000w, https:\/\/www.amplitudes.com\/blog-backend\/wp-content\/uploads\/2017\/03\/glacier2-300x195.jpg 300w, https:\/\/www.amplitudes.com\/blog-backend\/wp-content\/uploads\/2017\/03\/glacier2-780x507.jpg 780w\" sizes=\"(max-width: 2000px) 100vw, 2000px\" \/><\/a><figcaption id=\"caption-attachment-4665\" class=\"wp-caption-text\"><span style=\"font-family: gotham-book;\">Les panoramas majestueux du Glacier National Park<\/span><\/figcaption><\/figure>\n<p style=\"text-align: justify;\"><span style=\"font-family: gotham-book;\">Peu connu des voyageurs, le Glacier National Park pourrait dispara\u00eetre \u00e0 l\u2019horizon 2030. Situ\u00e9 dans l\u2019\u00c9tat du <a href=\"https:\/\/www.amplitudes.com\/voyage\/amerique-du-nord\/etats-unis\/nature-voyage-de-decouverte\/montana-terres-sauvages.html?utm_source=blog&amp;utm_medium=ces_sites_touristiques_a_voir_avant_qu_il_ne_soit_trop_tard&amp;utm_campaign=blog_ces_sites_touristiques_a_voir_avant_qu_il_ne_soit_trop_tard&amp;utm_content=Montana_\">Montana<\/a>, ce parc est travers\u00e9 par une magnifique route sc\u00e9nique : la Going-to-the-Sund-Road qui longe des for\u00eats d\u2019\u00e9meraude et lacs c\u00e9rul\u00e9ens ponctu\u00e9s de morceaux de banquise. Des paysages d\u2019une beaut\u00e9 envo\u00fbtante qui sont malheureusement menac\u00e9s par la fonte des glaces. De 150 glaciers en 1905, le parc n\u2019en compte plus qu\u2019une vingtaine.<\/span><\/p>\n<h2 style=\"text-align: left;\"><span class=\"ez-toc-section\" id=\"Mekong_fleuve_de_vie\"><\/span><span style=\"font-family: gotham-book;\"><a href=\"https:\/\/www.amplitudes.com\/voyage\/voyage-laos\/circuit-laos\/sejour-laos\/mekong-fleuve-de-vie.html?utm_source=blog&amp;utm_medium=ces_sites_touristiques_a_voir_avant_qu_il_ne_soit_trop_tard&amp;utm_campaign=blog_ces_sites_touristiques_a_voir_avant_qu_il_ne_soit_trop_tard&amp;utm_content=Mekong_fleuve_de_vie\">M\u00e9kong, fleuve de vie ?<\/a><\/span><span class=\"ez-toc-section-end\"><\/span><\/h2>\n<figure id=\"attachment_4667\" aria-describedby=\"caption-attachment-4667\" style=\"width: 2000px\" class=\"wp-caption alignnone\"><a href=\"https:\/\/www.amplitudes.com\/blog-backend\/wp-content\/uploads\/2017\/03\/laos.jpg\" rel=\"attachment wp-att-4667\"><img decoding=\"async\" class=\"wp-image-4667 size-full\" src=\"https:\/\/www.amplitudes.com\/blog-backend\/wp-content\/uploads\/2017\/03\/laos.jpg\" alt=\"laos\" width=\"2000\" height=\"1300\" srcset=\"https:\/\/www.amplitudes.com\/blog-backend\/wp-content\/uploads\/2017\/03\/laos.jpg 2000w, https:\/\/www.amplitudes.com\/blog-backend\/wp-content\/uploads\/2017\/03\/laos-300x195.jpg 300w, https:\/\/www.amplitudes.com\/blog-backend\/wp-content\/uploads\/2017\/03\/laos-780x507.jpg 780w\" sizes=\"(max-width: 2000px) 100vw, 2000px\" \/><\/a><figcaption id=\"caption-attachment-4667\" class=\"wp-caption-text\"><span style=\"font-family: gotham-book;\">Au fil du M\u00e9kong&#8230;<\/span><\/figcaption><\/figure>\n<p style=\"text-align: justify;\"><span style=\"font-family: gotham-book;\">Partez sans plus tarder d\u00e9couvrir l\u2019authenticit\u00e9 des villages pos\u00e9s sur les berges, leurs vestiges architecturaux et toute la s\u00e9r\u00e9nit\u00e9 que l\u2019on peut ressentir au cours d\u2019une croisi\u00e8re sur le M\u00e9kong. Ce sont actuellement quelques 60 millions d\u2019individus qui vivent gr\u00e2ce aux richesses de ce fleuve sacr\u00e9. Mais les pr\u00e9visions de construction de nouveaux barrages hydro\u00e9lectriques risquent de mettre en p\u00e9ril tout ce magnifique \u00e9cosyst\u00e8me.<\/span><\/p>\n","protected":false},"excerpt":{"rendered":"<p>\u00c0 Malte, la \u00ab\u00a0Fen\u00eatre d\u2019Azur\u00a0\u00bb n\u2019est plus. Immortalis\u00e9e sur cette image, cette arche naturelle embl\u00e9matique de l\u2019\u00eele de Gozo \u00e9tait en p\u00e9ril depuis quelques ann\u00e9es. Elle vient cette semaine d\u2019\u00eatre engloutie par la mer, ne r\u00e9sistant plus \u00e0 la temp\u00eate qui faisait rage sur l&rsquo;\u00eele. Une catastrophe qui nous rappelle que rien n\u2019est \u00e9ternel et [&hellip;]<\/p>\n","protected":false},"author":2,"featured_media":4670,"comment_status":"open","ping_status":"open","sticky":false,"template":"","format":"standard","meta":{"footnotes":""},"categories":[169],"tags":[182,219,190,217,221,220,218,200,183],"yoast_head":"<!-- This site is optimized with the Yoast SEO plugin v22.1 - https:\/\/yoast.com\/wordpress\/plugins\/seo\/ -->\n<title>Ces sites touristiques \u00e0 voir avant qu&#039;il ne soit trop tard<\/title>\n<meta name=\"description\" content=\"Changements climatiques, interventions humaines, bien des villes et monuments sont menac\u00e9s de disparition. Des merveilles en p\u00e9ril \u00e0 voir d&#039;urgence !\" \/>\n<meta name=\"robots\" content=\"index, follow, max-snippet:-1, max-image-preview:large, max-video-preview:-1\" \/>\n<link rel=\"canonical\" href=\"https:\/\/www.amplitudes.com\/blog-backend\/ces-sites-touristiques-a-voir-avant-quil-ne-soit-trop-tard\/\" \/>\n<meta property=\"og:locale\" content=\"fr_FR\" \/>\n<meta property=\"og:type\" content=\"article\" \/>\n<meta property=\"og:title\" content=\"Ces sites touristiques \u00e0 voir avant qu&#039;il ne soit trop tard\" \/>\n<meta property=\"og:description\" content=\"Changements climatiques, interventions humaines, bien des villes et monuments sont menac\u00e9s de disparition. Des merveilles en p\u00e9ril \u00e0 voir d&#039;urgence !\" \/>\n<meta property=\"og:url\" content=\"https:\/\/www.amplitudes.com\/blog-backend\/ces-sites-touristiques-a-voir-avant-quil-ne-soit-trop-tard\/\" \/>\n<meta property=\"og:site_name\" content=\"Blog de l&#039;agence de voyage sur-mesure Amplitudes\" \/>\n<meta property=\"article:publisher\" content=\"http:\/\/facebook.com\/amplitudes.devoyages\/\" \/>\n<meta property=\"article:published_time\" content=\"2017-03-10T15:40:33+00:00\" \/>\n<meta property=\"article:modified_time\" content=\"2025-11-13T17:08:15+00:00\" \/>\n<meta property=\"og:image\" content=\"https:\/\/www.amplitudes.com\/blog-backend\/wp-content\/uploads\/2017\/03\/pano.jpg\" \/>\n\t<meta property=\"og:image:width\" content=\"1170\" \/>\n\t<meta property=\"og:image:height\" content=\"507\" \/>\n\t<meta property=\"og:image:type\" content=\"image\/jpeg\" \/>\n<meta name=\"author\" content=\"Floriane\" \/>\n<meta name=\"twitter:card\" content=\"summary_large_image\" \/>\n<meta name=\"twitter:creator\" content=\"@AmplitudesV\" \/>\n<meta name=\"twitter:site\" content=\"@AmplitudesV\" \/>\n<meta name=\"twitter:label1\" content=\"\u00c9crit par\" \/>\n\t<meta name=\"twitter:data1\" content=\"Floriane\" \/>\n\t<meta name=\"twitter:label2\" content=\"Dur\u00e9e de lecture estim\u00e9e\" \/>\n\t<meta name=\"twitter:data2\" content=\"6 minutes\" \/>\n<script type=\"application\/ld+json\" class=\"yoast-schema-graph\">{\"@context\":\"https:\/\/schema.org\",\"@graph\":[{\"@type\":\"WebPage\",\"@id\":\"https:\/\/www.amplitudes.com\/blog-backend\/ces-sites-touristiques-a-voir-avant-quil-ne-soit-trop-tard\/\",\"url\":\"https:\/\/www.amplitudes.com\/blog-backend\/ces-sites-touristiques-a-voir-avant-quil-ne-soit-trop-tard\/\",\"name\":\"Ces sites touristiques \u00e0 voir avant qu'il ne soit trop tard\",\"isPartOf\":{\"@id\":\"https:\/\/www.amplitudes.com\/blog-backend\/#website\"},\"datePublished\":\"2017-03-10T15:40:33+00:00\",\"dateModified\":\"2025-11-13T17:08:15+00:00\",\"author\":{\"@id\":\"https:\/\/www.amplitudes.com\/blog-backend\/#\/schema\/person\/1ac2058edef1f5f0f2c16e7f096a80b1\"},\"description\":\"Changements climatiques, interventions humaines, bien des villes et monuments sont menac\u00e9s de disparition. Des merveilles en p\u00e9ril \u00e0 voir d'urgence !\",\"inLanguage\":\"fr-FR\",\"potentialAction\":[{\"@type\":\"ReadAction\",\"target\":[\"https:\/\/www.amplitudes.com\/blog-backend\/ces-sites-touristiques-a-voir-avant-quil-ne-soit-trop-tard\/\"]}]},{\"@type\":\"WebSite\",\"@id\":\"https:\/\/www.amplitudes.com\/blog-backend\/#website\",\"url\":\"https:\/\/www.amplitudes.com\/blog-backend\/\",\"name\":\"Blog de l&#039;agence de voyage sur-mesure Amplitudes\",\"description\":\"\",\"potentialAction\":[{\"@type\":\"SearchAction\",\"target\":{\"@type\":\"EntryPoint\",\"urlTemplate\":\"https:\/\/www.amplitudes.com\/blog-backend\/?s={search_term_string}\"},\"query-input\":\"required name=search_term_string\"}],\"inLanguage\":\"fr-FR\"},{\"@type\":\"Person\",\"@id\":\"https:\/\/www.amplitudes.com\/blog-backend\/#\/schema\/person\/1ac2058edef1f5f0f2c16e7f096a80b1\",\"name\":\"Floriane\",\"image\":{\"@type\":\"ImageObject\",\"inLanguage\":\"fr-FR\",\"@id\":\"https:\/\/www.amplitudes.com\/blog-backend\/#\/schema\/person\/image\/\",\"url\":\"https:\/\/secure.gravatar.com\/avatar\/f3f77af3dabd00f62e61c417047e08f6?s=96&d=mm&r=g\",\"contentUrl\":\"https:\/\/secure.gravatar.com\/avatar\/f3f77af3dabd00f62e61c417047e08f6?s=96&d=mm&r=g\",\"caption\":\"Floriane\"},\"url\":\"https:\/\/www.amplitudes.com\/blog-backend\/author\/audrey\/\"}]}<\/script>\n<!-- \/ Yoast SEO plugin. -->","yoast_head_json":{"title":"Ces sites touristiques \u00e0 voir avant qu'il ne soit trop tard","description":"Changements climatiques, interventions humaines, bien des villes et monuments sont menac\u00e9s de disparition. Des merveilles en p\u00e9ril \u00e0 voir d'urgence !","robots":{"index":"index","follow":"follow","max-snippet":"max-snippet:-1","max-image-preview":"max-image-preview:large","max-video-preview":"max-video-preview:-1"},"canonical":"https:\/\/www.amplitudes.com\/blog-backend\/ces-sites-touristiques-a-voir-avant-quil-ne-soit-trop-tard\/","og_locale":"fr_FR","og_type":"article","og_title":"Ces sites touristiques \u00e0 voir avant qu'il ne soit trop tard","og_description":"Changements climatiques, interventions humaines, bien des villes et monuments sont menac\u00e9s de disparition. Des merveilles en p\u00e9ril \u00e0 voir d'urgence !","og_url":"https:\/\/www.amplitudes.com\/blog-backend\/ces-sites-touristiques-a-voir-avant-quil-ne-soit-trop-tard\/","og_site_name":"Blog de l&#039;agence de voyage sur-mesure Amplitudes","article_publisher":"http:\/\/facebook.com\/amplitudes.devoyages\/","article_published_time":"2017-03-10T15:40:33+00:00","article_modified_time":"2025-11-13T17:08:15+00:00","og_image":[{"width":1170,"height":507,"url":"https:\/\/www.amplitudes.com\/blog-backend\/wp-content\/uploads\/2017\/03\/pano.jpg","type":"image\/jpeg"}],"author":"Floriane","twitter_card":"summary_large_image","twitter_creator":"@AmplitudesV","twitter_site":"@AmplitudesV","twitter_misc":{"\u00c9crit par":"Floriane","Dur\u00e9e de lecture estim\u00e9e":"6 minutes"},"schema":{"@context":"https:\/\/schema.org","@graph":[{"@type":"WebPage","@id":"https:\/\/www.amplitudes.com\/blog-backend\/ces-sites-touristiques-a-voir-avant-quil-ne-soit-trop-tard\/","url":"https:\/\/www.amplitudes.com\/blog-backend\/ces-sites-touristiques-a-voir-avant-quil-ne-soit-trop-tard\/","name":"Ces sites touristiques \u00e0 voir avant qu'il ne soit trop tard","isPartOf":{"@id":"https:\/\/www.amplitudes.com\/blog-backend\/#website"},"datePublished":"2017-03-10T15:40:33+00:00","dateModified":"2025-11-13T17:08:15+00:00","author":{"@id":"https:\/\/www.amplitudes.com\/blog-backend\/#\/schema\/person\/1ac2058edef1f5f0f2c16e7f096a80b1"},"description":"Changements climatiques, interventions humaines, bien des villes et monuments sont menac\u00e9s de disparition. Des merveilles en p\u00e9ril \u00e0 voir d'urgence !","inLanguage":"fr-FR","potentialAction":[{"@type":"ReadAction","target":["https:\/\/www.amplitudes.com\/blog-backend\/ces-sites-touristiques-a-voir-avant-quil-ne-soit-trop-tard\/"]}]},{"@type":"WebSite","@id":"https:\/\/www.amplitudes.com\/blog-backend\/#website","url":"https:\/\/www.amplitudes.com\/blog-backend\/","name":"Blog de l&#039;agence de voyage sur-mesure Amplitudes","description":"","potentialAction":[{"@type":"SearchAction","target":{"@type":"EntryPoint","urlTemplate":"https:\/\/www.amplitudes.com\/blog-backend\/?s={search_term_string}"},"query-input":"required name=search_term_string"}],"inLanguage":"fr-FR"},{"@type":"Person","@id":"https:\/\/www.amplitudes.com\/blog-backend\/#\/schema\/person\/1ac2058edef1f5f0f2c16e7f096a80b1","name":"Floriane","image":{"@type":"ImageObject","inLanguage":"fr-FR","@id":"https:\/\/www.amplitudes.com\/blog-backend\/#\/schema\/person\/image\/","url":"https:\/\/secure.gravatar.com\/avatar\/f3f77af3dabd00f62e61c417047e08f6?s=96&d=mm&r=g","contentUrl":"https:\/\/secure.gravatar.com\/avatar\/f3f77af3dabd00f62e61c417047e08f6?s=96&d=mm&r=g","caption":"Floriane"},"url":"https:\/\/www.amplitudes.com\/blog-backend\/author\/audrey\/"}]}},"_links":{"self":[{"href":"https:\/\/www.amplitudes.com\/blog-backend\/wp-json\/wp\/v2\/posts\/4653"}],"collection":[{"href":"https:\/\/www.amplitudes.com\/blog-backend\/wp-json\/wp\/v2\/posts"}],"about":[{"href":"https:\/\/www.amplitudes.com\/blog-backend\/wp-json\/wp\/v2\/types\/post"}],"author":[{"embeddable":true,"href":"https:\/\/www.amplitudes.com\/blog-backend\/wp-json\/wp\/v2\/users\/2"}],"replies":[{"embeddable":true,"href":"https:\/\/www.amplitudes.com\/blog-backend\/wp-json\/wp\/v2\/comments?post=4653"}],"version-history":[{"count":25,"href":"https:\/\/www.amplitudes.com\/blog-backend\/wp-json\/wp\/v2\/posts\/4653\/revisions"}],"predecessor-version":[{"id":18465,"href":"https:\/\/www.amplitudes.com\/blog-backend\/wp-json\/wp\/v2\/posts\/4653\/revisions\/18465"}],"wp:featuredmedia":[{"embeddable":true,"href":"https:\/\/www.amplitudes.com\/blog-backend\/wp-json\/wp\/v2\/media\/4670"}],"wp:attachment":[{"href":"https:\/\/www.amplitudes.com\/blog-backend\/wp-json\/wp\/v2\/media?parent=4653"}],"wp:term":[{"taxonomy":"category","embeddable":true,"href":"https:\/\/www.amplitudes.com\/blog-backend\/wp-json\/wp\/v2\/categories?post=4653"},{"taxonomy":"post_tag","embeddable":true,"href":"https:\/\/www.amplitudes.com\/blog-backend\/wp-json\/wp\/v2\/tags?post=4653"}],"curies":[{"name":"wp","href":"https:\/\/api.w.org\/{rel}","templated":true}]}}