{"id":5480,"date":"2017-10-05T16:40:01","date_gmt":"2017-10-05T15:40:01","guid":{"rendered":"https:\/\/www.amplitudes.com\/blog-backend\/?p=5480"},"modified":"2017-10-06T16:03:30","modified_gmt":"2017-10-06T15:03:30","slug":"marine-et-linda-specialistes-asie","status":"publish","type":"post","link":"https:\/\/www.amplitudes.com\/blog-backend\/marine-et-linda-specialistes-asie\/","title":{"rendered":"Marine et Linda, sp\u00e9cialistes Asie"},"content":{"rendered":"<p style=\"text-align: justify;\"><span style=\"font-family: gotham-book;\"><em>Une complicit\u00e9 \u00e9vidente et une passion commune pour l\u2019Asie r\u00e9unissent Linda, conseiller-voyage Afrique-Asie et Marine, chef de projet-gestionnaire Asie chez Amplitudes. \u00c7a tombe bien car nos deux globetrotteuses reviennent d\u2019un voyage professionnel en Tha\u00eflande\u00a0; l\u2019occasion parfaite pour dresser leur portrait autour de beaux, cocasses et \u00e9mouvants souvenirs des voyages de leur vie<\/em>.<\/span><\/p>\n<p style=\"text-align: justify;\"><span style=\"font-family: gotham-book;\">Pr\u00e9noms\u00a0: Linda et Marine<\/span><br \/>\n<span style=\"font-family: gotham-book;\"> Type de voyageuses\u00a0: Autant voyages entre amis qu\u2019en famille.<\/span><\/p>\n<p style=\"text-align: justify;\"><span style=\"font-family: gotham-book;\">L. Plus jeune, j\u2019ai exp\u00e9riment\u00e9 les voyages en sac \u00e0 dos mais maintenant je fais essentiellement des voyages \u00e0 la carte. Sur place, il y a un vrai confort \u00e0 ne pas avoir \u00e0 se soucier de la logistique (chercher un h\u00f4tel, un v\u00e9hicule\u2026). Cela permet de profiter pleinement de la d\u00e9couverte.<\/span><\/p>\n<p style=\"text-align: justify;\"><span style=\"font-family: gotham-book;\">Signe particulier\u00a0:<\/span><\/p>\n<p style=\"text-align: justify;\"><span style=\"font-family: gotham-book;\">M. Curieuse et toujours avec l\u2019appareil photo autour du bras. Si je vois une petite ruelle, vous pouvez \u00eatre s\u00fbr que je vais m\u2019y aventurer pour voir ce qu\u2019il peut y avoir \u00e0 photographier\u00a0!<\/span><\/p>\n<p style=\"text-align: justify;\"><span style=\"font-family: gotham-book;\">L. Curieuse aussi mais par contre j\u2019ai pos\u00e9 l\u2019appareil photo\u2026 Je me suis aper\u00e7ue que, parfois, en \u00e9tant derri\u00e8re l\u2019appareil, je pouvais rater un moment, un regard, un partage. C\u2019est certain que la photo peut amener d\u2019autres belles surprises, mais je dois dire qu\u2019\u00e0 titre personnel cela me perturbe plus qu\u2019autre chose. De m\u00eame, avant je planifiais des itin\u00e9raires tr\u00e8s charg\u00e9s avec des visites \u00e0 la minute pr\u00e8s. Or, aujourd\u2019hui je suis davantage dans une d\u00e9marche de <em>slow travel<\/em>.<\/span><\/p>\n<p style=\"text-align: justify;\"><span style=\"font-family: gotham-book;\">Voyage id\u00e9al :<\/span><\/p>\n<p style=\"text-align: justify;\"><span style=\"font-family: gotham-book;\">L. Ce serait de me poser pendant 2 ou 3 semaines dans un endroit o\u00f9 je pourrais autant profiter des activit\u00e9s sur place (yoga, cours de cuisine\u2026) que rayonner dans les environs. Mais pourquoi pas \u00e9galement une itin\u00e9rance tranquille, sur deux mois, d\u2019\u00eele en \u00eele en Gr\u00e8ce pour faire d\u00e9couvrir une autre culture \u00e0 mes enfants\u00a0; ou un safari au Botswana pour un retour aux sources, \u00e0 la nature, \u00e0 la vie sauvage.<\/span><\/p>\n<p style=\"text-align: justify;\"><span style=\"font-family: gotham-book;\">M. Un tour du monde en sac \u00e0 dos. C\u2019est un r\u00eave de petite fille\u00a0; l\u2019Australie pour la diversit\u00e9 des paysages, les Philippines, la Malaisie sans oublier l\u2019Am\u00e9rique du Sud.<\/span><\/p>\n<figure id=\"attachment_5497\" aria-describedby=\"caption-attachment-5497\" style=\"width: 2000px\" class=\"wp-caption alignnone\"><a href=\"https:\/\/www.amplitudes.com\/blog-backend\/wp-content\/uploads\/2017\/10\/Costa1.jpg\" rel=\"attachment wp-att-5497\"><img decoding=\"async\" class=\"size-full wp-image-5497\" src=\"https:\/\/www.amplitudes.com\/blog-backend\/wp-content\/uploads\/2017\/10\/Costa1.jpg\" alt=\"Voyage Costa Rica - Grenouille - Amplitudes\" width=\"2000\" height=\"1300\" srcset=\"https:\/\/www.amplitudes.com\/blog-backend\/wp-content\/uploads\/2017\/10\/Costa1.jpg 2000w, https:\/\/www.amplitudes.com\/blog-backend\/wp-content\/uploads\/2017\/10\/Costa1-300x195.jpg 300w, https:\/\/www.amplitudes.com\/blog-backend\/wp-content\/uploads\/2017\/10\/Costa1-780x507.jpg 780w\" sizes=\"(max-width: 2000px) 100vw, 2000px\" \/><\/a><figcaption id=\"caption-attachment-5497\" class=\"wp-caption-text\"><span style=\"font-family: gotham-book;\">La faune exotique d&rsquo;Am\u00e9rique du Sud<\/span><\/figcaption><\/figure>\n<h2 style=\"text-align: left;\"><strong><span style=\"font-family: gotham-book;\">Comment \u00eates-vous arriv\u00e9es chez Amplitudes ?<\/span><\/strong><\/h2>\n<p style=\"text-align: justify;\"><span style=\"font-family: gotham-book;\">M. J\u2019ai fait mon stage de premi\u00e8re ann\u00e9e de Master chez Amplitudes. Il s\u2019agissait de mon second stage dans le secteur du tourisme. Cela a confirm\u00e9 tout l\u2019int\u00e9r\u00eat que je portais \u00e0 ce domaine et plus particuli\u00e8rement au p\u00f4le production. L\u2019ann\u00e9e suivante j\u2019ai d\u00e9cid\u00e9 de faire un stage chez un r\u00e9ceptif de fa\u00e7on \u00e0 appr\u00e9hender l\u2019autre versant de la production. A mon retour, j\u2019ai recrois\u00e9 le chemin d\u2019Amplitudes. C\u2019\u00e9tait il y a 1 an \u00bd.<\/span><\/p>\n<p style=\"text-align: justify;\"><span style=\"font-family: gotham-book;\">L. \u00c7a va faire 22-23 ans que je suis chez Amplitudes. Apr\u00e8s une formation en Histoire de l\u2019Art, je me suis dirig\u00e9e vers le tourisme. Tout comme Marine, j\u2019ai d\u2019abord fait un stage chez Amplitudes et je m\u2019orientais vers la production. J&rsquo;ai commenc\u00e9 comme billettiste avant de passer \u00e0 la vente et \u00e0 la production. Aujourd\u2019hui, je suis principalement sp\u00e9cialis\u00e9e sur les destinations d\u2019Afrique et d\u2019Asie.<\/span><\/p>\n<h2 style=\"text-align: left;\"><strong><span style=\"font-family: gotham-book;\">Qu\u2019est-ce qui vous pla\u00eet le plus dans ce m\u00e9tier ?<\/span><\/strong><\/h2>\n<p style=\"text-align: justify;\"><span style=\"font-family: gotham-book;\">L. Ce moment lorsque les clients reviennent et qu\u2019ils me disent \u00ab\u00a0C\u2019\u00e9tait super\u00a0!\u00a0\u00bb. En participant \u00e0 la r\u00e9ussite de leur voyage, nous participons \u00e0 une tranche de vie. Cela va par exemple \u00eatre un voyage pendant lequel des grands-parents vont tisser des liens avec leurs petits-enfants&#8230; Ces moments ponctuent un parcours d\u2019enfant comme d\u2019adulte.<\/span><\/p>\n<p style=\"text-align: justify;\"><span style=\"font-family: gotham-book;\">M. Ce que j\u2019aime aussi c\u2019est que chaque journ\u00e9e est diff\u00e9rente. Nous ne savons jamais quelle nouvelle demande va arriver. C\u2019est tr\u00e8s enrichissant.<\/span><\/p>\n<p style=\"text-align: justify;\"><span style=\"font-family: gotham-book;\">L. L\u2019\u00e9volution des pays fait \u00e9galement que nous essayons \u00e0 chaque fois de nous am\u00e9liorer.<\/span><\/p>\n<h2 style=\"text-align: left;\"><strong><span style=\"font-family: gotham-book;\">Quels voyages vous ont le plus marqu\u00e9 parmi ceux que vous avez organis\u00e9s ?<\/span><\/strong><\/h2>\n<p style=\"text-align: justify;\"><span style=\"font-family: gotham-book;\">L. C&rsquo;\u00e9tait pour des personnes ne prenant pas l\u2019avion. Il a donc fallu trouver des solutions pour les amener autrement au Vietnam. Le voyage s\u2019est d\u00e9roul\u00e9 sur deux mois et demi, au d\u00e9part de Nice. Arriv\u00e9s \u00e0 Moscou, ils ont pris le Transsib\u00e9rien jusqu\u2019en Mongolie o\u00f9 ils ont pass\u00e9 une semaine dans un camp de yourtes avant de reprendre le train pour la Chine o\u00f9 ils sont rest\u00e9s une semaine. De l\u00e0, ils ont gagn\u00e9 le Vietnam, toujours en train, pour trois semaines fabuleuses. Ils sont rentr\u00e9s en train, en sens inverse. Le voyage en train a constitu\u00e9 un voyage au c\u0153ur du voyage. Dans ce type de transport, il y a une vraie osmose, une vraie solidarit\u00e9 qui se cr\u00e9\u00e9e en allant remplir son eau, chercher son repas\u2026 On s\u2019attache aux gens.<\/span><\/p>\n<p style=\"text-align: justify;\"><span style=\"font-family: gotham-book;\">M. Deux voyages adapt\u00e9s me viennent \u00e0 l\u2019esprit. Ils m\u2019ont prouv\u00e9 qu\u2019en agence de voyage on peut rendre accessible ce qui para\u00eet inaccessible. Il fallait vraiment tout prendre en compte\u00a0: la taille des portes, la pr\u00e9sence de la moindre marche\u2026<\/span><\/p>\n<p style=\"text-align: justify;\"><span style=\"font-family: gotham-book;\">L. Je pense aussi au voyage d\u2019une jeune femme partie sur les traces de son papa au Cambodge.<\/span><\/p>\n<h2 style=\"text-align: left;\"><strong><span style=\"font-family: gotham-book;\">Pour vous la Tha\u00eflande c\u2019est\u00a0?<\/span><\/strong><\/h2>\n<p style=\"text-align: justify;\"><span style=\"font-family: gotham-book;\">M. Le pays du sourire et de la g\u00e9n\u00e9rosit\u00e9\u00a0! Je me souviens au march\u00e9 d\u2019Amphawa, tous arboraient de larges sourires. Mais la Tha\u00eflande c\u2019est aussi un pays tr\u00e8s complet qui convient pour tous les go\u00fbts et tous les budgets.<\/span><\/p>\n<figure id=\"attachment_5486\" aria-describedby=\"caption-attachment-5486\" style=\"width: 2000px\" class=\"wp-caption alignnone\"><a href=\"https:\/\/www.amplitudes.com\/blog-backend\/wp-content\/uploads\/2017\/10\/Amphawa.jpg\" rel=\"attachment wp-att-5486\"><img decoding=\"async\" class=\"size-full wp-image-5486\" src=\"https:\/\/www.amplitudes.com\/blog-backend\/wp-content\/uploads\/2017\/10\/Amphawa.jpg\" alt=\"Voyage Tha\u00eflande - March\u00e9 d'Amphawa Bangkok - Amplitudes\" width=\"2000\" height=\"1300\" srcset=\"https:\/\/www.amplitudes.com\/blog-backend\/wp-content\/uploads\/2017\/10\/Amphawa.jpg 2000w, https:\/\/www.amplitudes.com\/blog-backend\/wp-content\/uploads\/2017\/10\/Amphawa-300x195.jpg 300w, https:\/\/www.amplitudes.com\/blog-backend\/wp-content\/uploads\/2017\/10\/Amphawa-780x507.jpg 780w\" sizes=\"(max-width: 2000px) 100vw, 2000px\" \/><\/a><figcaption id=\"caption-attachment-5486\" class=\"wp-caption-text\"><span style=\"font-family: gotham-book;\">Dans le march\u00e9 d&rsquo;Amphawa&#8230;<\/span><\/figcaption><\/figure>\n<p style=\"text-align: justify;\"><span style=\"font-family: gotham-book;\">L. La Tha\u00eflande est vraiment multiple. Il y a d\u2019abord Bangkok, compl\u00e9tement folle, entre coupe de champagne sur un rooftop, plat de nouilles dans Chinatown et autres quartiers improbables abritant toute la modernit\u00e9 possible. Au Nord, on retrouve toute l\u2019authenticit\u00e9 du pays avec notamment des treks \u00e0 la rencontre des tribus tandis que Chiang Mai nous montre une Tha\u00eflande provinciale avec ses march\u00e9s, ses tuk-tuk\u2026 Puis \u00e0 1h de vol de l\u00e0, ce sont les magnifiques paysages de pains de sucre et d\u2019eau turquoise de Krabi. Sans oublier toute la dimension culturelle des anciennes capitales\u2026<\/span><\/p>\n<figure id=\"attachment_5490\" aria-describedby=\"caption-attachment-5490\" style=\"width: 2000px\" class=\"wp-caption alignnone\"><a href=\"https:\/\/www.amplitudes.com\/blog-backend\/wp-content\/uploads\/2017\/10\/Bangkok1.jpg\" rel=\"attachment wp-att-5490\"><img decoding=\"async\" class=\"size-full wp-image-5490\" src=\"https:\/\/www.amplitudes.com\/blog-backend\/wp-content\/uploads\/2017\/10\/Bangkok1.jpg\" alt=\"Voyage Tha\u00eflande - Nouilles - Amplitudes\" width=\"2000\" height=\"1300\" srcset=\"https:\/\/www.amplitudes.com\/blog-backend\/wp-content\/uploads\/2017\/10\/Bangkok1.jpg 2000w, https:\/\/www.amplitudes.com\/blog-backend\/wp-content\/uploads\/2017\/10\/Bangkok1-300x195.jpg 300w, https:\/\/www.amplitudes.com\/blog-backend\/wp-content\/uploads\/2017\/10\/Bangkok1-780x507.jpg 780w\" sizes=\"(max-width: 2000px) 100vw, 2000px\" \/><\/a><figcaption id=\"caption-attachment-5490\" class=\"wp-caption-text\"><span style=\"font-family: gotham-book;\">Bangkok entre tradition et modernit\u00e9<\/span><\/figcaption><\/figure>\n<h2 style=\"text-align: left;\"><strong><span style=\"font-family: gotham-book;\">Qu\u2019est-ce qui vous fascine dans la culture asiatique ?<\/span><\/strong><\/h2>\n<p style=\"text-align: justify;\"><span style=\"font-family: gotham-book;\">L. Dans les pays d\u2019Asie, de par leurs croyances, que ce soit dans le bouddhisme, le tao\u00efsme ou l\u2019hindouisme, la vie est rythm\u00e9e par diff\u00e9rents rites de passage. Ces \u00e9tapes de la vie sont un \u00e9l\u00e9ment que l\u2019on a un peu perdu chez nous. L\u00e0-bas, il y a encore cette notion de spiritualit\u00e9 et de sacr\u00e9. Beaucoup de tha\u00eflandais vont encore au temple. De m\u00eame, les f\u00eates et les rituels sont tr\u00e8s importants et suivis, y compris par les jeunes. Les habitants sont heureux avec l\u2019essentiel\u00a0: leur croyance, le respect de l\u2019a\u00een\u00e9, prendre soin de leur enfants, avoir \u00e0 manger, \u00eatre ensemble\u2026 Pendant mon voyage au Sri Lanka, j\u2019ai \u00e9t\u00e9 touch\u00e9 par le sentiment de protection qui guidait leur approche de la nature et des autres. En un mot, ce qui me fascine ce serait leur bienveillance.<\/span><\/p>\n<p style=\"text-align: justify;\"><span style=\"font-family: gotham-book;\">M. J\u2019ai pu voyager en Tha\u00eflande et en Inde et on y ressent, en effet, cette capacit\u00e9 \u00e0 \u00eatre heureux sans \u00eatre riche. Bien s\u00fbr, dans les m\u00e9tropoles, les biens mat\u00e9riels servent tout autant que chez nous \u00e0 montrer sa richesse\u00a0; c\u2019est le cas de la voiture \u00e0 Bangkok. Mais dans les campagnes, ils sont heureux simplement. Ils ont cette notion de richesse mais c\u2019est une richesse spirituelle.<\/span><\/p>\n<h2 style=\"text-align: left;\"><strong><span style=\"font-family: gotham-book;\">Les 3 \u00e9tapes phares\u00a0d\u2019un voyage en Tha\u00eflande ?<\/span><\/strong><\/h2>\n<figure id=\"attachment_5491\" aria-describedby=\"caption-attachment-5491\" style=\"width: 2000px\" class=\"wp-caption alignnone\"><a href=\"https:\/\/www.amplitudes.com\/blog-backend\/wp-content\/uploads\/2017\/10\/Bangkok2.jpg\" rel=\"attachment wp-att-5491\"><img decoding=\"async\" class=\"size-full wp-image-5491\" src=\"https:\/\/www.amplitudes.com\/blog-backend\/wp-content\/uploads\/2017\/10\/Bangkok2.jpg\" alt=\"Voyage Tha\u00eflande - Chinatown Bangkok - Amplitudes\" width=\"2000\" height=\"1300\" srcset=\"https:\/\/www.amplitudes.com\/blog-backend\/wp-content\/uploads\/2017\/10\/Bangkok2.jpg 2000w, https:\/\/www.amplitudes.com\/blog-backend\/wp-content\/uploads\/2017\/10\/Bangkok2-300x195.jpg 300w, https:\/\/www.amplitudes.com\/blog-backend\/wp-content\/uploads\/2017\/10\/Bangkok2-780x507.jpg 780w\" sizes=\"(max-width: 2000px) 100vw, 2000px\" \/><\/a><figcaption id=\"caption-attachment-5491\" class=\"wp-caption-text\"><span style=\"font-family: gotham-book;\">Bangkok, le quartier de Chinatown<\/span><\/figcaption><\/figure>\n<p style=\"text-align: justify;\"><span style=\"font-family: gotham-book;\">M. &#8211; Bangkok, \u00ab\u00a0la folle\u00a0\u00bb comme l\u2019a dit Linda pr\u00e9c\u00e9demment\u00a0(rires). Entre <em>rooftops<\/em> et petits march\u00e9s de nuit. Traditions et modernisme s\u2019y conjuguent naturellement.<\/span><\/p>\n<p style=\"text-align: justify;\"><span style=\"font-family: gotham-book;\">&#8211; Les campagnes du Nord comme Chiang Mai ou Chiang Rai. Des treks permettent de partir \u00e0 la rencontre des tribus. Cette r\u00e9gion est celle de la Tha\u00eflande authentique.<\/span><\/p>\n<p style=\"text-align: justify;\"><span style=\"font-family: gotham-book;\">&#8211; Le Sud pour ses \u00eeles paradisiaques.<\/span><\/p>\n<p style=\"text-align: justify;\"><span style=\"font-family: gotham-book;\">L. Le parfait m\u00e9lange entre modernit\u00e9, charme de la province et douceur baln\u00e9aire.<\/span><\/p>\n<h2 style=\"text-align: left;\"><strong><span style=\"font-family: gotham-book;\">Si vous \u00e9tiez un pays ?<\/span><\/strong><\/h2>\n<figure id=\"attachment_5496\" aria-describedby=\"caption-attachment-5496\" style=\"width: 2000px\" class=\"wp-caption alignnone\"><a href=\"https:\/\/www.amplitudes.com\/blog-backend\/wp-content\/uploads\/2017\/10\/Costa2.jpg\" rel=\"attachment wp-att-5496\"><img decoding=\"async\" class=\"size-full wp-image-5496\" src=\"https:\/\/www.amplitudes.com\/blog-backend\/wp-content\/uploads\/2017\/10\/Costa2.jpg\" alt=\"Voyage Amplitudes - Costa Rica - Amplitudes\" width=\"2000\" height=\"1300\" srcset=\"https:\/\/www.amplitudes.com\/blog-backend\/wp-content\/uploads\/2017\/10\/Costa2.jpg 2000w, https:\/\/www.amplitudes.com\/blog-backend\/wp-content\/uploads\/2017\/10\/Costa2-300x195.jpg 300w, https:\/\/www.amplitudes.com\/blog-backend\/wp-content\/uploads\/2017\/10\/Costa2-780x507.jpg 780w\" sizes=\"(max-width: 2000px) 100vw, 2000px\" \/><\/a><figcaption id=\"caption-attachment-5496\" class=\"wp-caption-text\"><span style=\"font-family: gotham-book;\">Nature sauvage au Costa Rica&#8230;<\/span><\/figcaption><\/figure>\n<p style=\"text-align: justify;\"><span style=\"font-family: gotham-book;\">M. Le Costa Rica pour sa diversit\u00e9. Mais \u00e0 nous entendre parler, je me dis que la Tha\u00eflande est un pays tout aussi vari\u00e9\u00a0! Au Costa Rica, une heure de route suffit \u00e0 nous transporter de la jungle aux bords des Cara\u00efbes. J\u2019ai v\u00e9cu 6 mois dans ce pays. Les <em>Ticos<\/em> ont une philosophie tr\u00e8s <em>slow<\/em>. Leur slogan est \u00ab\u00a0Pura Vida\u00a0\u00bb, vis la vie comme elle vient. \u00ab\u00a0Pura Vida\u00a0\u00bb signifie autant \u00ab\u00a0merci\u00a0\u00bb que \u00ab\u00a0bonjour\u00a0\u00bb ou \u00ab\u00a0de rien\u00a0\u00bb. \u00ab\u00a0Pura Vida\u00a0\u00bb c\u2019est tout simplement leur vie.<\/span><\/p>\n<p style=\"text-align: justify;\"><span style=\"font-family: gotham-book;\">L. Pour moi, ce sera un pays d\u2019Afrique ou d\u2019Asie. J\u2019h\u00e9site entre le Sri-Lanka et le Bhoutan. Le Sri Lanka est synonyme de sourire, de nature, de bouddhisme et de qui\u00e9tude. Quant au Bhoutan, c\u2019est un pays qui a su se prot\u00e9ger et garder un tourisme raisonn\u00e9. Ses habitants ont conserv\u00e9 leur sens de l\u2019accueil. Il en va de m\u00eame au N\u00e9pal. D\u2019ailleurs je choisirais peut-\u00eatre le N\u00e9pal\u00a0! Pour la simplicit\u00e9 de vie face \u00e0 la duret\u00e9 de l\u2019environnement, l\u2019accueil propre \u00e0 ce peuple des montagnes, la solidarit\u00e9, la ferveur religieuse et la splendeur des monuments. Katmandou et Bharatpur sont des villes o\u00f9 le voyageur remonte des si\u00e8cles en arri\u00e8re.<br \/>\n<\/span><\/p>\n<figure id=\"attachment_5499\" aria-describedby=\"caption-attachment-5499\" style=\"width: 2000px\" class=\"wp-caption alignnone\"><a href=\"https:\/\/www.amplitudes.com\/blog-backend\/wp-content\/uploads\/2017\/10\/nepal.jpg\" rel=\"attachment wp-att-5499\"><img decoding=\"async\" class=\"size-full wp-image-5499\" src=\"https:\/\/www.amplitudes.com\/blog-backend\/wp-content\/uploads\/2017\/10\/nepal.jpg\" alt=\"Voyage N\u00e9pal - F\u00eate rue - Amplitudes\" width=\"2000\" height=\"1300\" srcset=\"https:\/\/www.amplitudes.com\/blog-backend\/wp-content\/uploads\/2017\/10\/nepal.jpg 2000w, https:\/\/www.amplitudes.com\/blog-backend\/wp-content\/uploads\/2017\/10\/nepal-300x195.jpg 300w, https:\/\/www.amplitudes.com\/blog-backend\/wp-content\/uploads\/2017\/10\/nepal-780x507.jpg 780w\" sizes=\"(max-width: 2000px) 100vw, 2000px\" \/><\/a><figcaption id=\"caption-attachment-5499\" class=\"wp-caption-text\"><span style=\"font-family: gotham-book;\">Les couleurs du N\u00e9pal<\/span><\/figcaption><\/figure>\n<h2 style=\"text-align: left;\"><strong><span style=\"font-family: gotham-book;\">Vos meilleures d\u00e9couvertes culinaires ?<\/span><\/strong><\/h2>\n<p style=\"text-align: justify;\"><span style=\"font-family: gotham-book;\">M. Le pamplemousse avec du sucre et du piment. Cette d\u00e9couverte date de mon premier voyage en Tha\u00eflande. Pendant l\u2019Eductour, j\u2019ai essay\u00e9 avec de la mangue et c\u2019\u00e9tait tout aussi bon\u00a0!<\/span><\/p>\n<p style=\"text-align: justify;\"><span style=\"font-family: gotham-book;\">L. Les raviolis chinois et le pain indien.<\/span><\/p>\n<p style=\"text-align: justify;\"><span style=\"font-family: gotham-book;\">M. Parfois, plus que la d\u00e9couverte culinaire, c\u2019est le moment associ\u00e9 qui nous marque. Par exemple, je n\u2019oublierais jamais ce repas au Maroc o\u00f9 j\u2019\u00e9tais invit\u00e9e dans un petit deux pi\u00e8ces que se partageaient trois g\u00e9n\u00e9rations. La femme nous a servi tout un festin de p\u00e2tisseries marocaines. C\u2019\u00e9tait un \u00e9change inoubliable.<\/span><\/p>\n<h2 style=\"text-align: left;\"><strong><span style=\"font-family: gotham-book;\">Ville ou nature et farniente ou aventure\u00a0?<\/span><\/strong><\/h2>\n<p style=\"text-align: justify;\"><span style=\"font-family: gotham-book;\">M. Nature et aventure mais je ne boude pas la ville. J\u2019ai notamment ador\u00e9 New York.<\/span><\/p>\n<p style=\"text-align: justify;\"><span style=\"font-family: gotham-book;\">L. Nature et farniente. Avant j\u2019\u00e9tais plus aventure mais on va dire que l\u2019aventure je l\u2019ai v\u00e9cu (rires).<\/span><\/p>\n<h2 style=\"text-align: left;\"><strong><span style=\"font-family: gotham-book;\">Sur votre Bucket List de voyage\u00a0?<\/span><\/strong><\/h2>\n<p style=\"text-align: justify;\"><span style=\"font-family: gotham-book;\">M. Le fameux tour du monde\u00a0!<\/span><\/p>\n<p style=\"text-align: justify;\"><span style=\"font-family: gotham-book;\">L. Le Botswana, le Bhoutan, la Nouvelle-Z\u00e9lande et l\u2019Australie que j\u2019aimerais parcourir avec mes enfants.<\/span><\/p>\n<p style=\"text-align: justify;\"><span style=\"font-family: gotham-book;\">M. L\u2019Am\u00e9rique du Sud ne te tente pas du tout\u00a0?<\/span><\/p>\n<p style=\"text-align: justify;\"><span style=\"font-family: gotham-book;\">L. Pourquoi pas le Costa Rica ou le Chili. C\u2019est vrai que c\u2019est un continent que je ne connais pas. Quand je voyage en Asie, je pars zen parce que je sais que c\u2019est un environnement serein. L\u2019Am\u00e9rique Latine a une philosophie de vie diff\u00e9rente. Un voyage initiatique me plairait \u00e9galement\u00a0; partir deux-trois mois pour en apprendre plus sur moi entre yoga et \u00e9tude de la philosophie bouddhiste au c\u0153ur m\u00eame des pays\u2026 Un voyage pour se poser lorsque tout va trop vite. Un voyage \u00e0 la recherche du temps.<\/span><\/p>\n<h2 style=\"text-align: left;\"><strong><span style=\"font-family: gotham-book;\">Le plus beau paysage que vous ayez vu ?<\/span><\/strong><\/h2>\n<figure id=\"attachment_5501\" aria-describedby=\"caption-attachment-5501\" style=\"width: 2000px\" class=\"wp-caption alignnone\"><a href=\"https:\/\/www.amplitudes.com\/blog-backend\/wp-content\/uploads\/2017\/10\/gnous.jpg\" rel=\"attachment wp-att-5501\"><img decoding=\"async\" class=\"size-full wp-image-5501\" src=\"https:\/\/www.amplitudes.com\/blog-backend\/wp-content\/uploads\/2017\/10\/gnous.jpg\" alt=\"Voyage Tanzanie - Gnous Serengeti - Amplitudes\" width=\"2000\" height=\"1300\" srcset=\"https:\/\/www.amplitudes.com\/blog-backend\/wp-content\/uploads\/2017\/10\/gnous.jpg 2000w, https:\/\/www.amplitudes.com\/blog-backend\/wp-content\/uploads\/2017\/10\/gnous-300x195.jpg 300w, https:\/\/www.amplitudes.com\/blog-backend\/wp-content\/uploads\/2017\/10\/gnous-780x507.jpg 780w\" sizes=\"(max-width: 2000px) 100vw, 2000px\" \/><\/a><figcaption id=\"caption-attachment-5501\" class=\"wp-caption-text\"><span style=\"font-family: gotham-book;\">La migration dans le Serengeti<\/span><\/figcaption><\/figure>\n<p style=\"text-align: justify;\"><span style=\"font-family: gotham-book;\">M. C\u2019\u00e9tait au Maroc, dans un \u00e9tablissement proche de la chambre d\u2019h\u00f4tes. Comme il n\u2019y avait pas assez de chambres, j\u2019ai dormi sur le toit. Pour la premi\u00e8re fois de ma vie j\u2019ai alors pu contempler la voie lact\u00e9e\u00a0! Un monde entrem\u00eal\u00e9 de violets et de roses\u2026 J\u2019ai un souvenir magnifique de ce ciel.<\/span><\/p>\n<p style=\"text-align: justify;\"><span style=\"font-family: gotham-book;\">L. Des rizi\u00e8res \u00e0 Bali ainsi que la migration des gnous dans le Serengeti. C\u2019est un moment fort en \u00e9motion pendant lequel l\u2019Homme voit et ressent dans ses tripes toute l\u2019essence animale de la vie, celle d\u2019un cycle qui se perp\u00e9tue depuis toujours.<\/span><\/p>\n<h2 style=\"text-align: left;\"><strong><span style=\"font-family: gotham-book;\">Votre rencontre animali\u00e8re la plus m\u00e9morable ?<\/span><\/strong><\/h2>\n<figure id=\"attachment_5504\" aria-describedby=\"caption-attachment-5504\" style=\"width: 2000px\" class=\"wp-caption alignnone\"><a href=\"https:\/\/www.amplitudes.com\/blog-backend\/wp-content\/uploads\/2017\/10\/elephant.jpg\" rel=\"attachment wp-att-5504\"><img decoding=\"async\" class=\"size-full wp-image-5504\" src=\"https:\/\/www.amplitudes.com\/blog-backend\/wp-content\/uploads\/2017\/10\/elephant.jpg\" alt=\"Voyage Afrique du Sud - Elephant - Amplitudes\" width=\"2000\" height=\"1300\" srcset=\"https:\/\/www.amplitudes.com\/blog-backend\/wp-content\/uploads\/2017\/10\/elephant.jpg 2000w, https:\/\/www.amplitudes.com\/blog-backend\/wp-content\/uploads\/2017\/10\/elephant-300x195.jpg 300w, https:\/\/www.amplitudes.com\/blog-backend\/wp-content\/uploads\/2017\/10\/elephant-780x507.jpg 780w\" sizes=\"(max-width: 2000px) 100vw, 2000px\" \/><\/a><figcaption id=\"caption-attachment-5504\" class=\"wp-caption-text\"><span style=\"font-family: gotham-book;\">Toute la majest\u00e9 des \u00e9l\u00e9phants<\/span><\/figcaption><\/figure>\n<p style=\"text-align: justify;\"><span class=\"size-full wp-image-5503\" style=\"font-family: gotham-book;\">L. En Afrique du Sud, un \u00e9l\u00e9phant nous a charg\u00e9 (rires)\u00a0! Un virage pris un peu trop brusquement par le chauffeur et l\u00e0 un \u00e9l\u00e9phant majestueux, ses oreilles immenses, un barrissement et la charge\u00a0! Nous avons recrois\u00e9 des \u00e9l\u00e9phants dans le Parc du Kruger. Notre voiture \u00e9tait arr\u00eat\u00e9e tandis qu\u2019un troupeau nous a d\u00e9pass\u00e9. Je me souviens que nous pouvions sentir leur souffle.<\/span><\/p>\n<figure id=\"attachment_5503\" aria-describedby=\"caption-attachment-5503\" style=\"width: 2000px\" class=\"wp-caption alignnone\"><a href=\"https:\/\/www.amplitudes.com\/blog-backend\/wp-content\/uploads\/2017\/10\/raton.jpg\" rel=\"attachment wp-att-5503\"><img decoding=\"async\" class=\"size-full wp-image-5503\" src=\"https:\/\/www.amplitudes.com\/blog-backend\/wp-content\/uploads\/2017\/10\/raton.jpg\" alt=\"Voyage Costa Rica - Raton Laveur - Amplitudes\" width=\"2000\" height=\"1300\" srcset=\"https:\/\/www.amplitudes.com\/blog-backend\/wp-content\/uploads\/2017\/10\/raton.jpg 2000w, https:\/\/www.amplitudes.com\/blog-backend\/wp-content\/uploads\/2017\/10\/raton-300x195.jpg 300w, https:\/\/www.amplitudes.com\/blog-backend\/wp-content\/uploads\/2017\/10\/raton-780x507.jpg 780w\" sizes=\"(max-width: 2000px) 100vw, 2000px\" \/><\/a><figcaption id=\"caption-attachment-5503\" class=\"wp-caption-text\"><span style=\"font-family: gotham-book;\">M\u00e9fiez-vous de ces chapardeurs de ratons laveurs !<\/span><\/figcaption><\/figure>\n<p style=\"text-align: justify;\"><span style=\"font-family: gotham-book;\">M. Dans un genre assez similaire, au Costa Rica, je me suis fait mordre le doigt par un raton laveur en tentant de l\u2019emp\u00eacher de s\u2019emparer de mon passeport. Tout va bien, j\u2019ai juste une petite marque (rires). Sinon, toujours au Costa Rica, il y a cette rencontre avec une maman baleine et son baleineau qui sautaient et jouaient dans l\u2019Oc\u00e9an.<\/span><\/p>\n<figure id=\"attachment_5488\" aria-describedby=\"caption-attachment-5488\" style=\"width: 2000px\" class=\"wp-caption alignnone\"><a href=\"https:\/\/www.amplitudes.com\/blog-backend\/wp-content\/uploads\/2017\/10\/baleine.jpg\" rel=\"attachment wp-att-5488\"><img decoding=\"async\" class=\"size-full wp-image-5488\" src=\"https:\/\/www.amplitudes.com\/blog-backend\/wp-content\/uploads\/2017\/10\/baleine.jpg\" alt=\"Voyage Costa Rica - Baleine - Amplitudes\" width=\"2000\" height=\"1300\" srcset=\"https:\/\/www.amplitudes.com\/blog-backend\/wp-content\/uploads\/2017\/10\/baleine.jpg 2000w, https:\/\/www.amplitudes.com\/blog-backend\/wp-content\/uploads\/2017\/10\/baleine-300x195.jpg 300w, https:\/\/www.amplitudes.com\/blog-backend\/wp-content\/uploads\/2017\/10\/baleine-780x507.jpg 780w\" sizes=\"(max-width: 2000px) 100vw, 2000px\" \/><\/a><figcaption id=\"caption-attachment-5488\" class=\"wp-caption-text\"><span style=\"font-family: gotham-book;\">Instantan\u00e9 fort en \u00e9motions<\/span><\/figcaption><\/figure>\n<h2 style=\"text-align: left;\"><strong><span style=\"font-family: gotham-book;\">L\u2019\u00e9v\u00e8nement culturel auquel vous aimeriez assister ?<\/span><\/strong><\/h2>\n<p style=\"text-align: justify;\"><span style=\"font-family: gotham-book;\">M. Le carnaval de Venise. Si g\u00e9ographiquement il ne s\u2019agit pas d\u2019un \u00e9v\u00e9nement lointain, les couleurs, les costumes, l\u2019ambiance et la mise en sc\u00e8ne, sont en revanche la promesse d\u2019une profonde \u00e9vasion. Cela fait des ann\u00e9es que j\u2019en ai l\u2019envie.<\/span><\/p>\n<p style=\"text-align: justify;\"><span style=\"font-family: gotham-book;\">L. La f\u00eate des lumi\u00e8res en Tha\u00eflande. Mais en parlant de carnaval, je suis tr\u00e8s intrigu\u00e9e par celui du Cap-Vert qui se d\u00e9roule sur l\u2019\u00eele de Mindelo. Le Cap-Vert est une terre festive, un pays de musicalit\u00e9\u2026<\/span><\/p>\n<h2 style=\"text-align: left;\"><strong><span style=\"font-family: gotham-book;\">Combien de tampons dans tous vos passeports\u2009? Le plus pr\u00e9cieux\u00a0?<\/span><\/strong><\/h2>\n<p style=\"text-align: justify;\"><span style=\"font-family: gotham-book;\">M. Une dizaine. Le plus pr\u00e9cieux est celui de l\u2019\u00c9gypte. Il s\u2019agit en effet du seul voyage que j\u2019ai fait \u00e0 l\u2019\u00e9tranger avec mes parents et ma s\u0153ur.<\/span><\/p>\n<p style=\"text-align: justify;\"><span style=\"font-family: gotham-book;\">L. Une vingtaine. Le premier est toujours tr\u00e8s symbolique. Il s\u2019agissait d\u2019ailleurs de la Tha\u00eflande. Mais je dirais le Sri-Lanka car c\u2019est \u00e9galement une exp\u00e9rience que j\u2019ai pu partager en famille.<\/span><\/p>\n<h2 style=\"text-align: left;\"><strong><span style=\"font-family: gotham-book;\">Votre dernier voyage\u00a0?<\/span><\/strong><\/h2>\n<p style=\"text-align: justify;\"><span style=\"font-family: gotham-book;\">M. Porto et l\u2019Inde.<\/span><\/p>\n<p style=\"text-align: justify;\"><span style=\"font-family: gotham-book;\">L. La Birmanie lors d\u2019un accompagnement de groupe.<\/span><\/p>\n<figure id=\"attachment_5494\" aria-describedby=\"caption-attachment-5494\" style=\"width: 2000px\" class=\"wp-caption alignnone\"><a href=\"https:\/\/www.amplitudes.com\/blog-backend\/wp-content\/uploads\/2017\/10\/Birmanie.jpg\" rel=\"attachment wp-att-5494\"><img decoding=\"async\" class=\"size-full wp-image-5494\" src=\"https:\/\/www.amplitudes.com\/blog-backend\/wp-content\/uploads\/2017\/10\/Birmanie.jpg\" alt=\"Voyage Birmanie - Birmanie - Amplitudes\" width=\"2000\" height=\"1300\" srcset=\"https:\/\/www.amplitudes.com\/blog-backend\/wp-content\/uploads\/2017\/10\/Birmanie.jpg 2000w, https:\/\/www.amplitudes.com\/blog-backend\/wp-content\/uploads\/2017\/10\/Birmanie-300x195.jpg 300w, https:\/\/www.amplitudes.com\/blog-backend\/wp-content\/uploads\/2017\/10\/Birmanie-780x507.jpg 780w\" sizes=\"(max-width: 2000px) 100vw, 2000px\" \/><\/a><figcaption id=\"caption-attachment-5494\" class=\"wp-caption-text\"><span style=\"font-family: gotham-book;\">La beaut\u00e9 de Birmanie<\/span><\/figcaption><\/figure>\n<p style=\"text-align: justify;\"><span style=\"font-family: gotham-book;\">M. et L. Et \u00e9videmment notre Eductour en Tha\u00eflande. L\u2019objectif de ces 7 jours \u00e9tait de mieux comprendre les prestations offertes en mati\u00e8re de s\u00e9jours baln\u00e9aires. Beaucoup de nos voyageurs souhaitent se reposer apr\u00e8s avoir visit\u00e9 les centres culturels de Tha\u00eflande. Or pour un s\u00e9jour baln\u00e9aire, le choix de l\u2019h\u00f4tel est primordial. Savoir comment il est situ\u00e9, par qui il est dirig\u00e9, est-ce que l\u2019ambiance y est plut\u00f4t familiale ou romantique\u2026 Voil\u00e0 quelques-uns des points d\u00e9cisifs pour que nous puissions r\u00e9pondre efficacement aux attentes des voyageurs.<\/span><\/p>\n","protected":false},"excerpt":{"rendered":"<p>Une complicit\u00e9 \u00e9vidente et une passion commune pour l\u2019Asie r\u00e9unissent Linda, conseiller-voyage Afrique-Asie et Marine, chef de projet-gestionnaire Asie chez Amplitudes. \u00c7a tombe bien car nos deux globetrotteuses reviennent d\u2019un voyage professionnel en Tha\u00eflande\u00a0; l\u2019occasion parfaite pour dresser leur portrait autour de beaux, cocasses et \u00e9mouvants souvenirs des voyages de leur vie. Pr\u00e9noms\u00a0: Linda et [&hellip;]<\/p>\n","protected":false},"author":2,"featured_media":5508,"comment_status":"open","ping_status":"open","sticky":false,"template":"","format":"standard","meta":{"footnotes":""},"categories":[172],"tags":[],"yoast_head":"<!-- This site is optimized with the Yoast SEO plugin v22.1 - https:\/\/yoast.com\/wordpress\/plugins\/seo\/ -->\n<title>Marine et Linda, sp\u00e9cialistes Asie\u00a0<\/title>\n<meta name=\"description\" content=\"Portrait de Linda et Marine, sp\u00e9cialistes Asie. A elles deux, elles ont une trentaine de tampons au passeport : Tha\u00eflande, Sri-Lanka, Costa Rica\u2026\" \/>\n<meta name=\"robots\" content=\"index, follow, max-snippet:-1, max-image-preview:large, max-video-preview:-1\" \/>\n<link rel=\"canonical\" href=\"https:\/\/www.amplitudes.com\/blog-backend\/marine-et-linda-specialistes-asie\/\" \/>\n<meta property=\"og:locale\" content=\"fr_FR\" \/>\n<meta property=\"og:type\" content=\"article\" \/>\n<meta property=\"og:title\" content=\"Marine et Linda, sp\u00e9cialistes Asie\u00a0\" \/>\n<meta property=\"og:description\" content=\"Portrait de Linda et Marine, sp\u00e9cialistes Asie. A elles deux, elles ont une trentaine de tampons au passeport : Tha\u00eflande, Sri-Lanka, Costa Rica\u2026\" \/>\n<meta property=\"og:url\" content=\"https:\/\/www.amplitudes.com\/blog-backend\/marine-et-linda-specialistes-asie\/\" \/>\n<meta property=\"og:site_name\" content=\"Blog de l&#039;agence de voyage sur-mesure Amplitudes\" \/>\n<meta property=\"article:publisher\" content=\"http:\/\/facebook.com\/amplitudes.devoyages\/\" \/>\n<meta property=\"article:published_time\" content=\"2017-10-05T15:40:01+00:00\" \/>\n<meta property=\"article:modified_time\" content=\"2017-10-06T15:03:30+00:00\" \/>\n<meta property=\"og:image\" content=\"https:\/\/www.amplitudes.com\/blog-backend\/wp-content\/uploads\/2017\/10\/pano1-v2.jpg\" \/>\n\t<meta property=\"og:image:width\" content=\"1170\" \/>\n\t<meta property=\"og:image:height\" content=\"507\" \/>\n\t<meta property=\"og:image:type\" content=\"image\/jpeg\" \/>\n<meta name=\"author\" content=\"Floriane\" \/>\n<meta name=\"twitter:card\" content=\"summary_large_image\" \/>\n<meta name=\"twitter:creator\" content=\"@AmplitudesV\" \/>\n<meta name=\"twitter:site\" content=\"@AmplitudesV\" \/>\n<meta name=\"twitter:label1\" content=\"\u00c9crit par\" \/>\n\t<meta name=\"twitter:data1\" content=\"Floriane\" \/>\n\t<meta name=\"twitter:label2\" content=\"Dur\u00e9e de lecture estim\u00e9e\" \/>\n\t<meta name=\"twitter:data2\" content=\"13 minutes\" \/>\n<script type=\"application\/ld+json\" class=\"yoast-schema-graph\">{\"@context\":\"https:\/\/schema.org\",\"@graph\":[{\"@type\":\"WebPage\",\"@id\":\"https:\/\/www.amplitudes.com\/blog-backend\/marine-et-linda-specialistes-asie\/\",\"url\":\"https:\/\/www.amplitudes.com\/blog-backend\/marine-et-linda-specialistes-asie\/\",\"name\":\"Marine et Linda, sp\u00e9cialistes Asie\u00a0\",\"isPartOf\":{\"@id\":\"https:\/\/www.amplitudes.com\/blog-backend\/#website\"},\"datePublished\":\"2017-10-05T15:40:01+00:00\",\"dateModified\":\"2017-10-06T15:03:30+00:00\",\"author\":{\"@id\":\"https:\/\/www.amplitudes.com\/blog-backend\/#\/schema\/person\/1ac2058edef1f5f0f2c16e7f096a80b1\"},\"description\":\"Portrait de Linda et Marine, sp\u00e9cialistes Asie. A elles deux, elles ont une trentaine de tampons au passeport : Tha\u00eflande, Sri-Lanka, Costa Rica\u2026\",\"inLanguage\":\"fr-FR\",\"potentialAction\":[{\"@type\":\"ReadAction\",\"target\":[\"https:\/\/www.amplitudes.com\/blog-backend\/marine-et-linda-specialistes-asie\/\"]}]},{\"@type\":\"WebSite\",\"@id\":\"https:\/\/www.amplitudes.com\/blog-backend\/#website\",\"url\":\"https:\/\/www.amplitudes.com\/blog-backend\/\",\"name\":\"Blog de l&#039;agence de voyage sur-mesure Amplitudes\",\"description\":\"\",\"potentialAction\":[{\"@type\":\"SearchAction\",\"target\":{\"@type\":\"EntryPoint\",\"urlTemplate\":\"https:\/\/www.amplitudes.com\/blog-backend\/?s={search_term_string}\"},\"query-input\":\"required name=search_term_string\"}],\"inLanguage\":\"fr-FR\"},{\"@type\":\"Person\",\"@id\":\"https:\/\/www.amplitudes.com\/blog-backend\/#\/schema\/person\/1ac2058edef1f5f0f2c16e7f096a80b1\",\"name\":\"Floriane\",\"image\":{\"@type\":\"ImageObject\",\"inLanguage\":\"fr-FR\",\"@id\":\"https:\/\/www.amplitudes.com\/blog-backend\/#\/schema\/person\/image\/\",\"url\":\"https:\/\/secure.gravatar.com\/avatar\/f3f77af3dabd00f62e61c417047e08f6?s=96&d=mm&r=g\",\"contentUrl\":\"https:\/\/secure.gravatar.com\/avatar\/f3f77af3dabd00f62e61c417047e08f6?s=96&d=mm&r=g\",\"caption\":\"Floriane\"},\"url\":\"https:\/\/www.amplitudes.com\/blog-backend\/author\/audrey\/\"}]}<\/script>\n<!-- \/ Yoast SEO plugin. -->","yoast_head_json":{"title":"Marine et Linda, sp\u00e9cialistes Asie\u00a0","description":"Portrait de Linda et Marine, sp\u00e9cialistes Asie. A elles deux, elles ont une trentaine de tampons au passeport : Tha\u00eflande, Sri-Lanka, Costa Rica\u2026","robots":{"index":"index","follow":"follow","max-snippet":"max-snippet:-1","max-image-preview":"max-image-preview:large","max-video-preview":"max-video-preview:-1"},"canonical":"https:\/\/www.amplitudes.com\/blog-backend\/marine-et-linda-specialistes-asie\/","og_locale":"fr_FR","og_type":"article","og_title":"Marine et Linda, sp\u00e9cialistes Asie\u00a0","og_description":"Portrait de Linda et Marine, sp\u00e9cialistes Asie. A elles deux, elles ont une trentaine de tampons au passeport : Tha\u00eflande, Sri-Lanka, Costa Rica\u2026","og_url":"https:\/\/www.amplitudes.com\/blog-backend\/marine-et-linda-specialistes-asie\/","og_site_name":"Blog de l&#039;agence de voyage sur-mesure Amplitudes","article_publisher":"http:\/\/facebook.com\/amplitudes.devoyages\/","article_published_time":"2017-10-05T15:40:01+00:00","article_modified_time":"2017-10-06T15:03:30+00:00","og_image":[{"width":1170,"height":507,"url":"https:\/\/www.amplitudes.com\/blog-backend\/wp-content\/uploads\/2017\/10\/pano1-v2.jpg","type":"image\/jpeg"}],"author":"Floriane","twitter_card":"summary_large_image","twitter_creator":"@AmplitudesV","twitter_site":"@AmplitudesV","twitter_misc":{"\u00c9crit par":"Floriane","Dur\u00e9e de lecture estim\u00e9e":"13 minutes"},"schema":{"@context":"https:\/\/schema.org","@graph":[{"@type":"WebPage","@id":"https:\/\/www.amplitudes.com\/blog-backend\/marine-et-linda-specialistes-asie\/","url":"https:\/\/www.amplitudes.com\/blog-backend\/marine-et-linda-specialistes-asie\/","name":"Marine et Linda, sp\u00e9cialistes Asie\u00a0","isPartOf":{"@id":"https:\/\/www.amplitudes.com\/blog-backend\/#website"},"datePublished":"2017-10-05T15:40:01+00:00","dateModified":"2017-10-06T15:03:30+00:00","author":{"@id":"https:\/\/www.amplitudes.com\/blog-backend\/#\/schema\/person\/1ac2058edef1f5f0f2c16e7f096a80b1"},"description":"Portrait de Linda et Marine, sp\u00e9cialistes Asie. A elles deux, elles ont une trentaine de tampons au passeport : Tha\u00eflande, Sri-Lanka, Costa Rica\u2026","inLanguage":"fr-FR","potentialAction":[{"@type":"ReadAction","target":["https:\/\/www.amplitudes.com\/blog-backend\/marine-et-linda-specialistes-asie\/"]}]},{"@type":"WebSite","@id":"https:\/\/www.amplitudes.com\/blog-backend\/#website","url":"https:\/\/www.amplitudes.com\/blog-backend\/","name":"Blog de l&#039;agence de voyage sur-mesure Amplitudes","description":"","potentialAction":[{"@type":"SearchAction","target":{"@type":"EntryPoint","urlTemplate":"https:\/\/www.amplitudes.com\/blog-backend\/?s={search_term_string}"},"query-input":"required name=search_term_string"}],"inLanguage":"fr-FR"},{"@type":"Person","@id":"https:\/\/www.amplitudes.com\/blog-backend\/#\/schema\/person\/1ac2058edef1f5f0f2c16e7f096a80b1","name":"Floriane","image":{"@type":"ImageObject","inLanguage":"fr-FR","@id":"https:\/\/www.amplitudes.com\/blog-backend\/#\/schema\/person\/image\/","url":"https:\/\/secure.gravatar.com\/avatar\/f3f77af3dabd00f62e61c417047e08f6?s=96&d=mm&r=g","contentUrl":"https:\/\/secure.gravatar.com\/avatar\/f3f77af3dabd00f62e61c417047e08f6?s=96&d=mm&r=g","caption":"Floriane"},"url":"https:\/\/www.amplitudes.com\/blog-backend\/author\/audrey\/"}]}},"_links":{"self":[{"href":"https:\/\/www.amplitudes.com\/blog-backend\/wp-json\/wp\/v2\/posts\/5480"}],"collection":[{"href":"https:\/\/www.amplitudes.com\/blog-backend\/wp-json\/wp\/v2\/posts"}],"about":[{"href":"https:\/\/www.amplitudes.com\/blog-backend\/wp-json\/wp\/v2\/types\/post"}],"author":[{"embeddable":true,"href":"https:\/\/www.amplitudes.com\/blog-backend\/wp-json\/wp\/v2\/users\/2"}],"replies":[{"embeddable":true,"href":"https:\/\/www.amplitudes.com\/blog-backend\/wp-json\/wp\/v2\/comments?post=5480"}],"version-history":[{"count":19,"href":"https:\/\/www.amplitudes.com\/blog-backend\/wp-json\/wp\/v2\/posts\/5480\/revisions"}],"predecessor-version":[{"id":5509,"href":"https:\/\/www.amplitudes.com\/blog-backend\/wp-json\/wp\/v2\/posts\/5480\/revisions\/5509"}],"wp:featuredmedia":[{"embeddable":true,"href":"https:\/\/www.amplitudes.com\/blog-backend\/wp-json\/wp\/v2\/media\/5508"}],"wp:attachment":[{"href":"https:\/\/www.amplitudes.com\/blog-backend\/wp-json\/wp\/v2\/media?parent=5480"}],"wp:term":[{"taxonomy":"category","embeddable":true,"href":"https:\/\/www.amplitudes.com\/blog-backend\/wp-json\/wp\/v2\/categories?post=5480"},{"taxonomy":"post_tag","embeddable":true,"href":"https:\/\/www.amplitudes.com\/blog-backend\/wp-json\/wp\/v2\/tags?post=5480"}],"curies":[{"name":"wp","href":"https:\/\/api.w.org\/{rel}","templated":true}]}}