{"id":5640,"date":"2017-11-10T15:27:29","date_gmt":"2017-11-10T14:27:29","guid":{"rendered":"https:\/\/www.amplitudes.com\/blog-backend\/?p=5640"},"modified":"2025-04-02T11:17:09","modified_gmt":"2025-04-02T10:17:09","slug":"asie-a-travers-ses-festivals-automne","status":"publish","type":"post","link":"https:\/\/www.amplitudes.com\/blog-backend\/asie-a-travers-ses-festivals-automne\/","title":{"rendered":"L&rsquo;Asie \u00e0 travers ses festivals d&rsquo;automne"},"content":{"rendered":"<p style=\"text-align: justify;\"><span style=\"font-family: gotham-book;\">Loin de la grisaille automnale, l\u2019Asie palpite au rythme de <strong>c\u00e9l\u00e9brations color\u00e9es baign\u00e9es de lumi\u00e8re<\/strong>. Id\u00e9ales pour s\u2019impr\u00e9gner des cultures locales, elles \u00e9merveilleront petits et grands par leur atmosph\u00e8re festive. Vous n\u2019avez plus qu\u2019\u00e0 <strong>laisser la magie op\u00e9rer<\/strong>\u2026<\/span><\/p>\n<h2 style=\"text-align: left;\"><span style=\"font-family: gotham-book;\"><strong>Loy Krathong, <\/strong><a href=\"https:\/\/www.amplitudes.com\/voyage-thailande\/circuit-thailande\/sejour-thailande\/thailande.html?utm_source=blog&amp;utm_medium=l_asie_a_travers_ses_festivals_d_automne&amp;utm_campaign=blog_l_asie_a_travers_ses_festivals_d_automne&amp;utm_content=Thailande\">Tha\u00eflande<\/a><\/span><\/h2>\n<figure id=\"attachment_5644\" aria-describedby=\"caption-attachment-5644\" style=\"width: 2000px\" class=\"wp-caption aligncenter\"><a href=\"https:\/\/www.amplitudes.com\/blog-backend\/wp-content\/uploads\/2017\/11\/iStock-544451342_Thailande.jpg\" rel=\"attachment wp-att-5644\"><img decoding=\"async\" class=\"size-full wp-image-5644\" src=\"https:\/\/www.amplitudes.com\/blog-backend\/wp-content\/uploads\/2017\/11\/iStock-544451342_Thailande.jpg\" alt=\"Tha\u00eflande-F\u00eate-des-Lumi\u00e8res-Sukhothai-Amplitudes\" width=\"2000\" height=\"1300\" srcset=\"https:\/\/www.amplitudes.com\/blog-backend\/wp-content\/uploads\/2017\/11\/iStock-544451342_Thailande.jpg 2000w, https:\/\/www.amplitudes.com\/blog-backend\/wp-content\/uploads\/2017\/11\/iStock-544451342_Thailande-300x195.jpg 300w, https:\/\/www.amplitudes.com\/blog-backend\/wp-content\/uploads\/2017\/11\/iStock-544451342_Thailande-780x507.jpg 780w\" sizes=\"(max-width: 2000px) 100vw, 2000px\" \/><\/a><figcaption id=\"caption-attachment-5644\" class=\"wp-caption-text\"><span style=\"font-family: gotham-book;\">Moment spirituel \u00e0 Sukhothai<\/span><\/figcaption><\/figure>\n<p style=\"text-align: justify;\"><span style=\"font-family: gotham-book;\">F\u00eate des lanternes, <em>Loy Krathong<\/em> marque la fin de la saison des pluies en Tha\u00eflande. Les habitants confectionnent avec minutie de petits bateaux en feuille de bananier dont la forme rappelle le lotus sacr\u00e9. Puis ils y d\u00e9posent bougie, encens et fleurs et laissent glisser paisiblement l\u2019offrande sur l\u2019eau. Dans l\u2019obscurit\u00e9 du ciel, <strong>les lanternes en papier s\u2019\u00e9l\u00e8vent dans un ballet envo\u00fbtant de lumi\u00e8re<\/strong> et se refl\u00e8tent sur les miroirs d\u2019eau. Notre recommandation\u00a0? Profitez de cette atmosph\u00e8re magique au milieu des temples de Sukhothai o\u00f9 les feux d\u2019artifice baignent les statues de Bouddha d\u2019une lueur irr\u00e9elle.<\/span><\/p>\n<h2 style=\"text-align: left;\"><span style=\"font-family: gotham-book;\"><strong>F\u00eate de la Mi-Automne, <\/strong><a href=\"https:\/\/www.amplitudes.com\/voyage-chine\/sejour-sur-mesure\/chine.html?utm_source=blog&amp;utm_medium=l_asie_a_travers_ses_festivals_d_automne&amp;utm_campaign=blog_l_asie_a_travers_ses_festivals_d_automne&amp;utm_content=Chine\">Chine<\/a><strong> et <\/strong><a href=\"https:\/\/www.amplitudes.com\/voyage-vietnam\/circuit-vietnam\/sejour-vietnam\/vietnam.html\">Vietnam<\/a><\/span><\/h2>\n<figure id=\"attachment_5645\" aria-describedby=\"caption-attachment-5645\" style=\"width: 2000px\" class=\"wp-caption aligncenter\"><a href=\"https:\/\/www.amplitudes.com\/blog-backend\/wp-content\/uploads\/2017\/11\/china_light.jpg\" rel=\"attachment wp-att-5645\"><img decoding=\"async\" class=\"size-full wp-image-5645\" src=\"https:\/\/www.amplitudes.com\/blog-backend\/wp-content\/uploads\/2017\/11\/china_light.jpg\" alt=\"F\u00eate-de-la-mi-automne-chine-vietnam-amplitudes\" width=\"2000\" height=\"1300\" srcset=\"https:\/\/www.amplitudes.com\/blog-backend\/wp-content\/uploads\/2017\/11\/china_light.jpg 2000w, https:\/\/www.amplitudes.com\/blog-backend\/wp-content\/uploads\/2017\/11\/china_light-300x195.jpg 300w, https:\/\/www.amplitudes.com\/blog-backend\/wp-content\/uploads\/2017\/11\/china_light-780x507.jpg 780w\" sizes=\"(max-width: 2000px) 100vw, 2000px\" \/><\/a><figcaption id=\"caption-attachment-5645\" class=\"wp-caption-text\"><span style=\"font-family: gotham-book;\">Dragon lors de la f\u00eate de la Mi-Automne en Chine<\/span><\/figcaption><\/figure>\n<p style=\"text-align: justify;\"><span style=\"font-family: gotham-book;\">D\u00e9di\u00e9e aux enfants, la f\u00eate de la Mi-Automne se d\u00e9roule en Chine et au Vietnam suivant le calendrier lunaire. A <a href=\"https:\/\/www.amplitudes.com\/voyage-ho-chi-minh-ville\/circuit-ho-chi-minh-ville\/sejour-ho-chi-minh-ville\/ho-chi-minh-ville.html\">Saigon<\/a>, <strong>le quartier chinois de Cholon se pare de lanternes multicolores de toutes formes<\/strong> et les habitants d\u00e9ambulent dans une atmosph\u00e8re festive. C\u2019est aussi <strong>l\u2019occasion de partager des <em>moon cakes<\/em><\/strong>, ces g\u00e2teaux typiques d\u00e9cor\u00e9s d\u2019un sinogramme et fourr\u00e9s \u00e0 la p\u00e2te de haricots rouges ou encore avec un jaune d\u2019\u0153uf. Plut\u00f4t consistants, mieux vaut les partager\u00a0!<\/span><\/p>\n<h2 style=\"text-align: left;\"><span style=\"font-family: gotham-book;\"><strong>Boun Ok Phansa, <\/strong><a href=\"https:\/\/www.amplitudes.com\/voyage-laos\/circuit-laos\/sejour-laos\/laos.html?utm_source=blog&amp;utm_medium=l_asie_a_travers_ses_festivals_d_automne&amp;utm_campaign=blog_l_asie_a_travers_ses_festivals_d_automne&amp;utm_content=Laos\">Laos<\/a><\/span><\/h2>\n<figure id=\"attachment_5660\" aria-describedby=\"caption-attachment-5660\" style=\"width: 2000px\" class=\"wp-caption aligncenter\"><a href=\"https:\/\/www.amplitudes.com\/blog-backend\/wp-content\/uploads\/2017\/11\/Luang-Prabang-moines.jpg\" rel=\"attachment wp-att-5660\"><img decoding=\"async\" class=\"size-full wp-image-5660\" src=\"https:\/\/www.amplitudes.com\/blog-backend\/wp-content\/uploads\/2017\/11\/Luang-Prabang-moines.jpg\" alt=\"Luang-Prabang-moines-Boun-Ok-Phansa-Amplitudes\" width=\"2000\" height=\"1300\" srcset=\"https:\/\/www.amplitudes.com\/blog-backend\/wp-content\/uploads\/2017\/11\/Luang-Prabang-moines.jpg 2000w, https:\/\/www.amplitudes.com\/blog-backend\/wp-content\/uploads\/2017\/11\/Luang-Prabang-moines-300x195.jpg 300w, https:\/\/www.amplitudes.com\/blog-backend\/wp-content\/uploads\/2017\/11\/Luang-Prabang-moines-780x507.jpg 780w\" sizes=\"(max-width: 2000px) 100vw, 2000px\" \/><\/a><figcaption id=\"caption-attachment-5660\" class=\"wp-caption-text\"><span style=\"font-family: gotham-book;\">Les moines \u00e0 Luang Prabang<\/span><\/figcaption><\/figure>\n<p style=\"text-align: justify;\"><span style=\"font-family: gotham-book;\">Lors du <em>Boun Ok Phansa<\/em> au Laos, <strong>Luang Prabang rev\u00eat son \u00e9tincelante parure de f\u00eate<\/strong>. Marquant la fin de la mousson et du car\u00eame bouddhiste, les Laotiens c\u00e9l\u00e8brent le retour des moines apr\u00e8s trois mois de retraite spirituelle. Confectionn\u00e9es avec soin, des milliers de lanternes cr\u00e9ent un tapis de lumi\u00e8re guidant vos pas jusqu\u2019aux temples tandis que les guirlandes illumin\u00e9es serpentent autour des <em>Wat<\/em>. Suivez <strong>la procession de bateaux en papiers couverts de bougies et de fleurs<\/strong>, et regardez-les scintiller puis dispara\u00eetre dans l\u2019obscurit\u00e9 des eaux du M\u00e9kong\u2026 Un moment magique\u00a0!<\/span><\/p>\n<h2 style=\"text-align: left;\"><span style=\"font-family: gotham-book;\"><strong>Diwali, <\/strong>Inde<\/span><\/h2>\n<figure id=\"attachment_5647\" aria-describedby=\"caption-attachment-5647\" style=\"width: 2000px\" class=\"wp-caption aligncenter\"><a href=\"https:\/\/www.amplitudes.com\/blog-backend\/wp-content\/uploads\/2017\/11\/Diwali-Candles-_-CREDIT-harpreet-singh.jpg\" rel=\"attachment wp-att-5647\"><img decoding=\"async\" class=\"size-full wp-image-5647\" src=\"https:\/\/www.amplitudes.com\/blog-backend\/wp-content\/uploads\/2017\/11\/Diwali-Candles-_-CREDIT-harpreet-singh.jpg\" alt=\"Diwali-Inde-Amplitudes\" width=\"2000\" height=\"1300\" srcset=\"https:\/\/www.amplitudes.com\/blog-backend\/wp-content\/uploads\/2017\/11\/Diwali-Candles-_-CREDIT-harpreet-singh.jpg 2000w, https:\/\/www.amplitudes.com\/blog-backend\/wp-content\/uploads\/2017\/11\/Diwali-Candles-_-CREDIT-harpreet-singh-300x195.jpg 300w, https:\/\/www.amplitudes.com\/blog-backend\/wp-content\/uploads\/2017\/11\/Diwali-Candles-_-CREDIT-harpreet-singh-780x507.jpg 780w\" sizes=\"(max-width: 2000px) 100vw, 2000px\" \/><\/a><figcaption id=\"caption-attachment-5647\" class=\"wp-caption-text\"><span style=\"font-family: gotham-book;\">Les lumi\u00e8res de Diwali<\/span><\/figcaption><\/figure>\n<p style=\"text-align: justify;\"><span style=\"font-family: gotham-book;\"><strong>Pendant Diwali, c\u2019est l\u2019Inde toute enti\u00e8re qui s\u2019illumine<\/strong>. F\u00eate hindoue, elle c\u00e9l\u00e8bre la victoire du bien sur le mal et de la lumi\u00e8re sur les t\u00e9n\u00e8bres\u00a0: le dieu Rama et son \u00e9pouse Sita reviennent dans leur royaume, les indiens leur montrent le chemin en diss\u00e9minant guirlandes lumineuses, lampes \u00e0 huile et bougies multicolores. Pour d\u00e9buter cette nouvelle ann\u00e9e sous de bons auspices, ils v\u00e9n\u00e8rent Ganesh, dieu de la sagesse et Lakshmi, d\u00e9esse de la prosp\u00e9rit\u00e9 et de l\u2019abondance. Partout, <strong>les feux d\u2019artifice explosent dans des gerbes de couleurs vives, les rues scintillent sous les d\u00e9corations extravagantes et les millions de bougies tracent des formes gracieuses.<\/strong> <a href=\"https:\/\/www.amplitudes.com\/voyage-inde\/circuit-inde\/sejour-inde\/inde\/voyage-culturel.html\">F\u00eater Diwali<\/a> est \u00e0 vivre une fois dans sa vie !<\/span><\/p>\n<p><a href=\"https:\/\/www.amplitudes.com\/voyage-inde\/circuit-inde\/sejour-inde\/inde.html\">En savoir plus sur notre approche de l&rsquo;Inde<\/a><\/p>\n<h2 style=\"text-align: left;\"><span style=\"font-family: gotham-book;\"><strong>F\u00eate des lumi\u00e8res, <\/strong><a href=\"https:\/\/www.amplitudes.com\/voyage-japon\/circuit-japon\/sejour-japon\/japon.html?utm_source=blog&amp;utm_medium=l_asie_a_travers_ses_festivals_d_automne&amp;utm_campaign=blog_l_asie_a_travers_ses_festivals_d_automne&amp;utm_content=Japon\">Japon<\/a><\/span><\/h2>\n<figure id=\"attachment_5648\" aria-describedby=\"caption-attachment-5648\" style=\"width: 2000px\" class=\"wp-caption aligncenter\"><a href=\"https:\/\/www.amplitudes.com\/blog-backend\/wp-content\/uploads\/2017\/11\/light-2032450_1920_Nabana-no-Stao-Japon.jpg\" rel=\"attachment wp-att-5648\"><img decoding=\"async\" class=\"size-full wp-image-5648\" src=\"https:\/\/www.amplitudes.com\/blog-backend\/wp-content\/uploads\/2017\/11\/light-2032450_1920_Nabana-no-Stao-Japon.jpg\" alt=\"Japon-parc-Nabana-no-Sato-Amplitudes\" width=\"2000\" height=\"1300\" srcset=\"https:\/\/www.amplitudes.com\/blog-backend\/wp-content\/uploads\/2017\/11\/light-2032450_1920_Nabana-no-Stao-Japon.jpg 2000w, https:\/\/www.amplitudes.com\/blog-backend\/wp-content\/uploads\/2017\/11\/light-2032450_1920_Nabana-no-Stao-Japon-300x195.jpg 300w, https:\/\/www.amplitudes.com\/blog-backend\/wp-content\/uploads\/2017\/11\/light-2032450_1920_Nabana-no-Stao-Japon-780x507.jpg 780w\" sizes=\"(max-width: 2000px) 100vw, 2000px\" \/><\/a><figcaption id=\"caption-attachment-5648\" class=\"wp-caption-text\"><span style=\"font-family: gotham-book;\">Le tunnel de guirlandes \u00e0 Nabana no Sato<\/span><\/figcaption><\/figure>\n<p style=\"text-align: justify;\"><span style=\"font-family: gotham-book;\">Tr\u00e8s populaire, <strong>la f\u00eate des lumi\u00e8res envahit les rues de l\u2019automne jusqu\u2019\u00e0 la fin de <a href=\"https:\/\/www.amplitudes.com\/voyage-japon\/circuit-japon\/sejour-japon\/japon\/voyage-noel.html\">l\u2019hiver nippon<\/a><\/strong> : les \u00e9difices et fa\u00e7ades se parent d\u2019un long manteau brillant qui conf\u00e8re aux d\u00e9cors urbains une aura enchanteresse. A c\u00f4t\u00e9 de <a href=\"https:\/\/www.amplitudes.com\/voyage-nagoya\/circuit-nagoya\/sejour-nagoya\/nagoya.html\">Nagoya<\/a>, le parc de Nabana no Sato transforme ses \u00e9tendues de fleurs en un champ d\u2019illuminations. Clou du spectacle\u00a0: son tunnel long de 200m compos\u00e9 de millions d\u2019\u00e9toiles color\u00e9es, tout droit sorti d\u2019un conte de f\u00e9e. Aucun doute que les (grands) enfants tomberont sous le charme\u2026<\/span><\/p>\n","protected":false},"excerpt":{"rendered":"<p>Loin de la grisaille automnale, l\u2019Asie palpite au rythme de c\u00e9l\u00e9brations color\u00e9es baign\u00e9es de lumi\u00e8re. Id\u00e9ales pour s\u2019impr\u00e9gner des cultures locales, elles \u00e9merveilleront petits et grands par leur atmosph\u00e8re festive. Vous n\u2019avez plus qu\u2019\u00e0 laisser la magie op\u00e9rer\u2026 Loy Krathong, Tha\u00eflande F\u00eate des lanternes, Loy Krathong marque la fin de la saison des pluies en [&hellip;]<\/p>\n","protected":false},"author":2,"featured_media":5641,"comment_status":"open","ping_status":"open","sticky":false,"template":"","format":"standard","meta":{"footnotes":""},"categories":[170,169],"tags":[223,190,177,221,200,243],"yoast_head":"<!-- This site is optimized with the Yoast SEO plugin v22.1 - https:\/\/yoast.com\/wordpress\/plugins\/seo\/ -->\n<title>L&#039;Asie \u00e0 travers ses festivals d&#039;automne - Blog de l&#039;agence de voyage sur-mesure Amplitudes<\/title>\n<meta name=\"description\" content=\"Loin de la grisaille automnale, l\u2019Asie palpite au rythme de c\u00e9l\u00e9brations color\u00e9es baign\u00e9es de lumi\u00e8re. Vous n\u2019avez plus qu\u2019\u00e0 laisser la magie op\u00e9rer...\" \/>\n<meta name=\"robots\" content=\"index, follow, max-snippet:-1, max-image-preview:large, max-video-preview:-1\" \/>\n<link rel=\"canonical\" href=\"https:\/\/www.amplitudes.com\/blog-backend\/asie-a-travers-ses-festivals-automne\/\" \/>\n<meta property=\"og:locale\" content=\"fr_FR\" \/>\n<meta property=\"og:type\" content=\"article\" \/>\n<meta property=\"og:title\" content=\"L&#039;Asie \u00e0 travers ses festivals d&#039;automne - Blog de l&#039;agence de voyage sur-mesure Amplitudes\" \/>\n<meta property=\"og:description\" content=\"Loin de la grisaille automnale, l\u2019Asie palpite au rythme de c\u00e9l\u00e9brations color\u00e9es baign\u00e9es de lumi\u00e8re. Vous n\u2019avez plus qu\u2019\u00e0 laisser la magie op\u00e9rer...\" \/>\n<meta property=\"og:url\" content=\"https:\/\/www.amplitudes.com\/blog-backend\/asie-a-travers-ses-festivals-automne\/\" \/>\n<meta property=\"og:site_name\" content=\"Blog de l&#039;agence de voyage sur-mesure Amplitudes\" \/>\n<meta property=\"article:publisher\" content=\"http:\/\/facebook.com\/amplitudes.devoyages\/\" \/>\n<meta property=\"article:published_time\" content=\"2017-11-10T14:27:29+00:00\" \/>\n<meta property=\"article:modified_time\" content=\"2025-04-02T10:17:09+00:00\" \/>\n<meta property=\"og:image\" content=\"https:\/\/www.amplitudes.com\/blog-backend\/wp-content\/uploads\/2017\/11\/pano-fete-lumieres.jpg\" \/>\n\t<meta property=\"og:image:width\" content=\"1170\" \/>\n\t<meta property=\"og:image:height\" content=\"507\" \/>\n\t<meta property=\"og:image:type\" content=\"image\/jpeg\" \/>\n<meta name=\"author\" content=\"Floriane\" \/>\n<meta name=\"twitter:card\" content=\"summary_large_image\" \/>\n<meta name=\"twitter:creator\" content=\"@AmplitudesV\" \/>\n<meta name=\"twitter:site\" content=\"@AmplitudesV\" \/>\n<meta name=\"twitter:label1\" content=\"\u00c9crit par\" \/>\n\t<meta name=\"twitter:data1\" content=\"Floriane\" \/>\n\t<meta name=\"twitter:label2\" content=\"Dur\u00e9e de lecture estim\u00e9e\" \/>\n\t<meta name=\"twitter:data2\" content=\"3 minutes\" \/>\n<script type=\"application\/ld+json\" class=\"yoast-schema-graph\">{\"@context\":\"https:\/\/schema.org\",\"@graph\":[{\"@type\":\"WebPage\",\"@id\":\"https:\/\/www.amplitudes.com\/blog-backend\/asie-a-travers-ses-festivals-automne\/\",\"url\":\"https:\/\/www.amplitudes.com\/blog-backend\/asie-a-travers-ses-festivals-automne\/\",\"name\":\"L'Asie \u00e0 travers ses festivals d'automne - Blog de l&#039;agence de voyage sur-mesure Amplitudes\",\"isPartOf\":{\"@id\":\"https:\/\/www.amplitudes.com\/blog-backend\/#website\"},\"datePublished\":\"2017-11-10T14:27:29+00:00\",\"dateModified\":\"2025-04-02T10:17:09+00:00\",\"author\":{\"@id\":\"https:\/\/www.amplitudes.com\/blog-backend\/#\/schema\/person\/1ac2058edef1f5f0f2c16e7f096a80b1\"},\"description\":\"Loin de la grisaille automnale, l\u2019Asie palpite au rythme de c\u00e9l\u00e9brations color\u00e9es baign\u00e9es de lumi\u00e8re. Vous n\u2019avez plus qu\u2019\u00e0 laisser la magie op\u00e9rer...\",\"inLanguage\":\"fr-FR\",\"potentialAction\":[{\"@type\":\"ReadAction\",\"target\":[\"https:\/\/www.amplitudes.com\/blog-backend\/asie-a-travers-ses-festivals-automne\/\"]}]},{\"@type\":\"WebSite\",\"@id\":\"https:\/\/www.amplitudes.com\/blog-backend\/#website\",\"url\":\"https:\/\/www.amplitudes.com\/blog-backend\/\",\"name\":\"Blog de l&#039;agence de voyage sur-mesure Amplitudes\",\"description\":\"\",\"potentialAction\":[{\"@type\":\"SearchAction\",\"target\":{\"@type\":\"EntryPoint\",\"urlTemplate\":\"https:\/\/www.amplitudes.com\/blog-backend\/?s={search_term_string}\"},\"query-input\":\"required name=search_term_string\"}],\"inLanguage\":\"fr-FR\"},{\"@type\":\"Person\",\"@id\":\"https:\/\/www.amplitudes.com\/blog-backend\/#\/schema\/person\/1ac2058edef1f5f0f2c16e7f096a80b1\",\"name\":\"Floriane\",\"image\":{\"@type\":\"ImageObject\",\"inLanguage\":\"fr-FR\",\"@id\":\"https:\/\/www.amplitudes.com\/blog-backend\/#\/schema\/person\/image\/\",\"url\":\"https:\/\/secure.gravatar.com\/avatar\/f3f77af3dabd00f62e61c417047e08f6?s=96&d=mm&r=g\",\"contentUrl\":\"https:\/\/secure.gravatar.com\/avatar\/f3f77af3dabd00f62e61c417047e08f6?s=96&d=mm&r=g\",\"caption\":\"Floriane\"},\"url\":\"https:\/\/www.amplitudes.com\/blog-backend\/author\/audrey\/\"}]}<\/script>\n<!-- \/ Yoast SEO plugin. -->","yoast_head_json":{"title":"L'Asie \u00e0 travers ses festivals d'automne - Blog de l&#039;agence de voyage sur-mesure Amplitudes","description":"Loin de la grisaille automnale, l\u2019Asie palpite au rythme de c\u00e9l\u00e9brations color\u00e9es baign\u00e9es de lumi\u00e8re. Vous n\u2019avez plus qu\u2019\u00e0 laisser la magie op\u00e9rer...","robots":{"index":"index","follow":"follow","max-snippet":"max-snippet:-1","max-image-preview":"max-image-preview:large","max-video-preview":"max-video-preview:-1"},"canonical":"https:\/\/www.amplitudes.com\/blog-backend\/asie-a-travers-ses-festivals-automne\/","og_locale":"fr_FR","og_type":"article","og_title":"L'Asie \u00e0 travers ses festivals d'automne - Blog de l&#039;agence de voyage sur-mesure Amplitudes","og_description":"Loin de la grisaille automnale, l\u2019Asie palpite au rythme de c\u00e9l\u00e9brations color\u00e9es baign\u00e9es de lumi\u00e8re. Vous n\u2019avez plus qu\u2019\u00e0 laisser la magie op\u00e9rer...","og_url":"https:\/\/www.amplitudes.com\/blog-backend\/asie-a-travers-ses-festivals-automne\/","og_site_name":"Blog de l&#039;agence de voyage sur-mesure Amplitudes","article_publisher":"http:\/\/facebook.com\/amplitudes.devoyages\/","article_published_time":"2017-11-10T14:27:29+00:00","article_modified_time":"2025-04-02T10:17:09+00:00","og_image":[{"width":1170,"height":507,"url":"https:\/\/www.amplitudes.com\/blog-backend\/wp-content\/uploads\/2017\/11\/pano-fete-lumieres.jpg","type":"image\/jpeg"}],"author":"Floriane","twitter_card":"summary_large_image","twitter_creator":"@AmplitudesV","twitter_site":"@AmplitudesV","twitter_misc":{"\u00c9crit par":"Floriane","Dur\u00e9e de lecture estim\u00e9e":"3 minutes"},"schema":{"@context":"https:\/\/schema.org","@graph":[{"@type":"WebPage","@id":"https:\/\/www.amplitudes.com\/blog-backend\/asie-a-travers-ses-festivals-automne\/","url":"https:\/\/www.amplitudes.com\/blog-backend\/asie-a-travers-ses-festivals-automne\/","name":"L'Asie \u00e0 travers ses festivals d'automne - Blog de l&#039;agence de voyage sur-mesure Amplitudes","isPartOf":{"@id":"https:\/\/www.amplitudes.com\/blog-backend\/#website"},"datePublished":"2017-11-10T14:27:29+00:00","dateModified":"2025-04-02T10:17:09+00:00","author":{"@id":"https:\/\/www.amplitudes.com\/blog-backend\/#\/schema\/person\/1ac2058edef1f5f0f2c16e7f096a80b1"},"description":"Loin de la grisaille automnale, l\u2019Asie palpite au rythme de c\u00e9l\u00e9brations color\u00e9es baign\u00e9es de lumi\u00e8re. Vous n\u2019avez plus qu\u2019\u00e0 laisser la magie op\u00e9rer...","inLanguage":"fr-FR","potentialAction":[{"@type":"ReadAction","target":["https:\/\/www.amplitudes.com\/blog-backend\/asie-a-travers-ses-festivals-automne\/"]}]},{"@type":"WebSite","@id":"https:\/\/www.amplitudes.com\/blog-backend\/#website","url":"https:\/\/www.amplitudes.com\/blog-backend\/","name":"Blog de l&#039;agence de voyage sur-mesure Amplitudes","description":"","potentialAction":[{"@type":"SearchAction","target":{"@type":"EntryPoint","urlTemplate":"https:\/\/www.amplitudes.com\/blog-backend\/?s={search_term_string}"},"query-input":"required name=search_term_string"}],"inLanguage":"fr-FR"},{"@type":"Person","@id":"https:\/\/www.amplitudes.com\/blog-backend\/#\/schema\/person\/1ac2058edef1f5f0f2c16e7f096a80b1","name":"Floriane","image":{"@type":"ImageObject","inLanguage":"fr-FR","@id":"https:\/\/www.amplitudes.com\/blog-backend\/#\/schema\/person\/image\/","url":"https:\/\/secure.gravatar.com\/avatar\/f3f77af3dabd00f62e61c417047e08f6?s=96&d=mm&r=g","contentUrl":"https:\/\/secure.gravatar.com\/avatar\/f3f77af3dabd00f62e61c417047e08f6?s=96&d=mm&r=g","caption":"Floriane"},"url":"https:\/\/www.amplitudes.com\/blog-backend\/author\/audrey\/"}]}},"_links":{"self":[{"href":"https:\/\/www.amplitudes.com\/blog-backend\/wp-json\/wp\/v2\/posts\/5640"}],"collection":[{"href":"https:\/\/www.amplitudes.com\/blog-backend\/wp-json\/wp\/v2\/posts"}],"about":[{"href":"https:\/\/www.amplitudes.com\/blog-backend\/wp-json\/wp\/v2\/types\/post"}],"author":[{"embeddable":true,"href":"https:\/\/www.amplitudes.com\/blog-backend\/wp-json\/wp\/v2\/users\/2"}],"replies":[{"embeddable":true,"href":"https:\/\/www.amplitudes.com\/blog-backend\/wp-json\/wp\/v2\/comments?post=5640"}],"version-history":[{"count":21,"href":"https:\/\/www.amplitudes.com\/blog-backend\/wp-json\/wp\/v2\/posts\/5640\/revisions"}],"predecessor-version":[{"id":16761,"href":"https:\/\/www.amplitudes.com\/blog-backend\/wp-json\/wp\/v2\/posts\/5640\/revisions\/16761"}],"wp:featuredmedia":[{"embeddable":true,"href":"https:\/\/www.amplitudes.com\/blog-backend\/wp-json\/wp\/v2\/media\/5641"}],"wp:attachment":[{"href":"https:\/\/www.amplitudes.com\/blog-backend\/wp-json\/wp\/v2\/media?parent=5640"}],"wp:term":[{"taxonomy":"category","embeddable":true,"href":"https:\/\/www.amplitudes.com\/blog-backend\/wp-json\/wp\/v2\/categories?post=5640"},{"taxonomy":"post_tag","embeddable":true,"href":"https:\/\/www.amplitudes.com\/blog-backend\/wp-json\/wp\/v2\/tags?post=5640"}],"curies":[{"name":"wp","href":"https:\/\/api.w.org\/{rel}","templated":true}]}}