{"id":5678,"date":"2017-11-17T16:11:58","date_gmt":"2017-11-17T15:11:58","guid":{"rendered":"https:\/\/www.amplitudes.com\/blog-backend\/?p=5678"},"modified":"2019-08-14T15:40:52","modified_gmt":"2019-08-14T14:40:52","slug":"5-hotels-design-a-decouvrir","status":"publish","type":"post","link":"https:\/\/www.amplitudes.com\/blog-backend\/5-hotels-design-a-decouvrir\/","title":{"rendered":"5 h\u00f4tels design \u00e0 d\u00e9couvrir dans le monde"},"content":{"rendered":"<div style=\"text-align: left;\" align=\"center\">\n<p style=\"text-align: justify;\"><span style=\"font-family: gotham-book;\">En qu\u00eate de moments inoubliables\u00a0? Des d\u00e9serts envo\u00fbtants d\u2019Am\u00e9rique du sud aux baies exotiques de Tha\u00eflande, <strong>des h\u00f4tels au design unique et au cadre enchanteur<\/strong> vous ouvrent leurs portes. Nul doute que votre s\u00e9jour sera \u00e0 leur image\u00a0: <strong>semblable \u00e0 aucun autre<\/strong>\u2026<\/span><\/p>\n<p style=\"text-align: justify;\"><span style=\"font-family: gotham-book;\">A l\u2019occasion d\u2019une interview pour Kansei TV, notre PDG Jos\u00e9 Martinez est revenu sur ce lien \u00e9troit qu\u2019entretiennent <strong>architecture et voyage<\/strong>. V\u00e9ritables experts de leurs destinations, nos conseillers deviennent des architectes d\u00e9di\u00e9s au voyage\u00a0et vous livrent au fil de votre s\u00e9jour les clefs des plus beaux h\u00f4tels du monde.<\/span><\/p>\n<\/div>\n<div align=\"center\"><span style=\"font-family: gotham-book;\"><iframe loading=\"lazy\" src=\"https:\/\/www.youtube.com\/embed\/eRAXrdg0wHk\" width=\"560\" height=\"315\" frameborder=\"0\" allowfullscreen=\"allowfullscreen\"><\/iframe><\/span><\/div>\n<div align=\"center\">\n<p><span style=\"font-family: gotham-book;\"><em>Retrouvez l\u2019int\u00e9gralit\u00e9 de l\u2019interview <a href=\"https:\/\/www.youtube.com\/watch?v=OliHblHQ6UA\">ici<\/a>\u00a0<\/em><\/span><\/p>\n<\/div>\n<h2 style=\"text-align: left;\"><span style=\"font-family: gotham-book;\"><strong>Le havre de paix du Six Senses Qing Cheng Mountains\u00a0\u00a0<\/strong><\/span><\/h2>\n<div style=\"text-align: left;\">\n<figure id=\"attachment_5684\" aria-describedby=\"caption-attachment-5684\" style=\"width: 2000px\" class=\"wp-caption aligncenter\"><a href=\"https:\/\/www.amplitudes.com\/blog-backend\/wp-content\/uploads\/2017\/11\/Six-Senses-Qing-Cheng-Mountains-1.jpg\" rel=\"attachment wp-att-5684\"><img decoding=\"async\" class=\"size-full wp-image-5684\" src=\"https:\/\/www.amplitudes.com\/blog-backend\/wp-content\/uploads\/2017\/11\/Six-Senses-Qing-Cheng-Mountains-1.jpg\" alt=\"Six-Senses-Qing-Cheng-Mountains-Amplitudes\" width=\"2000\" height=\"1300\" srcset=\"https:\/\/www.amplitudes.com\/blog-backend\/wp-content\/uploads\/2017\/11\/Six-Senses-Qing-Cheng-Mountains-1.jpg 2000w, https:\/\/www.amplitudes.com\/blog-backend\/wp-content\/uploads\/2017\/11\/Six-Senses-Qing-Cheng-Mountains-1-300x195.jpg 300w, https:\/\/www.amplitudes.com\/blog-backend\/wp-content\/uploads\/2017\/11\/Six-Senses-Qing-Cheng-Mountains-1-780x507.jpg 780w\" sizes=\"(max-width: 2000px) 100vw, 2000px\" \/><\/a><figcaption id=\"caption-attachment-5684\" class=\"wp-caption-text\">L&rsquo;int\u00e9rieur design du Six Senses Qing Cheng Mountains<\/figcaption><\/figure>\n<p style=\"text-align: justify;\"><span style=\"font-family: gotham-book;\">Au c\u0153ur du Sichuan, le Six Senses vous assure une retraite des plus exceptionnelles. Nich\u00e9 dans un parc naturel inscrit \u00e0 l\u2019UNESCO, sanctuaire des pandas g\u00e9ants, vous voil\u00e0 dans <strong>la Chine traditionnelle<\/strong>\u00a0: haut lieu du Tao\u00efsme, les montagnes brumeuses de Qing Cheng s\u2019\u00e9l\u00e8vent en toile de fond, drap\u00e9es dans leur manteau verdoyant. Sous des toits recouverts de mousse, des all\u00e9es bord\u00e9es de jardins luxuriants vous guident vers des portes traditionnelles arrondies. A l\u2019int\u00e9rieur, le bois clair et le bambou s\u2019allient dans des <strong>d\u00e9cors futuristes surprenants<\/strong>, baignant dans la lumi\u00e8re des fen\u00eatres rondes. Un moment extraordinaire, loin de tout\u2026<\/span><\/p>\n<p style=\"text-align: justify;\"><span style=\"font-family: gotham-book;\">D\u00e9couvrez notre retraite zen dans le <a href=\"https:\/\/www.amplitudes.com\/voyage\/asie\/chine\/chengdu\/detente-et-bien-etre-luxe-nature\/retraite-zen-au-coeur-du-sichuan.html?utm_source=blog&amp;utm_medium=5_hotels_design_a_decouvrir_dans_le_monde&amp;utm_campaign=blog_5_hotels_design_a_decouvrir_dans_le_monde&amp;utm_content=Sichuan\">Sichuan<\/a><\/span><\/p>\n<\/div>\n<h2 style=\"text-align: left;\"><span style=\"font-family: gotham-book;\"><strong>L\u2019h\u00e9ritage khmer au Phum Baitang<\/strong><\/span><\/h2>\n<div style=\"text-align: left;\">\n<figure id=\"attachment_5689\" aria-describedby=\"caption-attachment-5689\" style=\"width: 2000px\" class=\"wp-caption aligncenter\"><a href=\"https:\/\/www.amplitudes.com\/blog-backend\/wp-content\/uploads\/2017\/11\/Phum-Baitang-Cambodge-2.jpg\" rel=\"attachment wp-att-5689\"><img decoding=\"async\" class=\"size-full wp-image-5689\" src=\"https:\/\/www.amplitudes.com\/blog-backend\/wp-content\/uploads\/2017\/11\/Phum-Baitang-Cambodge-2.jpg\" alt=\"Phum-Baitang-Cambodge-Amplitudes\" width=\"2000\" height=\"1300\" srcset=\"https:\/\/www.amplitudes.com\/blog-backend\/wp-content\/uploads\/2017\/11\/Phum-Baitang-Cambodge-2.jpg 2000w, https:\/\/www.amplitudes.com\/blog-backend\/wp-content\/uploads\/2017\/11\/Phum-Baitang-Cambodge-2-300x195.jpg 300w, https:\/\/www.amplitudes.com\/blog-backend\/wp-content\/uploads\/2017\/11\/Phum-Baitang-Cambodge-2-780x507.jpg 780w\" sizes=\"(max-width: 2000px) 100vw, 2000px\" \/><\/a><figcaption id=\"caption-attachment-5689\" class=\"wp-caption-text\">Comme un air d&rsquo;Angkor au Phum Baitang<\/figcaption><\/figure>\n<p style=\"text-align: justify;\"><span style=\"font-family: gotham-book;\">A deux pas des somptueux temples d\u2019Angkor, ce village vert de Phum Baitang \u00e9tale <strong>ses villas \u00e9l\u00e9gantes inspir\u00e9es de l\u2019architecture traditionnelle cambodgienne<\/strong>. Lov\u00e9es dans un jardin tropical de huit hectares, ces demeures au style unique vous assurent un s\u00e9jour hors du temps, dans leurs piscines priv\u00e9es ou encore sur leurs terrasses sur\u00e9lev\u00e9es. La pierre, le bambou et le bois cr\u00e9ent une <strong>atmosph\u00e8re chaleureuse et raffin\u00e9e<\/strong> dans laquelle vous vous complairez apr\u00e8s une journ\u00e9e d\u2019excursion parmi les sculptures ouvrag\u00e9es des temples. Qu\u2019attendez-vous pour partir\u00a0?<\/span><\/p>\n<p style=\"text-align: justify;\"><span style=\"font-family: gotham-book;\">D\u00e9couvrez nos circuits au <a href=\"https:\/\/www.amplitudes.com\/voyage\/voyage-cambodge\/circuit-cambodge\/sejour-cambodge\/cambodge.html?utm_source=blog&amp;utm_medium=5_hotels_design_a_decouvrir_dans_le_monde&amp;utm_campaign=blog_5_hotels_design_a_decouvrir_dans_le_monde&amp;utm_content=Cambodge\">Cambodge<\/a><\/span><\/p>\n<\/div>\n<h2 style=\"text-align: left;\"><span style=\"font-family: gotham-book;\"><strong>Une nuit au c\u0153ur du d\u00e9sert \u00e0 l\u2019Explora Atacama<\/strong><\/span><\/h2>\n<div style=\"text-align: left;\">\n<figure id=\"attachment_5690\" aria-describedby=\"caption-attachment-5690\" style=\"width: 2000px\" class=\"wp-caption aligncenter\"><a href=\"https:\/\/www.amplitudes.com\/blog-backend\/wp-content\/uploads\/2017\/11\/Explora-Atacama-Chili-1.jpg\" rel=\"attachment wp-att-5690\"><img decoding=\"async\" class=\"size-full wp-image-5690\" src=\"https:\/\/www.amplitudes.com\/blog-backend\/wp-content\/uploads\/2017\/11\/Explora-Atacama-Chili-1.jpg\" alt=\"Explora-Atacama-Chili-Amplitudes\" width=\"2000\" height=\"1300\" srcset=\"https:\/\/www.amplitudes.com\/blog-backend\/wp-content\/uploads\/2017\/11\/Explora-Atacama-Chili-1.jpg 2000w, https:\/\/www.amplitudes.com\/blog-backend\/wp-content\/uploads\/2017\/11\/Explora-Atacama-Chili-1-300x195.jpg 300w, https:\/\/www.amplitudes.com\/blog-backend\/wp-content\/uploads\/2017\/11\/Explora-Atacama-Chili-1-780x507.jpg 780w\" sizes=\"(max-width: 2000px) 100vw, 2000px\" \/><\/a><figcaption id=\"caption-attachment-5690\" class=\"wp-caption-text\">Sous les \u00e9toiles dans le d\u00e9sert d&rsquo;Atacama<\/figcaption><\/figure>\n<p style=\"text-align: justify;\"><span style=\"font-family: gotham-book;\">Dans le d\u00e9sert chilien, l\u2019Explora Atacama se veut comme <strong>une v\u00e9ritable oasis<\/strong> et point de d\u00e9part de vos excursions. Entre imposants volcans, dunes de sable et \u00e9tendues de sel, cet h\u00f4tel design vous assure un s\u00e9jour unique\u00a0: explorez ces paysages extraordinaires \u00e0 cheval gr\u00e2ce aux \u00e9curies du domaine d\u2019Explora, d\u00e9tendez-vous dans <strong>les thermes de Puritama<\/strong> en plein c\u0153ur de la nature sauvage\u2026 Mais l\u2019exp\u00e9rience \u00e0 ne surtout pas manquer sera <strong>l\u2019observation du ciel \u00e9toil\u00e9<\/strong> d\u2019Atacama o\u00f9 la nature d\u00e9voile ses plus grandes merveilles. Tout simplement magique\u00a0!<\/span><\/p>\n<p style=\"text-align: justify;\"><span style=\"font-family: gotham-book;\">D\u00e9couvrez nos circuits au <a href=\"https:\/\/www.amplitudes.com\/voyage-chili\/circuit-chili\/sejour-chili\/chili.html?utm_source=blog&amp;utm_medium=5_hotels_design_a_decouvrir_dans_le_monde&amp;utm_campaign=blog_5_hotels_design_a_decouvrir_dans_le_monde&amp;utm_content=Chili\">Chili<\/a><\/span><\/p>\n<\/div>\n<h2 style=\"text-align: left;\"><span style=\"font-family: gotham-book;\"><strong>L\u2019envo\u00fbtante baie de Phang Nga au Six Senses Yao Noi<\/strong><\/span><\/h2>\n<div style=\"text-align: left;\">\n<figure id=\"attachment_5691\" aria-describedby=\"caption-attachment-5691\" style=\"width: 2000px\" class=\"wp-caption aligncenter\"><a href=\"https:\/\/www.amplitudes.com\/blog-backend\/wp-content\/uploads\/2017\/11\/Six-Senses-Yao-Noi-Thailande.jpg\" rel=\"attachment wp-att-5691\"><img decoding=\"async\" class=\"size-full wp-image-5691\" src=\"https:\/\/www.amplitudes.com\/blog-backend\/wp-content\/uploads\/2017\/11\/Six-Senses-Yao-Noi-Thailande.jpg\" alt=\"Six-Senses-Yao-Noi-Thailande-Amplitudes\" width=\"2000\" height=\"1300\" srcset=\"https:\/\/www.amplitudes.com\/blog-backend\/wp-content\/uploads\/2017\/11\/Six-Senses-Yao-Noi-Thailande.jpg 2000w, https:\/\/www.amplitudes.com\/blog-backend\/wp-content\/uploads\/2017\/11\/Six-Senses-Yao-Noi-Thailande-300x195.jpg 300w, https:\/\/www.amplitudes.com\/blog-backend\/wp-content\/uploads\/2017\/11\/Six-Senses-Yao-Noi-Thailande-780x507.jpg 780w\" sizes=\"(max-width: 2000px) 100vw, 2000px\" \/><\/a><figcaption id=\"caption-attachment-5691\" class=\"wp-caption-text\">Repas\u00a0au milieu des lotus&#8230;<\/figcaption><\/figure>\n<p style=\"text-align: justify;\"><span style=\"font-family: gotham-book;\">Sur une petite \u00eele idyllique, des villas de bois clair semblent \u00e9merger de l\u2019\u00e9paisse v\u00e9g\u00e9tation. Bord\u00e9e de palmiers et d\u2019arbres tropicaux, chaque habitation promet <strong>un s\u00e9jour en toute intimit\u00e9<\/strong>, <strong>face \u00e0 la baie turquoise de Phang Nga et ses \u00eelots en pain de sucre<\/strong>. Depuis la piscine \u00e0 d\u00e9bordement, laissez-votre regard se perdre dans cet horizon enchanteur, promesse de d\u00e9couvertes et de d\u00e9paysement. A la lumi\u00e8re des bougies, d\u00eenez au milieu d\u2019un jardin de fleurs de lotus\u2026 Pas de doute, vous \u00eates au paradis.<\/span><\/p>\n<p style=\"text-align: justify;\"><span style=\"font-family: gotham-book;\">D\u00e9couvrez nos circuits en <a href=\"https:\/\/www.amplitudes.com\/voyage\/voyage-phang-nga\/ciruit-phang-nga\/sejour-phang-nga\/hotel-six-senses-yao-noi.html?utm_source=blog&amp;utm_medium=5_hotels_design_a_decouvrir_dans_le_monde&amp;utm_campaign=blog_5_hotels_design_a_decouvrir_dans_le_monde&amp;utm_content=Thailande\">Tha\u00eflande<\/a><\/span><\/p>\n<\/div>\n<h2 style=\"text-align: left;\"><span style=\"font-family: gotham-book;\"><strong>El\u00e9gance \u00e0 l\u2019Explora Rapa Nui<\/strong><\/span><\/h2>\n<div style=\"text-align: left;\">\n<figure id=\"attachment_5692\" aria-describedby=\"caption-attachment-5692\" style=\"width: 2000px\" class=\"wp-caption aligncenter\"><a href=\"https:\/\/www.amplitudes.com\/blog-backend\/wp-content\/uploads\/2017\/11\/Explora-Rapa-Nui.jpg\" rel=\"attachment wp-att-5692\"><img decoding=\"async\" class=\"size-full wp-image-5692\" src=\"https:\/\/www.amplitudes.com\/blog-backend\/wp-content\/uploads\/2017\/11\/Explora-Rapa-Nui.jpg\" alt=\"Explora-Rapa-Nui-Amplitudes\" width=\"2000\" height=\"1300\" srcset=\"https:\/\/www.amplitudes.com\/blog-backend\/wp-content\/uploads\/2017\/11\/Explora-Rapa-Nui.jpg 2000w, https:\/\/www.amplitudes.com\/blog-backend\/wp-content\/uploads\/2017\/11\/Explora-Rapa-Nui-300x195.jpg 300w, https:\/\/www.amplitudes.com\/blog-backend\/wp-content\/uploads\/2017\/11\/Explora-Rapa-Nui-780x507.jpg 780w\" sizes=\"(max-width: 2000px) 100vw, 2000px\" \/><\/a><figcaption id=\"caption-attachment-5692\" class=\"wp-caption-text\">L&rsquo;architecture audacieuse de l&rsquo;Explora Rapa Nui<\/figcaption><\/figure>\n<p style=\"text-align: justify;\"><span style=\"font-family: gotham-book;\">Sur une \u00eele berc\u00e9e par les myst\u00e8res et l\u00e9gendes de ses c\u00e9l\u00e8bres Moai, l\u2019Explora Rapa Nui vous permet de profiter pleinement du charme de l\u2019\u00eele de P\u00e2ques. Tout en formes arrondies, <strong>son architecture au design moderne et \u00e9l\u00e9gant surplombe les eaux du Pacifique<\/strong>. Alliant pierres et bois clair, les chambres livrent un panorama \u00e0 couper le souffle sur l\u2019\u00eele gr\u00e2ce \u00e0 leurs larges baies vitr\u00e9es. Un s\u00e9jour unique sur une \u00eele de l\u00e9gende\u2026<\/span><\/p>\n<p style=\"text-align: justify;\"><span style=\"font-family: gotham-book;\">D\u00e9couvrez l&rsquo;\u00eele de <a href=\"https:\/\/www.amplitudes.com\/voyage\/voyage-amerique-du-sud\/voyage-ile-de-paques\/mysteres-de-rapa-nui.html?utm_source=blog&amp;utm_medium=5_hotels_design_a_decouvrir_dans_le_monde&amp;utm_campaign=blog_5_hotels_design_a_decouvrir_dans_le_monde&amp;utm_content=Paques_au_Chili\">P\u00e2ques au Chili<\/a><\/span><\/p>\n<\/div>\n","protected":false},"excerpt":{"rendered":"<p>En qu\u00eate de moments inoubliables\u00a0? Des d\u00e9serts envo\u00fbtants d\u2019Am\u00e9rique du sud aux baies exotiques de Tha\u00eflande, des h\u00f4tels au design unique et au cadre enchanteur vous ouvrent leurs portes. Nul doute que votre s\u00e9jour sera \u00e0 leur image\u00a0: semblable \u00e0 aucun autre\u2026 A l\u2019occasion d\u2019une interview pour Kansei TV, notre PDG Jos\u00e9 Martinez est revenu [&hellip;]<\/p>\n","protected":false},"author":2,"featured_media":5681,"comment_status":"open","ping_status":"open","sticky":false,"template":"","format":"standard","meta":{"footnotes":""},"categories":[169],"tags":[203,219,223,200],"yoast_head":"<!-- This site is optimized with the Yoast SEO plugin v22.1 - https:\/\/yoast.com\/wordpress\/plugins\/seo\/ -->\n<title>5 h\u00f4tels design \u00e0 d\u00e9couvrir dans le monde - Blog de l&#039;agence de voyage sur-mesure Amplitudes<\/title>\n<meta name=\"description\" content=\"D\u00e9couvrez notre s\u00e9lection de 5 h\u00f4tels design \u00e0 d\u00e9couvrir lors de votre prochain voyage chez Amplitudes !\" \/>\n<meta name=\"robots\" content=\"index, follow, max-snippet:-1, max-image-preview:large, max-video-preview:-1\" \/>\n<link rel=\"canonical\" href=\"https:\/\/www.amplitudes.com\/blog-backend\/5-hotels-design-a-decouvrir\/\" \/>\n<meta property=\"og:locale\" content=\"fr_FR\" \/>\n<meta property=\"og:type\" content=\"article\" \/>\n<meta property=\"og:title\" content=\"5 h\u00f4tels design \u00e0 d\u00e9couvrir dans le monde - Blog de l&#039;agence de voyage sur-mesure Amplitudes\" \/>\n<meta property=\"og:description\" content=\"D\u00e9couvrez notre s\u00e9lection de 5 h\u00f4tels design \u00e0 d\u00e9couvrir lors de votre prochain voyage chez Amplitudes !\" \/>\n<meta property=\"og:url\" content=\"https:\/\/www.amplitudes.com\/blog-backend\/5-hotels-design-a-decouvrir\/\" \/>\n<meta property=\"og:site_name\" content=\"Blog de l&#039;agence de voyage sur-mesure Amplitudes\" \/>\n<meta property=\"article:publisher\" content=\"http:\/\/facebook.com\/amplitudes.devoyages\/\" \/>\n<meta property=\"article:published_time\" content=\"2017-11-17T15:11:58+00:00\" \/>\n<meta property=\"article:modified_time\" content=\"2019-08-14T14:40:52+00:00\" \/>\n<meta property=\"og:image\" content=\"https:\/\/www.amplitudes.com\/blog-backend\/wp-content\/uploads\/2017\/11\/Explora-Rapa-Nui-Chili-3.jpg\" \/>\n\t<meta property=\"og:image:width\" content=\"1240\" \/>\n\t<meta property=\"og:image:height\" content=\"500\" \/>\n\t<meta property=\"og:image:type\" content=\"image\/jpeg\" \/>\n<meta name=\"author\" content=\"Floriane\" \/>\n<meta name=\"twitter:card\" content=\"summary_large_image\" \/>\n<meta name=\"twitter:creator\" content=\"@AmplitudesV\" \/>\n<meta name=\"twitter:site\" content=\"@AmplitudesV\" \/>\n<meta name=\"twitter:label1\" content=\"\u00c9crit par\" \/>\n\t<meta name=\"twitter:data1\" content=\"Floriane\" \/>\n\t<meta name=\"twitter:label2\" content=\"Dur\u00e9e de lecture estim\u00e9e\" \/>\n\t<meta name=\"twitter:data2\" content=\"4 minutes\" \/>\n<script type=\"application\/ld+json\" class=\"yoast-schema-graph\">{\"@context\":\"https:\/\/schema.org\",\"@graph\":[{\"@type\":\"WebPage\",\"@id\":\"https:\/\/www.amplitudes.com\/blog-backend\/5-hotels-design-a-decouvrir\/\",\"url\":\"https:\/\/www.amplitudes.com\/blog-backend\/5-hotels-design-a-decouvrir\/\",\"name\":\"5 h\u00f4tels design \u00e0 d\u00e9couvrir dans le monde - Blog de l&#039;agence de voyage sur-mesure Amplitudes\",\"isPartOf\":{\"@id\":\"https:\/\/www.amplitudes.com\/blog-backend\/#website\"},\"datePublished\":\"2017-11-17T15:11:58+00:00\",\"dateModified\":\"2019-08-14T14:40:52+00:00\",\"author\":{\"@id\":\"https:\/\/www.amplitudes.com\/blog-backend\/#\/schema\/person\/1ac2058edef1f5f0f2c16e7f096a80b1\"},\"description\":\"D\u00e9couvrez notre s\u00e9lection de 5 h\u00f4tels design \u00e0 d\u00e9couvrir lors de votre prochain voyage chez Amplitudes !\",\"inLanguage\":\"fr-FR\",\"potentialAction\":[{\"@type\":\"ReadAction\",\"target\":[\"https:\/\/www.amplitudes.com\/blog-backend\/5-hotels-design-a-decouvrir\/\"]}]},{\"@type\":\"WebSite\",\"@id\":\"https:\/\/www.amplitudes.com\/blog-backend\/#website\",\"url\":\"https:\/\/www.amplitudes.com\/blog-backend\/\",\"name\":\"Blog de l&#039;agence de voyage sur-mesure Amplitudes\",\"description\":\"\",\"potentialAction\":[{\"@type\":\"SearchAction\",\"target\":{\"@type\":\"EntryPoint\",\"urlTemplate\":\"https:\/\/www.amplitudes.com\/blog-backend\/?s={search_term_string}\"},\"query-input\":\"required name=search_term_string\"}],\"inLanguage\":\"fr-FR\"},{\"@type\":\"Person\",\"@id\":\"https:\/\/www.amplitudes.com\/blog-backend\/#\/schema\/person\/1ac2058edef1f5f0f2c16e7f096a80b1\",\"name\":\"Floriane\",\"image\":{\"@type\":\"ImageObject\",\"inLanguage\":\"fr-FR\",\"@id\":\"https:\/\/www.amplitudes.com\/blog-backend\/#\/schema\/person\/image\/\",\"url\":\"https:\/\/secure.gravatar.com\/avatar\/f3f77af3dabd00f62e61c417047e08f6?s=96&d=mm&r=g\",\"contentUrl\":\"https:\/\/secure.gravatar.com\/avatar\/f3f77af3dabd00f62e61c417047e08f6?s=96&d=mm&r=g\",\"caption\":\"Floriane\"},\"url\":\"https:\/\/www.amplitudes.com\/blog-backend\/author\/audrey\/\"}]}<\/script>\n<!-- \/ Yoast SEO plugin. -->","yoast_head_json":{"title":"5 h\u00f4tels design \u00e0 d\u00e9couvrir dans le monde - Blog de l&#039;agence de voyage sur-mesure Amplitudes","description":"D\u00e9couvrez notre s\u00e9lection de 5 h\u00f4tels design \u00e0 d\u00e9couvrir lors de votre prochain voyage chez Amplitudes !","robots":{"index":"index","follow":"follow","max-snippet":"max-snippet:-1","max-image-preview":"max-image-preview:large","max-video-preview":"max-video-preview:-1"},"canonical":"https:\/\/www.amplitudes.com\/blog-backend\/5-hotels-design-a-decouvrir\/","og_locale":"fr_FR","og_type":"article","og_title":"5 h\u00f4tels design \u00e0 d\u00e9couvrir dans le monde - Blog de l&#039;agence de voyage sur-mesure Amplitudes","og_description":"D\u00e9couvrez notre s\u00e9lection de 5 h\u00f4tels design \u00e0 d\u00e9couvrir lors de votre prochain voyage chez Amplitudes !","og_url":"https:\/\/www.amplitudes.com\/blog-backend\/5-hotels-design-a-decouvrir\/","og_site_name":"Blog de l&#039;agence de voyage sur-mesure Amplitudes","article_publisher":"http:\/\/facebook.com\/amplitudes.devoyages\/","article_published_time":"2017-11-17T15:11:58+00:00","article_modified_time":"2019-08-14T14:40:52+00:00","og_image":[{"width":1240,"height":500,"url":"https:\/\/www.amplitudes.com\/blog-backend\/wp-content\/uploads\/2017\/11\/Explora-Rapa-Nui-Chili-3.jpg","type":"image\/jpeg"}],"author":"Floriane","twitter_card":"summary_large_image","twitter_creator":"@AmplitudesV","twitter_site":"@AmplitudesV","twitter_misc":{"\u00c9crit par":"Floriane","Dur\u00e9e de lecture estim\u00e9e":"4 minutes"},"schema":{"@context":"https:\/\/schema.org","@graph":[{"@type":"WebPage","@id":"https:\/\/www.amplitudes.com\/blog-backend\/5-hotels-design-a-decouvrir\/","url":"https:\/\/www.amplitudes.com\/blog-backend\/5-hotels-design-a-decouvrir\/","name":"5 h\u00f4tels design \u00e0 d\u00e9couvrir dans le monde - Blog de l&#039;agence de voyage sur-mesure Amplitudes","isPartOf":{"@id":"https:\/\/www.amplitudes.com\/blog-backend\/#website"},"datePublished":"2017-11-17T15:11:58+00:00","dateModified":"2019-08-14T14:40:52+00:00","author":{"@id":"https:\/\/www.amplitudes.com\/blog-backend\/#\/schema\/person\/1ac2058edef1f5f0f2c16e7f096a80b1"},"description":"D\u00e9couvrez notre s\u00e9lection de 5 h\u00f4tels design \u00e0 d\u00e9couvrir lors de votre prochain voyage chez Amplitudes !","inLanguage":"fr-FR","potentialAction":[{"@type":"ReadAction","target":["https:\/\/www.amplitudes.com\/blog-backend\/5-hotels-design-a-decouvrir\/"]}]},{"@type":"WebSite","@id":"https:\/\/www.amplitudes.com\/blog-backend\/#website","url":"https:\/\/www.amplitudes.com\/blog-backend\/","name":"Blog de l&#039;agence de voyage sur-mesure Amplitudes","description":"","potentialAction":[{"@type":"SearchAction","target":{"@type":"EntryPoint","urlTemplate":"https:\/\/www.amplitudes.com\/blog-backend\/?s={search_term_string}"},"query-input":"required name=search_term_string"}],"inLanguage":"fr-FR"},{"@type":"Person","@id":"https:\/\/www.amplitudes.com\/blog-backend\/#\/schema\/person\/1ac2058edef1f5f0f2c16e7f096a80b1","name":"Floriane","image":{"@type":"ImageObject","inLanguage":"fr-FR","@id":"https:\/\/www.amplitudes.com\/blog-backend\/#\/schema\/person\/image\/","url":"https:\/\/secure.gravatar.com\/avatar\/f3f77af3dabd00f62e61c417047e08f6?s=96&d=mm&r=g","contentUrl":"https:\/\/secure.gravatar.com\/avatar\/f3f77af3dabd00f62e61c417047e08f6?s=96&d=mm&r=g","caption":"Floriane"},"url":"https:\/\/www.amplitudes.com\/blog-backend\/author\/audrey\/"}]}},"_links":{"self":[{"href":"https:\/\/www.amplitudes.com\/blog-backend\/wp-json\/wp\/v2\/posts\/5678"}],"collection":[{"href":"https:\/\/www.amplitudes.com\/blog-backend\/wp-json\/wp\/v2\/posts"}],"about":[{"href":"https:\/\/www.amplitudes.com\/blog-backend\/wp-json\/wp\/v2\/types\/post"}],"author":[{"embeddable":true,"href":"https:\/\/www.amplitudes.com\/blog-backend\/wp-json\/wp\/v2\/users\/2"}],"replies":[{"embeddable":true,"href":"https:\/\/www.amplitudes.com\/blog-backend\/wp-json\/wp\/v2\/comments?post=5678"}],"version-history":[{"count":20,"href":"https:\/\/www.amplitudes.com\/blog-backend\/wp-json\/wp\/v2\/posts\/5678\/revisions"}],"predecessor-version":[{"id":9070,"href":"https:\/\/www.amplitudes.com\/blog-backend\/wp-json\/wp\/v2\/posts\/5678\/revisions\/9070"}],"wp:featuredmedia":[{"embeddable":true,"href":"https:\/\/www.amplitudes.com\/blog-backend\/wp-json\/wp\/v2\/media\/5681"}],"wp:attachment":[{"href":"https:\/\/www.amplitudes.com\/blog-backend\/wp-json\/wp\/v2\/media?parent=5678"}],"wp:term":[{"taxonomy":"category","embeddable":true,"href":"https:\/\/www.amplitudes.com\/blog-backend\/wp-json\/wp\/v2\/categories?post=5678"},{"taxonomy":"post_tag","embeddable":true,"href":"https:\/\/www.amplitudes.com\/blog-backend\/wp-json\/wp\/v2\/tags?post=5678"}],"curies":[{"name":"wp","href":"https:\/\/api.w.org\/{rel}","templated":true}]}}