{"id":6774,"date":"2018-09-22T19:44:16","date_gmt":"2018-09-22T18:44:16","guid":{"rendered":"https:\/\/www.amplitudes.com\/blog-backend\/?p=6774"},"modified":"2026-02-18T17:05:41","modified_gmt":"2026-02-18T16:05:41","slug":"ou-partir-en-voyage-a-la-toussaint","status":"publish","type":"post","link":"https:\/\/www.amplitudes.com\/blog-backend\/ou-partir-en-voyage-a-la-toussaint\/","title":{"rendered":"O\u00f9 partir en voyage aux vacances de Toussaint ?"},"content":{"rendered":"<p align=\"JUSTIFY\"><span style=\"font-family: gotham-book;\">Pour c\u00e9l\u00e9brer ce premier jour d&rsquo;automne et apr\u00e8s une rentr\u00e9e scolaire studieuse, il est grand temps d&rsquo;enfin penser aux prochaines vacances. \u00c0 la Toussaint, nous vous invitons \u00e0 mettre le cap vers 5 destinations aux temp\u00e9ratures cl\u00e9mentes, promesses de grands et beaux voyages&#8230; <\/span><\/p>\n<h2 style=\"text-align: left;\"><strong><span style=\"font-family: gotham-book;\">Le Br\u00e9sil<\/span><\/strong><\/h2>\n<figure id=\"attachment_6779\" aria-describedby=\"caption-attachment-6779\" style=\"width: 2000px\" class=\"wp-caption aligncenter\"><a href=\"https:\/\/www.amplitudes.com\/blog-backend\/wp-content\/uploads\/2018\/09\/len\u00e7ois-coupeok.jpg\" rel=\"attachment wp-att-6779\"><img decoding=\"async\" class=\"size-full wp-image-6779\" src=\"https:\/\/www.amplitudes.com\/blog-backend\/wp-content\/uploads\/2018\/09\/len\u00e7ois-coupeok.jpg\" alt=\"Voyage Br\u00e9sil - Nordeste - Parc des Len\u00e7ois de Maranhenses - Amplitudes\" width=\"2000\" height=\"1300\" srcset=\"https:\/\/www.amplitudes.com\/blog-backend\/wp-content\/uploads\/2018\/09\/len\u00e7ois-coupeok.jpg 2000w, https:\/\/www.amplitudes.com\/blog-backend\/wp-content\/uploads\/2018\/09\/len\u00e7ois-coupeok-300x195.jpg 300w, https:\/\/www.amplitudes.com\/blog-backend\/wp-content\/uploads\/2018\/09\/len\u00e7ois-coupeok-780x507.jpg 780w\" sizes=\"(max-width: 2000px) 100vw, 2000px\" \/><\/a><figcaption id=\"caption-attachment-6779\" class=\"wp-caption-text\"><span style=\"font-family: gotham-book;\">Le Parc des Len\u00e7ois de Maranhenses<\/span><\/figcaption><\/figure>\n<p align=\"JUSTIFY\"><span style=\"font-family: Georgia, serif;\"><span style=\"font-family: gotham-book;\">Pendant les vacances de la Toussaint, envolez-vous vers la l\u00e9gendaire chaleur de vivre br\u00e9silienne\u00a0! <strong>Secr\u00e8te et authentique<\/strong>, <a href=\"https:\/\/www.amplitudes.com\/voyage-nordeste\/circuit-nordeste\/sejour-nordeste\/nordeste.html\">la r\u00e9gion du Nordeste<\/a> b\u00e9n\u00e9ficie de plus de 300 jours d&rsquo;ensoleillement par an. Ses longues plages et ses hameaux de p\u00eacheurs \u00ab\u00a0\u00e0 la cool\u00a0\u00bb sont le paradis des kitesurfeurs tandis que les danseurs de capoeira agitent les ruelles coloniales de cette c\u00f4te sauvage, de Sao Luis \u00e0 Olinda. <strong>Une aventure aussi inoubliable que d\u00e9paysante<\/strong> \u00e0 vivre en 4X4, buggy et canot\u00a0!<\/span> <\/span><\/p>\n<h2 style=\"text-align: left;\"><strong><span style=\"font-family: gotham-book;\">La Croatie<\/span><\/strong><\/h2>\n<figure id=\"attachment_6780\" aria-describedby=\"caption-attachment-6780\" style=\"width: 2000px\" class=\"wp-caption aligncenter\"><a href=\"https:\/\/www.amplitudes.com\/blog-backend\/wp-content\/uploads\/2018\/09\/split-coupeok.jpg\" rel=\"attachment wp-att-6780\"><img decoding=\"async\" class=\"size-full wp-image-6780\" src=\"https:\/\/www.amplitudes.com\/blog-backend\/wp-content\/uploads\/2018\/09\/split-coupeok.jpg\" alt=\"Voyage Croatie - Split - Amplitudes\" width=\"2000\" height=\"1300\" srcset=\"https:\/\/www.amplitudes.com\/blog-backend\/wp-content\/uploads\/2018\/09\/split-coupeok.jpg 2000w, https:\/\/www.amplitudes.com\/blog-backend\/wp-content\/uploads\/2018\/09\/split-coupeok-300x195.jpg 300w, https:\/\/www.amplitudes.com\/blog-backend\/wp-content\/uploads\/2018\/09\/split-coupeok-780x507.jpg 780w\" sizes=\"(max-width: 2000px) 100vw, 2000px\" \/><\/a><figcaption id=\"caption-attachment-6780\" class=\"wp-caption-text\"><span style=\"font-family: gotham-book;\">Les tuiles rousses de Split<\/span><\/figcaption><\/figure>\n<p align=\"JUSTIFY\"><span style=\"font-family: Georgia, serif;\"><span style=\"font-family: gotham-book;\">Partez appr\u00e9cier la douceur de l&rsquo;\u00e9t\u00e9 indien europ\u00e9en du c\u00f4t\u00e9 du littoral croate. Balcons sur l&rsquo;Adriatique, les villes de Split et Dubrovnik ont enfin retrouv\u00e9 un peu de calme apr\u00e8s le d\u00e9part des foules estivales. <strong>Baladez-vous dans ces ruelles en escaliers, admirez les blanches fa\u00e7ades historiques et profitez d&rsquo;une eau encore \u00e0 21\u00b0.<\/strong> La Croatie abrite \u00e9galement de tr\u00e8s beaux parcs nationaux \u00e0 l&rsquo;image du Parc des Lacs de Plitvice, un tr\u00e9sor dans les montagnes arborant en Octobre-Novembre de belles couleurs or, saphir, \u00e9meraude et rubis&#8230;<\/span> <\/span><\/p>\n<p align=\"JUSTIFY\"><a href=\"https:\/\/www.amplitudes.com\/voyage-croatie\/circuit-croatie\/sejour-croatie\/croatie.html\"><span style=\"font-family: gotham-book;\">Partir en Croatie<\/span> <\/a><\/p>\n<h2 style=\"text-align: left;\"><strong><span style=\"font-family: gotham-book;\">Le Mexique<\/span><\/strong><\/h2>\n<figure id=\"attachment_6781\" aria-describedby=\"caption-attachment-6781\" style=\"width: 2000px\" class=\"wp-caption aligncenter\"><a href=\"https:\/\/www.amplitudes.com\/blog-backend\/wp-content\/uploads\/2018\/09\/mexique-coupeok.jpg\" rel=\"attachment wp-att-6781\"><img decoding=\"async\" class=\"size-full wp-image-6781\" src=\"https:\/\/www.amplitudes.com\/blog-backend\/wp-content\/uploads\/2018\/09\/mexique-coupeok.jpg\" alt=\"Voyage Mexique - Dia de los Muertos - Amplitudes\" width=\"2000\" height=\"1300\" srcset=\"https:\/\/www.amplitudes.com\/blog-backend\/wp-content\/uploads\/2018\/09\/mexique-coupeok.jpg 2000w, https:\/\/www.amplitudes.com\/blog-backend\/wp-content\/uploads\/2018\/09\/mexique-coupeok-300x195.jpg 300w, https:\/\/www.amplitudes.com\/blog-backend\/wp-content\/uploads\/2018\/09\/mexique-coupeok-780x507.jpg 780w\" sizes=\"(max-width: 2000px) 100vw, 2000px\" \/><\/a><figcaption id=\"caption-attachment-6781\" class=\"wp-caption-text\"><span style=\"font-family: gotham-book;\">L&rsquo;ambiance de Dia de Los Muertos<\/span><\/figcaption><\/figure>\n<p align=\"JUSTIFY\"><span style=\"font-family: Georgia, serif;\"><span style=\"font-family: gotham-book;\"><strong>Le 2 Novembre est un jour important au Mexique, il s&rsquo;agit de Dia de Los Muertos \u00ab\u00a0le jour des morts\u00a0\u00bb.<\/strong> Pour les voyageurs alors pr\u00e9sents dans le pays, l&rsquo;immersion est \u00e0 la fois color\u00e9e, \u00e9mouvante, musicale et spirituelle. Pour vivre l&rsquo;exp\u00e9rience dans sa plus pure tradition, rendez-vous \u00e0 San Juan Chamula, dans <a href=\"https:\/\/www.amplitudes.com\/voyage\/voyage-mexique\/circuit-mexique\/sejour-mexique\/viva-zapata.html\">la r\u00e9gion recul\u00e9e de Chiapas<\/a>, sur les terres de la communaut\u00e9 Tzotzil. Ville et cimeti\u00e8re croulent sous les offrandes et les p\u00e9tales oranges de cempoalx\u00fachitl, cette fleur qui guiderait l&rsquo;\u00e2me des d\u00e9funts vers leurs familles.<\/span> <\/span><\/p>\n<h2 style=\"text-align: left;\"><strong><span style=\"font-family: gotham-book;\">L&rsquo;Afrique du Sud<\/span><\/strong><\/h2>\n<figure id=\"attachment_6782\" aria-describedby=\"caption-attachment-6782\" style=\"width: 2000px\" class=\"wp-caption aligncenter\"><a href=\"https:\/\/www.amplitudes.com\/blog-backend\/wp-content\/uploads\/2018\/09\/cape-town-coupeok.jpg\" rel=\"attachment wp-att-6782\"><img decoding=\"async\" class=\"size-full wp-image-6782\" src=\"https:\/\/www.amplitudes.com\/blog-backend\/wp-content\/uploads\/2018\/09\/cape-town-coupeok.jpg\" alt=\"Voyage Afrique du Sud - Cape Town - Amplitudes\" width=\"2000\" height=\"1300\" srcset=\"https:\/\/www.amplitudes.com\/blog-backend\/wp-content\/uploads\/2018\/09\/cape-town-coupeok.jpg 2000w, https:\/\/www.amplitudes.com\/blog-backend\/wp-content\/uploads\/2018\/09\/cape-town-coupeok-300x195.jpg 300w, https:\/\/www.amplitudes.com\/blog-backend\/wp-content\/uploads\/2018\/09\/cape-town-coupeok-780x507.jpg 780w\" sizes=\"(max-width: 2000px) 100vw, 2000px\" \/><\/a><figcaption id=\"caption-attachment-6782\" class=\"wp-caption-text\"><span style=\"font-family: gotham-book;\">La douceur de vivre de Cape Town<\/span><\/figcaption><\/figure>\n<p align=\"JUSTIFY\"><span style=\"font-family: Georgia, serif;\"><span style=\"font-family: gotham-book;\">Au moment de la Toussaint, le printemps austral touche \u00e0 sa fin <a href=\"https:\/\/www.amplitudes.com\/voyage-afrique-du-sud\/circuit-afrique-du-sud\/sejour-afrique-du-sud\/afrique-du-sud.html\">en Afrique du Sud<\/a>. Pour les lions, les \u00e9l\u00e9phants et les impalas du parc du Kruger et des r\u00e9serves du Nord, c&rsquo;est le signe des derniers jours de la saison s\u00e8che. Une derni\u00e8re opportunit\u00e9 pour se lancer dans un safari auquel viendront s&rsquo;ajouter les baleines de la baie d&rsquo;Hermanus. <strong>La r\u00e9gion du Cap se pr\u00eate \u00e9galement \u00e0 un splendide road-trip marqu\u00e9 par ses jardins en fleurs et ses beaux vignobles.<\/strong> Un voyage complet, pour toute la famille\u00a0!<\/span> <\/span><\/p>\n<h2 style=\"text-align: left;\"><strong><span style=\"font-family: gotham-book;\">Le Cambodge<\/span><\/strong><\/h2>\n<figure id=\"attachment_6783\" aria-describedby=\"caption-attachment-6783\" style=\"width: 2000px\" class=\"wp-caption aligncenter\"><a href=\"https:\/\/www.amplitudes.com\/blog-backend\/wp-content\/uploads\/2018\/09\/angkor-coupeok.jpg\" rel=\"attachment wp-att-6783\"><img decoding=\"async\" class=\"size-full wp-image-6783\" src=\"https:\/\/www.amplitudes.com\/blog-backend\/wp-content\/uploads\/2018\/09\/angkor-coupeok.jpg\" alt=\"Voyage Cambodge - Angkor - Amplitudes\" width=\"2000\" height=\"1300\" srcset=\"https:\/\/www.amplitudes.com\/blog-backend\/wp-content\/uploads\/2018\/09\/angkor-coupeok.jpg 2000w, https:\/\/www.amplitudes.com\/blog-backend\/wp-content\/uploads\/2018\/09\/angkor-coupeok-300x195.jpg 300w, https:\/\/www.amplitudes.com\/blog-backend\/wp-content\/uploads\/2018\/09\/angkor-coupeok-780x507.jpg 780w\" sizes=\"(max-width: 2000px) 100vw, 2000px\" \/><\/a><figcaption id=\"caption-attachment-6783\" class=\"wp-caption-text\"><span style=\"font-family: gotham-book;\">La jungle myst\u00e9rieuse d&rsquo;Angkor<\/span><\/figcaption><\/figure>\n<p align=\"JUSTIFY\"><span style=\"font-family: Georgia, serif;\"><span style=\"font-family: gotham-book;\">Au Cambodge, les vacances de la Toussaint annonce la fin de la saison des pluies. Un jour nouveau se l\u00e8ve alors sur Angkor, l&rsquo;ancien royaume khmer&#8230; <strong>Le soleil revient ainsi poser ses rayons sur ces c\u00e9l\u00e8bres temples.<\/strong> Pour les voyageurs, la lumi\u00e8re se fait sur les bas-reliefs et visages ornant ces pierres vieilles de milliers d&rsquo;histoires&#8230; Aux alentours, les campagnes sont bien verdoyantes et les artisans rouvrent leurs ateliers pour travailler \u00e0 l&rsquo;air libre, l&rsquo;esprit inspir\u00e9 par les splendides panoramas de cette terre inscrite \u00e0 l&rsquo;Unesco.<\/span> <\/span><\/p>\n<p align=\"JUSTIFY\"><span style=\"font-family: gotham-book;\">D\u00e9couvrir notre circuit au Cambodge <a href=\"https:\/\/www.amplitudes.com\/voyage\/voyage-cambodge\/circuit-cambodge\/sejour-cambodge\/la-danse-des-apsaras.html\">La Danse des Apsaras<\/a><\/span><\/p>\n<h2 style=\"text-align: center;\"><span style=\"font-family: gotham-book;\"><a href=\"https:\/\/www.amplitudes.com\/agence-de-voyages\/toulouse\/paris\/demande-devis-sur-mesure.html\">Partir en voyage \u00e0 la Toussaint<\/a><\/span><\/h2>\n","protected":false},"excerpt":{"rendered":"<p>Pour c\u00e9l\u00e9brer ce premier jour d&rsquo;automne et apr\u00e8s une rentr\u00e9e scolaire studieuse, il est grand temps d&rsquo;enfin penser aux prochaines vacances. \u00c0 la Toussaint, nous vous invitons \u00e0 mettre le cap vers 5 destinations aux temp\u00e9ratures cl\u00e9mentes, promesses de grands et beaux voyages&#8230; Le Br\u00e9sil Pendant les vacances de la Toussaint, envolez-vous vers la l\u00e9gendaire [&hellip;]<\/p>\n","protected":false},"author":2,"featured_media":6775,"comment_status":"open","ping_status":"open","sticky":false,"template":"","format":"standard","meta":{"footnotes":""},"categories":[169],"tags":[212,197,203,259,241],"yoast_head":"<!-- This site is optimized with the Yoast SEO plugin v22.1 - https:\/\/yoast.com\/wordpress\/plugins\/seo\/ -->\n<title>O\u00f9 partir en voyage aux vacances de Toussaint ?<\/title>\n<meta name=\"description\" content=\"D\u00e9couvrez de lointaines et proches destinations o\u00f9 partir en voyage lors des prochaines vacances de la Toussaint, sous le soleil de la fin Octobre.\u00a0\" \/>\n<meta name=\"robots\" content=\"index, follow, max-snippet:-1, max-image-preview:large, max-video-preview:-1\" \/>\n<link rel=\"canonical\" href=\"https:\/\/www.amplitudes.com\/blog-backend\/ou-partir-en-voyage-a-la-toussaint\/\" \/>\n<meta property=\"og:locale\" content=\"fr_FR\" \/>\n<meta property=\"og:type\" content=\"article\" \/>\n<meta property=\"og:title\" content=\"O\u00f9 partir en voyage aux vacances de Toussaint ?\" \/>\n<meta property=\"og:description\" content=\"D\u00e9couvrez de lointaines et proches destinations o\u00f9 partir en voyage lors des prochaines vacances de la Toussaint, sous le soleil de la fin Octobre.\u00a0\" \/>\n<meta property=\"og:url\" content=\"https:\/\/www.amplitudes.com\/blog-backend\/ou-partir-en-voyage-a-la-toussaint\/\" \/>\n<meta property=\"og:site_name\" content=\"Blog de l&#039;agence de voyage sur-mesure Amplitudes\" \/>\n<meta property=\"article:publisher\" content=\"http:\/\/facebook.com\/amplitudes.devoyages\/\" \/>\n<meta property=\"article:published_time\" content=\"2018-09-22T18:44:16+00:00\" \/>\n<meta property=\"article:modified_time\" content=\"2026-02-18T16:05:41+00:00\" \/>\n<meta property=\"og:image\" content=\"https:\/\/www.amplitudes.com\/blog-backend\/wp-content\/uploads\/2018\/09\/pilanesberg-coupe.jpgok_.jpg\" \/>\n\t<meta property=\"og:image:width\" content=\"1170\" \/>\n\t<meta property=\"og:image:height\" content=\"507\" \/>\n\t<meta property=\"og:image:type\" content=\"image\/jpeg\" \/>\n<meta name=\"author\" content=\"Floriane\" \/>\n<meta name=\"twitter:card\" content=\"summary_large_image\" \/>\n<meta name=\"twitter:creator\" content=\"@AmplitudesV\" \/>\n<meta name=\"twitter:site\" content=\"@AmplitudesV\" \/>\n<meta name=\"twitter:label1\" content=\"\u00c9crit par\" \/>\n\t<meta name=\"twitter:data1\" content=\"Floriane\" \/>\n\t<meta name=\"twitter:label2\" content=\"Dur\u00e9e de lecture estim\u00e9e\" \/>\n\t<meta name=\"twitter:data2\" content=\"3 minutes\" \/>\n<script type=\"application\/ld+json\" class=\"yoast-schema-graph\">{\"@context\":\"https:\/\/schema.org\",\"@graph\":[{\"@type\":\"WebPage\",\"@id\":\"https:\/\/www.amplitudes.com\/blog-backend\/ou-partir-en-voyage-a-la-toussaint\/\",\"url\":\"https:\/\/www.amplitudes.com\/blog-backend\/ou-partir-en-voyage-a-la-toussaint\/\",\"name\":\"O\u00f9 partir en voyage aux vacances de Toussaint ?\",\"isPartOf\":{\"@id\":\"https:\/\/www.amplitudes.com\/blog-backend\/#website\"},\"datePublished\":\"2018-09-22T18:44:16+00:00\",\"dateModified\":\"2026-02-18T16:05:41+00:00\",\"author\":{\"@id\":\"https:\/\/www.amplitudes.com\/blog-backend\/#\/schema\/person\/1ac2058edef1f5f0f2c16e7f096a80b1\"},\"description\":\"D\u00e9couvrez de lointaines et proches destinations o\u00f9 partir en voyage lors des prochaines vacances de la Toussaint, sous le soleil de la fin Octobre.\u00a0\",\"inLanguage\":\"fr-FR\",\"potentialAction\":[{\"@type\":\"ReadAction\",\"target\":[\"https:\/\/www.amplitudes.com\/blog-backend\/ou-partir-en-voyage-a-la-toussaint\/\"]}]},{\"@type\":\"WebSite\",\"@id\":\"https:\/\/www.amplitudes.com\/blog-backend\/#website\",\"url\":\"https:\/\/www.amplitudes.com\/blog-backend\/\",\"name\":\"Blog de l&#039;agence de voyage sur-mesure Amplitudes\",\"description\":\"\",\"potentialAction\":[{\"@type\":\"SearchAction\",\"target\":{\"@type\":\"EntryPoint\",\"urlTemplate\":\"https:\/\/www.amplitudes.com\/blog-backend\/?s={search_term_string}\"},\"query-input\":\"required name=search_term_string\"}],\"inLanguage\":\"fr-FR\"},{\"@type\":\"Person\",\"@id\":\"https:\/\/www.amplitudes.com\/blog-backend\/#\/schema\/person\/1ac2058edef1f5f0f2c16e7f096a80b1\",\"name\":\"Floriane\",\"image\":{\"@type\":\"ImageObject\",\"inLanguage\":\"fr-FR\",\"@id\":\"https:\/\/www.amplitudes.com\/blog-backend\/#\/schema\/person\/image\/\",\"url\":\"https:\/\/secure.gravatar.com\/avatar\/f3f77af3dabd00f62e61c417047e08f6?s=96&d=mm&r=g\",\"contentUrl\":\"https:\/\/secure.gravatar.com\/avatar\/f3f77af3dabd00f62e61c417047e08f6?s=96&d=mm&r=g\",\"caption\":\"Floriane\"},\"url\":\"https:\/\/www.amplitudes.com\/blog-backend\/author\/audrey\/\"}]}<\/script>\n<!-- \/ Yoast SEO plugin. -->","yoast_head_json":{"title":"O\u00f9 partir en voyage aux vacances de Toussaint ?","description":"D\u00e9couvrez de lointaines et proches destinations o\u00f9 partir en voyage lors des prochaines vacances de la Toussaint, sous le soleil de la fin Octobre.\u00a0","robots":{"index":"index","follow":"follow","max-snippet":"max-snippet:-1","max-image-preview":"max-image-preview:large","max-video-preview":"max-video-preview:-1"},"canonical":"https:\/\/www.amplitudes.com\/blog-backend\/ou-partir-en-voyage-a-la-toussaint\/","og_locale":"fr_FR","og_type":"article","og_title":"O\u00f9 partir en voyage aux vacances de Toussaint ?","og_description":"D\u00e9couvrez de lointaines et proches destinations o\u00f9 partir en voyage lors des prochaines vacances de la Toussaint, sous le soleil de la fin Octobre.\u00a0","og_url":"https:\/\/www.amplitudes.com\/blog-backend\/ou-partir-en-voyage-a-la-toussaint\/","og_site_name":"Blog de l&#039;agence de voyage sur-mesure Amplitudes","article_publisher":"http:\/\/facebook.com\/amplitudes.devoyages\/","article_published_time":"2018-09-22T18:44:16+00:00","article_modified_time":"2026-02-18T16:05:41+00:00","og_image":[{"width":1170,"height":507,"url":"https:\/\/www.amplitudes.com\/blog-backend\/wp-content\/uploads\/2018\/09\/pilanesberg-coupe.jpgok_.jpg","type":"image\/jpeg"}],"author":"Floriane","twitter_card":"summary_large_image","twitter_creator":"@AmplitudesV","twitter_site":"@AmplitudesV","twitter_misc":{"\u00c9crit par":"Floriane","Dur\u00e9e de lecture estim\u00e9e":"3 minutes"},"schema":{"@context":"https:\/\/schema.org","@graph":[{"@type":"WebPage","@id":"https:\/\/www.amplitudes.com\/blog-backend\/ou-partir-en-voyage-a-la-toussaint\/","url":"https:\/\/www.amplitudes.com\/blog-backend\/ou-partir-en-voyage-a-la-toussaint\/","name":"O\u00f9 partir en voyage aux vacances de Toussaint ?","isPartOf":{"@id":"https:\/\/www.amplitudes.com\/blog-backend\/#website"},"datePublished":"2018-09-22T18:44:16+00:00","dateModified":"2026-02-18T16:05:41+00:00","author":{"@id":"https:\/\/www.amplitudes.com\/blog-backend\/#\/schema\/person\/1ac2058edef1f5f0f2c16e7f096a80b1"},"description":"D\u00e9couvrez de lointaines et proches destinations o\u00f9 partir en voyage lors des prochaines vacances de la Toussaint, sous le soleil de la fin Octobre.\u00a0","inLanguage":"fr-FR","potentialAction":[{"@type":"ReadAction","target":["https:\/\/www.amplitudes.com\/blog-backend\/ou-partir-en-voyage-a-la-toussaint\/"]}]},{"@type":"WebSite","@id":"https:\/\/www.amplitudes.com\/blog-backend\/#website","url":"https:\/\/www.amplitudes.com\/blog-backend\/","name":"Blog de l&#039;agence de voyage sur-mesure Amplitudes","description":"","potentialAction":[{"@type":"SearchAction","target":{"@type":"EntryPoint","urlTemplate":"https:\/\/www.amplitudes.com\/blog-backend\/?s={search_term_string}"},"query-input":"required name=search_term_string"}],"inLanguage":"fr-FR"},{"@type":"Person","@id":"https:\/\/www.amplitudes.com\/blog-backend\/#\/schema\/person\/1ac2058edef1f5f0f2c16e7f096a80b1","name":"Floriane","image":{"@type":"ImageObject","inLanguage":"fr-FR","@id":"https:\/\/www.amplitudes.com\/blog-backend\/#\/schema\/person\/image\/","url":"https:\/\/secure.gravatar.com\/avatar\/f3f77af3dabd00f62e61c417047e08f6?s=96&d=mm&r=g","contentUrl":"https:\/\/secure.gravatar.com\/avatar\/f3f77af3dabd00f62e61c417047e08f6?s=96&d=mm&r=g","caption":"Floriane"},"url":"https:\/\/www.amplitudes.com\/blog-backend\/author\/audrey\/"}]}},"_links":{"self":[{"href":"https:\/\/www.amplitudes.com\/blog-backend\/wp-json\/wp\/v2\/posts\/6774"}],"collection":[{"href":"https:\/\/www.amplitudes.com\/blog-backend\/wp-json\/wp\/v2\/posts"}],"about":[{"href":"https:\/\/www.amplitudes.com\/blog-backend\/wp-json\/wp\/v2\/types\/post"}],"author":[{"embeddable":true,"href":"https:\/\/www.amplitudes.com\/blog-backend\/wp-json\/wp\/v2\/users\/2"}],"replies":[{"embeddable":true,"href":"https:\/\/www.amplitudes.com\/blog-backend\/wp-json\/wp\/v2\/comments?post=6774"}],"version-history":[{"count":13,"href":"https:\/\/www.amplitudes.com\/blog-backend\/wp-json\/wp\/v2\/posts\/6774\/revisions"}],"predecessor-version":[{"id":19265,"href":"https:\/\/www.amplitudes.com\/blog-backend\/wp-json\/wp\/v2\/posts\/6774\/revisions\/19265"}],"wp:featuredmedia":[{"embeddable":true,"href":"https:\/\/www.amplitudes.com\/blog-backend\/wp-json\/wp\/v2\/media\/6775"}],"wp:attachment":[{"href":"https:\/\/www.amplitudes.com\/blog-backend\/wp-json\/wp\/v2\/media?parent=6774"}],"wp:term":[{"taxonomy":"category","embeddable":true,"href":"https:\/\/www.amplitudes.com\/blog-backend\/wp-json\/wp\/v2\/categories?post=6774"},{"taxonomy":"post_tag","embeddable":true,"href":"https:\/\/www.amplitudes.com\/blog-backend\/wp-json\/wp\/v2\/tags?post=6774"}],"curies":[{"name":"wp","href":"https:\/\/api.w.org\/{rel}","templated":true}]}}