{"id":7186,"date":"2019-01-19T16:31:49","date_gmt":"2019-01-19T15:31:49","guid":{"rendered":"https:\/\/www.amplitudes.com\/blog-backend\/?p=7186"},"modified":"2026-02-18T17:10:30","modified_gmt":"2026-02-18T16:10:30","slug":"10-destinations-soleil-pour-un-hiver-au-chaud","status":"publish","type":"post","link":"https:\/\/www.amplitudes.com\/blog-backend\/10-destinations-soleil-pour-un-hiver-au-chaud\/","title":{"rendered":"10 destinations soleil pour un hiver au chaud"},"content":{"rendered":"\n<p><em>[Mis \u00e0 jour en novembre 2025]<\/em> De d\u00e9cembre \u00e0 mars, le soleil s\u2019accorde r\u00e9guli\u00e8rement quelques vacances loin du ciel de notre hexagone. Un pays chaud pour l&rsquo;hiver, lancez-vous \u00e0 sa poursuite ! Une partie de ses doux rayons sont pour l\u2019heure pos\u00e9s sur d\u2019anciens<strong> royaumes d\u2019Afrique<\/strong> et <strong>d\u2019Asie <\/strong>tandis que d\u2019autres r\u00e9chauffent de magnifiques<strong> c\u00f4tes tropicales<\/strong>\u2026 Troquez votre bonnet pour un \u00e9l\u00e9gant panama, votre manteau pour la l\u00e9g\u00e8ret\u00e9 d&rsquo;un par\u00e9o, votre caf\u00e9 br\u00fblant pour un cocktail. Br\u00e9sil, Costa Rica, Tha\u00eflande, Kenya&#8230; <strong>Nos cr\u00e9ateurs sont vos meilleurs complices<\/strong> pour cette&nbsp;<a href=\"https:\/\/www.amplitudes.com\/quand-partir\/saisons\/hiver.html\">\u00e9chapp\u00e9e hivernale<\/a> avec ces <strong>10<\/strong> <strong>destinations \u00ab Soleil d\u2019Hiver \u00bb <\/strong>o\u00f9 partir pour profiter d\u2019un hiver radieux et bien au chaud !&nbsp;<\/p>\n\n\n\n<div id=\"ez-toc-container\" class=\"ez-toc-v2_0_17 ez-toc-wrap-left counter-hierarchy counter-decimal\">\n<div class=\"ez-toc-title-container\">\n<p class=\"ez-toc-title\">Sommaire <\/p>\n<span class=\"ez-toc-title-toggle\"><a class=\"ez-toc-pull-right ez-toc-btn ez-toc-btn-xs ez-toc-btn-default ez-toc-toggle\" style=\"display: none;\"><i class=\"ez-toc-glyphicon ez-toc-icon-toggle\"><\/i><\/a><\/span><\/div>\n<nav><ul class=\"ez-toc-list ez-toc-list-level-1\"><li class=\"ez-toc-page-1 ez-toc-heading-level-2\"><a class=\"ez-toc-link ez-toc-heading-1\" href=\"https:\/\/www.amplitudes.com\/blog-backend\/10-destinations-soleil-pour-un-hiver-au-chaud\/#Ou_partir_en_voyage_en_janvier_Le_bleu_et_lor_des_plages_dOman\" title=\"Oman\">Oman<\/a><\/li><li class=\"ez-toc-page-1 ez-toc-heading-level-2\"><a class=\"ez-toc-link ez-toc-heading-2\" href=\"https:\/\/www.amplitudes.com\/blog-backend\/10-destinations-soleil-pour-un-hiver-au-chaud\/#Ou_partir_au_soleil_en_decembre_en_Amerique_du_Sud_La_ferveur_du_Bresil\" title=\"Le Br\u00e9sil\">Le Br\u00e9sil<\/a><\/li><li class=\"ez-toc-page-1 ez-toc-heading-level-2\"><a class=\"ez-toc-link ez-toc-heading-3\" href=\"https:\/\/www.amplitudes.com\/blog-backend\/10-destinations-soleil-pour-un-hiver-au-chaud\/#La_douceur_hivernale_des_Canaries_un_voyage_dans_une_Europe_differente_a_la_carte\" title=\"Les Canaries\">Les Canaries<\/a><\/li><li class=\"ez-toc-page-1 ez-toc-heading-level-2\"><a class=\"ez-toc-link ez-toc-heading-4\" href=\"https:\/\/www.amplitudes.com\/blog-backend\/10-destinations-soleil-pour-un-hiver-au-chaud\/#Le_meilleur_du_Costa_Rica_le_parfait_pays_chaud_en_hiver_Pacifique_ou_Caraibes\" title=\"Le Costa Rica\">Le Costa Rica<\/a><\/li><li class=\"ez-toc-page-1 ez-toc-heading-level-2\"><a class=\"ez-toc-link ez-toc-heading-5\" href=\"https:\/\/www.amplitudes.com\/blog-backend\/10-destinations-soleil-pour-un-hiver-au-chaud\/#Un_safari_en_Tanzanie_la_destination_soleil_ou_voyager_au_sec_cet_hiver\" title=\"La Tanzanie\">La Tanzanie<\/a><\/li><li class=\"ez-toc-page-1 ez-toc-heading-level-2\"><a class=\"ez-toc-link ez-toc-heading-6\" href=\"https:\/\/www.amplitudes.com\/blog-backend\/10-destinations-soleil-pour-un-hiver-au-chaud\/#Un_pays_chaud_en_hiver_les_Seychelles_pour_un_mois_de_janvier_au_paradis\" title=\"Les Seychelles\">Les Seychelles<\/a><\/li><li class=\"ez-toc-page-1 ez-toc-heading-level-2\"><a class=\"ez-toc-link ez-toc-heading-7\" href=\"https:\/\/www.amplitudes.com\/blog-backend\/10-destinations-soleil-pour-un-hiver-au-chaud\/#Que_faire_pendant_un_hiver_sous_le_soleil_des_iles_de_Thailande\" title=\"La Tha\u00eflande\">La Tha\u00eflande<\/a><\/li><li class=\"ez-toc-page-1 ez-toc-heading-level-2\"><a class=\"ez-toc-link ez-toc-heading-8\" href=\"https:\/\/www.amplitudes.com\/blog-backend\/10-destinations-soleil-pour-un-hiver-au-chaud\/#Partir_en_decembre_dans_un_pays_chaud_lInde_du_Sud_pour_un_sejour_ayurvedique_loin_du_froid\" title=\"L&#039;Inde du Sud\">L'Inde du Sud<\/a><\/li><li class=\"ez-toc-page-1 ez-toc-heading-level-2\"><a class=\"ez-toc-link ez-toc-heading-9\" href=\"https:\/\/www.amplitudes.com\/blog-backend\/10-destinations-soleil-pour-un-hiver-au-chaud\/#Savourer_un_hiver_culturel_autrement_sous_le_soleil_de_lEgypte\" title=\"L&#039;\u00c9gypte\">L'\u00c9gypte<\/a><\/li><li class=\"ez-toc-page-1 ez-toc-heading-level-2\"><a class=\"ez-toc-link ez-toc-heading-10\" href=\"https:\/\/www.amplitudes.com\/blog-backend\/10-destinations-soleil-pour-un-hiver-au-chaud\/#Les_paysages_preserves_du_Cambodge_votre_pays_chaud_cet_hiver\" title=\"Le Cambodge\">Le Cambodge<\/a><\/li><\/ul><\/nav><\/div>\n<h2 class=\"wp-block-heading\"><span class=\"ez-toc-section\" id=\"Ou_partir_en_voyage_en_janvier_Le_bleu_et_lor_des_plages_dOman\"><\/span><strong>O\u00f9 partir en voyage en janvier ? Le bleu et l&rsquo;or des plages d\u2019Oman<\/strong><span class=\"ez-toc-section-end\"><\/span><\/h2>\n\n\n\n<figure class=\"wp-block-image size-full\"><img decoding=\"async\" width=\"1110\" height=\"721\" src=\"https:\/\/www.amplitudes.com\/blog-backend\/wp-content\/uploads\/2019\/01\/Amplitudes_004515.jpg\" alt=\"Voyage sur mesure \u00e0 Oman - Un wadi turquoise - Amplitudes\" class=\"wp-image-18479\" srcset=\"https:\/\/www.amplitudes.com\/blog-backend\/wp-content\/uploads\/2019\/01\/Amplitudes_004515.jpg 1110w, https:\/\/www.amplitudes.com\/blog-backend\/wp-content\/uploads\/2019\/01\/Amplitudes_004515-300x195.jpg 300w, https:\/\/www.amplitudes.com\/blog-backend\/wp-content\/uploads\/2019\/01\/Amplitudes_004515-781x507.jpg 781w\" sizes=\"(max-width: 1110px) 100vw, 1110px\" \/><figcaption class=\"wp-element-caption\">La surprise en panorama<\/figcaption><\/figure>\n\n\n\n<p>\u00c0 la recherche d\u2019une oasis au c\u0153ur de l\u2019hiver ? <strong>Le sultanat d\u2019Oman<\/strong> a tout de la perle rare avec ses plages ourl\u00e9es d\u2019une <strong>eau bleue avoisinant les 25\u00b0C <\/strong>! Sous les temp\u00e9ratures estivales de l\u2019Arabie, d\u00e9couvrez une terre au patrimoine naturel authentique. Un voyage \u00e0 l\u2019ombre de <strong>luxuriantes palmeraies<\/strong>. S\u2019accorder une jolie halte ensoleill\u00e9e dans les <strong>villages en pis\u00e9<\/strong> aux portes du d\u00e9sert. Ou dans les <strong>wadis<\/strong>, ces canyons d\u2019eau douce embl\u00e9matiques. Suivez les pas de votre guide dans les ruelles de<strong> la belle Mascate<\/strong> pour d\u00e9nicher une eau de rose ou un encens artisanal. Rejoignez votre<strong> h\u00f4tel 5*<\/strong> pour savourer l&rsquo;exclusivit\u00e9 d&rsquo;une rafraichissante piscine avant le d\u00eener r\u00e9v\u00e9lant <a href=\"https:\/\/www.amplitudes.com\/voyage-oman\/circuit-oman\/sejour-oman\/oman.html\">toute la g\u00e9n\u00e9rosit\u00e9 omanaise<\/a>. Un<strong> cours de cuisine priv\u00e9 <\/strong>vous enseigne \u00e0 manier ainsi les \u00e9pices. Conserver la puissance en gommant la br\u00fblure, entrem\u00ealer sans d\u00e9naturer, ici tout est histoire d&rsquo;\u00e9quilibre.<\/p>\n\n\n\n<blockquote class=\"wp-block-quote\">\n<p><strong>La touche Amplitudes : <\/strong>Pour vivre pleinement cette destination soleil en hiver, plongez dans l&rsquo;exp\u00e9rience du d\u00e9sert Rub Al-Khali.&nbsp;Il faut faire confiance \u00e0 vos experts pour vous laisser guider entre les dunes.&nbsp;Un camp de luxe s&rsquo;est \u00e9tabli dans la paume d&rsquo;une vall\u00e9e. Un silence d&rsquo;or r\u00e9sonne dans votre \u00e2me voyageuse&#8230; Musique et danse animent le cr\u00e9puscule, comme une premi\u00e8re partie pour vous pr\u00e9parer \u00e0 la magie d&rsquo;un ciel \u00e9toil\u00e9 \u00e0 la profondeur onirique.&nbsp;<\/p>\n<\/blockquote>\n\n\n\n<h2 class=\"wp-block-heading\"><span class=\"ez-toc-section\" id=\"Ou_partir_au_soleil_en_decembre_en_Amerique_du_Sud_La_ferveur_du_Bresil\"><\/span><strong>O\u00f9 partir au soleil en d\u00e9cembre en Am\u00e9rique du Sud ? La ferveur du Br\u00e9sil<\/strong><span class=\"ez-toc-section-end\"><\/span><\/h2>\n\n\n\n<figure class=\"wp-block-image size-full\"><img decoding=\"async\" width=\"1110\" height=\"721\" src=\"https:\/\/www.amplitudes.com\/blog-backend\/wp-content\/uploads\/2019\/01\/Amplitudes_008864.jpg\" alt=\"Voyage en hiver au Br\u00e9sil - La vue depuis le Corcovado - Amplitudes\" class=\"wp-image-18480\" srcset=\"https:\/\/www.amplitudes.com\/blog-backend\/wp-content\/uploads\/2019\/01\/Amplitudes_008864.jpg 1110w, https:\/\/www.amplitudes.com\/blog-backend\/wp-content\/uploads\/2019\/01\/Amplitudes_008864-300x195.jpg 300w, https:\/\/www.amplitudes.com\/blog-backend\/wp-content\/uploads\/2019\/01\/Amplitudes_008864-781x507.jpg 781w\" sizes=\"(max-width: 1110px) 100vw, 1110px\" \/><figcaption class=\"wp-element-caption\">Envie d&rsquo;un d\u00e9cembre \u00e0 part ?<\/figcaption><\/figure>\n\n\n\n<p>Le Br\u00e9sil est la destination parfaite pour emmener votre partenaire ou votre famille loin des tracas frileux d&rsquo;un hiver d\u00e9j\u00e0 trop long. <a href=\"https:\/\/www.amplitudes.com\/voyage-bresil\/circuit-bresil\/sejour-bresil\/bresil\/hiver-bresil.html\">Pr\u00e9f\u00e9rez l\u2019\u00e9t\u00e9 austral br\u00e9silien \u00e0 l\u2019hiver hexagonal<\/a> pour faire le plein de soleil, de vitamines et de bonne humeur. <strong>Pour le Nouvel An<\/strong>, les villes d\u00e9bordent de cette \u00e9nergie joyeuse. De <strong>rituels sc\u00e9niques<\/strong> qui marquent la m\u00e9moire. Sauter par-dessus les vagues \u00e0 minuit, tout v\u00eatu de blanc, danser et jouer au football avec les enfants sur la plage\u2026 Le rendez-vous est pris pour les <strong>carnavals de Rio et de Salvador de Bahia<\/strong>\u00a0qui se tiennent chaque ann\u00e9e entre la fin f\u00e9vrier et le tout d\u00e9but mars. Le sable dor\u00e9 des plages de r\u00eave d\u2019<strong>Ipanema<\/strong> et de <strong>Copacabana<\/strong>, une <strong>eau \u00e0 26\u2009\u00b0C <\/strong>et des rythmes endiabl\u00e9s de samba compl\u00e8tent ce d\u00e9cor, promesse d\u2019un hiver chaleureux \u00e0 souhait !\u00a0<\/p>\n\n\n\n<blockquote class=\"wp-block-quote\">\n<p><strong>La touche Amplitudes : <\/strong>Transferts priv\u00e9s, guides personnels francophones, notre conciergerie toujours \u00e0 port\u00e9e de voix par t\u00e9l\u00e9phone et Whatsapp, le Br\u00e9sil Amplitudes laisse \u00e0 l&rsquo;a\u00e9roport les tracas de s\u00e9curit\u00e9. Pour vous ouvrir les portes de cette culture \u00e9clatante, nous nous assurons que vous vous sentiez bien partout. De vos r\u00e9gimes alimentaires \u00e0 vos pr\u00e9f\u00e9rences de rythme de voyage, chaque d\u00e9tail de votre \u00e9chapp\u00e9e refl\u00e8te votre personnalit\u00e9.<\/p>\n<\/blockquote>\n\n\n\n<h2 class=\"wp-block-heading\"><span class=\"ez-toc-section\" id=\"La_douceur_hivernale_des_Canaries_un_voyage_dans_une_Europe_differente_a_la_carte\"><\/span><strong>La douceur hivernale des Canaries, un voyage dans une Europe diff\u00e9rente \u00e0 la carte<\/strong><span class=\"ez-toc-section-end\"><\/span><\/h2>\n\n\n\n<figure class=\"wp-block-image size-full\"><img decoding=\"async\" width=\"1110\" height=\"721\" src=\"https:\/\/www.amplitudes.com\/blog-backend\/wp-content\/uploads\/2019\/01\/Amplitudes_006322.jpg\" alt=\"Voyage aux Canaries - Votre destination soleil en hiver - Amplitudes\" class=\"wp-image-18481\" srcset=\"https:\/\/www.amplitudes.com\/blog-backend\/wp-content\/uploads\/2019\/01\/Amplitudes_006322.jpg 1110w, https:\/\/www.amplitudes.com\/blog-backend\/wp-content\/uploads\/2019\/01\/Amplitudes_006322-300x195.jpg 300w, https:\/\/www.amplitudes.com\/blog-backend\/wp-content\/uploads\/2019\/01\/Amplitudes_006322-781x507.jpg 781w\" sizes=\"(max-width: 1110px) 100vw, 1110px\" \/><figcaption class=\"wp-element-caption\">Nuancier hivernal inattendu<\/figcaption><\/figure>\n\n\n\n<p><strong>Trouver le soleil dans un pays chaud cet hiver en Europe ? <\/strong>C\u2019est \u00e9videmment possible ! <a href=\"https:\/\/www.amplitudes.com\/voyage-canaries\/circuit-canaries\/sejour-canaries\/canaries.html\">Destination les Canaries<\/a>, ses journ\u00e9es lumineuses et sa moyenne de 20\u00b0C. Peu de pr\u00e9cipitations \u00e0 pr\u00e9voir dans le ciel de ces \u00eeles de l\u2019Atlantique o\u00f9 la vie s\u2019\u00e9coule sous le mantra <em>sea, slow and sun<\/em>. Profitez de ce climat des plus agr\u00e9ables pour explorer les sites naturels de <a href=\"https:\/\/www.amplitudes.com\/voyage-tenerife\/circuit-tenerife\/sejour-tenerife\/tenerife.html\">Tenerife<\/a> et de&nbsp;<strong>La Gomera<\/strong> : <strong>plages vivifiantes<\/strong>, <strong>volcans <\/strong>sauvages\u2026 Les \u00eeles de l&rsquo;\u00e9ternel printemps sont parfaites pour tout explorateur. Moments de d\u00e9tente sur le sable noir, exploration de r\u00e9serves naturelles en randonn\u00e9e, fl\u00e2nerie dans les rues pav\u00e9es de villes historiques&#8230;&nbsp;L&rsquo;archipel espagnol fut une d\u00e9couverte merveilleuse pour<strong> la voyageuse &#8211; instagrameuse Nicole Bernardes<\/strong> ! Elle et toute sa famille sont partis \u00e0 la rencontre de la belle Tenerife pour 8 jours de <strong>road trip 5*<\/strong>. De d\u00e9gustations en adresses de luxe, elle nous raconte son exp\u00e9rience dans <a href=\"https:\/\/www.amplitudes.com\/voyage-signature\/voyage-canaries\/circuit-canaries\/sejour-canaries\/amplitudes-x-nicole-bernardes-road-trip-5-a-tenerife-une-semaine-pour-la-beaute.html\">son voyage signature<\/a>.&nbsp;<\/p>\n\n\n\n<blockquote class=\"wp-block-quote\">\n<p><strong>La touche Amplitudes : <\/strong>Si les nuits d&rsquo;hiver restent fra\u00eeches sur les sommets de Tenerife, laissez-vous tout de m\u00eame tenter par une aventure au del\u00e0 des fronti\u00e8res terrestres. Accompagn\u00e9s d&rsquo;un guide francophone, grimpez sur les hauteurs du mythique Teide puis installez-vous pour une visite des \u00e9toiles et des l\u00e9gendes astrales. Accompagnant votre regard, la voix apaisante de votre escorte louvoie entre constellation et galaxies. Un moment de vertige immobile&#8230;<\/p>\n<\/blockquote>\n\n\n\n<h2 class=\"wp-block-heading\"><span class=\"ez-toc-section\" id=\"Le_meilleur_du_Costa_Rica_le_parfait_pays_chaud_en_hiver_Pacifique_ou_Caraibes\"><\/span><strong>Le meilleur du Costa Rica, le parfait pays chaud en hiver : Pacifique ou Cara\u00efbes ?<\/strong><span class=\"ez-toc-section-end\"><\/span><\/h2>\n\n\n\n<figure class=\"wp-block-image size-full\"><img decoding=\"async\" width=\"1110\" height=\"721\" src=\"https:\/\/www.amplitudes.com\/blog-backend\/wp-content\/uploads\/2019\/01\/Amplitudes_002065.jpg\" alt=\"Road trip au Costa Rica - Les vall\u00e9es verdoyantes - Amplitudes\" class=\"wp-image-18485\" srcset=\"https:\/\/www.amplitudes.com\/blog-backend\/wp-content\/uploads\/2019\/01\/Amplitudes_002065.jpg 1110w, https:\/\/www.amplitudes.com\/blog-backend\/wp-content\/uploads\/2019\/01\/Amplitudes_002065-300x195.jpg 300w, https:\/\/www.amplitudes.com\/blog-backend\/wp-content\/uploads\/2019\/01\/Amplitudes_002065-781x507.jpg 781w\" sizes=\"(max-width: 1110px) 100vw, 1110px\" \/><figcaption class=\"wp-element-caption\">La pure vida pour la nouvelle ann\u00e9e <\/figcaption><\/figure>\n\n\n\n<p>Un voyage au soleil au <strong>pays de la Pura Vida<\/strong>\u2026 Le Costa Rica est une destination particuli\u00e8re dans l&rsquo;\u00e9ventail de nos cr\u00e9ateurs. D\u00e9couvertes culturelles, diversit\u00e9 de paysages, ciel azur et <strong>jungle peupl\u00e9e de toucans et de singes<\/strong>, toutes les envies se retrouvent dans les mille nuances de vert de cette terre prolifique. Les ponts suspendus au-dessus des rivi\u00e8res vous guident jusqu&rsquo;aux volcans. Les routes sinueuses, elles, vous guident de villages de p\u00eacheurs isol\u00e9s en stations baln\u00e9aires, <strong>du Pacifique aux Cara\u00efbes<\/strong>. La c\u00f4te est est la plus populaire avec ses eaux ti\u00e8des, ses airs de tropiques et ses f\u00eates sur la plage. Celle de l&rsquo;ouest est plus <strong>confidentielle<\/strong>, sauvage, encore pr\u00e9serv\u00e9e des foules, particuli\u00e8rement \u00e0 cette p\u00e9riode de l&rsquo;ann\u00e9e. Votre Travel Designer trace votre itin\u00e9raire costaricien<strong> afin qu&rsquo;il refl\u00e8te votre personnalit\u00e9<\/strong>, mais qu&rsquo;il sache aussi vous surprendre. Une <strong>rencontre avec des artisans<\/strong>, un <strong>massage <\/strong>au c\u0153ur de la for\u00eat, laissez-vous entra\u00eener&#8230;&nbsp;<\/p>\n\n\n\n<blockquote class=\"wp-block-quote\">\n<p><strong>La touche Amplitudes : <\/strong>D\u00e9cembre correspondant \u00e0 la saison s\u00e8che au Costa Rica, nos experts vous invitent \u00e0 profiter pleinement de la destination en pr\u00e9voyant au moins <a href=\"https:\/\/www.amplitudes.com\/voyage-costa-rica\/circuit-costa-rica\/sejour-costa-rica\/costa-rica\/circuit-dix-jours.html\">12 jours de voyage<\/a>. Cela vous offre 10 jours pleins sur place, une dur\u00e9e suffisante pour explorer \u00e0 loisir les diff\u00e9rentes facettes du pays tout en m\u00e9nageant des temps de repos. Mais pour encore plus de confort, <a href=\"https:\/\/www.amplitudes.com\/voyage-costa-rica\/circuit-costa-rica\/sejour-costa-rica\/costa-rica\/circuit-quinze-jours.html\">consacrez deux semaines \u00e0 votre \u00e9vasion<\/a> est un luxe que nous vous encourageons \u00e0 explorer.<\/p>\n<\/blockquote>\n\n\n\n<hr class=\"wp-block-separator has-alpha-channel-opacity is-style-wide\"\/>\n\n\n\n<div class=\"wp-block-group is-layout-constrained wp-block-group-is-layout-constrained\"><div class=\"wp-block-group__inner-container\">\n<div class=\"wp-block-group background-color : # is-layout-constrained wp-block-group-is-layout-constrained\"><div class=\"wp-block-group__inner-container\">\n<div class=\"wp-block-columns is-layout-flex wp-container-core-columns-layout-1 wp-block-columns-is-layout-flex\">\n<div class=\"wp-block-column is-layout-flow wp-block-column-is-layout-flow\">\n<figure class=\"wp-block-image size-full\"><img decoding=\"async\" width=\"1110\" height=\"721\" src=\"https:\/\/www.amplitudes.com\/blog-backend\/wp-content\/uploads\/2019\/01\/image00081.jpg\" alt=\"Voyage sur mesure en Tha\u00eflande - The Babooshka en exploration - Amplitudes\" class=\"wp-image-18501\" style=\"object-fit:cover\" srcset=\"https:\/\/www.amplitudes.com\/blog-backend\/wp-content\/uploads\/2019\/01\/image00081.jpg 1110w, https:\/\/www.amplitudes.com\/blog-backend\/wp-content\/uploads\/2019\/01\/image00081-300x195.jpg 300w, https:\/\/www.amplitudes.com\/blog-backend\/wp-content\/uploads\/2019\/01\/image00081-781x507.jpg 781w\" sizes=\"(max-width: 1110px) 100vw, 1110px\" \/><\/figure>\n\n\n\n<p class=\"has-text-align-center\"><strong>Voyage Tha\u00eflande &#8211; Laos : Amplitudes x Thebabooshka : Des fleurs aux racines<\/strong><\/p>\n\n\n\n<div class=\"wp-block-buttons is-layout-flex wp-block-buttons-is-layout-flex\">\n<div class=\"wp-block-button has-custom-width wp-block-button__width-100 has-custom-font-size\" style=\"font-size:16px\"><a class=\"wp-block-button__link wp-element-button\" href=\"https:\/\/www.amplitudes.com\/voyage-signature\/voyage-laos\/circuit-laos\/sejour-laos\/amplitudes-x-thebabooshka--des-fleurs-aux-racines.html\" style=\"border-radius:0px\">D\u00c9COUVRIR<\/a><\/div>\n<\/div>\n<\/div>\n\n\n\n<div class=\"wp-block-column is-layout-flow wp-block-column-is-layout-flow\">\n<figure class=\"wp-block-image size-full\"><img decoding=\"async\" width=\"1110\" height=\"721\" src=\"https:\/\/www.amplitudes.com\/blog-backend\/wp-content\/uploads\/2019\/01\/Amplitudes_019393.jpg\" alt=\"S\u00e9jour en hiver \u00e0 Rio de Janeiro- Une femme en tenue traditionnelle - Amplitudes\" class=\"wp-image-18502\" srcset=\"https:\/\/www.amplitudes.com\/blog-backend\/wp-content\/uploads\/2019\/01\/Amplitudes_019393.jpg 1110w, https:\/\/www.amplitudes.com\/blog-backend\/wp-content\/uploads\/2019\/01\/Amplitudes_019393-300x195.jpg 300w, https:\/\/www.amplitudes.com\/blog-backend\/wp-content\/uploads\/2019\/01\/Amplitudes_019393-781x507.jpg 781w\" sizes=\"(max-width: 1110px) 100vw, 1110px\" \/><\/figure>\n\n\n\n<p class=\"has-text-align-center\"><strong>Voyage sur mesure au Br\u00e9sil : Sous les feux du Nouvel An br\u00e9silien<\/strong><\/p>\n\n\n\n<div class=\"wp-block-buttons is-layout-flex wp-block-buttons-is-layout-flex\">\n<div class=\"wp-block-button has-custom-width wp-block-button__width-100 has-custom-font-size\" style=\"font-size:16px\"><a class=\"wp-block-button__link wp-element-button\" href=\"https:\/\/www.amplitudes.com\/voyage\/voyage-bresil\/circuit-bresil\/sejour-bresil\/sous-les-feux-du-nouvel-an-bresilien.html\" style=\"border-radius:0px\">D\u00c9COUVRIR<\/a><\/div>\n<\/div>\n<\/div>\n\n\n\n<div class=\"wp-block-column is-layout-flow wp-block-column-is-layout-flow\">\n<figure class=\"wp-block-image size-full\"><img decoding=\"async\" width=\"1110\" height=\"721\" src=\"https:\/\/www.amplitudes.com\/blog-backend\/wp-content\/uploads\/2019\/01\/image00061.jpg\" alt=\"Voyage \u00e0 Tenerife en famille - Nicole Bernardes et sa famille - Amplitudes\" class=\"wp-image-18503\" srcset=\"https:\/\/www.amplitudes.com\/blog-backend\/wp-content\/uploads\/2019\/01\/image00061.jpg 1110w, https:\/\/www.amplitudes.com\/blog-backend\/wp-content\/uploads\/2019\/01\/image00061-300x195.jpg 300w, https:\/\/www.amplitudes.com\/blog-backend\/wp-content\/uploads\/2019\/01\/image00061-781x507.jpg 781w\" sizes=\"(max-width: 1110px) 100vw, 1110px\" \/><\/figure>\n\n\n\n<p class=\"has-text-align-center\"><strong>Amplitudes x Nicole Bernardes : Road trip 5* \u00e0 T\u00e9n\u00e9rife, une semaine pour la beaut\u00e9<\/strong><\/p>\n\n\n\n<div class=\"wp-block-buttons is-layout-flex wp-block-buttons-is-layout-flex\">\n<div class=\"wp-block-button has-custom-width wp-block-button__width-100 has-custom-font-size\" style=\"font-size:16px\"><a class=\"wp-block-button__link wp-element-button\" href=\"https:\/\/www.amplitudes.com\/voyage-signature\/voyage-canaries\/circuit-canaries\/sejour-canaries\/amplitudes-x-nicole-bernardes-road-trip-5-a-tenerife-une-semaine-pour-la-beaute.html\" style=\"border-radius:0px\">D\u00c9COUVRIR<\/a><\/div>\n<\/div>\n\n\n\n<div style=\"height:50px\" aria-hidden=\"true\" class=\"wp-block-spacer\"><\/div>\n<\/div>\n<\/div>\n<\/div><\/div>\n<\/div><\/div>\n\n\n\n<hr class=\"wp-block-separator has-alpha-channel-opacity is-style-wide\"\/>\n\n\n\n<h2 class=\"wp-block-heading\"><span class=\"ez-toc-section\" id=\"Un_safari_en_Tanzanie_la_destination_soleil_ou_voyager_au_sec_cet_hiver\"><\/span><strong>Un safari en Tanzanie, la destination soleil o\u00f9 voyager au sec cet hiver<\/strong><span class=\"ez-toc-section-end\"><\/span><\/h2>\n\n\n\n<figure class=\"wp-block-image size-full\"><img decoding=\"async\" width=\"1110\" height=\"721\" src=\"https:\/\/www.amplitudes.com\/blog-backend\/wp-content\/uploads\/2019\/01\/Amplitudes_001820.jpg\" alt=\"Safari en Tanzanie - Un cr\u00e9puscule sur la savane - Amplitudes\" class=\"wp-image-18483\" srcset=\"https:\/\/www.amplitudes.com\/blog-backend\/wp-content\/uploads\/2019\/01\/Amplitudes_001820.jpg 1110w, https:\/\/www.amplitudes.com\/blog-backend\/wp-content\/uploads\/2019\/01\/Amplitudes_001820-300x195.jpg 300w, https:\/\/www.amplitudes.com\/blog-backend\/wp-content\/uploads\/2019\/01\/Amplitudes_001820-781x507.jpg 781w\" sizes=\"(max-width: 1110px) 100vw, 1110px\" \/><figcaption class=\"wp-element-caption\">Hiver soleil, savane orange<\/figcaption><\/figure>\n\n\n\n<p>Un soleil de feu enflamme la savane tanzanienne, de l\u2019aube orang\u00e9e au cr\u00e9puscule rubis\u2026 <strong>Nos longs mois d\u2019hiver correspondent ici au plein \u00e9t\u00e9, une saison s\u00e8che et chaude o\u00f9 les temp\u00e9ratures fr\u00f4lent les 40\u00b0.<\/strong> Lions, l\u00e9opards, gazelles, \u00e9l\u00e9phants et autres girafes cherchent alors un peu de fra\u00eecheur et se regroupent autour des plans d\u2019eau. <strong>En jeep, \u00e0 cheval ou \u00e0 pied<\/strong>, approchez les troupeaux, sentez la vibration de cette vie prot\u00e9g\u00e9e. Dans <a href=\"https:\/\/www.amplitudes.com\/voyage-serengeti\/circuit-serengeti\/sejour-serengeti\/serengeti.html\">les&nbsp;vallons herbeux qui d\u00e9coupent le c\u0153ur du Serengeti<\/a> ou au creux du <a href=\"https:\/\/www.amplitudes.com\/voyage-ngorongoro\/circuit-ngorongoro\/sejour-ngorongoro\/ngorongoro.html\">crat\u00e8re de Ngorongoro<\/a>, la <strong>magie des grands espaces<\/strong> op\u00e8re toujours avec autant de force sur les c\u0153urs nomades. Apr\u00e8s ces belles heures de safaris, la nuit tombe \u00e0 point nomm\u00e9 pour appr\u00e9cier les \u00e9quipements de <strong>superbes camps<\/strong>. Piscines non chlor\u00e9es pour que les \u00e9l\u00e9phants puissent s&rsquo;y abreuver, d\u00eener dans le boma pour voir pa\u00eetre les rhinoc\u00e9ros\u2026<\/p>\n\n\n\n<blockquote class=\"wp-block-quote\">\n<p><strong>La touche Amplitudes : <\/strong>Pour savourer plus encore cette atmosph\u00e8re d&rsquo;hiver au soleil, pourquoi ne pas combiner votre aventure terrestre avec le visage oc\u00e9anique de la Tanzanie : Zanzibar. <a href=\"https:\/\/www.amplitudes.com\/voyage-tanzanie\/circuit-tanzanie\/sejour-tanzanie\/tanzanie\/combine-tanzanie-zanzibar.html\">L\u2019accord parfait entre deux souffles d\u2019Afrique<\/a>. Apr\u00e8s les mers herbeuses, les vagues turquoise viennent caresser les c\u00f4tes priv\u00e9es de Mnemba Island o\u00f9 votre concierge Amplitudes vous a trouv\u00e9 une superbe villa \u00e0 l&rsquo;atmosph\u00e8re hippie-chic divine. Imaginez une croisi\u00e8re sur un dhow avec une coupe de champagne pour le Nouvel An&#8230;&nbsp;<\/p>\n<\/blockquote>\n\n\n\n<h2 class=\"wp-block-heading\"><span class=\"ez-toc-section\" id=\"Un_pays_chaud_en_hiver_les_Seychelles_pour_un_mois_de_janvier_au_paradis\"><\/span><strong>Un pays chaud en hiver : les Seychelles pour un mois de janvier au paradis<\/strong><span class=\"ez-toc-section-end\"><\/span><\/h2>\n\n\n\n<figure class=\"wp-block-image size-full\"><img decoding=\"async\" width=\"1110\" height=\"721\" src=\"https:\/\/www.amplitudes.com\/blog-backend\/wp-content\/uploads\/2019\/01\/Amplitudes_010538.jpg\" alt=\"Croisi\u00e8re aux Seychelles - Un hamac sur la plage - Amplitudes\" class=\"wp-image-18484\" srcset=\"https:\/\/www.amplitudes.com\/blog-backend\/wp-content\/uploads\/2019\/01\/Amplitudes_010538.jpg 1110w, https:\/\/www.amplitudes.com\/blog-backend\/wp-content\/uploads\/2019\/01\/Amplitudes_010538-300x195.jpg 300w, https:\/\/www.amplitudes.com\/blog-backend\/wp-content\/uploads\/2019\/01\/Amplitudes_010538-781x507.jpg 781w\" sizes=\"(max-width: 1110px) 100vw, 1110px\" \/><figcaption class=\"wp-element-caption\">L&rsquo;image du paradis ?<\/figcaption><\/figure>\n\n\n\n<p>Vous r\u00eavez de soleil en hiver ? De la chaleur des tropiques ? Des plages de sable fin retir\u00e9es du monde moderne ? De<strong> larguer les amarres<\/strong> pour voguer sur des eaux \u00e0 25\u00b0C ? De douce f\u00e9licit\u00e9 oc\u00e9ane ? Ce r\u00eave, c\u2019est celui d\u2019<a href=\"https:\/\/www.amplitudes.com\/voyage-seychelles\/circuit-seychelles\/sejour-seychelles\/seychelles\/croisiere-catamaran-seychelles.html\">une idyllique croisi\u00e8re aux Seychelles en catamaran<\/a> ! Les <strong>Seychelles <\/strong>sont un v\u00e9ritable paradis de lagons turquoise o\u00f9 vivent tortues, dauphins et raies avec lesquels nager loin, <strong>tr\u00e8s loin de la grisaille hexagonale<\/strong>\u2026 Votre cr\u00e9ateur d&rsquo;\u00e9chapp\u00e9es sur mesure \u00e9coute votre gourmandise. Une, deux ou trois \u00eeles flottantes ? <strong>Mah\u00e9<\/strong>, <strong>Praslin<\/strong>, <strong>La Digue <\/strong>ou \u00eates-vous plut\u00f4t <a href=\"https:\/\/www.amplitudes.com\/voyage-seychelles\/circuit-seychelles\/sejour-seychelles\/seychelles\/hotel-ile-seychelles.html\">\u00eele-h\u00f4tel haut de gamme<\/a> avec majordome personnel ? Qui mieux que les Seychelles se pr\u00eatent \u00e0 la <strong>parfaite indolence d&rsquo;un hiver 5*<\/strong> bien au chaud sur le sable ? Billets d&rsquo;avion, transferts, r\u00e9servation d&rsquo;h\u00f4tels, de bateaux, de visites, notre conciergerie s&rsquo;occupe de chacune de vos envies pour que nous n&rsquo;ayez qu&rsquo;\u00e0 savourer\u2026<\/p>\n\n\n\n<blockquote class=\"wp-block-quote\">\n<p><strong>La touche Amplitudes : <\/strong>Les Seychelles sont de ces beaut\u00e9s qui s&rsquo;explorent toute l&rsquo;ann\u00e9e. Loin des chemins des cyclones que connaissent les autres \u00eeles, ici les temp\u00e9ratures sont toujours douces, le cadre idyllique et l&rsquo;hospitalit\u00e9 l\u00e9gendaire&#8230; Mais comme toute destination id\u00e9ale, cet archipel est particuli\u00e8rement pris\u00e9. Nous vous recommandons d&rsquo;anticiper votre exp\u00e9rience exotique de 10 \u00e0 12 mois pour vous assurer les disponibilit\u00e9s des plus belles adresses et des meilleurs guides.&nbsp;<\/p>\n<\/blockquote>\n\n\n\n<h2 class=\"wp-block-heading\"><span class=\"ez-toc-section\" id=\"Que_faire_pendant_un_hiver_sous_le_soleil_des_iles_de_Thailande\"><\/span><strong>Que faire pendant un hiver sous le soleil des \u00eeles de Tha\u00eflande ?<\/strong><span class=\"ez-toc-section-end\"><\/span><\/h2>\n\n\n\n<figure class=\"wp-block-image size-full\"><img decoding=\"async\" width=\"1110\" height=\"721\" src=\"https:\/\/www.amplitudes.com\/blog-backend\/wp-content\/uploads\/2019\/01\/Amplitudes_021047.jpg\" alt=\"S\u00e9jour en Tha\u00eflande - Les cascades cristallines - Amplitudes\" class=\"wp-image-18482\" srcset=\"https:\/\/www.amplitudes.com\/blog-backend\/wp-content\/uploads\/2019\/01\/Amplitudes_021047.jpg 1110w, https:\/\/www.amplitudes.com\/blog-backend\/wp-content\/uploads\/2019\/01\/Amplitudes_021047-300x195.jpg 300w, https:\/\/www.amplitudes.com\/blog-backend\/wp-content\/uploads\/2019\/01\/Amplitudes_021047-781x507.jpg 781w\" sizes=\"(max-width: 1110px) 100vw, 1110px\" \/><figcaption class=\"wp-element-caption\">Un hiver turquoise<\/figcaption><\/figure>\n\n\n\n<p>Un autre pays o\u00f9 l&rsquo;hiver est chaud : la <strong>Tha\u00eflande<\/strong>. Le <a href=\"https:\/\/www.amplitudes.com\/voyage-thailande\/circuit-thailande\/sejour-thailande\/thailande.html\">Pays du Sourire<\/a> qui transforme chaque d\u00e9but d\u2019ann\u00e9e en parenth\u00e8se lumineuse. Ici, on range les manteaux pour enfiler le <strong>maillot de bain<\/strong>, berc\u00e9 par la douceur d\u2019un <strong>climat tropical<\/strong> qui enveloppe tout, des ruelles anim\u00e9es de <strong>Bangkok<\/strong> aux lagons translucides des \u00eeles du Sud. \u00c0 <strong>Koh Samui<\/strong>, les <strong>plages de sable blanc <\/strong>d\u00e9roulent leur ti\u00e9deur tandis que les palmiers se balancent doucement au-dessus de l\u2019eau. \u00c0 <strong>Koh Phi Phi<\/strong>, les reliefs vertigineux plongent dans la mer et composent des d\u00e9cors dignes d\u2019un r\u00eave tropical. Entre deux baignades, l\u2019<strong>ambiance festive<\/strong> de la Tha\u00eflande accompagne les soir\u00e9es : march\u00e9s vibrants, rooftops, bars de plage\u2026 Un voyage en <strong>Asie du Sud<\/strong> qui promet une <strong>exp\u00e9rience unique<\/strong>, faite de douceur, d\u2019\u00e9vasion et d\u2019\u00e9nergie solaire \u2014 la plus belle mani\u00e8re d\u2019illuminer votre hiver.<\/p>\n\n\n\n<blockquote class=\"wp-block-quote\">\n<p><strong>La touche Amplitudes : <\/strong>Pour une exp\u00e9rience sur mesure extraordinaire, suivez les pas de Charl\u00e8ne aka TheBabooshka sur Instagram. Nos cr\u00e9ateurs ont imagin\u00e9 pour elle et sa famille une nuit sous une bulle au c\u0153ur d&rsquo;un sanctuaire d&rsquo;\u00e9l\u00e9phants. Le lendemain, les soigneurs les ont accompagn\u00e9s dans une approche sensible et \u00e9mouvante de ces g\u00e9ants ayant retrouv\u00e9 la paix. Nourrissage, bain et balade sur les chemins, c&rsquo;est un r\u00eave r\u00e9alis\u00e9 pour tous les \u00e2ges.<\/p>\n<\/blockquote>\n\n\n\n<h2 class=\"wp-block-heading\"><span class=\"ez-toc-section\" id=\"Partir_en_decembre_dans_un_pays_chaud_lInde_du_Sud_pour_un_sejour_ayurvedique_loin_du_froid\"><\/span><strong>Partir en d\u00e9cembre dans un pays chaud, l&rsquo;Inde du Sud pour un s\u00e9jour ayurv\u00e9dique loin du froid<\/strong><span class=\"ez-toc-section-end\"><\/span><\/h2>\n\n\n\n<figure class=\"wp-block-image size-full\"><img decoding=\"async\" width=\"1110\" height=\"721\" src=\"https:\/\/www.amplitudes.com\/blog-backend\/wp-content\/uploads\/2019\/01\/Amplitudes_008004.jpg\" alt=\"Croisi\u00e8re en houseboat au Kerala - Les canaux des Backwaters - Amplitudes\" class=\"wp-image-18486\" srcset=\"https:\/\/www.amplitudes.com\/blog-backend\/wp-content\/uploads\/2019\/01\/Amplitudes_008004.jpg 1110w, https:\/\/www.amplitudes.com\/blog-backend\/wp-content\/uploads\/2019\/01\/Amplitudes_008004-300x195.jpg 300w, https:\/\/www.amplitudes.com\/blog-backend\/wp-content\/uploads\/2019\/01\/Amplitudes_008004-781x507.jpg 781w\" sizes=\"(max-width: 1110px) 100vw, 1110px\" \/><figcaption class=\"wp-element-caption\">En flottant vers le calme<\/figcaption><\/figure>\n\n\n\n<p>L\u2019<strong>Inde du Sud <\/strong>est une&nbsp;terre de chaleur, de lenteur et de gu\u00e9rison int\u00e9rieure. Ici, l\u2019hiver s\u2019efface sous la caresse d\u2019un <strong>climat tropical<\/strong>, id\u00e9al pour s\u2019offrir un <a href=\"https:\/\/www.amplitudes.com\/voyage-inde\/circuit-inde\/sejour-inde\/inde\/sejour-ayurvedique-kerala.html\">s\u00e9jour ayurv\u00e9dique au bord de l\u2019oc\u00e9an Indien<\/a>. Entre les <strong>plantations de th\u00e9 du <\/strong><a href=\"https:\/\/www.amplitudes.com\/voyage-kerala\/circuit-kerala\/sejour-kerala\/kerala.html\">Kerala<\/a>, les jardins fleuris des retraites holistiques et le murmure r\u00e9gulier des vagues, on retrouve le rythme du corps et de l\u2019esprit. Les traitements ancestraux, les <strong>massages aux huiles chaudes <\/strong>et l\u2019alimentation \u00e9quilibr\u00e9e deviennent un v\u00e9ritable art de vivre, port\u00e9 par la douceur de l\u2019Inde. Apr\u00e8s une<strong> s\u00e9ance de yoga au lever du soleil<\/strong>, on se laisse envelopper par la <strong>s\u00e9r\u00e9nit\u00e9 des Backwaters<\/strong>, avant de savourer la cuisine parfum\u00e9e du sud. Un voyage o\u00f9 chaque geste soigne, o\u00f9 chaque instant apaise. Une&nbsp;<strong>exp\u00e9rience unique<\/strong>, profond\u00e9ment r\u00e9g\u00e9n\u00e9rante, pour accueillir l\u2019hiver avec le sourire le plus d\u00e9tendu de l&rsquo;ann\u00e9e.<\/p>\n\n\n\n<blockquote class=\"wp-block-quote\">\n<p><strong>&nbsp;La touche Amplitudes : <\/strong>Pour une immersion plus lente encore, plus contemplative, laissez nos experts vous guider <a href=\"https:\/\/www.amplitudes.com\/voyage-inde\/circuit-inde\/sejour-inde\/inde\/voyage-houseboat.html\">\u00e0 bord d&rsquo;un houseboat<\/a>. Une croisi\u00e8re sur les canaux florissants de Cochin renouvelle votre image de l&rsquo;Inde. Elle que l&rsquo;on d\u00e9peint toujours agit\u00e9e, fourmillante, devient une respiration apais\u00e9e au c\u0153ur du monde. Une nuit berc\u00e9e par les eaux, une m\u00e9ditation \u00e0 l&rsquo;ombre des palmiers&#8230; Vous d\u00e9voilez ce visage-l\u00e0, c&rsquo;est aussi \u00e7a l&rsquo;artisanat Amplitudes.&nbsp;<\/p>\n<\/blockquote>\n\n\n\n<h2 class=\"wp-block-heading\"><span class=\"ez-toc-section\" id=\"Savourer_un_hiver_culturel_autrement_sous_le_soleil_de_lEgypte\"><\/span><strong>Savourer un hiver culturel autrement sous le soleil de l&rsquo;\u00c9gypte<\/strong><span class=\"ez-toc-section-end\"><\/span><\/h2>\n\n\n\n<figure class=\"wp-block-image size-full\"><img decoding=\"async\" width=\"1110\" height=\"721\" src=\"https:\/\/www.amplitudes.com\/blog-backend\/wp-content\/uploads\/2019\/01\/Amplitudes_004283.jpg\" alt=\"Croisi\u00e8re en \u00c9gypte - Les felouques sur le Nil - Amplitudes\" class=\"wp-image-18487\" srcset=\"https:\/\/www.amplitudes.com\/blog-backend\/wp-content\/uploads\/2019\/01\/Amplitudes_004283.jpg 1110w, https:\/\/www.amplitudes.com\/blog-backend\/wp-content\/uploads\/2019\/01\/Amplitudes_004283-300x195.jpg 300w, https:\/\/www.amplitudes.com\/blog-backend\/wp-content\/uploads\/2019\/01\/Amplitudes_004283-781x507.jpg 781w\" sizes=\"(max-width: 1110px) 100vw, 1110px\" \/><figcaption class=\"wp-element-caption\">Partir autrement&#8230;<\/figcaption><\/figure>\n\n\n\n<p>Si <a href=\"https:\/\/www.amplitudes.com\/voyage-egypte\/circuit-egypte\/sejour-egypte\/egypte.html\">l&rsquo;\u00c9gypte<\/a> se raconte, se vit, s&rsquo;\u00e9coute, c&rsquo;est sur le Nil. Le fleuve sacr\u00e9 par excellence. Il est bien s\u00fbr ais\u00e9 de <strong>se laisser fondre dans les l\u00e9gendes<\/strong>, la mythologie qui \u00e9maille ses rives d&rsquo;un vernis de r\u00eave \u00e9vanescent. Temples, palais, pyramides, \u00e0 travers les esquisses de pierre blonde, c&rsquo;est un pass\u00e9 fantasm\u00e9 qui prend corps sous vos yeux. Les mots de <strong>votre guide francophone<\/strong> vous transportent de pharaons en dieux. Demandez-vous \u00e0 la <strong>d\u00e9esse Anoukis<\/strong> de b\u00e9nir votre fl\u00e2nerie fluviale ? Ou pr\u00e9f\u00e9rez-vous vous connecter au pr\u00e9sent en explorant les <strong>grands mus\u00e9es du Caire<\/strong>, \u00e9changer avec les potiers des march\u00e9s ? Une infusion d&rsquo;hibiscus sur <strong>la terrasse d&rsquo;un palace d&rsquo;Assouan<\/strong> laisse s&rsquo;ancrer en vous la lumi\u00e8re si particuli\u00e8re de cette destination. L&rsquo;air est ti\u00e8de, <strong>on en oublie l&rsquo;hiver<\/strong>. Glissez tout de m\u00eame un<strong> petit scarab\u00e9e de turquoise<\/strong> dans votre poche, on ne sait jamais.&nbsp;<\/p>\n\n\n\n<blockquote class=\"wp-block-quote\">\n<p><strong>La touche Amplitudes : <\/strong>Le Nil se navigue \u00e0 bord d&rsquo;une dahabeya&#8230; Version modernis\u00e9e du voilier, ces bateaux sont le coup de c\u0153ur de nos Travel Designers. Intimes, \u00e9l\u00e9gants, ils sont l&rsquo;incarnation de la croisi\u00e8re contemporaine. L&rsquo;art du slow travel ne s&rsquo;incarne pas mieux que dans les cabines aux boiseries luisantes, que dans un d\u00eener safran\u00e9 sur le pont alors que Ra descend enlacer Noun, l&rsquo;eau originelle qui fit naitre vie et mort ensuite&#8230;&nbsp;<\/p>\n<\/blockquote>\n\n\n\n<h2 class=\"wp-block-heading\"><span class=\"ez-toc-section\" id=\"Les_paysages_preserves_du_Cambodge_votre_pays_chaud_cet_hiver\"><\/span><strong>Les paysages pr\u00e9serv\u00e9s du Cambodge, votre pays chaud cet hiver<\/strong><span class=\"ez-toc-section-end\"><\/span><\/h2>\n\n\n\n<figure class=\"wp-block-image size-full\"><img decoding=\"async\" width=\"1110\" height=\"721\" src=\"https:\/\/www.amplitudes.com\/blog-backend\/wp-content\/uploads\/2019\/01\/Amplitudes_004749-1.jpg\" alt=\"Combin\u00e9 au Cambodge - Les temples d'Angkor - Amplitudes\" class=\"wp-image-18488\" srcset=\"https:\/\/www.amplitudes.com\/blog-backend\/wp-content\/uploads\/2019\/01\/Amplitudes_004749-1.jpg 1110w, https:\/\/www.amplitudes.com\/blog-backend\/wp-content\/uploads\/2019\/01\/Amplitudes_004749-1-300x195.jpg 300w, https:\/\/www.amplitudes.com\/blog-backend\/wp-content\/uploads\/2019\/01\/Amplitudes_004749-1-781x507.jpg 781w\" sizes=\"(max-width: 1110px) 100vw, 1110px\" \/><figcaption class=\"wp-element-caption\">Retrouver le soleil de l&rsquo;autre c\u00f4t\u00e9 du monde<\/figcaption><\/figure>\n\n\n\n<p>Derni\u00e8re de nos destinations <strong>\u00ab Soleil d\u2019hiver \u00bb : le <\/strong><a href=\"https:\/\/www.amplitudes.com\/voyage-cambodge\/circuit-cambodge\/sejour-cambodge\/cambodge.html\">Cambodge<\/a>. L\u2019hiver est la p\u00e9riode id\u00e9ale pour aller \u00e0 la rencontre de l\u2019ancien royaume de la civilisation khm\u00e8re. Le temps est sec et il fait 26\u00b0C. L\u00e0 o\u00f9 l&rsquo;\u00e9t\u00e9 demande de pr\u00e9voir vos visites tr\u00e8s t\u00f4t le matin pour \u00e9viter la lourdeur d&rsquo;un soleil humide, les derniers et premiers mois de l&rsquo;ann\u00e9e y sont plus cl\u00e9ments avec les voyageurs occidentaux. <strong>Une m\u00e9t\u00e9o parfaite pour arpenter les jungles entourant les temples d\u2019Ankgor.<\/strong> Sur les roches, le soleil \u00e9claire des bas-reliefs sculpt\u00e9s de fascinants visages. Qui sont-ils ? Ce sont les Apsaras, belles danseuses c\u00e9lestes dont les gestes vous guident cet hiver \u00e0 travers le patrimoine cambodgien\u2026 Cette destination encore dans l&rsquo;ombre de ses voisines tha\u00eflandaises et vietnamiennes offrent un visage souriant \u00e0 tous les voyageurs, solo, en couple comme en famille.<\/p>\n\n\n\n<blockquote class=\"wp-block-quote\">\n<p><strong>La touche Amplitudes : <\/strong>Pour un tour d&rsquo;horizon de l&rsquo;Asie du Sud-Est, nos sp\u00e9cialistes d\u00e9vou\u00e9s vous imaginent un p\u00e9riple combinant le Cambodge avec le Laos, la Tha\u00eflande ou encore le Vietnam. Tous font partie des pays chauds en hiver et leur proximit\u00e9 vous permet de changer d&rsquo;atmosph\u00e8re sans les \u00e9cueils d&rsquo;une fatigue excessive. Nous adaptons \u00e9videmment le rythme de votre voyage et le choix de vos adresses pour vous garantir une immersion haut de gamme dans chaque escale.&nbsp;<\/p>\n<\/blockquote>\n\n\n\n<h3 class=\"wp-block-heading has-text-align-center\"><strong><a href=\"https:\/\/www.amplitudes.com\/agence-de-voyages\/toulouse\/paris\/demande-devis-sur-mesure.html\">Partir cet hiver au soleil avec Amplitudes<\/a><\/strong><\/h3>\n","protected":false},"excerpt":{"rendered":"<p>[Mis \u00e0 jour en novembre 2025] De d\u00e9cembre \u00e0 mars, le soleil s\u2019accorde r\u00e9guli\u00e8rement quelques vacances loin du ciel de notre hexagone. Un pays chaud pour l&rsquo;hiver, lancez-vous \u00e0 sa poursuite ! Une partie de ses doux rayons sont pour l\u2019heure pos\u00e9s sur d\u2019anciens royaumes d\u2019Afrique et d\u2019Asie tandis que d\u2019autres r\u00e9chauffent de magnifiques c\u00f4tes [&hellip;]<\/p>\n","protected":false},"author":2,"featured_media":18490,"comment_status":"open","ping_status":"open","sticky":false,"template":"","format":"standard","meta":{"footnotes":""},"categories":[169],"tags":[197,203,245,181,255,190,228,247,218,200],"yoast_head":"<!-- This site is optimized with the Yoast SEO plugin v22.1 - https:\/\/yoast.com\/wordpress\/plugins\/seo\/ -->\n<title>10 destinations soleil pour un hiver au chaud\u00a0<\/title>\n<meta name=\"description\" content=\"Retrouvez notre s\u00e9lection de 10 destinations Soleil d&#039;Hiver et imaginez votre voyage sur mesure parfait, trouvez votre pays chaud cet hiver.\" \/>\n<meta name=\"robots\" content=\"index, follow, max-snippet:-1, max-image-preview:large, max-video-preview:-1\" \/>\n<link rel=\"canonical\" href=\"https:\/\/www.amplitudes.com\/blog-backend\/10-destinations-soleil-pour-un-hiver-au-chaud\/\" \/>\n<meta property=\"og:locale\" content=\"fr_FR\" \/>\n<meta property=\"og:type\" content=\"article\" \/>\n<meta property=\"og:title\" content=\"10 destinations soleil pour un hiver au chaud\u00a0\" \/>\n<meta property=\"og:description\" content=\"Retrouvez notre s\u00e9lection de 10 destinations Soleil d&#039;Hiver et imaginez votre voyage sur mesure parfait, trouvez votre pays chaud cet hiver.\" \/>\n<meta property=\"og:url\" content=\"https:\/\/www.amplitudes.com\/blog-backend\/10-destinations-soleil-pour-un-hiver-au-chaud\/\" \/>\n<meta property=\"og:site_name\" content=\"Blog de l&#039;agence de voyage sur-mesure Amplitudes\" \/>\n<meta property=\"article:publisher\" content=\"http:\/\/facebook.com\/amplitudes.devoyages\/\" \/>\n<meta property=\"article:published_time\" content=\"2019-01-19T15:31:49+00:00\" \/>\n<meta property=\"article:modified_time\" content=\"2026-02-18T16:10:30+00:00\" \/>\n<meta property=\"og:image\" content=\"https:\/\/www.amplitudes.com\/blog-backend\/wp-content\/uploads\/2019\/01\/amogh-p-oyvSyQjdT2E-unsplash.jpg\" \/>\n\t<meta property=\"og:image:width\" content=\"1110\" \/>\n\t<meta property=\"og:image:height\" content=\"481\" \/>\n\t<meta property=\"og:image:type\" content=\"image\/jpeg\" \/>\n<meta name=\"author\" content=\"Floriane\" \/>\n<meta name=\"twitter:card\" content=\"summary_large_image\" \/>\n<meta name=\"twitter:creator\" content=\"@AmplitudesV\" \/>\n<meta name=\"twitter:site\" content=\"@AmplitudesV\" \/>\n<meta name=\"twitter:label1\" content=\"\u00c9crit par\" \/>\n\t<meta name=\"twitter:data1\" content=\"Floriane\" \/>\n\t<meta name=\"twitter:label2\" content=\"Dur\u00e9e de lecture estim\u00e9e\" \/>\n\t<meta name=\"twitter:data2\" content=\"14 minutes\" \/>\n<script type=\"application\/ld+json\" class=\"yoast-schema-graph\">{\"@context\":\"https:\/\/schema.org\",\"@graph\":[{\"@type\":\"WebPage\",\"@id\":\"https:\/\/www.amplitudes.com\/blog-backend\/10-destinations-soleil-pour-un-hiver-au-chaud\/\",\"url\":\"https:\/\/www.amplitudes.com\/blog-backend\/10-destinations-soleil-pour-un-hiver-au-chaud\/\",\"name\":\"10 destinations soleil pour un hiver au chaud\u00a0\",\"isPartOf\":{\"@id\":\"https:\/\/www.amplitudes.com\/blog-backend\/#website\"},\"datePublished\":\"2019-01-19T15:31:49+00:00\",\"dateModified\":\"2026-02-18T16:10:30+00:00\",\"author\":{\"@id\":\"https:\/\/www.amplitudes.com\/blog-backend\/#\/schema\/person\/1ac2058edef1f5f0f2c16e7f096a80b1\"},\"description\":\"Retrouvez notre s\u00e9lection de 10 destinations Soleil d'Hiver et imaginez votre voyage sur mesure parfait, trouvez votre pays chaud cet hiver.\",\"inLanguage\":\"fr-FR\",\"potentialAction\":[{\"@type\":\"ReadAction\",\"target\":[\"https:\/\/www.amplitudes.com\/blog-backend\/10-destinations-soleil-pour-un-hiver-au-chaud\/\"]}]},{\"@type\":\"WebSite\",\"@id\":\"https:\/\/www.amplitudes.com\/blog-backend\/#website\",\"url\":\"https:\/\/www.amplitudes.com\/blog-backend\/\",\"name\":\"Blog de l&#039;agence de voyage sur-mesure Amplitudes\",\"description\":\"\",\"potentialAction\":[{\"@type\":\"SearchAction\",\"target\":{\"@type\":\"EntryPoint\",\"urlTemplate\":\"https:\/\/www.amplitudes.com\/blog-backend\/?s={search_term_string}\"},\"query-input\":\"required name=search_term_string\"}],\"inLanguage\":\"fr-FR\"},{\"@type\":\"Person\",\"@id\":\"https:\/\/www.amplitudes.com\/blog-backend\/#\/schema\/person\/1ac2058edef1f5f0f2c16e7f096a80b1\",\"name\":\"Floriane\",\"image\":{\"@type\":\"ImageObject\",\"inLanguage\":\"fr-FR\",\"@id\":\"https:\/\/www.amplitudes.com\/blog-backend\/#\/schema\/person\/image\/\",\"url\":\"https:\/\/secure.gravatar.com\/avatar\/f3f77af3dabd00f62e61c417047e08f6?s=96&d=mm&r=g\",\"contentUrl\":\"https:\/\/secure.gravatar.com\/avatar\/f3f77af3dabd00f62e61c417047e08f6?s=96&d=mm&r=g\",\"caption\":\"Floriane\"},\"url\":\"https:\/\/www.amplitudes.com\/blog-backend\/author\/audrey\/\"}]}<\/script>\n<!-- \/ Yoast SEO plugin. -->","yoast_head_json":{"title":"10 destinations soleil pour un hiver au chaud\u00a0","description":"Retrouvez notre s\u00e9lection de 10 destinations Soleil d'Hiver et imaginez votre voyage sur mesure parfait, trouvez votre pays chaud cet hiver.","robots":{"index":"index","follow":"follow","max-snippet":"max-snippet:-1","max-image-preview":"max-image-preview:large","max-video-preview":"max-video-preview:-1"},"canonical":"https:\/\/www.amplitudes.com\/blog-backend\/10-destinations-soleil-pour-un-hiver-au-chaud\/","og_locale":"fr_FR","og_type":"article","og_title":"10 destinations soleil pour un hiver au chaud\u00a0","og_description":"Retrouvez notre s\u00e9lection de 10 destinations Soleil d'Hiver et imaginez votre voyage sur mesure parfait, trouvez votre pays chaud cet hiver.","og_url":"https:\/\/www.amplitudes.com\/blog-backend\/10-destinations-soleil-pour-un-hiver-au-chaud\/","og_site_name":"Blog de l&#039;agence de voyage sur-mesure Amplitudes","article_publisher":"http:\/\/facebook.com\/amplitudes.devoyages\/","article_published_time":"2019-01-19T15:31:49+00:00","article_modified_time":"2026-02-18T16:10:30+00:00","og_image":[{"width":1110,"height":481,"url":"https:\/\/www.amplitudes.com\/blog-backend\/wp-content\/uploads\/2019\/01\/amogh-p-oyvSyQjdT2E-unsplash.jpg","type":"image\/jpeg"}],"author":"Floriane","twitter_card":"summary_large_image","twitter_creator":"@AmplitudesV","twitter_site":"@AmplitudesV","twitter_misc":{"\u00c9crit par":"Floriane","Dur\u00e9e de lecture estim\u00e9e":"14 minutes"},"schema":{"@context":"https:\/\/schema.org","@graph":[{"@type":"WebPage","@id":"https:\/\/www.amplitudes.com\/blog-backend\/10-destinations-soleil-pour-un-hiver-au-chaud\/","url":"https:\/\/www.amplitudes.com\/blog-backend\/10-destinations-soleil-pour-un-hiver-au-chaud\/","name":"10 destinations soleil pour un hiver au chaud\u00a0","isPartOf":{"@id":"https:\/\/www.amplitudes.com\/blog-backend\/#website"},"datePublished":"2019-01-19T15:31:49+00:00","dateModified":"2026-02-18T16:10:30+00:00","author":{"@id":"https:\/\/www.amplitudes.com\/blog-backend\/#\/schema\/person\/1ac2058edef1f5f0f2c16e7f096a80b1"},"description":"Retrouvez notre s\u00e9lection de 10 destinations Soleil d'Hiver et imaginez votre voyage sur mesure parfait, trouvez votre pays chaud cet hiver.","inLanguage":"fr-FR","potentialAction":[{"@type":"ReadAction","target":["https:\/\/www.amplitudes.com\/blog-backend\/10-destinations-soleil-pour-un-hiver-au-chaud\/"]}]},{"@type":"WebSite","@id":"https:\/\/www.amplitudes.com\/blog-backend\/#website","url":"https:\/\/www.amplitudes.com\/blog-backend\/","name":"Blog de l&#039;agence de voyage sur-mesure Amplitudes","description":"","potentialAction":[{"@type":"SearchAction","target":{"@type":"EntryPoint","urlTemplate":"https:\/\/www.amplitudes.com\/blog-backend\/?s={search_term_string}"},"query-input":"required name=search_term_string"}],"inLanguage":"fr-FR"},{"@type":"Person","@id":"https:\/\/www.amplitudes.com\/blog-backend\/#\/schema\/person\/1ac2058edef1f5f0f2c16e7f096a80b1","name":"Floriane","image":{"@type":"ImageObject","inLanguage":"fr-FR","@id":"https:\/\/www.amplitudes.com\/blog-backend\/#\/schema\/person\/image\/","url":"https:\/\/secure.gravatar.com\/avatar\/f3f77af3dabd00f62e61c417047e08f6?s=96&d=mm&r=g","contentUrl":"https:\/\/secure.gravatar.com\/avatar\/f3f77af3dabd00f62e61c417047e08f6?s=96&d=mm&r=g","caption":"Floriane"},"url":"https:\/\/www.amplitudes.com\/blog-backend\/author\/audrey\/"}]}},"_links":{"self":[{"href":"https:\/\/www.amplitudes.com\/blog-backend\/wp-json\/wp\/v2\/posts\/7186"}],"collection":[{"href":"https:\/\/www.amplitudes.com\/blog-backend\/wp-json\/wp\/v2\/posts"}],"about":[{"href":"https:\/\/www.amplitudes.com\/blog-backend\/wp-json\/wp\/v2\/types\/post"}],"author":[{"embeddable":true,"href":"https:\/\/www.amplitudes.com\/blog-backend\/wp-json\/wp\/v2\/users\/2"}],"replies":[{"embeddable":true,"href":"https:\/\/www.amplitudes.com\/blog-backend\/wp-json\/wp\/v2\/comments?post=7186"}],"version-history":[{"count":28,"href":"https:\/\/www.amplitudes.com\/blog-backend\/wp-json\/wp\/v2\/posts\/7186\/revisions"}],"predecessor-version":[{"id":19267,"href":"https:\/\/www.amplitudes.com\/blog-backend\/wp-json\/wp\/v2\/posts\/7186\/revisions\/19267"}],"wp:featuredmedia":[{"embeddable":true,"href":"https:\/\/www.amplitudes.com\/blog-backend\/wp-json\/wp\/v2\/media\/18490"}],"wp:attachment":[{"href":"https:\/\/www.amplitudes.com\/blog-backend\/wp-json\/wp\/v2\/media?parent=7186"}],"wp:term":[{"taxonomy":"category","embeddable":true,"href":"https:\/\/www.amplitudes.com\/blog-backend\/wp-json\/wp\/v2\/categories?post=7186"},{"taxonomy":"post_tag","embeddable":true,"href":"https:\/\/www.amplitudes.com\/blog-backend\/wp-json\/wp\/v2\/tags?post=7186"}],"curies":[{"name":"wp","href":"https:\/\/api.w.org\/{rel}","templated":true}]}}