{"id":7582,"date":"2019-04-23T10:03:53","date_gmt":"2019-04-23T09:03:53","guid":{"rendered":"https:\/\/www.amplitudes.com\/blog-backend\/?p=7582"},"modified":"2019-04-23T10:52:36","modified_gmt":"2019-04-23T09:52:36","slug":"juliette-specialiste-amerique-latine","status":"publish","type":"post","link":"https:\/\/www.amplitudes.com\/blog-backend\/juliette-specialiste-amerique-latine\/","title":{"rendered":"Juliette, sp\u00e9cialiste Am\u00e9rique latine"},"content":{"rendered":"<p style=\"text-align: justify;\"><span style=\"font-family: gotham-book;\">Pr\u00e9nom\u00a0: \u00a0Juliette<\/span><br \/>\n<span style=\"font-family: gotham-book;\">Type de voyageuse : Une vadrouilleuse qui se laisse porter un peu partout tout en organisant \u00e0 l\u2019avance son voyage.\u00a0 <\/span><br \/>\n<span style=\"font-family: gotham-book;\">Signe particulier\u00a0:\u00a0Je glisse toujours en premier dans ma valise mon appareil photo et un maillot de bain. J&rsquo;ai ainsi pu profiter d&rsquo;une baignade inattendue en Patagonie !<\/span><br \/>\n<span style=\"font-family: gotham-book;\">Voyage id\u00e9al\u00a0: Du culturel pour appr\u00e9hender l\u2019histoire du pays puis une belle plage pour se d\u00e9tendre apr\u00e8s un long circuit. Cela permet de d\u00e9couvrir deux facettes du pays.<\/span><\/p>\n<blockquote>\n<p style=\"text-align: justify;\"><span style=\"font-family: gotham-book;\">\u00ab\u00a0En c\u00f4toyant les Ticos, on ressent tout l&rsquo;attachement qu&rsquo;ils portent \u00e0 leur pays\u00a0\u00bb<\/span><\/p>\n<\/blockquote>\n<p style=\"text-align: justify;\"><span style=\"font-family: gotham-book;\">Rencontre avec <strong>Juliette<\/strong>, sp\u00e9cialiste Am\u00e9rique Latine chez Amplitudes. <strong>Passionn\u00e9e <\/strong>par la culture latine, cette<strong> \u00ab\u00a0vadrouilleuse du monde\u00a0\u00bb conna\u00eet l\u2019Am\u00e9rique du Sud sur le bout des cartes et des doigts<\/strong>. Avant son d\u00e9part pour un voyage professionnel au Costa Rica, elle nous d\u00e9voile quelques-unes de ces plus inoubliables d\u00e9couvertes de terrain. <\/span><\/p>\n<h2 style=\"text-align: left;\"><strong><span style=\"font-family: gotham-book;\">Comment es-tu devenue chef de projet senior Am\u00e9rique Latine\u00a0?<\/span> <\/strong><\/h2>\n<p style=\"text-align: justify;\"><span style=\"font-family: gotham-book;\">Lorsque j\u2019\u00e9tais petite, je me rendais dans les agences de voyages pour prendre et lire tous leurs catalogues, l\u2019envie de travailler dans le tourisme m\u2019est venue ainsi ! Apr\u00e8s un BTS et un master dans le secteur du tourisme, je suis partie travailler chez un tour-op\u00e9rateur \u00e0 Paris en tant que forfaitiste. J&rsquo;y ai pass\u00e9 7 ans. Aujourd\u2019hui,<strong> je cherchais un nouveau challenge<\/strong>. Je souhaitais \u00e9galement me sp\u00e9cialiser dans la partie production, sur le secteur Am\u00e9rique latine.\u00a0<\/span><\/p>\n<h2 style=\"text-align: left;\"><strong><span style=\"font-family: gotham-book;\">Qu\u2019est ce qui te pla\u00eet le plus dans ce m\u00e9tier\u00a0?<\/span> <\/strong><\/h2>\n<p style=\"text-align: justify;\"><span style=\"font-family: gotham-book;\">Sans h\u00e9siter, <strong>cr\u00e9er et r\u00e9aliser le r\u00eave des gens.<\/strong> Concevoir avec eux le voyage qui correspond \u00e0 leur envie. J\u2019appr\u00e9cie aussi <strong>d\u00e9couvrir des nouveaut\u00e9s tous les jours<\/strong>, \u00eatre en lien direct avec les r\u00e9ceptifs, les correspondants, rechercher des h\u00f4tels\u2026<br \/>\n<\/span><\/p>\n<h2 style=\"text-align: left;\"><strong><span style=\"font-family: gotham-book;\">Quel voyage t\u2019a le plus marqu\u00e9 parmi ceux que tu as organis\u00e9s\u00a0?<\/span> <\/strong><\/h2>\n<p style=\"text-align: justify;\"><span style=\"font-family: gotham-book;\">Le dernier en date \u00e9tait <strong>l\u2019organisation d\u2019un voyage autour du monde de 3 mois pour un couple de grands voyageurs<\/strong>. La majeure partie du circuit se d\u00e9roulait en Am\u00e9rique latine. C\u2019\u00e9tait un dossier qui demandait une logistique et une organisation importante avec la r\u00e9servation de vols en classe affaire et de tr\u00e8s beaux h\u00e9bergements. <strong>Un tr\u00e8s beau dossier pour lequel je serais bien partie avec eux !<br \/>\n<\/strong><\/span><\/p>\n<h2 style=\"text-align: left;\"><span style=\"font-family: gotham-book;\"><strong>Pour toi le Costa Rica c\u2019est<\/strong><strong>\u00a0?<\/strong><\/span><\/h2>\n<p style=\"text-align: justify;\"><span style=\"font-family: gotham-book;\">Les animaux, les volcans et une nature compl\u00e9tement d\u00e9paysante. C\u2019est aussi un peuple chaleureux qui a pour devise <strong>Pura Vida<\/strong>\u00a0! Cette expression est le reflet d\u2019un peuple heureux et \u00ab\u00a0cool\u00a0\u00bb. <strong>J\u2019ai d\u00e9j\u00e0 eu l\u2019occasion de me rendre une fois au Costa Rica.<\/strong> Mon itin\u00e9raire passait par San Jos\u00e9, le parc Manuel Antonio, le volcan Arenal&#8230; J\u2019ai ainsi pu faire de la tyrolienne au-dessus de la canop\u00e9e. C\u2019\u00e9tait incroyable !<\/span><\/p>\n<h2 style=\"text-align: left;\"><strong><span style=\"font-family: gotham-book;\">Qu\u2019est-ce qui te fascine dans la culture latine et plus particuli\u00e8rement chez les Ticos\u00a0?<\/span> <\/strong><\/h2>\n<p style=\"text-align: justify;\"><span style=\"font-family: gotham-book;\">Ce qui me fascine dans la culture latine, c\u2019est<strong> cette langue chantante qui me d\u00e9payse.<\/strong> J\u2019ai toujours \u00e9t\u00e9 berc\u00e9e par les sonorit\u00e9s m\u00e9lodieuses de l\u2019espagnol depuis mes premi\u00e8res vacances en famille sur Barcelone. Au Costa Rica, j\u2019ai rencontr\u00e9 <strong>un peuple fier<\/strong>. En c\u00f4toyant les Ticos, on ressent tout l&rsquo;attachement qu&rsquo;ils portent \u00e0 leur pays. Au cours de mon dernier s\u00e9jour, mon guide \u00e9tait ainsi heureux de transmettre sa passion avec nous. Les Ticos sont un peuple ouvert qui offre de belles rencontres.<\/span><\/p>\n<h2 style=\"text-align: left;\"><span style=\"font-family: gotham-book;\"><strong>Les 3 \u00e9tapes phares d\u2019un voyage au Costa Rica\u00a0?<\/strong><\/span><\/h2>\n<ul>\n<li style=\"text-align: justify;\"><span style=\"font-family: gotham-book;\"><strong>Le Parc national de Tortuguero<\/strong> pour voir les fameuses tortues de Mars \u00e0 Octobre<\/span><\/li>\n<li style=\"text-align: justify;\"><span style=\"font-family: gotham-book;\"><strong>Le volcan Arenal<\/strong>, son parc, sa tyrolienne, ses ponts suspendus \u00e0 faire avec les enfants et ses sources d\u2019eau chaude<\/span><\/li>\n<li style=\"text-align: justify;\"><span style=\"font-family: gotham-book;\"><strong>Monteverde<\/strong>, la for\u00eat des nuages pour voir le quetzal<\/span><\/li>\n<\/ul>\n<h2 style=\"text-align: left;\"><strong><span style=\"font-family: gotham-book;\">Si tu \u00e9tais un pays\u00a0?<\/span><\/strong><\/h2>\n<figure id=\"attachment_7597\" aria-describedby=\"caption-attachment-7597\" style=\"width: 2000px\" class=\"wp-caption aligncenter\"><a href=\"https:\/\/www.amplitudes.com\/blog-backend\/wp-content\/uploads\/2019\/04\/Vinales-juliette-1.jpg\" rel=\"attachment wp-att-7597\"><img decoding=\"async\" class=\"size-full wp-image-7597\" src=\"https:\/\/www.amplitudes.com\/blog-backend\/wp-content\/uploads\/2019\/04\/Vinales-juliette-1.jpg\" alt=\"Voyage \u00e0 Cuba-Vinales -juliette- Amplitudes\" width=\"2000\" height=\"1300\" srcset=\"https:\/\/www.amplitudes.com\/blog-backend\/wp-content\/uploads\/2019\/04\/Vinales-juliette-1.jpg 2000w, https:\/\/www.amplitudes.com\/blog-backend\/wp-content\/uploads\/2019\/04\/Vinales-juliette-1-300x195.jpg 300w, https:\/\/www.amplitudes.com\/blog-backend\/wp-content\/uploads\/2019\/04\/Vinales-juliette-1-780x507.jpg 780w\" sizes=\"(max-width: 2000px) 100vw, 2000px\" \/><\/a><figcaption id=\"caption-attachment-7597\" class=\"wp-caption-text\"><span style=\"font-family: gotham-book;\">Les paysages naturels de <\/span><span class=\"st\"><em>Vi\u00f1ales<\/em> <\/span><\/figcaption><\/figure>\n<p style=\"text-align: justify;\"><span style=\"font-family: gotham-book;\">Ce serait<strong> Cuba<\/strong> et ses plages de r\u00eave. Un voyage que j\u2019ai ador\u00e9. J\u2019y suis all\u00e9e l\u2019ann\u00e9e derni\u00e8re lors de mon anniversaire. <strong>Je me retrouve dans cette culture, cette atmosph\u00e8re festive, ces gens souriants.<\/strong> Mon guide m\u2019a directement fait p\u00e9n\u00e9trer au c\u0153ur de l\u2019histoire du pays avec des \u00e9tapes \u00e0 la Havane pour la culture, <span class=\"st\">Vi\u00f1ales<\/span> pour la nature, les balades \u00e0 cheval et les randonn\u00e9es, Trinidad et la mer des Cara\u00efbes ainsi que les c\u00f4tes pacifiques \u00e0 Varadero\u00a0! J\u2019ai souhait\u00e9 dormir en casas pour \u00e9changer avec les locaux.<br \/>\n<\/span><\/p>\n<h2 style=\"text-align: left;\"><strong><span style=\"font-family: gotham-book;\">Ta meilleure d\u00e9couverte culinaire\u00a0?<\/span> <\/strong><\/h2>\n<p style=\"text-align: justify;\"><span style=\"font-family: gotham-book;\">Deux petites d\u00e9couvertes en Am\u00e9rique latine\u00a0: <strong>des empanadas<\/strong> en Argentine et le <strong>Pisco Sour<\/strong>, ce d\u00e9licieux cocktail au go\u00fbt citronn\u00e9 que l\u2019on d\u00e9guste au Chili ou au P\u00e9rou. \u00a0<\/span><\/p>\n<h2 style=\"text-align: left;\"><strong><span style=\"font-family: gotham-book;\">Ville ou nature et farniente et aventure\u00a0?<\/span> <\/strong><\/h2>\n<p style=\"text-align: justify;\"><span style=\"font-family: gotham-book;\">Plut\u00f4t <strong>ville et farniente<\/strong> mais j\u2019aime aussi l\u2019aventure, le choix est difficile. Pour cet Eductour au Costa Rica, ce sera nature et aventure\u00a0!<\/span><\/p>\n<h2 style=\"text-align: left;\"><strong><span style=\"font-family: gotham-book;\">Sur ta Bucket List de voyage\u00a0?<\/span> <\/strong><\/h2>\n<p style=\"text-align: justify;\"><span style=\"font-family: gotham-book;\">Il me reste encore plein de voyages \u00e0 faire. <strong>La destination que je r\u00eave de d\u00e9couvrir est l\u2019Antarctique.<\/strong> Voir ces glaciers, ces paysages et arriver au bout, l\u00e0 o\u00f9 tout s\u2019arr\u00eate\u2026 J\u2019aimerai \u00e9galement d\u00e9couvrir <strong>l\u2019Asie<\/strong>, un continent o\u00f9 je ne me suis encore jamais rendue. Peut-\u00eatre en commen\u00e7ant par la Tha\u00eflande, un pays m\u00e9langeant villes et nature.<\/span><\/p>\n<h2 style=\"text-align: left;\"><strong><span style=\"font-family: gotham-book;\">\u00a0Le plus beau paysage que tu aies vu\u00a0?<\/span><\/strong><\/h2>\n<figure id=\"attachment_7599\" aria-describedby=\"caption-attachment-7599\" style=\"width: 2000px\" class=\"wp-caption aligncenter\"><a href=\"https:\/\/www.amplitudes.com\/blog-backend\/wp-content\/uploads\/2019\/04\/Len\u00e7ois-recoup.jpg\" rel=\"attachment wp-att-7599\"><img decoding=\"async\" class=\"size-full wp-image-7599\" src=\"https:\/\/www.amplitudes.com\/blog-backend\/wp-content\/uploads\/2019\/04\/Len\u00e7ois-recoup.jpg\" alt=\"La beaut\u00e9 des dunes du d\u00e9sert des Len\u00e7ois\" width=\"2000\" height=\"1300\" srcset=\"https:\/\/www.amplitudes.com\/blog-backend\/wp-content\/uploads\/2019\/04\/Len\u00e7ois-recoup.jpg 2000w, https:\/\/www.amplitudes.com\/blog-backend\/wp-content\/uploads\/2019\/04\/Len\u00e7ois-recoup-300x195.jpg 300w, https:\/\/www.amplitudes.com\/blog-backend\/wp-content\/uploads\/2019\/04\/Len\u00e7ois-recoup-780x507.jpg 780w\" sizes=\"(max-width: 2000px) 100vw, 2000px\" \/><\/a><figcaption id=\"caption-attachment-7599\" class=\"wp-caption-text\"><span style=\"font-family: gotham-book;\">La beaut\u00e9 des dunes du d\u00e9sert des Len\u00e7ois<\/span><\/figcaption><\/figure>\n<p style=\"text-align: justify;\"><span style=\"font-family: gotham-book;\"><strong>Le Parc national des Len\u00e7\u00f3is\u00a0dans le Nord du Br\u00e9sil.<\/strong> Ces dunes de sable fin composent un paysage que l\u2019on n\u2019imagine pas, c\u2019est magnifique. Au mois de Juin, c\u2019\u00e9tait rempli d\u2019eau. Lors de votre visite, le 4&#215;4 vous d\u00e9pose en bas, au d\u00e9but du parc. Commence alors l\u2019ascension avec une corde, et, en haut ce panorama d\u2019exception. <strong>J\u2019en ai eu des frissons alors qu\u2019il faisait 40 degr\u00e9s\u00a0! \u00a0<\/strong><\/span><\/p>\n<h2 style=\"text-align: left;\"><strong><span style=\"font-family: gotham-book;\">Ta rencontre animali\u00e8re la plus m\u00e9morable\u00a0?<\/span> <\/strong><\/h2>\n<p style=\"text-align: justify;\"><span style=\"font-family: gotham-book;\"><strong>Un \u00e9norme scorpion<\/strong> sur le rideau de ma chambre au Costa Rica\u2026 (Rires) Je me souviens aussi des tentatives de selfies avec<strong> les lamas du Machu Picchu<\/strong>\u2026 en esp\u00e9rant qu\u2019ils ne nous crachent pas dessus\u00a0! (Rires)<\/span><\/p>\n<h2 style=\"text-align: left;\"><strong><span style=\"font-family: gotham-book;\">L\u2019\u00e9v\u00e9nement culturel auquel tu aimerais assister\u00a0?<\/span> <\/strong><\/h2>\n<p style=\"text-align: justify;\"><span style=\"font-family: gotham-book;\"><strong>Le festival Tapati<\/strong> sur <strong>l\u2019\u00eele de P\u00e2ques au Chili<\/strong>. J\u2019ai toujours voulu visiter cette \u00eele. Le festival se tient en F\u00e9vrier, recr\u00e9ant l\u2019ambiance mystique ainsi que les traditions de la civilisation Rapa Nui entre spectacles musicaux, costumes d\u2019antan et feux de joie.<\/span><\/p>\n<h2 style=\"text-align: left;\"><strong><span style=\"font-family: gotham-book;\">Combien de tampons dans ton passeport\u00a0? Le plus pr\u00e9cieux\u00a0?<\/span><\/strong><\/h2>\n<figure id=\"attachment_7598\" aria-describedby=\"caption-attachment-7598\" style=\"width: 2000px\" class=\"wp-caption aligncenter\"><a href=\"https:\/\/www.amplitudes.com\/blog-backend\/wp-content\/uploads\/2019\/04\/j\u00e9rusalem2-recoup.jpg\" rel=\"attachment wp-att-7598\"><img decoding=\"async\" class=\"size-full wp-image-7598\" src=\"https:\/\/www.amplitudes.com\/blog-backend\/wp-content\/uploads\/2019\/04\/j\u00e9rusalem2-recoup.jpg\" alt=\"D\u00e9couverte de j\u00e9rusalem, le mur des lamentations\" width=\"2000\" height=\"1300\" srcset=\"https:\/\/www.amplitudes.com\/blog-backend\/wp-content\/uploads\/2019\/04\/j\u00e9rusalem2-recoup.jpg 2000w, https:\/\/www.amplitudes.com\/blog-backend\/wp-content\/uploads\/2019\/04\/j\u00e9rusalem2-recoup-300x195.jpg 300w, https:\/\/www.amplitudes.com\/blog-backend\/wp-content\/uploads\/2019\/04\/j\u00e9rusalem2-recoup-780x507.jpg 780w\" sizes=\"(max-width: 2000px) 100vw, 2000px\" \/><\/a><figcaption id=\"caption-attachment-7598\" class=\"wp-caption-text\"><span style=\"font-family: gotham-book;\">D\u00e9couverte de J\u00e9rusalem, le Mur des Lamentations<\/span><\/figcaption><\/figure>\n<p style=\"text-align: justify;\"><span style=\"font-family: gotham-book;\"><strong>Une quinzaine<\/strong>. Br\u00e9sil, Argentine, P\u00e9rou, Chili, Cuba, Panama&#8230; Le plus pr\u00e9cieux : l\u2019<strong>Isra\u00ebl<\/strong>. Ce n\u2019est pas un tampon mais une petite carte qu\u2019on nous remet. J\u00e9rusalem m\u2019a beaucoup frapp\u00e9. Trois religions cohabitent harmonieusement au sein de cette ville fortifi\u00e9e. C\u2019est un voyage qui m\u2019a marqu\u00e9 et pendant lequel je me suis tout le temps sentie en s\u00e9curit\u00e9.<\/span><\/p>\n<h2 style=\"text-align: left;\"><strong><span style=\"font-family: gotham-book;\">Dernier voyage\u00a0? Et le prochain\u00a0?<\/span> <\/strong><\/h2>\n<p style=\"text-align: justify;\"><span style=\"font-family: gotham-book;\">Le dernier<strong> Cuba<\/strong>. Le prochain, le <strong>Costa Rica<\/strong> en voyage professionnel avec pour attentes\u00a0: d\u00e9couvrir le Sud du pays avec <strong>le Parc du Corcovado<\/strong>, voir <strong>les volcans<\/strong>, observer le <strong>quetzal<\/strong> et vous partager mes d\u00e9couvertes \u00e0 mon retour !<br \/>\n<\/span><\/p>\n<h2 style=\"text-align: center;\"><span style=\"font-family: gotham-book;\"><strong><em>\u00a0<\/em>Suivez le voyage de Juliette en direct sur <a href=\"https:\/\/www.instagram.com\/amplitudes\/#utm_source=Autre&amp;utm_medium=web&amp;utm_campaign=blog_Juliette_specialiste_Am\u00e9rique_latine\">Instagram<\/a> et <a href=\"https:\/\/fr-fr.facebook.com\/amplitudes.agencedevoyages\/#utm_source=Autre&amp;utm_medium=web&amp;utm_campaign=blog_Juliette_specialiste_Am\u00e9rique_latine\">Facebook<\/a><\/strong><\/span><\/h2>\n<p style=\"text-align: justify;\">\n","protected":false},"excerpt":{"rendered":"<p>Pr\u00e9nom\u00a0: \u00a0Juliette Type de voyageuse : Une vadrouilleuse qui se laisse porter un peu partout tout en organisant \u00e0 l\u2019avance son voyage.\u00a0 Signe particulier\u00a0:\u00a0Je glisse toujours en premier dans ma valise mon appareil photo et un maillot de bain. J&rsquo;ai ainsi pu profiter d&rsquo;une baignade inattendue en Patagonie ! Voyage id\u00e9al\u00a0: Du culturel pour appr\u00e9hender [&hellip;]<\/p>\n","protected":false},"author":2,"featured_media":7551,"comment_status":"open","ping_status":"open","sticky":false,"template":"","format":"standard","meta":{"footnotes":""},"categories":[172],"tags":[],"yoast_head":"<!-- This site is optimized with the Yoast SEO plugin v22.1 - https:\/\/yoast.com\/wordpress\/plugins\/seo\/ -->\n<title>Juliette, sp\u00e9cialiste Am\u00e9rique latine<\/title>\n<meta name=\"description\" content=\"Portrait de Juliette, grande voyageuse vadrouilleuse, sp\u00e9cialis\u00e9e sur l&#039;Am\u00e9rique Latine. Suivez ses aventures au Costa Rica, \u00e0 Cuba ou au P\u00e9rou.\u00a0\" \/>\n<meta name=\"robots\" content=\"index, follow, max-snippet:-1, max-image-preview:large, max-video-preview:-1\" \/>\n<link rel=\"canonical\" href=\"https:\/\/www.amplitudes.com\/blog-backend\/juliette-specialiste-amerique-latine\/\" \/>\n<meta property=\"og:locale\" content=\"fr_FR\" \/>\n<meta property=\"og:type\" content=\"article\" \/>\n<meta property=\"og:title\" content=\"Juliette, sp\u00e9cialiste Am\u00e9rique latine\" \/>\n<meta property=\"og:description\" content=\"Portrait de Juliette, grande voyageuse vadrouilleuse, sp\u00e9cialis\u00e9e sur l&#039;Am\u00e9rique Latine. Suivez ses aventures au Costa Rica, \u00e0 Cuba ou au P\u00e9rou.\u00a0\" \/>\n<meta property=\"og:url\" content=\"https:\/\/www.amplitudes.com\/blog-backend\/juliette-specialiste-amerique-latine\/\" \/>\n<meta property=\"og:site_name\" content=\"Blog de l&#039;agence de voyage sur-mesure Amplitudes\" \/>\n<meta property=\"article:publisher\" content=\"http:\/\/facebook.com\/amplitudes.devoyages\/\" \/>\n<meta property=\"article:published_time\" content=\"2019-04-23T09:03:53+00:00\" \/>\n<meta property=\"article:modified_time\" content=\"2019-04-23T09:52:36+00:00\" \/>\n<meta property=\"og:image\" content=\"https:\/\/www.amplitudes.com\/blog-backend\/wp-content\/uploads\/2019\/04\/Pano-Juliette.jpg\" \/>\n\t<meta property=\"og:image:width\" content=\"1170\" \/>\n\t<meta property=\"og:image:height\" content=\"507\" \/>\n\t<meta property=\"og:image:type\" content=\"image\/jpeg\" \/>\n<meta name=\"author\" content=\"Floriane\" \/>\n<meta name=\"twitter:card\" content=\"summary_large_image\" \/>\n<meta name=\"twitter:creator\" content=\"@AmplitudesV\" \/>\n<meta name=\"twitter:site\" content=\"@AmplitudesV\" \/>\n<meta name=\"twitter:label1\" content=\"\u00c9crit par\" \/>\n\t<meta name=\"twitter:data1\" content=\"Floriane\" \/>\n\t<meta name=\"twitter:label2\" content=\"Dur\u00e9e de lecture estim\u00e9e\" \/>\n\t<meta name=\"twitter:data2\" content=\"6 minutes\" \/>\n<script type=\"application\/ld+json\" class=\"yoast-schema-graph\">{\"@context\":\"https:\/\/schema.org\",\"@graph\":[{\"@type\":\"WebPage\",\"@id\":\"https:\/\/www.amplitudes.com\/blog-backend\/juliette-specialiste-amerique-latine\/\",\"url\":\"https:\/\/www.amplitudes.com\/blog-backend\/juliette-specialiste-amerique-latine\/\",\"name\":\"Juliette, sp\u00e9cialiste Am\u00e9rique latine\",\"isPartOf\":{\"@id\":\"https:\/\/www.amplitudes.com\/blog-backend\/#website\"},\"datePublished\":\"2019-04-23T09:03:53+00:00\",\"dateModified\":\"2019-04-23T09:52:36+00:00\",\"author\":{\"@id\":\"https:\/\/www.amplitudes.com\/blog-backend\/#\/schema\/person\/1ac2058edef1f5f0f2c16e7f096a80b1\"},\"description\":\"Portrait de Juliette, grande voyageuse vadrouilleuse, sp\u00e9cialis\u00e9e sur l'Am\u00e9rique Latine. Suivez ses aventures au Costa Rica, \u00e0 Cuba ou au P\u00e9rou.\u00a0\",\"inLanguage\":\"fr-FR\",\"potentialAction\":[{\"@type\":\"ReadAction\",\"target\":[\"https:\/\/www.amplitudes.com\/blog-backend\/juliette-specialiste-amerique-latine\/\"]}]},{\"@type\":\"WebSite\",\"@id\":\"https:\/\/www.amplitudes.com\/blog-backend\/#website\",\"url\":\"https:\/\/www.amplitudes.com\/blog-backend\/\",\"name\":\"Blog de l&#039;agence de voyage sur-mesure Amplitudes\",\"description\":\"\",\"potentialAction\":[{\"@type\":\"SearchAction\",\"target\":{\"@type\":\"EntryPoint\",\"urlTemplate\":\"https:\/\/www.amplitudes.com\/blog-backend\/?s={search_term_string}\"},\"query-input\":\"required name=search_term_string\"}],\"inLanguage\":\"fr-FR\"},{\"@type\":\"Person\",\"@id\":\"https:\/\/www.amplitudes.com\/blog-backend\/#\/schema\/person\/1ac2058edef1f5f0f2c16e7f096a80b1\",\"name\":\"Floriane\",\"image\":{\"@type\":\"ImageObject\",\"inLanguage\":\"fr-FR\",\"@id\":\"https:\/\/www.amplitudes.com\/blog-backend\/#\/schema\/person\/image\/\",\"url\":\"https:\/\/secure.gravatar.com\/avatar\/f3f77af3dabd00f62e61c417047e08f6?s=96&d=mm&r=g\",\"contentUrl\":\"https:\/\/secure.gravatar.com\/avatar\/f3f77af3dabd00f62e61c417047e08f6?s=96&d=mm&r=g\",\"caption\":\"Floriane\"},\"url\":\"https:\/\/www.amplitudes.com\/blog-backend\/author\/audrey\/\"}]}<\/script>\n<!-- \/ Yoast SEO plugin. -->","yoast_head_json":{"title":"Juliette, sp\u00e9cialiste Am\u00e9rique latine","description":"Portrait de Juliette, grande voyageuse vadrouilleuse, sp\u00e9cialis\u00e9e sur l'Am\u00e9rique Latine. Suivez ses aventures au Costa Rica, \u00e0 Cuba ou au P\u00e9rou.\u00a0","robots":{"index":"index","follow":"follow","max-snippet":"max-snippet:-1","max-image-preview":"max-image-preview:large","max-video-preview":"max-video-preview:-1"},"canonical":"https:\/\/www.amplitudes.com\/blog-backend\/juliette-specialiste-amerique-latine\/","og_locale":"fr_FR","og_type":"article","og_title":"Juliette, sp\u00e9cialiste Am\u00e9rique latine","og_description":"Portrait de Juliette, grande voyageuse vadrouilleuse, sp\u00e9cialis\u00e9e sur l'Am\u00e9rique Latine. Suivez ses aventures au Costa Rica, \u00e0 Cuba ou au P\u00e9rou.\u00a0","og_url":"https:\/\/www.amplitudes.com\/blog-backend\/juliette-specialiste-amerique-latine\/","og_site_name":"Blog de l&#039;agence de voyage sur-mesure Amplitudes","article_publisher":"http:\/\/facebook.com\/amplitudes.devoyages\/","article_published_time":"2019-04-23T09:03:53+00:00","article_modified_time":"2019-04-23T09:52:36+00:00","og_image":[{"width":1170,"height":507,"url":"https:\/\/www.amplitudes.com\/blog-backend\/wp-content\/uploads\/2019\/04\/Pano-Juliette.jpg","type":"image\/jpeg"}],"author":"Floriane","twitter_card":"summary_large_image","twitter_creator":"@AmplitudesV","twitter_site":"@AmplitudesV","twitter_misc":{"\u00c9crit par":"Floriane","Dur\u00e9e de lecture estim\u00e9e":"6 minutes"},"schema":{"@context":"https:\/\/schema.org","@graph":[{"@type":"WebPage","@id":"https:\/\/www.amplitudes.com\/blog-backend\/juliette-specialiste-amerique-latine\/","url":"https:\/\/www.amplitudes.com\/blog-backend\/juliette-specialiste-amerique-latine\/","name":"Juliette, sp\u00e9cialiste Am\u00e9rique latine","isPartOf":{"@id":"https:\/\/www.amplitudes.com\/blog-backend\/#website"},"datePublished":"2019-04-23T09:03:53+00:00","dateModified":"2019-04-23T09:52:36+00:00","author":{"@id":"https:\/\/www.amplitudes.com\/blog-backend\/#\/schema\/person\/1ac2058edef1f5f0f2c16e7f096a80b1"},"description":"Portrait de Juliette, grande voyageuse vadrouilleuse, sp\u00e9cialis\u00e9e sur l'Am\u00e9rique Latine. Suivez ses aventures au Costa Rica, \u00e0 Cuba ou au P\u00e9rou.\u00a0","inLanguage":"fr-FR","potentialAction":[{"@type":"ReadAction","target":["https:\/\/www.amplitudes.com\/blog-backend\/juliette-specialiste-amerique-latine\/"]}]},{"@type":"WebSite","@id":"https:\/\/www.amplitudes.com\/blog-backend\/#website","url":"https:\/\/www.amplitudes.com\/blog-backend\/","name":"Blog de l&#039;agence de voyage sur-mesure Amplitudes","description":"","potentialAction":[{"@type":"SearchAction","target":{"@type":"EntryPoint","urlTemplate":"https:\/\/www.amplitudes.com\/blog-backend\/?s={search_term_string}"},"query-input":"required name=search_term_string"}],"inLanguage":"fr-FR"},{"@type":"Person","@id":"https:\/\/www.amplitudes.com\/blog-backend\/#\/schema\/person\/1ac2058edef1f5f0f2c16e7f096a80b1","name":"Floriane","image":{"@type":"ImageObject","inLanguage":"fr-FR","@id":"https:\/\/www.amplitudes.com\/blog-backend\/#\/schema\/person\/image\/","url":"https:\/\/secure.gravatar.com\/avatar\/f3f77af3dabd00f62e61c417047e08f6?s=96&d=mm&r=g","contentUrl":"https:\/\/secure.gravatar.com\/avatar\/f3f77af3dabd00f62e61c417047e08f6?s=96&d=mm&r=g","caption":"Floriane"},"url":"https:\/\/www.amplitudes.com\/blog-backend\/author\/audrey\/"}]}},"_links":{"self":[{"href":"https:\/\/www.amplitudes.com\/blog-backend\/wp-json\/wp\/v2\/posts\/7582"}],"collection":[{"href":"https:\/\/www.amplitudes.com\/blog-backend\/wp-json\/wp\/v2\/posts"}],"about":[{"href":"https:\/\/www.amplitudes.com\/blog-backend\/wp-json\/wp\/v2\/types\/post"}],"author":[{"embeddable":true,"href":"https:\/\/www.amplitudes.com\/blog-backend\/wp-json\/wp\/v2\/users\/2"}],"replies":[{"embeddable":true,"href":"https:\/\/www.amplitudes.com\/blog-backend\/wp-json\/wp\/v2\/comments?post=7582"}],"version-history":[{"count":31,"href":"https:\/\/www.amplitudes.com\/blog-backend\/wp-json\/wp\/v2\/posts\/7582\/revisions"}],"predecessor-version":[{"id":7801,"href":"https:\/\/www.amplitudes.com\/blog-backend\/wp-json\/wp\/v2\/posts\/7582\/revisions\/7801"}],"wp:featuredmedia":[{"embeddable":true,"href":"https:\/\/www.amplitudes.com\/blog-backend\/wp-json\/wp\/v2\/media\/7551"}],"wp:attachment":[{"href":"https:\/\/www.amplitudes.com\/blog-backend\/wp-json\/wp\/v2\/media?parent=7582"}],"wp:term":[{"taxonomy":"category","embeddable":true,"href":"https:\/\/www.amplitudes.com\/blog-backend\/wp-json\/wp\/v2\/categories?post=7582"},{"taxonomy":"post_tag","embeddable":true,"href":"https:\/\/www.amplitudes.com\/blog-backend\/wp-json\/wp\/v2\/tags?post=7582"}],"curies":[{"name":"wp","href":"https:\/\/api.w.org\/{rel}","templated":true}]}}