{"id":7802,"date":"2019-04-29T16:00:46","date_gmt":"2019-04-29T15:00:46","guid":{"rendered":"https:\/\/www.amplitudes.com\/blog-backend\/?p=7802"},"modified":"2022-02-28T12:29:04","modified_gmt":"2022-02-28T11:29:04","slug":"juliette-costa-rica-volcan-irazu-quetzal-j123","status":"publish","type":"post","link":"https:\/\/www.amplitudes.com\/blog-backend\/juliette-costa-rica-volcan-irazu-quetzal-j123\/","title":{"rendered":"Juliette au Costa Rica : Volcan Iraz\u00fa-quetzal (J1-3)"},"content":{"rendered":"<p style=\"text-align: justify;\"><span style=\"font-family: gotham-book;\">Quelques jours auparavant, nous vous pr\u00e9sentions <a href=\"https:\/\/www.amplitudes.com\/blog-backend\/juliette-specialiste-amerique-latine\/?utm_source=blog&amp;utm_medium=juliette_au_costa_rica_volcan_iraz\u00fa_quetzal_j1_3&amp;utm_campaign=blog_juliette_au_costa_rica_volcan_iraz\u00fa_quetzal_j1_3&amp;utm_content=Juliette_chef_de_projet_Amerique_Latine\">Juliette, chef de projet Am\u00e9rique Latine<\/a> chez Amplitudes, sur le point de s\u2019envoler pour le Costa Rica. Son voyage vous emporte sur les traces du quetzal, \u00e0 travers une belle biodiversit\u00e9 et une culture hispanophone souriante. <strong>Du volcan Iraz\u00fa \u00e0 San Jos\u00e9 en passant par le fameux Parc du Corcovado, Juliette vous entra\u00eene aux d\u00e9tours de paysages \u00e0 couper le souffle. <\/strong><br \/>\n<\/span><\/p>\n<h2 style=\"text-align: left;\"><strong><span style=\"font-family: gotham-book; font-size: 18pt;\">Jour 1\u00a0: Volcan Iraz\u00fa, Cartago<\/span><\/strong><\/h2>\n<h3 style=\"text-align: left;\"><strong><span style=\"font-family: gotham-book;\">Les paysages lunaires du volcan Iraz\u00fa<\/span><\/strong><\/h3>\n<figure id=\"attachment_7808\" aria-describedby=\"caption-attachment-7808\" style=\"width: 2000px\" class=\"wp-caption aligncenter\"><img decoding=\"async\" class=\"size-full wp-image-7808\" src=\"https:\/\/www.amplitudes.com\/blog-backend\/wp-content\/uploads\/2019\/04\/irazu-recoup1.jpg\" alt=\"Le crat\u00e8re principal fumant avant l\u2019arriv\u00e9e des nuages \" width=\"2000\" height=\"1300\" srcset=\"https:\/\/www.amplitudes.com\/blog-backend\/wp-content\/uploads\/2019\/04\/irazu-recoup1.jpg 2000w, https:\/\/www.amplitudes.com\/blog-backend\/wp-content\/uploads\/2019\/04\/irazu-recoup1-300x195.jpg 300w, https:\/\/www.amplitudes.com\/blog-backend\/wp-content\/uploads\/2019\/04\/irazu-recoup1-780x507.jpg 780w\" sizes=\"(max-width: 2000px) 100vw, 2000px\" \/><figcaption id=\"caption-attachment-7808\" class=\"wp-caption-text\">Le crat\u00e8re principal fumant, avant l\u2019arriv\u00e9e des nuages<\/figcaption><\/figure>\n<blockquote><p><strong><span style=\"font-family: gotham-book;\">Tips de Juliette : <\/span><\/strong><span style=\"font-family: gotham-book;\">\u00c0 3 400 m\u00e8tres d\u2019altitude, les temp\u00e9ratures basses se ressentent et le pull se supporte facilement.<\/span><\/p><\/blockquote>\n<p style=\"text-align: justify;\"><span style=\"font-family: gotham-book;\">En cette premi\u00e8re journ\u00e9e, notre sp\u00e9cialiste s\u2019\u00e9lance pour une ascension au c\u0153ur du volcan Iraz\u00fa, litt\u00e9ralement la <strong>\u201cmontagne du tonnerre et des tremblements de terre\u201c.<\/strong> 1h30 de route attendait Juliette avec<strong> un objectif en t\u00eate : arriver avant les nuages\u00a0!<\/strong> La chance \u00e9tait avec notre experte qui a ainsi pu appr\u00e9cier le chemin menant aux diff\u00e9rents crat\u00e8res. Apr\u00e8s seulement une dizaine de minutes de marche, le paysage offre d\u00e9j\u00e0 de magnifiques vues. Les sentiers sont clairsem\u00e9s d\u2019arbustes, de sauges et de foug\u00e8res. Une lagune emplie le crat\u00e8re principal d\u2019une eau acide et chaude d&rsquo;un vert \u00e9tonnant. Situ\u00e9e au fond d&rsquo;un ab\u00eeme de 300 m\u00e8tres, c&rsquo;est une belle d\u00e9couverte\u00a0!<\/span><\/p>\n<h3 style=\"text-align: left;\"><strong><span style=\"font-family: gotham-book;\">D\u00e9gustation et histoire \u00e0 Cartago<\/span><\/strong><\/h3>\n<figure id=\"attachment_7812\" aria-describedby=\"caption-attachment-7812\" style=\"width: 2000px\" class=\"wp-caption aligncenter\"><img decoding=\"async\" class=\"size-full wp-image-7812\" src=\"https:\/\/www.amplitudes.com\/blog-backend\/wp-content\/uploads\/2019\/04\/march\u00e9-costa-rica-recoup.jpg\" alt=\"Entre caramboles et mangues\" width=\"2000\" height=\"1300\" srcset=\"https:\/\/www.amplitudes.com\/blog-backend\/wp-content\/uploads\/2019\/04\/march\u00e9-costa-rica-recoup.jpg 2000w, https:\/\/www.amplitudes.com\/blog-backend\/wp-content\/uploads\/2019\/04\/march\u00e9-costa-rica-recoup-300x195.jpg 300w, https:\/\/www.amplitudes.com\/blog-backend\/wp-content\/uploads\/2019\/04\/march\u00e9-costa-rica-recoup-780x507.jpg 780w\" sizes=\"(max-width: 2000px) 100vw, 2000px\" \/><figcaption id=\"caption-attachment-7812\" class=\"wp-caption-text\"><span style=\"font-family: gotham-book;\">Entre caramboles et mangues<\/span><\/figcaption><\/figure>\n<p style=\"text-align: justify;\"><span style=\"font-family: gotham-book;\">Retour en ville, dans l\u2019ancienne capitale du pays\u00a0: Cartago. \u00c0 pr\u00e9sent, le thermom\u00e8tre a grimp\u00e9 et Juliette profite du soleil pour se balader au c\u0153ur d\u2019un march\u00e9 typique. <strong>\u00c0 travers les montagnes de fruits, elle go\u00fbte aux d\u00e9licieuses mangues et caramboles d\u00e9pos\u00e9es sur les \u00e9tals<\/strong>. Apr\u00e8s cette d\u00e9gustation gorg\u00e9e de soleil, de saveurs et de fra\u00eecheur, un passage par l\u2019embl\u00e9matique basilique Notre-Dame-des-Anges s\u2019imposait. Une merveille datant du 17\u00e8me si\u00e8cle. De style Byzantin, elle est un haut lieu de p\u00e8lerinage pour les fid\u00e8les qui viennent s&rsquo;y recueillir \u00e0 genoux.<\/span><\/p>\n<figure id=\"attachment_7814\" aria-describedby=\"caption-attachment-7814\" style=\"width: 2000px\" class=\"wp-caption aligncenter\"><img decoding=\"async\" class=\"size-full wp-image-7814\" src=\"https:\/\/www.amplitudes.com\/blog-backend\/wp-content\/uploads\/2019\/04\/cartago-recoup.jpg\" alt=\"Notre Dame des Anges sous le soleil de Cartago\" width=\"2000\" height=\"1300\" srcset=\"https:\/\/www.amplitudes.com\/blog-backend\/wp-content\/uploads\/2019\/04\/cartago-recoup.jpg 2000w, https:\/\/www.amplitudes.com\/blog-backend\/wp-content\/uploads\/2019\/04\/cartago-recoup-300x195.jpg 300w, https:\/\/www.amplitudes.com\/blog-backend\/wp-content\/uploads\/2019\/04\/cartago-recoup-780x507.jpg 780w\" sizes=\"(max-width: 2000px) 100vw, 2000px\" \/><figcaption id=\"caption-attachment-7814\" class=\"wp-caption-text\"><span style=\"font-family: gotham-book;\">Notre-Dame-des-Anges sous le soleil de Cartago<\/span><\/figcaption><\/figure>\n<blockquote><p><span style=\"font-family: gotham-book;\"><strong>Tips de Juliette<\/strong>\u00a0: <\/span><span style=\"font-family: gotham-book;\">Si vous souhaitez assister \u00e0 une messe locale, Notre-Dame-des-Anges en c\u00e9l\u00e8bre toutes les heures.<\/span><\/p><\/blockquote>\n<h3 style=\"text-align: left;\"><strong><span style=\"font-family: gotham-book;\">Voyage au c\u0153ur d&rsquo;une plantation de caf\u00e9<\/span><\/strong><\/h3>\n<blockquote><p><span style=\"font-family: gotham-book;\"><strong>Tips de Juliette :<em>\u00a0<\/em><\/strong>Avant de quitter Cartago, n\u2019h\u00e9sitez pas \u00e0 d\u00e9jeuner dans le soda \u00ab\u00a0La Puerta del Sol\u00a0\u00bb, un restaurant typique du Costa Rica. <\/span><\/p><\/blockquote>\n<figure id=\"attachment_7817\" aria-describedby=\"caption-attachment-7817\" style=\"width: 2000px\" class=\"wp-caption aligncenter\"><img decoding=\"async\" class=\"size-full wp-image-7817\" src=\"https:\/\/www.amplitudes.com\/blog-backend\/wp-content\/uploads\/2019\/04\/coop\u00e9rative-caf\u00e9-recoup.jpg\" alt=\"Visite de la coop\u00e9rative de caf\u00e9 Coopedota\" width=\"2000\" height=\"1300\" srcset=\"https:\/\/www.amplitudes.com\/blog-backend\/wp-content\/uploads\/2019\/04\/coop\u00e9rative-caf\u00e9-recoup.jpg 2000w, https:\/\/www.amplitudes.com\/blog-backend\/wp-content\/uploads\/2019\/04\/coop\u00e9rative-caf\u00e9-recoup-300x195.jpg 300w, https:\/\/www.amplitudes.com\/blog-backend\/wp-content\/uploads\/2019\/04\/coop\u00e9rative-caf\u00e9-recoup-780x507.jpg 780w\" sizes=\"(max-width: 2000px) 100vw, 2000px\" \/><figcaption id=\"caption-attachment-7817\" class=\"wp-caption-text\"><span style=\"font-family: gotham-book;\">Visite d&rsquo;une la coop\u00e9rative de caf\u00e9 <br \/><\/span><\/figcaption><\/figure>\n<blockquote><p><span style=\"font-family: gotham-book;\"><strong>Tips\u00a0de Juliette<\/strong> : Je vous recommande le Cappuccino \u00e0 la fin de la visite. Le caf\u00e9 est d\u2019une qualit\u00e9 rare\u00a0(Arabica) !<\/span><\/p><\/blockquote>\n<p style=\"text-align: justify;\"><span style=\"font-family: gotham-book;\">Notre voyageuse a ensuite repris la route vers les plantations de caf\u00e9 de Santa Maria de Dota, \u00e0 1500 et 2000 m\u00e8tres d\u2019altitude. Accompagn\u00e9e d\u2019un guide francophone, Juliette a pu visiter sur place une coop\u00e9rative. Con\u00e7u pour ceux qui veulent s&rsquo;immerger profond\u00e9ment dans l&rsquo;univers du caf\u00e9, le parcours propos\u00e9 <strong>retrace tout le processus de culture, de la cueillette \u00e0 une d\u00e9gustation \u00e0 l\u2019aveugle. <\/strong>Un tour unique pour les amateurs de caf\u00e9, r\u00e9alis\u00e9 en pr\u00e9sence d\u2019un <em>barista<\/em> local. La culture du caf\u00e9 a lieu ici de Novembre \u00e0 Mars.<\/span><\/p>\n<h2 style=\"text-align: justify;\"><span style=\"font-family: gotham-book; font-size: 18pt;\"><strong>Jour 2\u00a0: \u00c0 la recherche du quetzal\u00a0\u00e0 San Gerardo de Dota<br \/>\n<\/strong><\/span><\/h2>\n<p><span style=\"font-family: gotham-book;\">Une journ\u00e9e 100 % aventure attendait notre exploratrice en ce deuxi\u00e8me jour\u00a0!<\/span><\/p>\n<h3 style=\"text-align: left;\"><strong><span style=\"font-family: gotham-book;\">La vall\u00e9e de San Gerardo de Dota\u2026<\/span><\/strong><\/h3>\n<figure id=\"attachment_7820\" aria-describedby=\"caption-attachment-7820\" style=\"width: 2000px\" class=\"wp-caption aligncenter\"><img decoding=\"async\" class=\"size-full wp-image-7820\" src=\"https:\/\/www.amplitudes.com\/blog-backend\/wp-content\/uploads\/2019\/04\/qutzal-recoup.jpg\" alt=\"Depuis sa branche, le quetzal fait scrute l'horizon\" width=\"2000\" height=\"1300\" srcset=\"https:\/\/www.amplitudes.com\/blog-backend\/wp-content\/uploads\/2019\/04\/qutzal-recoup.jpg 2000w, https:\/\/www.amplitudes.com\/blog-backend\/wp-content\/uploads\/2019\/04\/qutzal-recoup-300x195.jpg 300w, https:\/\/www.amplitudes.com\/blog-backend\/wp-content\/uploads\/2019\/04\/qutzal-recoup-780x507.jpg 780w\" sizes=\"(max-width: 2000px) 100vw, 2000px\" \/><figcaption id=\"caption-attachment-7820\" class=\"wp-caption-text\"><span style=\"font-family: gotham-book;\">Nich\u00e9 entre les feuillages, l&rsquo;adorable quetzal scrute l&rsquo;horizon<br \/><\/span><\/figcaption><\/figure>\n<blockquote><p><strong><span style=\"font-family: gotham-book;\">Tips\u00a0de Juliette : <\/span><\/strong><span style=\"font-family: gotham-book;\">Faites confiance \u00e0 votre guide, fin connaisseur du terrain, et progressez silencieusement pour esp\u00e9rer croiser le regard d\u2019un quetzal.\u00a0<\/span><span style=\"font-family: gotham-book;\"><br \/>\n<\/span><\/p><\/blockquote>\n<p style=\"text-align: justify;\"><span style=\"font-family: gotham-book;\">4h30, l\u2019aube est \u00e0 peine lev\u00e9e. Le quetzal chantonne au loin&#8230; Dans le sac de notre experte : son appareil photo et, dans celui du guide, une longue vue. \u00c0 2 000 m\u00e8tres d\u2019altitude, il ne fait pas chaud mais l&rsquo;excitation li\u00e9e \u00e0 l&rsquo;imminence d&rsquo;une rencontre avec les fameux quetzals r\u00e9chauffe. Leur plumage vert et leur longue huppe les camouflent parfaitement entre les feuillages de la somptueuse vall\u00e9e de San Gerardo. Heureusement, Agnel, guide naturaliste hispanophone, sait d\u00e9nicher les recoins cach\u00e9s o\u00f9 sont pos\u00e9s les nids. Le calme et le silence r\u00e8gnent. Soudain, <strong>la chance sourit \u00e0 notre experte qui se retrouve nez \u00e0 nez avec une maman quetzal nourrissant ses petits&#8230;<\/strong> Compl\u00e9tant le tableau deux m\u00e2les surgissent, surveillant l\u2019horizon&#8230;<\/span><\/p>\n<h3 style=\"text-align: left;\"><strong><span style=\"font-family: gotham-book;\">\u2026et balade \u00e0 cheval<\/span><\/strong><\/h3>\n<figure id=\"attachment_7821\" aria-describedby=\"caption-attachment-7821\" style=\"width: 2000px\" class=\"wp-caption aligncenter\"><img decoding=\"async\" class=\"size-full wp-image-7821\" src=\"https:\/\/www.amplitudes.com\/blog-backend\/wp-content\/uploads\/2019\/04\/Balade-\u00e0-cheval-dans-la-vall\u00e9e-de-San-Gerardo-de-Dota-3.jpg\" alt=\"Les chevaux pr\u00eat \u00e0 \u00eatre mont\u00e9 pour une belle randonn\u00e9e\" width=\"2000\" height=\"1300\" srcset=\"https:\/\/www.amplitudes.com\/blog-backend\/wp-content\/uploads\/2019\/04\/Balade-\u00e0-cheval-dans-la-vall\u00e9e-de-San-Gerardo-de-Dota-3.jpg 2000w, https:\/\/www.amplitudes.com\/blog-backend\/wp-content\/uploads\/2019\/04\/Balade-\u00e0-cheval-dans-la-vall\u00e9e-de-San-Gerardo-de-Dota-3-300x195.jpg 300w, https:\/\/www.amplitudes.com\/blog-backend\/wp-content\/uploads\/2019\/04\/Balade-\u00e0-cheval-dans-la-vall\u00e9e-de-San-Gerardo-de-Dota-3-780x507.jpg 780w\" sizes=\"(max-width: 2000px) 100vw, 2000px\" \/><figcaption id=\"caption-attachment-7821\" class=\"wp-caption-text\"><span style=\"font-family: gotham-book;\">Les chevaux, pr\u00eats \u00e0 \u00eatre mont\u00e9 pour une belle randonn\u00e9e<\/span><\/figcaption><\/figure>\n<blockquote><p><span style=\"font-family: gotham-book;\"><strong>Tips de Juliette\u00a0:<\/strong> Ce tour est conseill\u00e9 pour les personnes exp\u00e9riment\u00e9es. Cette balade dans la montagne vous am\u00e8ne entre ruisseaux et cascades.<br \/>\n<\/span><\/p><\/blockquote>\n<p style=\"text-align: justify;\"><span style=\"font-family: gotham-book;\">L\u2019apr\u00e8s-midi fut rythm\u00e9e par <strong>une balade \u00e0 cheval sur les chemins escarp\u00e9s de la vall\u00e9e de San Gerardo de Dota.<\/strong> Les quetzals et les colibris abondent dans cette contr\u00e9e isol\u00e9e, sanctuaire accueillant les plus beaux oiseaux du monde. Entre les montagnes de la Cordill\u00e8re de Talamanca, le cheval trotte sur les rives de la rivi\u00e8re Savegre. Peu rassur\u00e9e, notre sp\u00e9cialiste en a n\u00e9anmoins pris plein les yeux !<br \/>\n<\/span><\/p>\n<h2 style=\"text-align: left;\"><strong><span style=\"font-family: gotham-book; font-size: 18pt;\">Jour 3\u00a0:\u00a0 En route vers le Parc du Corcovado\u00a0!<\/span><\/strong><\/h2>\n<h3 style=\"text-align: left;\"><strong><span style=\"font-family: gotham-book;\">Une travers\u00e9e sauvage<\/span><\/strong><\/h3>\n<figure id=\"attachment_7822\" aria-describedby=\"caption-attachment-7822\" style=\"width: 2000px\" class=\"wp-caption aligncenter\"><img decoding=\"async\" class=\"size-full wp-image-7822\" src=\"https:\/\/www.amplitudes.com\/blog-backend\/wp-content\/uploads\/2019\/04\/Bateau-entre-Sierpe-et-Le-Rancho-Corcovado.jpg\" alt=\"Travers\u00e9e en bateau entre Sierpe et le Rancho Corcovado \" width=\"2000\" height=\"1300\" srcset=\"https:\/\/www.amplitudes.com\/blog-backend\/wp-content\/uploads\/2019\/04\/Bateau-entre-Sierpe-et-Le-Rancho-Corcovado.jpg 2000w, https:\/\/www.amplitudes.com\/blog-backend\/wp-content\/uploads\/2019\/04\/Bateau-entre-Sierpe-et-Le-Rancho-Corcovado-300x195.jpg 300w, https:\/\/www.amplitudes.com\/blog-backend\/wp-content\/uploads\/2019\/04\/Bateau-entre-Sierpe-et-Le-Rancho-Corcovado-780x507.jpg 780w\" sizes=\"(max-width: 2000px) 100vw, 2000px\" \/><figcaption id=\"caption-attachment-7822\" class=\"wp-caption-text\"><span style=\"font-family: gotham-book;\">Travers\u00e9e en bateau entre Sierpe et le Rancho Corcovado<\/span><\/figcaption><\/figure>\n<blockquote>\n<p style=\"text-align: justify;\"><span style=\"font-family: gotham-book;\"><strong>Tips de Juliette:<\/strong> Pour atteindre Sierpe, empruntez la Panam\u00e9ricaine, route mythique de 25 000 km de long reliant l\u2019Alaska \u00e0 Ushua\u00efa.<br \/>\n<\/span><\/p>\n<\/blockquote>\n<p style=\"text-align: justify;\"><span style=\"font-family: gotham-book;\">Juliette reprend \u00e0 pr\u00e9sent la route vers Sierpe. 3h de voiture via la Panam\u00e9ricaine en direction du Parc national du Corcovado, lieu phare de ce voyage ! La route est bien entretenue et les bas-c\u00f4t\u00e9s parsem\u00e9s d&rsquo;arbres. Dans le port de Sierpe, <strong>un extraordinaire voyage fluvial commence dans un paradis perdu, abandonn\u00e9 aux mangroves.<\/strong> La \u00a0nature intacte d\u00e9file lentement au fil de l\u2019eau. \u00a0Apr\u00e8s 1h 20 de navigation la rivi\u00e8re laisse place \u00e0 l&rsquo;oc\u00e9an. L&rsquo;arriv\u00e9e \u00e0 l\u2019h\u00f4tel se fait \u00e0 mar\u00e9e basse. Le bateau jette l\u2019ancre sur les bords de la Baie de Drake.<\/span><\/p>\n<h3 style=\"text-align: left;\"><strong><span style=\"font-family: gotham-book;\">L&rsquo;H\u00f4tel Rancho Corcovado<\/span><\/strong><\/h3>\n<figure id=\"attachment_7824\" aria-describedby=\"caption-attachment-7824\" style=\"width: 2000px\" class=\"wp-caption aligncenter\"><img decoding=\"async\" class=\"size-full wp-image-7824\" src=\"https:\/\/www.amplitudes.com\/blog-backend\/wp-content\/uploads\/2019\/04\/bateau-recoup.jpg\" alt=\"Plages et vue du Rancho Corcovado H\u00f4tel\" width=\"2000\" height=\"1300\" srcset=\"https:\/\/www.amplitudes.com\/blog-backend\/wp-content\/uploads\/2019\/04\/bateau-recoup.jpg 2000w, https:\/\/www.amplitudes.com\/blog-backend\/wp-content\/uploads\/2019\/04\/bateau-recoup-300x195.jpg 300w, https:\/\/www.amplitudes.com\/blog-backend\/wp-content\/uploads\/2019\/04\/bateau-recoup-780x507.jpg 780w\" sizes=\"(max-width: 2000px) 100vw, 2000px\" \/><figcaption id=\"caption-attachment-7824\" class=\"wp-caption-text\"><span style=\"font-family: gotham-book;\">Plages et vue du Rancho Corcovado H\u00f4tel<\/span><\/figcaption><\/figure>\n<blockquote><p><span style=\"font-family: gotham-book;\"><strong>Tips de Juliette<\/strong>\u00a0:\u00a0 Le soir, pour aller boire un verre, rendez-vous dans le petit bar local Marisqueria Roberto&rsquo;s.\u00a0<\/span><\/p><\/blockquote>\n<p style=\"text-align: justify;\"><span style=\"font-family: gotham-book;\">L&rsquo;H\u00f4tel Rancho Corcovado est un h\u00f4tel parfaitement adapt\u00e9 aux familles, o\u00f9 la nature rencontre la mer. Les vagues bercent la vie de ce lodge id\u00e9alement situ\u00e9 \u00e0 mi-chemin entre la Baie de Drake et la p\u00e9ninsule d\u2019Osa, pr\u00e8s du Parc national du Corcovado. Salu\u00e9 par deux \u00e9toiles, cet h\u00f4tel affiche un beau confort <strong>: climatisation dans les chambres, repas \u00e0 l\u2019assiette, vue sur une plage priv\u00e9e o\u00f9 sont install\u00e9s hamacs et transats..<\/strong>. Cr\u00e8me solaire et tenue estivale allaient donc de pair pour une apr\u00e8s-midi farniente au bord du Pacifique !<br \/>\n<\/span><\/p>\n<p style=\"text-align: center;\"><span style=\"font-family: gotham-book;\">Retrouvez la suite des aventures de Juliette sur\u00a0<a href=\"https:\/\/www.instagram.com\/amplitudes\/#utm_source=Autre&amp;utm_medium=web&amp;utm_campaign=blog_voyage_costa_rica_Juliette\">Instagram<\/a> et tous nos r\u00e9seaux sociaux !<\/span><\/p>\n","protected":false},"excerpt":{"rendered":"<p>Quelques jours auparavant, nous vous pr\u00e9sentions Juliette, chef de projet Am\u00e9rique Latine chez Amplitudes, sur le point de s\u2019envoler pour le Costa Rica. Son voyage vous emporte sur les traces du quetzal, \u00e0 travers une belle biodiversit\u00e9 et une culture hispanophone souriante. Du volcan Iraz\u00fa \u00e0 San Jos\u00e9 en passant par le fameux Parc du [&hellip;]<\/p>\n","protected":false},"author":2,"featured_media":7876,"comment_status":"open","ping_status":"open","sticky":false,"template":"","format":"standard","meta":{"footnotes":""},"categories":[172],"tags":[181],"yoast_head":"<!-- This site is optimized with the Yoast SEO plugin v22.1 - https:\/\/yoast.com\/wordpress\/plugins\/seo\/ -->\n<title>\u00a0Juliette au Costa Rica : Volcan Iraz\u00fa et Quetzal (J1,2,3)<\/title>\n<meta name=\"description\" content=\"Retrouvez les aventures de Juliette, notre sp\u00e9cialiste Am\u00e9rique Latine actuellement en voyage au Costa Rica entre le Volcan Irazu et San Gerardo de Dota.\" \/>\n<meta name=\"robots\" content=\"index, follow, max-snippet:-1, max-image-preview:large, max-video-preview:-1\" \/>\n<link rel=\"canonical\" href=\"https:\/\/www.amplitudes.com\/blog-backend\/juliette-costa-rica-volcan-irazu-quetzal-j123\/\" \/>\n<meta property=\"og:locale\" content=\"fr_FR\" \/>\n<meta property=\"og:type\" content=\"article\" \/>\n<meta property=\"og:title\" content=\"\u00a0Juliette au Costa Rica : Volcan Iraz\u00fa et Quetzal (J1,2,3)\" \/>\n<meta property=\"og:description\" content=\"Retrouvez les aventures de Juliette, notre sp\u00e9cialiste Am\u00e9rique Latine actuellement en voyage au Costa Rica entre le Volcan Irazu et San Gerardo de Dota.\" \/>\n<meta property=\"og:url\" content=\"https:\/\/www.amplitudes.com\/blog-backend\/juliette-costa-rica-volcan-irazu-quetzal-j123\/\" \/>\n<meta property=\"og:site_name\" content=\"Blog de l&#039;agence de voyage sur-mesure Amplitudes\" \/>\n<meta property=\"article:publisher\" content=\"http:\/\/facebook.com\/amplitudes.devoyages\/\" \/>\n<meta property=\"article:published_time\" content=\"2019-04-29T15:00:46+00:00\" \/>\n<meta property=\"article:modified_time\" content=\"2022-02-28T11:29:04+00:00\" \/>\n<meta property=\"og:image\" content=\"https:\/\/www.amplitudes.com\/blog-backend\/wp-content\/uploads\/2019\/04\/juliette-costa-rica-pano-recoup.jpg\" \/>\n\t<meta property=\"og:image:width\" content=\"1170\" \/>\n\t<meta property=\"og:image:height\" content=\"507\" \/>\n\t<meta property=\"og:image:type\" content=\"image\/jpeg\" \/>\n<meta name=\"author\" content=\"Floriane\" \/>\n<meta name=\"twitter:card\" content=\"summary_large_image\" \/>\n<meta name=\"twitter:creator\" content=\"@AmplitudesV\" \/>\n<meta name=\"twitter:site\" content=\"@AmplitudesV\" \/>\n<meta name=\"twitter:label1\" content=\"\u00c9crit par\" \/>\n\t<meta name=\"twitter:data1\" content=\"Floriane\" \/>\n\t<meta name=\"twitter:label2\" content=\"Dur\u00e9e de lecture estim\u00e9e\" \/>\n\t<meta name=\"twitter:data2\" content=\"8 minutes\" \/>\n<script type=\"application\/ld+json\" class=\"yoast-schema-graph\">{\"@context\":\"https:\/\/schema.org\",\"@graph\":[{\"@type\":\"WebPage\",\"@id\":\"https:\/\/www.amplitudes.com\/blog-backend\/juliette-costa-rica-volcan-irazu-quetzal-j123\/\",\"url\":\"https:\/\/www.amplitudes.com\/blog-backend\/juliette-costa-rica-volcan-irazu-quetzal-j123\/\",\"name\":\"\u00a0Juliette au Costa Rica : Volcan Iraz\u00fa et Quetzal (J1,2,3)\",\"isPartOf\":{\"@id\":\"https:\/\/www.amplitudes.com\/blog-backend\/#website\"},\"datePublished\":\"2019-04-29T15:00:46+00:00\",\"dateModified\":\"2022-02-28T11:29:04+00:00\",\"author\":{\"@id\":\"https:\/\/www.amplitudes.com\/blog-backend\/#\/schema\/person\/1ac2058edef1f5f0f2c16e7f096a80b1\"},\"description\":\"Retrouvez les aventures de Juliette, notre sp\u00e9cialiste Am\u00e9rique Latine actuellement en voyage au Costa Rica entre le Volcan Irazu et San Gerardo de Dota.\",\"inLanguage\":\"fr-FR\",\"potentialAction\":[{\"@type\":\"ReadAction\",\"target\":[\"https:\/\/www.amplitudes.com\/blog-backend\/juliette-costa-rica-volcan-irazu-quetzal-j123\/\"]}]},{\"@type\":\"WebSite\",\"@id\":\"https:\/\/www.amplitudes.com\/blog-backend\/#website\",\"url\":\"https:\/\/www.amplitudes.com\/blog-backend\/\",\"name\":\"Blog de l&#039;agence de voyage sur-mesure Amplitudes\",\"description\":\"\",\"potentialAction\":[{\"@type\":\"SearchAction\",\"target\":{\"@type\":\"EntryPoint\",\"urlTemplate\":\"https:\/\/www.amplitudes.com\/blog-backend\/?s={search_term_string}\"},\"query-input\":\"required name=search_term_string\"}],\"inLanguage\":\"fr-FR\"},{\"@type\":\"Person\",\"@id\":\"https:\/\/www.amplitudes.com\/blog-backend\/#\/schema\/person\/1ac2058edef1f5f0f2c16e7f096a80b1\",\"name\":\"Floriane\",\"image\":{\"@type\":\"ImageObject\",\"inLanguage\":\"fr-FR\",\"@id\":\"https:\/\/www.amplitudes.com\/blog-backend\/#\/schema\/person\/image\/\",\"url\":\"https:\/\/secure.gravatar.com\/avatar\/f3f77af3dabd00f62e61c417047e08f6?s=96&d=mm&r=g\",\"contentUrl\":\"https:\/\/secure.gravatar.com\/avatar\/f3f77af3dabd00f62e61c417047e08f6?s=96&d=mm&r=g\",\"caption\":\"Floriane\"},\"url\":\"https:\/\/www.amplitudes.com\/blog-backend\/author\/audrey\/\"}]}<\/script>\n<!-- \/ Yoast SEO plugin. -->","yoast_head_json":{"title":"\u00a0Juliette au Costa Rica : Volcan Iraz\u00fa et Quetzal (J1,2,3)","description":"Retrouvez les aventures de Juliette, notre sp\u00e9cialiste Am\u00e9rique Latine actuellement en voyage au Costa Rica entre le Volcan Irazu et San Gerardo de Dota.","robots":{"index":"index","follow":"follow","max-snippet":"max-snippet:-1","max-image-preview":"max-image-preview:large","max-video-preview":"max-video-preview:-1"},"canonical":"https:\/\/www.amplitudes.com\/blog-backend\/juliette-costa-rica-volcan-irazu-quetzal-j123\/","og_locale":"fr_FR","og_type":"article","og_title":"\u00a0Juliette au Costa Rica : Volcan Iraz\u00fa et Quetzal (J1,2,3)","og_description":"Retrouvez les aventures de Juliette, notre sp\u00e9cialiste Am\u00e9rique Latine actuellement en voyage au Costa Rica entre le Volcan Irazu et San Gerardo de Dota.","og_url":"https:\/\/www.amplitudes.com\/blog-backend\/juliette-costa-rica-volcan-irazu-quetzal-j123\/","og_site_name":"Blog de l&#039;agence de voyage sur-mesure Amplitudes","article_publisher":"http:\/\/facebook.com\/amplitudes.devoyages\/","article_published_time":"2019-04-29T15:00:46+00:00","article_modified_time":"2022-02-28T11:29:04+00:00","og_image":[{"width":1170,"height":507,"url":"https:\/\/www.amplitudes.com\/blog-backend\/wp-content\/uploads\/2019\/04\/juliette-costa-rica-pano-recoup.jpg","type":"image\/jpeg"}],"author":"Floriane","twitter_card":"summary_large_image","twitter_creator":"@AmplitudesV","twitter_site":"@AmplitudesV","twitter_misc":{"\u00c9crit par":"Floriane","Dur\u00e9e de lecture estim\u00e9e":"8 minutes"},"schema":{"@context":"https:\/\/schema.org","@graph":[{"@type":"WebPage","@id":"https:\/\/www.amplitudes.com\/blog-backend\/juliette-costa-rica-volcan-irazu-quetzal-j123\/","url":"https:\/\/www.amplitudes.com\/blog-backend\/juliette-costa-rica-volcan-irazu-quetzal-j123\/","name":"\u00a0Juliette au Costa Rica : Volcan Iraz\u00fa et Quetzal (J1,2,3)","isPartOf":{"@id":"https:\/\/www.amplitudes.com\/blog-backend\/#website"},"datePublished":"2019-04-29T15:00:46+00:00","dateModified":"2022-02-28T11:29:04+00:00","author":{"@id":"https:\/\/www.amplitudes.com\/blog-backend\/#\/schema\/person\/1ac2058edef1f5f0f2c16e7f096a80b1"},"description":"Retrouvez les aventures de Juliette, notre sp\u00e9cialiste Am\u00e9rique Latine actuellement en voyage au Costa Rica entre le Volcan Irazu et San Gerardo de Dota.","inLanguage":"fr-FR","potentialAction":[{"@type":"ReadAction","target":["https:\/\/www.amplitudes.com\/blog-backend\/juliette-costa-rica-volcan-irazu-quetzal-j123\/"]}]},{"@type":"WebSite","@id":"https:\/\/www.amplitudes.com\/blog-backend\/#website","url":"https:\/\/www.amplitudes.com\/blog-backend\/","name":"Blog de l&#039;agence de voyage sur-mesure Amplitudes","description":"","potentialAction":[{"@type":"SearchAction","target":{"@type":"EntryPoint","urlTemplate":"https:\/\/www.amplitudes.com\/blog-backend\/?s={search_term_string}"},"query-input":"required name=search_term_string"}],"inLanguage":"fr-FR"},{"@type":"Person","@id":"https:\/\/www.amplitudes.com\/blog-backend\/#\/schema\/person\/1ac2058edef1f5f0f2c16e7f096a80b1","name":"Floriane","image":{"@type":"ImageObject","inLanguage":"fr-FR","@id":"https:\/\/www.amplitudes.com\/blog-backend\/#\/schema\/person\/image\/","url":"https:\/\/secure.gravatar.com\/avatar\/f3f77af3dabd00f62e61c417047e08f6?s=96&d=mm&r=g","contentUrl":"https:\/\/secure.gravatar.com\/avatar\/f3f77af3dabd00f62e61c417047e08f6?s=96&d=mm&r=g","caption":"Floriane"},"url":"https:\/\/www.amplitudes.com\/blog-backend\/author\/audrey\/"}]}},"_links":{"self":[{"href":"https:\/\/www.amplitudes.com\/blog-backend\/wp-json\/wp\/v2\/posts\/7802"}],"collection":[{"href":"https:\/\/www.amplitudes.com\/blog-backend\/wp-json\/wp\/v2\/posts"}],"about":[{"href":"https:\/\/www.amplitudes.com\/blog-backend\/wp-json\/wp\/v2\/types\/post"}],"author":[{"embeddable":true,"href":"https:\/\/www.amplitudes.com\/blog-backend\/wp-json\/wp\/v2\/users\/2"}],"replies":[{"embeddable":true,"href":"https:\/\/www.amplitudes.com\/blog-backend\/wp-json\/wp\/v2\/comments?post=7802"}],"version-history":[{"count":41,"href":"https:\/\/www.amplitudes.com\/blog-backend\/wp-json\/wp\/v2\/posts\/7802\/revisions"}],"predecessor-version":[{"id":11560,"href":"https:\/\/www.amplitudes.com\/blog-backend\/wp-json\/wp\/v2\/posts\/7802\/revisions\/11560"}],"wp:featuredmedia":[{"embeddable":true,"href":"https:\/\/www.amplitudes.com\/blog-backend\/wp-json\/wp\/v2\/media\/7876"}],"wp:attachment":[{"href":"https:\/\/www.amplitudes.com\/blog-backend\/wp-json\/wp\/v2\/media?parent=7802"}],"wp:term":[{"taxonomy":"category","embeddable":true,"href":"https:\/\/www.amplitudes.com\/blog-backend\/wp-json\/wp\/v2\/categories?post=7802"},{"taxonomy":"post_tag","embeddable":true,"href":"https:\/\/www.amplitudes.com\/blog-backend\/wp-json\/wp\/v2\/tags?post=7802"}],"curies":[{"name":"wp","href":"https:\/\/api.w.org\/{rel}","templated":true}]}}