{"id":7877,"date":"2019-05-04T13:45:47","date_gmt":"2019-05-04T12:45:47","guid":{"rendered":"https:\/\/www.amplitudes.com\/blog-backend\/?p=7877"},"modified":"2022-02-28T12:32:45","modified_gmt":"2022-02-28T11:32:45","slug":"juliette-au-costa-rica-j4-j5-j6-j7","status":"publish","type":"post","link":"https:\/\/www.amplitudes.com\/blog-backend\/juliette-au-costa-rica-j4-j5-j6-j7\/","title":{"rendered":"Juliette au Costa Rica : Corcovado-San Jos\u00e9 (J4-7)"},"content":{"rendered":"<p style=\"text-align: justify;\"><span style=\"font-family: gotham-book;\">Nous retrouvons Juliette, notre chef de projet Am\u00e9rique Latine, pour la suite de ses aventures au Costa Rica. Install\u00e9e dans un charmant camp de base, le <em>Rancho Corcovado H\u00f4tel<\/em>, notre exploratrice s\u2019appr\u00eate en ce quatri\u00e8me jour de voyage \u00e0 d\u00e9couvrir une r\u00e9gion sauvage pr\u00e9serv\u00e9e\u00a0: le Parc national du Corcovado, une terre baign\u00e9e de vert o\u00f9 les animaux r\u00e8gnent en ma\u00eetre<strong>. <\/strong>Juliette quittera ensuite le<strong> bleu du Pacifique pour rejoindre les rues color\u00e9es de San Jos\u00e9.<\/strong> Derni\u00e8res cartes postales du Costa Rica depuis la terre, la mer et le ciel&#8230;<br \/>\n<\/span><\/p>\n<h2 style=\"text-align: left;\"><strong><span style=\"font-family: gotham-book;\">Jour 4\u00a0: Visite du Parc du Corcovado<\/span><\/strong><\/h2>\n<h3 style=\"text-align: justify;\"><strong><span style=\"font-family: gotham-book;\">Observation des animaux dans la jungle\u00a0<\/span><\/strong><\/h3>\n<p style=\"text-align: justify;\"><span style=\"font-family: gotham-book;\">Il est 5h30, la nature s\u2019\u00e9veille \u00e0 peine lorsque Juliette embarque \u00e0 bord d\u2019un petit bateau en direction du Parc du Corcovado. Apr\u00e8s 30 minutes de travers\u00e9e, <strong style=\"font-weight: bold;\">une longue marche \u00e0 travers la jungle tropicale immerge totalement notre experte et son guide naturaliste, Freddy, dans un d\u00e9cor cin\u00e9matographique.<\/strong> Feuillages denses, bruits sauvages et chaleur humide rythment ces 3 heures dans le secteur de San Pedrillo. Des singes capucins croisent leur chemin, suivis de singes \u00e0 t\u00eate blanche. Dans les arbres constituant l&rsquo;\u00e9paisse canop\u00e9e, ce sont de merveilleux oiseaux color\u00e9s qui d\u00e9filent. Il y a m\u00eame des tapirs et une famille de sangliers qui les attendent. Elle en a de la chance notre voyageuse\u00a0! <\/span><\/p>\n<blockquote><p><strong><span style=\"font-family: gotham-book;\">Tips de Juliette<\/span> <\/strong>:\u00a0<span style=\"font-family: gotham-book;\">Un guide naturaliste est obligatoire pour explorer le parc. Tout en veillant au bon respect de l\u2019environnement<strong>, <\/strong>il vous d\u00e9niche les meilleurs spots d\u2019observation.<\/span><\/p><\/blockquote>\n<figure id=\"attachment_7900\" aria-describedby=\"caption-attachment-7900\" style=\"width: 2000px\" class=\"wp-caption aligncenter\"><img decoding=\"async\" class=\"size-full wp-image-7900\" src=\"https:\/\/www.amplitudes.com\/blog-backend\/wp-content\/uploads\/2019\/04\/peroquet-corcovado-recoup-1.jpg\" alt=\"deux adorables perroquets cach\u00e9s dans les feuillages \" width=\"2000\" height=\"1300\" srcset=\"https:\/\/www.amplitudes.com\/blog-backend\/wp-content\/uploads\/2019\/04\/peroquet-corcovado-recoup-1.jpg 2000w, https:\/\/www.amplitudes.com\/blog-backend\/wp-content\/uploads\/2019\/04\/peroquet-corcovado-recoup-1-300x195.jpg 300w, https:\/\/www.amplitudes.com\/blog-backend\/wp-content\/uploads\/2019\/04\/peroquet-corcovado-recoup-1-780x507.jpg 780w\" sizes=\"(max-width: 2000px) 100vw, 2000px\" \/><figcaption id=\"caption-attachment-7900\" class=\"wp-caption-text\">Deux adorables perroquets, cach\u00e9s dans les feuillages<\/figcaption><\/figure>\n<h3><strong><span style=\"font-family: gotham-book;\">Une pause rafra\u00eechissante\u00a0<\/span><\/strong><\/h3>\n<p style=\"text-align: justify;\"><span style=\"font-family: gotham-book;\">Apr\u00e8s avoir arpent\u00e9 la for\u00eat \u00e0 la recherche d&rsquo;animaux, notre sp\u00e9cialiste profite d&rsquo;un instant d\u00e9tente le long d&rsquo;une <strong>magnifique plage \u00e0 l&rsquo;\u00e9tat brut.<\/strong> Le guide l&rsquo;entra\u00eene ensuite vers une cascade, v\u00e9ritable oasis au c\u0153ur d&rsquo;un \u00e9crin de verdure, o\u00f9 notre aventuri\u00e8re se pr\u00e9lasse dans une eau rafra\u00eechissante.<\/span><\/p>\n<figure id=\"attachment_7901\" aria-describedby=\"caption-attachment-7901\" style=\"width: 2000px\" class=\"wp-caption aligncenter\"><img decoding=\"async\" class=\"size-full wp-image-7901\" src=\"https:\/\/www.amplitudes.com\/blog-backend\/wp-content\/uploads\/2019\/04\/plage-costa-rica-corcovado-recoup.jpg\" alt=\"en sortant de la for\u00eat, les \u00e9tendues de plages apparaissent \" width=\"2000\" height=\"1300\" srcset=\"https:\/\/www.amplitudes.com\/blog-backend\/wp-content\/uploads\/2019\/04\/plage-costa-rica-corcovado-recoup.jpg 2000w, https:\/\/www.amplitudes.com\/blog-backend\/wp-content\/uploads\/2019\/04\/plage-costa-rica-corcovado-recoup-300x195.jpg 300w, https:\/\/www.amplitudes.com\/blog-backend\/wp-content\/uploads\/2019\/04\/plage-costa-rica-corcovado-recoup-780x507.jpg 780w\" sizes=\"(max-width: 2000px) 100vw, 2000px\" \/><figcaption id=\"caption-attachment-7901\" class=\"wp-caption-text\">En sortant de la for\u00eat, les \u00e9tendues de plages apparaissent<\/figcaption><\/figure>\n<h2 style=\"text-align: left;\"><strong><span style=\"font-family: gotham-book;\">Jour 5\u00a0: Snorkeling \u00e0 Isla del Cano<\/span><\/strong><\/h2>\n<p><span style=\"font-family: gotham-book;\">De la jungle \u00e0 l\u2019oc\u00e9an, notre aventuri\u00e8re poursuit son itin\u00e9raire \u00e0 la rencontre d&rsquo;une faune 100% aquatique.<\/span><\/p>\n<figure id=\"attachment_7902\" aria-describedby=\"caption-attachment-7902\" style=\"width: 2000px\" class=\"wp-caption aligncenter\"><img decoding=\"async\" class=\"size-full wp-image-7902\" src=\"https:\/\/www.amplitudes.com\/blog-backend\/wp-content\/uploads\/2019\/04\/Isla-del-Cano-recoup.jpg\" alt=\"Juliette et son groupe au milieu du Pacifique\" width=\"2000\" height=\"1300\" srcset=\"https:\/\/www.amplitudes.com\/blog-backend\/wp-content\/uploads\/2019\/04\/Isla-del-Cano-recoup.jpg 2000w, https:\/\/www.amplitudes.com\/blog-backend\/wp-content\/uploads\/2019\/04\/Isla-del-Cano-recoup-300x195.jpg 300w, https:\/\/www.amplitudes.com\/blog-backend\/wp-content\/uploads\/2019\/04\/Isla-del-Cano-recoup-780x507.jpg 780w\" sizes=\"(max-width: 2000px) 100vw, 2000px\" \/><figcaption id=\"caption-attachment-7902\" class=\"wp-caption-text\"><span style=\"font-family: gotham-book;\">Juliette et son groupe au milieu du Pacifique<\/span><\/figcaption><\/figure>\n<blockquote>\n<p style=\"text-align: justify;\"><span style=\"font-family: gotham-book;\"><strong>Tips de Juliette<\/strong> <em>: <\/em>Apportez un appareil photo \u00e9tanche pour immortaliser les moments sous l\u2019eau car la faune aquatique des lieux est merveilleuse. Une belle exp\u00e9rience\u00a0!<\/span><\/p>\n<\/blockquote>\n<p style=\"text-align: justify;\"><span style=\"font-family: gotham-book;\">D\u00e9part pour Isla del Cano, une \u00eele inhabit\u00e9e du Pacifique situ\u00e9e \u00e0 une vingtaine de kilom\u00e8tres des c\u00f4tes.\u00a0 \u00c9quip\u00e9e de palmes, masque et tuba, Juliette part s\u2019adonner au snorkeling. D\u00e8s l&rsquo;instant o\u00f9 elle p\u00e9n\u00e8tre dans\u00a0les fonds marins, c\u2019est un\u00a0 tout autre monde qui appara\u00eet sous ses yeux ! Pendant 1h30, notre sp\u00e9cialiste a le privil\u00e8ge de nager dans une eau \u00e0 30\u00b0, en compagnie de dauphins, de majestueuses raies mantas, d\u2019impressionnantes tortues et de quelques requins \u00e0 pointe blanche. \u00a0<\/span><\/p>\n<h2 style=\"text-align: left;\"><strong><span style=\"font-family: gotham-book;\">Jour 6\u00a0: Retour vers San Jos\u00e9<\/span><\/strong><\/h2>\n<h3 style=\"text-align: left;\"><strong><span style=\"font-family: gotham-book;\">Vol entre Drake et San Jos\u00e9<\/span><\/strong><\/h3>\n<figure id=\"attachment_7903\" aria-describedby=\"caption-attachment-7903\" style=\"width: 2000px\" class=\"wp-caption aligncenter\"><img decoding=\"async\" class=\"size-full wp-image-7903\" src=\"https:\/\/www.amplitudes.com\/blog-backend\/wp-content\/uploads\/2019\/04\/avion-vue-du-ciiel.jpg\" alt=\"Depuis le ciel, les cotes costaricaines surplombent l\u2019horizon\" width=\"2000\" height=\"1300\" srcset=\"https:\/\/www.amplitudes.com\/blog-backend\/wp-content\/uploads\/2019\/04\/avion-vue-du-ciiel.jpg 2000w, https:\/\/www.amplitudes.com\/blog-backend\/wp-content\/uploads\/2019\/04\/avion-vue-du-ciiel-300x195.jpg 300w, https:\/\/www.amplitudes.com\/blog-backend\/wp-content\/uploads\/2019\/04\/avion-vue-du-ciiel-780x507.jpg 780w\" sizes=\"(max-width: 2000px) 100vw, 2000px\" \/><figcaption id=\"caption-attachment-7903\" class=\"wp-caption-text\"><span style=\"font-family: gotham-book;\">Depuis le ciel, les c\u00f4tes costaricaines surplombent l\u2019horizon<\/span><\/figcaption><\/figure>\n<blockquote><p><span style=\"font-family: gotham-book;\"><strong>T<\/strong><strong>ips de Juliette<\/strong> : Installez-vous pr\u00e8s d\u2019un hublot pour profiter aux mieux de la vue\u00a0!<br \/>\n<\/span><\/p><\/blockquote>\n<p style=\"text-align: justify;\"><span style=\"font-family: gotham-book;\">\u00c0 bord d\u2019un petit avion de 19 places, Juliette s\u2019envole pour un vol priv\u00e9 de 30 minutes entre la baie de Drake et San Jos\u00e9. <strong>Entre terre et oc\u00e9an, les c\u00f4tes du Costa Rica se d\u00e9voilent.<\/strong> \u00a0Il y a la plage de Bahia Ballena o\u00f9 l\u2019on vient observer les baleines puis le continent, ses plaines et ses reliefs menant jusqu\u2019\u00e0 la capitale San Jos\u00e9.<\/span><\/p>\n<h3 style=\"text-align: left;\"><strong><span style=\"font-family: gotham-book;\">Tour \u00e0 v\u00e9lo dans la ville de San Jos\u00e9<\/span><\/strong><\/h3>\n<figure id=\"attachment_7904\" aria-describedby=\"caption-attachment-7904\" style=\"width: 2000px\" class=\"wp-caption aligncenter\"><img decoding=\"async\" class=\"size-full wp-image-7904\" src=\"https:\/\/www.amplitudes.com\/blog-backend\/wp-content\/uploads\/2019\/04\/tour-de-v\u00e9lo-recoup.jpg\" alt=\"Street Art \u00e0 Saint Jos\u00e9\" width=\"2000\" height=\"1300\" srcset=\"https:\/\/www.amplitudes.com\/blog-backend\/wp-content\/uploads\/2019\/04\/tour-de-v\u00e9lo-recoup.jpg 2000w, https:\/\/www.amplitudes.com\/blog-backend\/wp-content\/uploads\/2019\/04\/tour-de-v\u00e9lo-recoup-300x195.jpg 300w, https:\/\/www.amplitudes.com\/blog-backend\/wp-content\/uploads\/2019\/04\/tour-de-v\u00e9lo-recoup-780x507.jpg 780w\" sizes=\"(max-width: 2000px) 100vw, 2000px\" \/><figcaption id=\"caption-attachment-7904\" class=\"wp-caption-text\"><span style=\"font-family: gotham-book;\">Street-art \u00e0 San Jos\u00e9<\/span><\/figcaption><\/figure>\n<p style=\"text-align: justify;\"><span style=\"font-family: gotham-book;\"><span style=\"font-family: gotham-book;\">Accompagn\u00e9e d\u2019un guide francophone, Juliette d\u00e9couvre le quartier du th\u00e9\u00e2tre national \u00e0 v\u00e9lo. Art contemporain, sculptures et street-art rythment la balade au fil des rues et des chemins emprunt\u00e9s. Gr\u00e2ce aux graffeurs professionnels, les murs de la ville reprennent vie. A travers ces tableaux urbains, les artistes repr\u00e9sentent les id\u00e9es et les valeurs de la population locale face\u00a0aux probl\u00e8mes.<br \/>\n<\/span><\/span><\/p>\n<blockquote>\n<p style=\"text-align: justify;\"><span style=\"font-family: gotham-book;\"><strong>Tips de Juliette :<\/strong><\/span><span style=\"font-family: gotham-book;\">\u00a0V<\/span><span style=\"font-family: gotham-book;\">ous avez jusqu\u2019au 14 juillet 2019 pour d\u00e9couvrir les \u0153uvres de l\u2019artiste Jimenez Deridia, un sculpteur costaricain renomm\u00e9 dans le pays. <\/span><\/p>\n<\/blockquote>\n<h3 style=\"text-align: left;\"><strong><span style=\"font-family: gotham-book;\">Tour des brasseries artisanales<\/span><\/strong><\/h3>\n<figure id=\"attachment_7905\" aria-describedby=\"caption-attachment-7905\" style=\"width: 2000px\" class=\"wp-caption aligncenter\"><img decoding=\"async\" class=\"size-full wp-image-7905\" src=\"https:\/\/www.amplitudes.com\/blog-backend\/wp-content\/uploads\/2019\/04\/recoup-biere.jpg\" alt=\"D\u00e9gustation de bieres dans San Jos\u00e9\" width=\"2000\" height=\"1300\" srcset=\"https:\/\/www.amplitudes.com\/blog-backend\/wp-content\/uploads\/2019\/04\/recoup-biere.jpg 2000w, https:\/\/www.amplitudes.com\/blog-backend\/wp-content\/uploads\/2019\/04\/recoup-biere-300x195.jpg 300w, https:\/\/www.amplitudes.com\/blog-backend\/wp-content\/uploads\/2019\/04\/recoup-biere-780x507.jpg 780w\" sizes=\"(max-width: 2000px) 100vw, 2000px\" \/><figcaption id=\"caption-attachment-7905\" class=\"wp-caption-text\"><span style=\"font-family: gotham-book;\">D\u00e9gustation de bi\u00e8res dans San Jos\u00e9<\/span><\/figcaption><\/figure>\n<blockquote><p><span style=\"font-family: gotham-book;\"><strong>Tips de Juliette : <\/strong>D\u00e9couvrez des bi\u00e8res pour tous les go\u00fbts\u00a0: blonde, brune, ambr\u00e9e&#8230; le tout\u00a0accompagn\u00e9 de tapas.<\/span><\/p><\/blockquote>\n<p style=\"text-align: justify;\"><span style=\"font-family: gotham-book;\">Le soir, la vie nocturne se r\u00e9veille. Juliette et son groupe partent \u00e0 la d\u00e9couverte des nombreuses brasseries artisanales qui grouillent dans la ville de San Jos\u00e9. Au programme : le Wilk et ses frites de patates douces, le Lolita et sa bi\u00e8re blonde Ipa Uran, le Craic et sa bi\u00e8re brune irlandaise.<\/span><\/p>\n<h2 style=\"text-align: left;\"><span style=\"font-family: gotham-book;\"><strong>Jour 7\u00a0: Mus\u00e9e de Jade<\/strong><\/span><\/h2>\n<figure id=\"attachment_7906\" aria-describedby=\"caption-attachment-7906\" style=\"width: 2000px\" class=\"wp-caption aligncenter\"><img decoding=\"async\" class=\"size-full wp-image-7906\" src=\"https:\/\/www.amplitudes.com\/blog-backend\/wp-content\/uploads\/2019\/04\/vendredi-12-avril-mus\u00e9e-du-jade-9recoup.jpg\" alt=\"Exposition de plusieurs pierre de Jade\" width=\"2000\" height=\"1300\" srcset=\"https:\/\/www.amplitudes.com\/blog-backend\/wp-content\/uploads\/2019\/04\/vendredi-12-avril-mus\u00e9e-du-jade-9recoup.jpg 2000w, https:\/\/www.amplitudes.com\/blog-backend\/wp-content\/uploads\/2019\/04\/vendredi-12-avril-mus\u00e9e-du-jade-9recoup-300x195.jpg 300w, https:\/\/www.amplitudes.com\/blog-backend\/wp-content\/uploads\/2019\/04\/vendredi-12-avril-mus\u00e9e-du-jade-9recoup-780x507.jpg 780w\" sizes=\"(max-width: 2000px) 100vw, 2000px\" \/><figcaption id=\"caption-attachment-7906\" class=\"wp-caption-text\"><span style=\"font-family: gotham-book;\">Exposition de plusieurs pierres de jade<\/span><\/figcaption><\/figure>\n<blockquote><p><span style=\"font-family: gotham-book;\"><strong>Tips de Juliette\u00a0: <\/strong>L\u2019exposition tr\u00e8s compl\u00e8te et\u00a0ludique est parfaite \u00e0 faire avec des enfants.<\/span><\/p><\/blockquote>\n<p style=\"text-align: justify;\"><span style=\"font-family: gotham-book;\">Derni\u00e8re visite \u00e0 San Jos\u00e9 avec la d\u00e9couverte du mus\u00e9e de Jade, un mus\u00e9e arch\u00e9ologique abritant la plus importante collection de jade pr\u00e9colombien d\u2019Am\u00e9rique. \u00c9tendue sur 4 \u00e9tages, l\u2019exposition se d\u00e9roule de fa\u00e7on ludique et propose des jeux interactifs autour de l\u2019artisanat du pays. Id\u00e9al pour terminer un s\u00e9jour au Costa Rica avant de s\u2019envoler vers la France\u00a0!<\/span><\/p>\n<h2 style=\"text-align: left;\"><strong><span style=\"font-family: gotham-book;\">Pourquoi partir au Costa Rica\u00a0:<\/span><\/strong><\/h2>\n<p><span style=\"font-family: gotham-book;\">Juliette vous livre 5 bonnes raisons de visiter le Costa Rica\u00a0:<\/span><\/p>\n<ul>\n<li><span style=\"font-family: gotham-book;\">La recherche d\u2019un oiseau embl\u00e9matique\u00a0: le quetzal\u00a0!<\/span><\/li>\n<li><span style=\"font-family: gotham-book;\">La d\u00e9couverte d\u2019un pays aux paysages fa\u00e7onn\u00e9s par les volcans<\/span><\/li>\n<li><span style=\"font-family: gotham-book;\">La faune et la flore du Parc national du Corcovado<\/span><\/li>\n<li><span style=\"font-family: gotham-book;\">Le snorkeling \u00e0 Isla del Cano<\/span><\/li>\n<li><span style=\"font-family: gotham-book;\">La gentillesse des locaux\u00a0: Pura Vida<\/span><\/li>\n<\/ul>\n<h3 style=\"text-align: center;\"><span style=\"font-family: gotham-book;\"><a href=\"https:\/\/www.amplitudes.com\/agence-de-voyages\/toulouse\/paris\/demande-devis-sur-mesure.html?utm_source=blog&amp;utm_medium=juliette_au_costa_rica_corcovado_san_jose_j4_7&amp;utm_campaign=blog_juliette_au_costa_rica_corcovado_san_jose_j4_7&amp;utm_content=Partez_en_voyage_au_Costa_Rica_avec_Amplitudes\">Partez en voyage au Costa Rica avec Amplitudes<\/a><\/span><\/h3>\n","protected":false},"excerpt":{"rendered":"<p>Nous retrouvons Juliette, notre chef de projet Am\u00e9rique Latine, pour la suite de ses aventures au Costa Rica. Install\u00e9e dans un charmant camp de base, le Rancho Corcovado H\u00f4tel, notre exploratrice s\u2019appr\u00eate en ce quatri\u00e8me jour de voyage \u00e0 d\u00e9couvrir une r\u00e9gion sauvage pr\u00e9serv\u00e9e\u00a0: le Parc national du Corcovado, une terre baign\u00e9e de vert o\u00f9 [&hellip;]<\/p>\n","protected":false},"author":2,"featured_media":7878,"comment_status":"open","ping_status":"open","sticky":false,"template":"","format":"standard","meta":{"footnotes":""},"categories":[172],"tags":[181],"yoast_head":"<!-- This site is optimized with the Yoast SEO plugin v22.1 - https:\/\/yoast.com\/wordpress\/plugins\/seo\/ -->\n<title>Juliette au Costa Rica : Corcovado-San Jos\u00e9 (J4-7)<\/title>\n<meta name=\"description\" content=\"Suivez la suite du r\u00e9cit de voyage de Juliette au Costa Rica : Parc du\u00a0Corcovado, snorkeling \u00e0 Isla del Cano et\u00a0balade \u00e0 v\u00e9lo\u00a0\u00e0 San Jos\u00e9 !\u00a0\" \/>\n<meta name=\"robots\" content=\"index, follow, max-snippet:-1, max-image-preview:large, max-video-preview:-1\" \/>\n<link rel=\"canonical\" href=\"https:\/\/www.amplitudes.com\/blog-backend\/juliette-au-costa-rica-j4-j5-j6-j7\/\" \/>\n<meta property=\"og:locale\" content=\"fr_FR\" \/>\n<meta property=\"og:type\" content=\"article\" \/>\n<meta property=\"og:title\" content=\"Juliette au Costa Rica : Corcovado-San Jos\u00e9 (J4-7)\" \/>\n<meta property=\"og:description\" content=\"Suivez la suite du r\u00e9cit de voyage de Juliette au Costa Rica : Parc du\u00a0Corcovado, snorkeling \u00e0 Isla del Cano et\u00a0balade \u00e0 v\u00e9lo\u00a0\u00e0 San Jos\u00e9 !\u00a0\" \/>\n<meta property=\"og:url\" content=\"https:\/\/www.amplitudes.com\/blog-backend\/juliette-au-costa-rica-j4-j5-j6-j7\/\" \/>\n<meta property=\"og:site_name\" content=\"Blog de l&#039;agence de voyage sur-mesure Amplitudes\" \/>\n<meta property=\"article:publisher\" content=\"http:\/\/facebook.com\/amplitudes.devoyages\/\" \/>\n<meta property=\"article:published_time\" content=\"2019-05-04T12:45:47+00:00\" \/>\n<meta property=\"article:modified_time\" content=\"2022-02-28T11:32:45+00:00\" \/>\n<meta property=\"og:image\" content=\"https:\/\/www.amplitudes.com\/blog-backend\/wp-content\/uploads\/2019\/04\/singe-pano-recoup.jpg\" \/>\n\t<meta property=\"og:image:width\" content=\"1170\" \/>\n\t<meta property=\"og:image:height\" content=\"507\" \/>\n\t<meta property=\"og:image:type\" content=\"image\/jpeg\" \/>\n<meta name=\"author\" content=\"Floriane\" \/>\n<meta name=\"twitter:card\" content=\"summary_large_image\" \/>\n<meta name=\"twitter:creator\" content=\"@AmplitudesV\" \/>\n<meta name=\"twitter:site\" content=\"@AmplitudesV\" \/>\n<meta name=\"twitter:label1\" content=\"\u00c9crit par\" \/>\n\t<meta name=\"twitter:data1\" content=\"Floriane\" \/>\n\t<meta name=\"twitter:label2\" content=\"Dur\u00e9e de lecture estim\u00e9e\" \/>\n\t<meta name=\"twitter:data2\" content=\"7 minutes\" \/>\n<script type=\"application\/ld+json\" class=\"yoast-schema-graph\">{\"@context\":\"https:\/\/schema.org\",\"@graph\":[{\"@type\":\"WebPage\",\"@id\":\"https:\/\/www.amplitudes.com\/blog-backend\/juliette-au-costa-rica-j4-j5-j6-j7\/\",\"url\":\"https:\/\/www.amplitudes.com\/blog-backend\/juliette-au-costa-rica-j4-j5-j6-j7\/\",\"name\":\"Juliette au Costa Rica : Corcovado-San Jos\u00e9 (J4-7)\",\"isPartOf\":{\"@id\":\"https:\/\/www.amplitudes.com\/blog-backend\/#website\"},\"datePublished\":\"2019-05-04T12:45:47+00:00\",\"dateModified\":\"2022-02-28T11:32:45+00:00\",\"author\":{\"@id\":\"https:\/\/www.amplitudes.com\/blog-backend\/#\/schema\/person\/1ac2058edef1f5f0f2c16e7f096a80b1\"},\"description\":\"Suivez la suite du r\u00e9cit de voyage de Juliette au Costa Rica : Parc du\u00a0Corcovado, snorkeling \u00e0 Isla del Cano et\u00a0balade \u00e0 v\u00e9lo\u00a0\u00e0 San Jos\u00e9 !\u00a0\",\"inLanguage\":\"fr-FR\",\"potentialAction\":[{\"@type\":\"ReadAction\",\"target\":[\"https:\/\/www.amplitudes.com\/blog-backend\/juliette-au-costa-rica-j4-j5-j6-j7\/\"]}]},{\"@type\":\"WebSite\",\"@id\":\"https:\/\/www.amplitudes.com\/blog-backend\/#website\",\"url\":\"https:\/\/www.amplitudes.com\/blog-backend\/\",\"name\":\"Blog de l&#039;agence de voyage sur-mesure Amplitudes\",\"description\":\"\",\"potentialAction\":[{\"@type\":\"SearchAction\",\"target\":{\"@type\":\"EntryPoint\",\"urlTemplate\":\"https:\/\/www.amplitudes.com\/blog-backend\/?s={search_term_string}\"},\"query-input\":\"required name=search_term_string\"}],\"inLanguage\":\"fr-FR\"},{\"@type\":\"Person\",\"@id\":\"https:\/\/www.amplitudes.com\/blog-backend\/#\/schema\/person\/1ac2058edef1f5f0f2c16e7f096a80b1\",\"name\":\"Floriane\",\"image\":{\"@type\":\"ImageObject\",\"inLanguage\":\"fr-FR\",\"@id\":\"https:\/\/www.amplitudes.com\/blog-backend\/#\/schema\/person\/image\/\",\"url\":\"https:\/\/secure.gravatar.com\/avatar\/f3f77af3dabd00f62e61c417047e08f6?s=96&d=mm&r=g\",\"contentUrl\":\"https:\/\/secure.gravatar.com\/avatar\/f3f77af3dabd00f62e61c417047e08f6?s=96&d=mm&r=g\",\"caption\":\"Floriane\"},\"url\":\"https:\/\/www.amplitudes.com\/blog-backend\/author\/audrey\/\"}]}<\/script>\n<!-- \/ Yoast SEO plugin. -->","yoast_head_json":{"title":"Juliette au Costa Rica : Corcovado-San Jos\u00e9 (J4-7)","description":"Suivez la suite du r\u00e9cit de voyage de Juliette au Costa Rica : Parc du\u00a0Corcovado, snorkeling \u00e0 Isla del Cano et\u00a0balade \u00e0 v\u00e9lo\u00a0\u00e0 San Jos\u00e9 !\u00a0","robots":{"index":"index","follow":"follow","max-snippet":"max-snippet:-1","max-image-preview":"max-image-preview:large","max-video-preview":"max-video-preview:-1"},"canonical":"https:\/\/www.amplitudes.com\/blog-backend\/juliette-au-costa-rica-j4-j5-j6-j7\/","og_locale":"fr_FR","og_type":"article","og_title":"Juliette au Costa Rica : Corcovado-San Jos\u00e9 (J4-7)","og_description":"Suivez la suite du r\u00e9cit de voyage de Juliette au Costa Rica : Parc du\u00a0Corcovado, snorkeling \u00e0 Isla del Cano et\u00a0balade \u00e0 v\u00e9lo\u00a0\u00e0 San Jos\u00e9 !\u00a0","og_url":"https:\/\/www.amplitudes.com\/blog-backend\/juliette-au-costa-rica-j4-j5-j6-j7\/","og_site_name":"Blog de l&#039;agence de voyage sur-mesure Amplitudes","article_publisher":"http:\/\/facebook.com\/amplitudes.devoyages\/","article_published_time":"2019-05-04T12:45:47+00:00","article_modified_time":"2022-02-28T11:32:45+00:00","og_image":[{"width":1170,"height":507,"url":"https:\/\/www.amplitudes.com\/blog-backend\/wp-content\/uploads\/2019\/04\/singe-pano-recoup.jpg","type":"image\/jpeg"}],"author":"Floriane","twitter_card":"summary_large_image","twitter_creator":"@AmplitudesV","twitter_site":"@AmplitudesV","twitter_misc":{"\u00c9crit par":"Floriane","Dur\u00e9e de lecture estim\u00e9e":"7 minutes"},"schema":{"@context":"https:\/\/schema.org","@graph":[{"@type":"WebPage","@id":"https:\/\/www.amplitudes.com\/blog-backend\/juliette-au-costa-rica-j4-j5-j6-j7\/","url":"https:\/\/www.amplitudes.com\/blog-backend\/juliette-au-costa-rica-j4-j5-j6-j7\/","name":"Juliette au Costa Rica : Corcovado-San Jos\u00e9 (J4-7)","isPartOf":{"@id":"https:\/\/www.amplitudes.com\/blog-backend\/#website"},"datePublished":"2019-05-04T12:45:47+00:00","dateModified":"2022-02-28T11:32:45+00:00","author":{"@id":"https:\/\/www.amplitudes.com\/blog-backend\/#\/schema\/person\/1ac2058edef1f5f0f2c16e7f096a80b1"},"description":"Suivez la suite du r\u00e9cit de voyage de Juliette au Costa Rica : Parc du\u00a0Corcovado, snorkeling \u00e0 Isla del Cano et\u00a0balade \u00e0 v\u00e9lo\u00a0\u00e0 San Jos\u00e9 !\u00a0","inLanguage":"fr-FR","potentialAction":[{"@type":"ReadAction","target":["https:\/\/www.amplitudes.com\/blog-backend\/juliette-au-costa-rica-j4-j5-j6-j7\/"]}]},{"@type":"WebSite","@id":"https:\/\/www.amplitudes.com\/blog-backend\/#website","url":"https:\/\/www.amplitudes.com\/blog-backend\/","name":"Blog de l&#039;agence de voyage sur-mesure Amplitudes","description":"","potentialAction":[{"@type":"SearchAction","target":{"@type":"EntryPoint","urlTemplate":"https:\/\/www.amplitudes.com\/blog-backend\/?s={search_term_string}"},"query-input":"required name=search_term_string"}],"inLanguage":"fr-FR"},{"@type":"Person","@id":"https:\/\/www.amplitudes.com\/blog-backend\/#\/schema\/person\/1ac2058edef1f5f0f2c16e7f096a80b1","name":"Floriane","image":{"@type":"ImageObject","inLanguage":"fr-FR","@id":"https:\/\/www.amplitudes.com\/blog-backend\/#\/schema\/person\/image\/","url":"https:\/\/secure.gravatar.com\/avatar\/f3f77af3dabd00f62e61c417047e08f6?s=96&d=mm&r=g","contentUrl":"https:\/\/secure.gravatar.com\/avatar\/f3f77af3dabd00f62e61c417047e08f6?s=96&d=mm&r=g","caption":"Floriane"},"url":"https:\/\/www.amplitudes.com\/blog-backend\/author\/audrey\/"}]}},"_links":{"self":[{"href":"https:\/\/www.amplitudes.com\/blog-backend\/wp-json\/wp\/v2\/posts\/7877"}],"collection":[{"href":"https:\/\/www.amplitudes.com\/blog-backend\/wp-json\/wp\/v2\/posts"}],"about":[{"href":"https:\/\/www.amplitudes.com\/blog-backend\/wp-json\/wp\/v2\/types\/post"}],"author":[{"embeddable":true,"href":"https:\/\/www.amplitudes.com\/blog-backend\/wp-json\/wp\/v2\/users\/2"}],"replies":[{"embeddable":true,"href":"https:\/\/www.amplitudes.com\/blog-backend\/wp-json\/wp\/v2\/comments?post=7877"}],"version-history":[{"count":18,"href":"https:\/\/www.amplitudes.com\/blog-backend\/wp-json\/wp\/v2\/posts\/7877\/revisions"}],"predecessor-version":[{"id":11561,"href":"https:\/\/www.amplitudes.com\/blog-backend\/wp-json\/wp\/v2\/posts\/7877\/revisions\/11561"}],"wp:featuredmedia":[{"embeddable":true,"href":"https:\/\/www.amplitudes.com\/blog-backend\/wp-json\/wp\/v2\/media\/7878"}],"wp:attachment":[{"href":"https:\/\/www.amplitudes.com\/blog-backend\/wp-json\/wp\/v2\/media?parent=7877"}],"wp:term":[{"taxonomy":"category","embeddable":true,"href":"https:\/\/www.amplitudes.com\/blog-backend\/wp-json\/wp\/v2\/categories?post=7877"},{"taxonomy":"post_tag","embeddable":true,"href":"https:\/\/www.amplitudes.com\/blog-backend\/wp-json\/wp\/v2\/tags?post=7877"}],"curies":[{"name":"wp","href":"https:\/\/api.w.org\/{rel}","templated":true}]}}