{"id":8166,"date":"2019-06-11T13:15:04","date_gmt":"2019-06-11T12:15:04","guid":{"rendered":"https:\/\/www.amplitudes.com\/blog-backend\/?p=8166"},"modified":"2024-02-21T15:37:25","modified_gmt":"2024-02-21T14:37:25","slug":"voyage-a-motocyclette-de-che-guevara","status":"publish","type":"post","link":"https:\/\/www.amplitudes.com\/blog-backend\/voyage-a-motocyclette-de-che-guevara\/","title":{"rendered":"Voyage \u00e0 motocyclette de Che Guevara"},"content":{"rendered":"<p style=\"text-align: justify;\"><span style=\"font-family: gotham-book;\">S\u2019il est un art\u00a0propice \u00e0 l&rsquo;\u00e9vasion, c\u2019est bien la lecture. Notre s\u00e9rie <strong>\u00ab\u00a0tour du monde litt\u00e9raire\u00a0\u00bb<\/strong> a pour objectif de vous\u00a0faire voyager en suivant les traces de personnages qui ont sillonn\u00e9 les routes du monde. Ce premier num\u00e9ro est consacr\u00e9 au livre <strong><em>Voyage \u00e0 Motocyclette<\/em> de Che Guevara. <\/strong>De\u00a0l\u2019Argentine\u00a0au Venezuela, l&rsquo;itin\u00e9raire de son p\u00e9riple a inspir\u00e9 nos cr\u00e9ateurs de voyages pour l\u2019\u00e9laboration de notre circuit <a href=\"https:\/\/www.amplitudes.com\/voyage\/amerique-du-sud\/argentine-chili-perou\/nature-grand-voyage\/la-route-du-che.html?utm_source=blog&amp;utm_medium=voyage_a_motocyclette_de_che_guevara&amp;utm_campaign=blog_voyage_a_motocyclette_de_che_guevara&amp;utm_content=_Sur_la_route_du_Che\">\u00ab Sur la route du Che\u00a0\u00bb<\/a>.<\/span><\/p>\n<div id=\"ez-toc-container\" class=\"ez-toc-v2_0_17 ez-toc-wrap-left counter-hierarchy counter-decimal\">\n<div class=\"ez-toc-title-container\">\n<p class=\"ez-toc-title\">Sommaire <\/p>\n<span class=\"ez-toc-title-toggle\"><a class=\"ez-toc-pull-right ez-toc-btn ez-toc-btn-xs ez-toc-btn-default ez-toc-toggle\" style=\"display: none;\"><i class=\"ez-toc-glyphicon ez-toc-icon-toggle\"><\/i><\/a><\/span><\/div>\n<nav><ul class=\"ez-toc-list ez-toc-list-level-1\"><li class=\"ez-toc-page-1 ez-toc-heading-level-2\"><a class=\"ez-toc-link ez-toc-heading-1\" href=\"https:\/\/www.amplitudes.com\/blog-backend\/voyage-a-motocyclette-de-che-guevara\/#Breve_presentation_du_livre\" title=\"Br\u00e8ve pr\u00e9sentation du livre\">Br\u00e8ve pr\u00e9sentation du livre<\/a><\/li><li class=\"ez-toc-page-1 ez-toc-heading-level-2\"><a class=\"ez-toc-link ez-toc-heading-2\" href=\"https:\/\/www.amplitudes.com\/blog-backend\/voyage-a-motocyclette-de-che-guevara\/#Litineraire\" title=\"L\u2019itin\u00e9raire\">L\u2019itin\u00e9raire<\/a><\/li><li class=\"ez-toc-page-1 ez-toc-heading-level-2\"><a class=\"ez-toc-link ez-toc-heading-3\" href=\"https:\/\/www.amplitudes.com\/blog-backend\/voyage-a-motocyclette-de-che-guevara\/#LArgentine_le_debut_du_voyage\" title=\"L\u2019Argentine : le d\u00e9but du voyage \">L\u2019Argentine : le d\u00e9but du voyage <\/a><\/li><li class=\"ez-toc-page-1 ez-toc-heading-level-2\"><a class=\"ez-toc-link ez-toc-heading-4\" href=\"https:\/\/www.amplitudes.com\/blog-backend\/voyage-a-motocyclette-de-che-guevara\/#Remonter_le_Chili_un_kaleidoscope_de_paysages\" title=\"Remonter le Chili : un kal\u00e9idoscope de paysages \">Remonter le Chili : un kal\u00e9idoscope de paysages <\/a><\/li><li class=\"ez-toc-page-1 ez-toc-heading-level-2\"><a class=\"ez-toc-link ez-toc-heading-5\" href=\"https:\/\/www.amplitudes.com\/blog-backend\/voyage-a-motocyclette-de-che-guevara\/#Le_Perou_une_etape_phare_du_voyage_du_Che\" title=\"Le P\u00e9rou : une \u00e9tape phare du voyage du Che\">Le P\u00e9rou : une \u00e9tape phare du voyage du Che<\/a><\/li><li class=\"ez-toc-page-1 ez-toc-heading-level-2\"><a class=\"ez-toc-link ez-toc-heading-6\" href=\"https:\/\/www.amplitudes.com\/blog-backend\/voyage-a-motocyclette-de-che-guevara\/#La_Colombie_Leticia_et_Bogota\" title=\"La Colombie, Leticia et Bogot\u00e0\">La Colombie, Leticia et Bogot\u00e0<\/a><\/li><li class=\"ez-toc-page-1 ez-toc-heading-level-2\"><a class=\"ez-toc-link ez-toc-heading-7\" href=\"https:\/\/www.amplitudes.com\/blog-backend\/voyage-a-motocyclette-de-che-guevara\/#Le_Venezuela_le_clap_de_fin\" title=\"Le Venezuela, le clap de fin\u00a0\">Le Venezuela, le clap de fin\u00a0<\/a><\/li><li class=\"ez-toc-page-1 ez-toc-heading-level-2\"><a class=\"ez-toc-link ez-toc-heading-8\" href=\"https:\/\/www.amplitudes.com\/blog-backend\/voyage-a-motocyclette-de-che-guevara\/#La_fin_dun_voyage_des_souvenirs_imperissables\" title=\"La fin d\u2019un voyage, des souvenirs imp\u00e9rissables\">La fin d\u2019un voyage, des souvenirs imp\u00e9rissables<\/a><\/li><li class=\"ez-toc-page-1 ez-toc-heading-level-2\"><a class=\"ez-toc-link ez-toc-heading-9\" href=\"https:\/\/www.amplitudes.com\/blog-backend\/voyage-a-motocyclette-de-che-guevara\/#Pour_aller_plus_loin\" title=\"Pour aller plus loin\">Pour aller plus loin<\/a><\/li><\/ul><\/nav><\/div>\n<h2 style=\"text-align: justify;\"><span class=\"ez-toc-section\" id=\"Breve_presentation_du_livre\"><\/span><strong><span style=\"font-family: gotham-book;\">Br\u00e8ve pr\u00e9sentation du livre<\/span><\/strong><span class=\"ez-toc-section-end\"><\/span><\/h2>\n<p style=\"text-align: justify;\"><span style=\"font-family: gotham-book;\"><strong>Titre du livre\u00a0:<\/strong> Voyage \u00e0 motocyclette\u00a0: latinoamericana<\/span><\/p>\n<p style=\"text-align: justify;\"><span style=\"font-family: gotham-book;\"><strong>Auteur du livre\u00a0:<\/strong> Ernesto Che Guevara\u00a0\u00a0\u00a0\u00a0\u00a0\u00a0\u00a0\u00a0\u00a0 \u00a0\u00a0\u00a0 \u00a0\u00a0\u00a0\u00a0\u00a0<\/span><\/p>\n<p style=\"text-align: justify;\"><span style=\"font-family: gotham-book;\"><strong>Date de parution\u00a0:<\/strong> 1994<\/span><\/p>\n<p style=\"text-align: justify;\"><span style=\"font-family: gotham-book;\"><strong>R\u00e9sum\u00e9\u00a0:\u00a0<\/strong><\/span><span style=\"font-family: gotham-book;\"><em>Voyage \u00e0 motocyclette <\/em>raconte le premier grand voyage d\u2019Ernesto Guevara et son ami, Alberto Granado. Chevauchant une vieille Norton 500, affectueusement surnomm\u00e9 \u00abPoderosa II\u00bb, les deux jeunes gens r\u00e9pondent \u00e0 l\u2019appel de la route, le saint-graal de cette \u00ab Beat G\u00e9n\u00e9ration \u00bb. Lorsque leur monture rend l\u2019\u00e2me, le petit et le grand <em>Che<\/em> se confrontent \u00e0 la r\u00e9alit\u00e9 des populations locales. Cette travers\u00e9e aventureuse se transforme en un v\u00e9ritable voyage initiatique, nourrit de fragments de vies qui s\u2019entrecroisent.<\/span><\/p>\n<h2 style=\"text-align: justify;\"><span class=\"ez-toc-section\" id=\"Litineraire\"><\/span><strong><span style=\"font-family: gotham-book;\">L\u2019itin\u00e9raire<\/span><\/strong><span class=\"ez-toc-section-end\"><\/span><\/h2>\n<blockquote>\n<p style=\"text-align: justify;\"><span style=\"font-family: gotham-book;\">Port\u00e9s par notre r\u00eaverie, nous sommes arriv\u00e9s dans de lointains pays, nous avons navigu\u00e9 sur des mers tropicales et visit\u00e9 toute l&rsquo;Asie. Et soudain, gliss\u00e9e en passant comme faisant partie de nos r\u00eaves, la question a jailli : &#8211; Et si nous allions en Am\u00e9rique du Nord ?\u00a0<\/span><\/p>\n<\/blockquote>\n<p style=\"text-align: justify;\"><span style=\"font-family: gotham-book;\">C\u2019est ainsi qu\u2019Ernesto Guevara a d\u00e9cid\u00e9 de suivre Alberto Granado pour une aventure de 8 mois, traversant l\u2019Am\u00e9rique Latine et avec l\u2019objectif initial d\u2019atteindre les \u00c9tats-Unis.\u00a0<\/span><a href=\"https:\/\/www.amplitudes.com\/blog-backend\/tour-monde-litteraire-1-voyage-a-motocyclette\/infographie-v2\/\" rel=\"attachment wp-att-8223\"><br \/>\n<\/a><\/p>\n<figure id=\"attachment_8223\" aria-describedby=\"caption-attachment-8223\" style=\"width: 2000px\" class=\"wp-caption aligncenter\"><img decoding=\"async\" class=\"size-full wp-image-8223\" src=\"https:\/\/www.amplitudes.com\/blog-backend\/wp-content\/uploads\/2019\/06\/infographie-V2.jpg\" alt=\"Voyage \u00e0 motocyclette - Che Guevara - Amplitudes\" width=\"2000\" height=\"2889\" srcset=\"https:\/\/www.amplitudes.com\/blog-backend\/wp-content\/uploads\/2019\/06\/infographie-V2.jpg 2000w, https:\/\/www.amplitudes.com\/blog-backend\/wp-content\/uploads\/2019\/06\/infographie-V2-208x300.jpg 208w, https:\/\/www.amplitudes.com\/blog-backend\/wp-content\/uploads\/2019\/06\/infographie-V2-351x507.jpg 351w\" sizes=\"(max-width: 2000px) 100vw, 2000px\" \/><figcaption id=\"caption-attachment-8223\" class=\"wp-caption-text\">Le voyage de Che Guevara en images<\/figcaption><\/figure>\n<h2 style=\"text-align: justify;\"><span class=\"ez-toc-section\" id=\"LArgentine_le_debut_du_voyage\"><\/span><strong><span style=\"font-family: gotham-book;\">L\u2019Argentine : le d\u00e9but du voyage <\/span><\/strong><span class=\"ez-toc-section-end\"><\/span><\/h2>\n<p style=\"text-align: justify;\"><span style=\"font-family: gotham-book;\">29 d\u00e9cembre 1951 : c&rsquo;\u00e9tait le grand jour. La Poderosa II \u00e9tait fin pr\u00eate \u00e0 quitter San Francisco et parcourir les milliers de kilom\u00e8tres qui l\u2019attendaient. D\u00e9sertiques et baign\u00e9s de reliefs aux couleurs multiples, <strong>les paysages du nord-est de l&rsquo;Argentine<\/strong>\u00a0sont immobiles et persistent dans le temps. La sensation de libert\u00e9 est ici reine et donne le ton de ce voyage au c\u0153ur de l\u2019Am\u00e9rique Latine.<\/span><\/p>\n<p style=\"text-align: justify;\"><span style=\"font-family: gotham-book;\">En rejoignant la capitale de l\u2019Argentine, la c\u00f4te Atlantique se dessine et l\u2019air se fait marin. Ernesto\u00a0est de retour \u00e0\u00a0<strong>Buenos Aires<\/strong>, ville o\u00f9 il \u00e9tudie la m\u00e9decine depuis d\u00e9j\u00e0 quelques ann\u00e9es. De quartiers chics en <em>villas miserias<\/em>, cette m\u00e9tropole de contrastes, perdue entre oc\u00e9an et terres australes, s\u2019est transform\u00e9e \u00e0 deux vitesses. Pour saisir l\u2019essence de la ville, on d\u00e9couvre le quartier de la Boca et ses fa\u00e7ades color\u00e9es, on admire une repr\u00e9sentation de tango ou on reste b\u00e9at face aux buildings de Puerto Madero&#8230; Mais <strong>s\u2019il est un paysage rest\u00e9 inchang\u00e9, c\u2019est celui de l\u2019oc\u00e9an.<\/strong> Celui-l\u00e0 m\u00eame que notre futur r\u00e9volutionnaire, en 1952, \u00e9t\u00e9 venu admirer \u00e0 Mar Del Plata et dont il \u00e9crivait d\u2019ailleurs :<\/span><\/p>\n<blockquote>\n<p style=\"text-align: justify;\"><span style=\"font-family: gotham-book;\">La pleine lune se profile sur la mer et couvre les vagues de reflets argent\u00e9s. [\u2026]. Pour moi, la mer a toujours \u00e9t\u00e9 une confidente, une amie qui engloutit tout ce qu&rsquo;on lui raconte sans jamais r\u00e9v\u00e9ler le secret confi\u00e9 et qui donne le meilleur des conseils : un bruit dont chacun interpr\u00e8te le sens comme il peut.<\/span><\/p>\n<\/blockquote>\n<figure id=\"attachment_8205\" aria-describedby=\"caption-attachment-8205\" style=\"width: 2001px\" class=\"wp-caption aligncenter\"><img decoding=\"async\" class=\"size-full wp-image-8205\" src=\"https:\/\/www.amplitudes.com\/blog-backend\/wp-content\/uploads\/2019\/06\/Mar_del_Plata_desde_el_norte.jpg\" alt=\"Voyage en Argentine - Mar del Plata - Amplitudes\" width=\"2001\" height=\"1300\" srcset=\"https:\/\/www.amplitudes.com\/blog-backend\/wp-content\/uploads\/2019\/06\/Mar_del_Plata_desde_el_norte.jpg 2001w, https:\/\/www.amplitudes.com\/blog-backend\/wp-content\/uploads\/2019\/06\/Mar_del_Plata_desde_el_norte-300x195.jpg 300w, https:\/\/www.amplitudes.com\/blog-backend\/wp-content\/uploads\/2019\/06\/Mar_del_Plata_desde_el_norte-780x507.jpg 780w\" sizes=\"(max-width: 2001px) 100vw, 2001px\" \/><figcaption id=\"caption-attachment-8205\" class=\"wp-caption-text\">Une pause \u00e0 Mar Del Plata<\/figcaption><\/figure>\n<p style=\"text-align: justify;\"><span style=\"font-family: gotham-book;\">Apr\u00e8s ces quelques jours \u00e0 se d\u00e9lecter des plaisirs baln\u00e9aires de la capitale, Ernesto et Alberto se rendent un peu plus au sud, \u00e0 <strong>\u00ab Los Medanos \u00bb<\/strong>. Ici, les dunes de sable blanc tranchent avec les montagnes rougeoyantes et les arbustes r\u00e9sistants. Avec sa toile de fond color\u00e9e, le paysage laisse place \u00e0 la r\u00eaverie. Pas \u00e9tonnant donc que dans leur qu\u00eate de libert\u00e9, Fuser (E.G) et Mial (A.G) aient choisi ce lieu comme \u00e9tape dans leur pays natal.<\/span><\/p>\n<figure id=\"attachment_8203\" aria-describedby=\"caption-attachment-8203\" style=\"width: 2000px\" class=\"wp-caption aligncenter\"><img decoding=\"async\" class=\"size-full wp-image-8203\" src=\"https:\/\/www.amplitudes.com\/blog-backend\/wp-content\/uploads\/2019\/06\/medanos-argentine.jpg\" alt=\"Voyage en Argentine - Medanos - Amplitudes\" width=\"2000\" height=\"1300\" srcset=\"https:\/\/www.amplitudes.com\/blog-backend\/wp-content\/uploads\/2019\/06\/medanos-argentine.jpg 2000w, https:\/\/www.amplitudes.com\/blog-backend\/wp-content\/uploads\/2019\/06\/medanos-argentine-300x195.jpg 300w, https:\/\/www.amplitudes.com\/blog-backend\/wp-content\/uploads\/2019\/06\/medanos-argentine-780x507.jpg 780w\" sizes=\"(max-width: 2000px) 100vw, 2000px\" \/><figcaption id=\"caption-attachment-8203\" class=\"wp-caption-text\">Les dunes dor\u00e9es de Medanos<\/figcaption><\/figure>\n<blockquote>\n<p style=\"text-align: justify;\"><span style=\"font-family: gotham-book;\">Nous nous sommes remis en marche, longeant des lacs de tailles diverses, entour\u00e9s de bois tr\u00e8s anciens ; le parfum de la nature nous caressait les narines.<\/span><\/p>\n<\/blockquote>\n<p style=\"text-align: justify;\"><span style=\"font-family: gotham-book;\">De retour dans les terres, les deux aventuriers\u00a0ont rejoint <strong>Bariloche<\/strong>, porte d\u2019entr\u00e9e \u00e0 la mythique <strong>route des 7 lacs<\/strong> et ses 107 kilom\u00e8tres de long. Sur les flancs de la Cordill\u00e8re des Andes, suivez les m\u00e9andres qui traversent des cimes enneig\u00e9es et de vastes \u00e9tendues de for\u00eats de coihues et de lengas, typiques de <strong>la fameuse Patagonie<\/strong>. Juste avant d\u2019atteindre le Chili, deuxi\u00e8me pays de son grand voyage en Am\u00e9rique Latine, Che Guevara \u00e9crivait :<\/span><\/p>\n<blockquote>\n<p style=\"text-align: justify;\"><span style=\"font-family: gotham-book;\">Sur la cordill\u00e8re, [\u2026], se trouve un belv\u00e9d\u00e8re qui permet de contempler un joli panorama du sol chilien : c&rsquo;est une sorte de carrefour \u2014 du moins l&rsquo;\u00e9tait-ce pour moi \u00e0 ce moment-l\u00e0. \u00c0 cet instant, je regardais vers le futur, vers l&rsquo;\u00e9troite frange chilienne et ce que je verrais par la suite.<\/span><\/p>\n<\/blockquote>\n<figure id=\"attachment_8201\" aria-describedby=\"caption-attachment-8201\" style=\"width: 2000px\" class=\"wp-caption aligncenter\"><img decoding=\"async\" class=\"size-full wp-image-8201\" src=\"https:\/\/www.amplitudes.com\/blog-backend\/wp-content\/uploads\/2019\/06\/Amplitudes_025563-Parc-National-Nahuel-Huapi_PP.jpg\" alt=\"Voyage en Argentine - Route des 7 lacs - Amplitudes\" width=\"2000\" height=\"1300\" srcset=\"https:\/\/www.amplitudes.com\/blog-backend\/wp-content\/uploads\/2019\/06\/Amplitudes_025563-Parc-National-Nahuel-Huapi_PP.jpg 2000w, https:\/\/www.amplitudes.com\/blog-backend\/wp-content\/uploads\/2019\/06\/Amplitudes_025563-Parc-National-Nahuel-Huapi_PP-300x195.jpg 300w, https:\/\/www.amplitudes.com\/blog-backend\/wp-content\/uploads\/2019\/06\/Amplitudes_025563-Parc-National-Nahuel-Huapi_PP-780x507.jpg 780w\" sizes=\"(max-width: 2000px) 100vw, 2000px\" \/><figcaption id=\"caption-attachment-8201\" class=\"wp-caption-text\">Au c\u0153ur du Parc national Nahuel Huapi&#8230;<\/figcaption><\/figure>\n<h2 style=\"text-align: justify;\"><span class=\"ez-toc-section\" id=\"Remonter_le_Chili_un_kaleidoscope_de_paysages\"><\/span><strong><span style=\"font-family: gotham-book;\">Remonter le Chili : un kal\u00e9idoscope de paysages <\/span><\/strong><span class=\"ez-toc-section-end\"><\/span><\/h2>\n<p style=\"text-align: justify;\"><span style=\"font-family: gotham-book;\">Le 14 f\u00e9vrier 1952, suivant l\u2019aura de Neruda, po\u00e8te chilien si cher \u00e0 Guevara, les deux amis foulaient enfin les terres voisines du Chili. Avides de d\u00e9couvertes, ils y admiraient des paysages vari\u00e9s mais surtout des visages amicaux pendant une travers\u00e9e de plus de deux mois. Adoss\u00e9 \u00e0 la Cordill\u00e8re des Andes, v\u00e9ritable rempart de feu et de neige, le Chili est <strong>le pays de la d\u00e9mesure g\u00e9ographique.<\/strong> \u00c0 votre tour, imaginez parcourir de bas en haut cette fine bande de terre, longue de 4 300 km.\u00a0<\/span><\/p>\n<figure id=\"attachment_8200\" aria-describedby=\"caption-attachment-8200\" style=\"width: 2000px\" class=\"wp-caption aligncenter\"><img decoding=\"async\" class=\"size-full wp-image-8200\" src=\"https:\/\/www.amplitudes.com\/blog-backend\/wp-content\/uploads\/2019\/06\/Amplitudes_025530-Volcan-Osorno_PP.jpg\" alt=\"Voyage en Argentine - Volcan Osorno - Amplitudes\" width=\"2000\" height=\"1300\" srcset=\"https:\/\/www.amplitudes.com\/blog-backend\/wp-content\/uploads\/2019\/06\/Amplitudes_025530-Volcan-Osorno_PP.jpg 2000w, https:\/\/www.amplitudes.com\/blog-backend\/wp-content\/uploads\/2019\/06\/Amplitudes_025530-Volcan-Osorno_PP-300x195.jpg 300w, https:\/\/www.amplitudes.com\/blog-backend\/wp-content\/uploads\/2019\/06\/Amplitudes_025530-Volcan-Osorno_PP-780x507.jpg 780w\" sizes=\"(max-width: 2000px) 100vw, 2000px\" \/><figcaption id=\"caption-attachment-8200\" class=\"wp-caption-text\">Panorama du somptueux volcan Osorno<\/figcaption><\/figure>\n<p style=\"text-align: justify;\"><span style=\"font-family: gotham-book;\">La <strong>r\u00e9gion des lacs chiliens<\/strong> offre autant de paysages saisissants que sa voisine argentine. Aux alentours de Peulla, les eaux vertes du lac Esmeralda, la fra\u00eecheur des cascades de Petrohue ou la beaut\u00e9 du volcan Osorno ponctuent la route. Ces panoramas ne laissent nulle place au doute, nous sommes en Patagonie. Sur le trajet de Temuco, regardez la nature se transformer et <strong>rev\u00eatir une robe aux teintes verdoyantes<\/strong> comme le d\u00e9crivait si bien Ernesto : <\/span><\/p>\n<blockquote>\n<p style=\"text-align: justify;\"><span style=\"font-family: gotham-book;\">Nous avons quitt\u00e9 Osorno. Toujours vers le nord, mais maintenant \u00e0 travers la magnifique campagne chilienne, toute en parcelles cultiv\u00e9es, en contraste avec notre Sud si aride.\u00a0<\/span><\/p>\n<\/blockquote>\n<p style=\"text-align: justify;\"><span style=\"font-family: gotham-book;\"><strong>Temuco<\/strong>, qui a accueilli Ernesto et Alberto au cours de leur p\u00e9riple est aussi le lieu o\u00f9 la Norton 500 a d\u00e9finitivement rendue l\u2019\u00e2me, transformant les voyageurs motoris\u00e9s en de v\u00e9ritables vagabonds. Cette ville aux maisons basses est situ\u00e9e dans la r\u00e9gion de l\u2019Araucanie, qui <strong>abrite historiquement les \u00ab Gens de la Terre \u00bb ou les Mapuches.<\/strong> Incas d\u2019abord, espagnols ensuite, ce peuple indig\u00e8ne a longtemps d\u00fb combattre pour d\u00e9fendre son territoire. En voyage au Chili, n\u2019h\u00e9sitez pas \u00e0 venir \u00e0 la rencontre de ces hommes et femmes, pour mesurer l\u2019attachement qu\u2019ils vouent \u00e0 leurs terres.<\/span><\/p>\n<figure id=\"attachment_8202\" aria-describedby=\"caption-attachment-8202\" style=\"width: 2000px\" class=\"wp-caption aligncenter\"><img decoding=\"async\" class=\"size-full wp-image-8202\" src=\"https:\/\/www.amplitudes.com\/blog-backend\/wp-content\/uploads\/2019\/06\/mapuche-archive-wikicommons.jpg\" alt=\"Voyage au Chili - Les Mapuches - Amplitudes\" width=\"2000\" height=\"1300\" srcset=\"https:\/\/www.amplitudes.com\/blog-backend\/wp-content\/uploads\/2019\/06\/mapuche-archive-wikicommons.jpg 2000w, https:\/\/www.amplitudes.com\/blog-backend\/wp-content\/uploads\/2019\/06\/mapuche-archive-wikicommons-300x195.jpg 300w, https:\/\/www.amplitudes.com\/blog-backend\/wp-content\/uploads\/2019\/06\/mapuche-archive-wikicommons-780x507.jpg 780w\" sizes=\"(max-width: 2000px) 100vw, 2000px\" \/><figcaption id=\"caption-attachment-8202\" class=\"wp-caption-text\">Dans les archives des Mapuches<\/figcaption><\/figure>\n<p style=\"text-align: justify;\"><span style=\"font-family: gotham-book;\">Lors de son passage \u00e0 <strong>Santiago du Chili<\/strong>, centre n\u00e9vralgique du pays, Ernesto comparait le lieu \u00e0 C\u00f3rdoba, une petite ville de province argentine. Or, si la capitale ne comptait que 300 000 habitants au d\u00e9but du 20\u00e8me si\u00e8cle, elle <strong>vibrionne aujourd\u2019hui sous une mar\u00e9e humaine<\/strong> de 7 millions d\u2019habitants. Le <strong>centre historique<\/strong> et ses \u00e9difices coloniaux, le <strong>quartier Bellavista<\/strong> et ses maisons\u00a0bariol\u00e9es ou encore <strong>Cerro San Cristobal<\/strong> et sa colline qui s\u2019apparente \u00e0 un \u00e9crin naturel au c\u0153ur de la ville\u2026 En voyage au Chili, n\u2019h\u00e9sitez pas \u00e0 profiter d\u2019une halte santiagoise pour d\u00e9couvrir ces multiples attraits.<\/span><\/p>\n<figure id=\"attachment_8197\" aria-describedby=\"caption-attachment-8197\" style=\"width: 2000px\" class=\"wp-caption aligncenter\"><img decoding=\"async\" class=\"size-full wp-image-8197\" src=\"https:\/\/www.amplitudes.com\/blog-backend\/wp-content\/uploads\/2019\/06\/Amplitudes_023471-Santiago_PP.jpg\" alt=\"Voyage au Chili - Santiago - Amplitudes\" width=\"2000\" height=\"1300\" srcset=\"https:\/\/www.amplitudes.com\/blog-backend\/wp-content\/uploads\/2019\/06\/Amplitudes_023471-Santiago_PP.jpg 2000w, https:\/\/www.amplitudes.com\/blog-backend\/wp-content\/uploads\/2019\/06\/Amplitudes_023471-Santiago_PP-300x195.jpg 300w, https:\/\/www.amplitudes.com\/blog-backend\/wp-content\/uploads\/2019\/06\/Amplitudes_023471-Santiago_PP-780x507.jpg 780w\" sizes=\"(max-width: 2000px) 100vw, 2000px\" \/><figcaption id=\"caption-attachment-8197\" class=\"wp-caption-text\">Une vue santiagoise<\/figcaption><\/figure>\n<blockquote>\n<p style=\"text-align: justify;\"><span style=\"font-family: gotham-book;\">Nous avons entrepris notre voyage vers Valpara\u00edso sur une magnifique route de montagne, un des plus beaux sites que peut offrir la civilisation lorsqu&rsquo;elle prend la place des vrais paysages naturels (comprenez : non souill\u00e9s par la main de l&rsquo;homme).<\/span><\/p>\n<\/blockquote>\n<p style=\"text-align: justify;\"><span style=\"font-family: gotham-book;\"><strong>Valpara\u00edso<\/strong> est incontestablement une \u00e9tape forte du voyage d\u2019Ernesto. D\u00e8s les pr\u00e9mices de son voyage dans la ville, il exprimait son enthousiasme pour le paysage environnant. Rien d\u2019\u00e9tonnant puisque,\u00a0<strong>boh\u00e8me par excellence<\/strong>, cette ville, d\u00e9clar\u00e9e Patrimoine de l\u2019Humanit\u00e9, inspire depuis longtemps po\u00e8tes et \u00e9crivains. <strong>V\u00e9ritable labyrinthe<\/strong> d\u2019escaliers sans fin, de ruelles \u00e9troites et\u00a0peinturlur\u00e9es et de funiculaires au charme de l\u2019ancien, elle est la fid\u00e8le repr\u00e9sentante du caract\u00e8re chilien.<\/span><\/p>\n<figure id=\"attachment_8199\" aria-describedby=\"caption-attachment-8199\" style=\"width: 2000px\" class=\"wp-caption aligncenter\"><img decoding=\"async\" class=\"size-full wp-image-8199\" src=\"https:\/\/www.amplitudes.com\/blog-backend\/wp-content\/uploads\/2019\/06\/Amplitudes_025515-Valparaiso_Blog.jpg\" alt=\"Voyage au Chili - Valparaiso - Amplitudes\" width=\"2000\" height=\"1300\" srcset=\"https:\/\/www.amplitudes.com\/blog-backend\/wp-content\/uploads\/2019\/06\/Amplitudes_025515-Valparaiso_Blog.jpg 2000w, https:\/\/www.amplitudes.com\/blog-backend\/wp-content\/uploads\/2019\/06\/Amplitudes_025515-Valparaiso_Blog-300x195.jpg 300w, https:\/\/www.amplitudes.com\/blog-backend\/wp-content\/uploads\/2019\/06\/Amplitudes_025515-Valparaiso_Blog-780x507.jpg 780w\" sizes=\"(max-width: 2000px) 100vw, 2000px\" \/><figcaption id=\"caption-attachment-8199\" class=\"wp-caption-text\">Les mille teintes de Valpara\u00edso<\/figcaption><\/figure>\n<p style=\"text-align: justify;\"><span style=\"font-family: gotham-book;\">Guevara et Granado faisaient preuve d\u2019une d\u00e9termination\u00a0sans faille \u00e0 visiter l\u2019<strong>\u00eele de P\u00e2ques<\/strong>, o\u00f9 le <strong>regard \u00e9nigmatique des moais<\/strong> r\u00e8gne en ma\u00eetre. Les myst\u00e8res de ce petit bout du monde, class\u00e9 au patrimoine mondial de l\u2019Unesco, ont toujours attir\u00e9 explorateurs, arch\u00e9ologues et anthropologues. Si apr\u00e8s une exp\u00e9rience clandestine loup\u00e9e \u00e0 bord du <em>San Antonio<\/em>, Ernesto et Alberto n\u2019ont pas pu r\u00e9aliser ce r\u00eave, il vous tend aujourd\u2019hui les bras. Foulez ces terres\u00a0envo\u00fbtantes\u00a0et d\u00e9couvrez la culture de cette grande civilisation pour <strong>toucher du doigt l\u2019essence m\u00eame de cette contr\u00e9e.<\/strong><\/span><\/p>\n<p style=\"text-align: justify;\"><span style=\"font-family: gotham-book;\">Suite \u00e0 cette m\u00e9saventure, Ernesto et Alberto ont continu\u00e9 leur route jusqu\u2019\u00e0 la ville c\u00f4ti\u00e8re d\u2019<strong>Antofagasta<\/strong>. Enclav\u00e9e entre le Pacifique et un cordon montagneux, elle laisse place au c\u00e9l\u00e8bre d\u00e9sert chilien. La Vall\u00e9e de la Lune et ses <strong>formes naturelles taill\u00e9es dans la roche par l\u2019\u00e9rosion<\/strong>, le Salar d\u2019Atacama et sa <strong>plaine de sel dentel\u00e9e <\/strong>ou encore\u00a0les lagunes surr\u00e9alistes qui se font\u00a0<strong>oasis au milieu du d\u00e9sert<\/strong>\u2026 autant de paysages embl\u00e9matiques du Chili. Votre voyage dans\u00a0cette immensit\u00e9 d\u00e9sertique, surplomb\u00e9e par les fumerolles des volcans, liera en toute harmonie <strong>confort et aventure<\/strong>, loin des conditions difficiles de la travers\u00e9e de nos deux aventuriers.<\/span><\/p>\n<figure id=\"attachment_8195\" aria-describedby=\"caption-attachment-8195\" style=\"width: 2000px\" class=\"wp-caption aligncenter\"><img decoding=\"async\" class=\"size-full wp-image-8195\" src=\"https:\/\/www.amplitudes.com\/blog-backend\/wp-content\/uploads\/2019\/06\/Amplitudes_019212-Desert-d_Atacama_PP.jpg\" alt=\"Voyage au Chili - D\u00e9sert d'Atacama - Amplitudes\" width=\"2000\" height=\"1300\" srcset=\"https:\/\/www.amplitudes.com\/blog-backend\/wp-content\/uploads\/2019\/06\/Amplitudes_019212-Desert-d_Atacama_PP.jpg 2000w, https:\/\/www.amplitudes.com\/blog-backend\/wp-content\/uploads\/2019\/06\/Amplitudes_019212-Desert-d_Atacama_PP-300x195.jpg 300w, https:\/\/www.amplitudes.com\/blog-backend\/wp-content\/uploads\/2019\/06\/Amplitudes_019212-Desert-d_Atacama_PP-780x507.jpg 780w\" sizes=\"(max-width: 2000px) 100vw, 2000px\" \/><figcaption id=\"caption-attachment-8195\" class=\"wp-caption-text\">Le panorama s\u00e9l\u00e9nite de la Vall\u00e9e de la Lune<\/figcaption><\/figure>\n<p style=\"text-align: justify;\"><span style=\"font-family: gotham-book;\">Domin\u00e9e\u00a0par le mont Dragon, une dune de sable de plus de quatre kilom\u00e8tres de long, la ville baln\u00e9aire d\u2019<strong>Iquique<\/strong> a accueilli nos deux amis au cours de leur travers\u00e9e. Litt\u00e9ralement <strong>\u00ab lieu de repos \u00bb<\/strong> dans la langue des indiens <em>Aymaras<\/em>, la ville se transformera pour vous, comme pour tout un essaim d\u2019otaries, en une <strong>douce pause scandant votre voyage dans la Cordill\u00e8re des Andes.<\/strong> Aussi, votre route vous m\u00e8nera-t-elle peut-\u00eatre au sein de la \u00ab Porte du Nord \u00bb, <strong>Arica<\/strong>, comme le Che avant vous. Si vous ne r\u00eavez que de soleil, cette <strong>\u00ab ville de l\u2019\u00e9ternel printemps \u00bb<\/strong> vous comblera.<\/span><\/p>\n<figure id=\"attachment_8194\" aria-describedby=\"caption-attachment-8194\" style=\"width: 2000px\" class=\"wp-caption aligncenter\"><img decoding=\"async\" class=\"size-full wp-image-8194\" src=\"https:\/\/www.amplitudes.com\/blog-backend\/wp-content\/uploads\/2019\/06\/Amplitudes_019203-Iquique_PP.jpg\" alt=\"Voyage au Chili - Iquique - Amplitudes\" width=\"2000\" height=\"1300\" srcset=\"https:\/\/www.amplitudes.com\/blog-backend\/wp-content\/uploads\/2019\/06\/Amplitudes_019203-Iquique_PP.jpg 2000w, https:\/\/www.amplitudes.com\/blog-backend\/wp-content\/uploads\/2019\/06\/Amplitudes_019203-Iquique_PP-300x195.jpg 300w, https:\/\/www.amplitudes.com\/blog-backend\/wp-content\/uploads\/2019\/06\/Amplitudes_019203-Iquique_PP-780x507.jpg 780w\" sizes=\"(max-width: 2000px) 100vw, 2000px\" \/><figcaption id=\"caption-attachment-8194\" class=\"wp-caption-text\"><span style=\"font-family: gotham-book;\">La rencontre entre l&rsquo;immensit\u00e9 d\u00e9sertique et le Pacifique<\/span><\/figcaption><\/figure>\n<blockquote>\n<p style=\"text-align: justify;\"><span style=\"font-family: gotham-book;\">Les nombreux kilom\u00e8tres qui s\u00e9parent Iquique d\u2019Arica d\u00e9filent entre mont\u00e9es et descentes continuelles qui nous emm\u00e8nent de plateaux arides en vall\u00e9es [\u2026].<\/span><\/p>\n<\/blockquote>\n<h2 style=\"text-align: justify;\"><span class=\"ez-toc-section\" id=\"Le_Perou_une_etape_phare_du_voyage_du_Che\"><\/span><strong><span style=\"font-family: gotham-book;\">Le P\u00e9rou : une \u00e9tape phare du voyage du Che<\/span><\/strong><span class=\"ez-toc-section-end\"><\/span><\/h2>\n<p style=\"text-align: justify;\"><span style=\"font-family: gotham-book;\">Le 24 mars 1952, les deux argentins d\u00e9marraient une aventure de plus de trois mois \u00e0 travers le P\u00e9rou. Comme eux, du nord au sud, de l\u2019ouest \u00e0 l\u2019est, on part s\u2019impr\u00e9gner de la richesse, tant culturelle que naturelle, de cet <strong>eldorado de la culture inca<\/strong>.<\/span><\/p>\n<figure id=\"attachment_8196\" aria-describedby=\"caption-attachment-8196\" style=\"width: 2000px\" class=\"wp-caption aligncenter\"><img decoding=\"async\" class=\"size-full wp-image-8196\" src=\"https:\/\/www.amplitudes.com\/blog-backend\/wp-content\/uploads\/2019\/06\/Amplitudes_020141-Perou_PP.jpg\" alt=\"Voyage au P\u00e9rou-paysage p\u00e9ruvien - Amplitudes\" width=\"2000\" height=\"1300\" srcset=\"https:\/\/www.amplitudes.com\/blog-backend\/wp-content\/uploads\/2019\/06\/Amplitudes_020141-Perou_PP.jpg 2000w, https:\/\/www.amplitudes.com\/blog-backend\/wp-content\/uploads\/2019\/06\/Amplitudes_020141-Perou_PP-300x195.jpg 300w, https:\/\/www.amplitudes.com\/blog-backend\/wp-content\/uploads\/2019\/06\/Amplitudes_020141-Perou_PP-780x507.jpg 780w\" sizes=\"(max-width: 2000px) 100vw, 2000px\" \/><figcaption id=\"caption-attachment-8196\" class=\"wp-caption-text\">Portrait du P\u00e9rou<\/figcaption><\/figure>\n<blockquote>\n<p style=\"text-align: justify;\"><span style=\"font-family: gotham-book;\">Les pics enneig\u00e9s nous regardaient de toutes parts et des troupeaux de lamas et d&rsquo;alpagas observaient d&rsquo;un air indiff\u00e9rent le passage du camion, tandis que quelques vigognes sauvages fuyaient rapidement cette pr\u00e9sence perturbatrice.\u00a0<\/span><\/p>\n<\/blockquote>\n<p style=\"text-align: justify;\"><span style=\"font-family: gotham-book;\">Les premiers paysages p\u00e9ruviens qui s\u2019offraient au <em>Che<\/em> \u00e9taient ceux de la r\u00e9gion de <strong>Tacna<\/strong>. Suivez les traces de notre c\u00e9l\u00e8bre vagabond et de son acolyte, en foulant \u00e0 votre tour ces zones <strong>d\u00e9sertiques, volcaniques et montagneuses<\/strong> qui cohabitent avec des vall\u00e9es fertiles, des eaux thermales et des lagunes infinies. Cette r\u00e9gion c\u00e9leste m\u00e8ne \u00e0 <strong>Puno<\/strong> et sa s\u0153ur jumelle, <strong>Juliaca<\/strong>, derniers rivages avant\u00a0le lac Titicaca, v\u00e9ritable petit joyau d\u2019authenticit\u00e9.<\/span><\/p>\n<blockquote>\n<p style=\"text-align: justify;\"><span style=\"font-family: gotham-book;\">Le lac sacr\u00e9 ne montrait qu&rsquo;une petite partie de son \u00e9tendue, car les langues de terre qui limitent la baie o\u00f9 Puno est \u00e9difi\u00e9 le cachaient \u00e0 notre regard. Quelques embarcations en jonc flottaient sur les eaux tranquilles et un petit bateau de p\u00eacheurs s&rsquo;engageait vers la sortie.\u00a0<\/span><\/p>\n<\/blockquote>\n<figure id=\"attachment_8191\" aria-describedby=\"caption-attachment-8191\" style=\"width: 2000px\" class=\"wp-caption aligncenter\"><img decoding=\"async\" class=\"size-full wp-image-8191\" src=\"https:\/\/www.amplitudes.com\/blog-backend\/wp-content\/uploads\/2019\/06\/Amplitudes_004177-Lac-Titicaca-Perou_Blog.jpg\" alt=\"Voyage au P\u00e9rou - Le lac Titicaca - Amplitudes\" width=\"2000\" height=\"1300\" srcset=\"https:\/\/www.amplitudes.com\/blog-backend\/wp-content\/uploads\/2019\/06\/Amplitudes_004177-Lac-Titicaca-Perou_Blog.jpg 2000w, https:\/\/www.amplitudes.com\/blog-backend\/wp-content\/uploads\/2019\/06\/Amplitudes_004177-Lac-Titicaca-Perou_Blog-300x195.jpg 300w, https:\/\/www.amplitudes.com\/blog-backend\/wp-content\/uploads\/2019\/06\/Amplitudes_004177-Lac-Titicaca-Perou_Blog-780x507.jpg 780w\" sizes=\"(max-width: 2000px) 100vw, 2000px\" \/><figcaption id=\"caption-attachment-8191\" class=\"wp-caption-text\">Le lac Titicaca et ses \u00eeles flottantes<\/figcaption><\/figure>\n<p style=\"text-align: justify;\"><span style=\"font-family: gotham-book;\">La mythologie inca consid\u00e8re <strong>le lac Titicaca\u00a0<\/strong>comme la matrice d\u2019o\u00f9 aurait jailli le monde. Naviguer sur ce lac sacr\u00e9 est un incontournable, que l\u2019on soit le futur \u00ab comandante \u00bb ou un voyageur du 21\u00e8me si\u00e8cle. C\u2019est ainsi que le 27 mars, Ernesto est parti \u00e0 la d\u00e9couverte de cette <strong>immensit\u00e9 bleue<\/strong>, o\u00f9 des <strong>confettis d\u2019\u00eeles flottantes<\/strong>, faites en roseau, semblent \u00eatre tomb\u00e9es du ciel, pour abriter aujourd\u2019hui plus de 2 000 habitants.<\/span><\/p>\n<p style=\"text-align: justify;\"><span style=\"font-family: gotham-book;\">Lov\u00e9 entre des montagnes brunes, <strong>Cuzco<\/strong> ou le \u00ab nombril du monde \u00bb en quechua, class\u00e9 Patrimoine mondial de l\u2019Humanit\u00e9 depuis 1983, renferme une <strong>richesse historique d\u2019envergure<\/strong>. Autrefois <strong>capitale de l\u2019Empire inca<\/strong>, la ville s\u2019est transform\u00e9e sous le pinceau des espagnols durant la colonisation. Si ses id\u00e9aux ne lui ont pas permis d\u2019appr\u00e9cier la ville \u00e0 sa juste valeur, Ernesto Guevara s\u2019est en revanche pris de passion pour la civilisation Inca.\u00a0\u00a0<\/span><\/p>\n<blockquote>\n<p style=\"text-align: justify;\"><span style=\"font-family: gotham-book;\">Ce qui est s\u00fbr et ce qui compte, c&rsquo;est qu&rsquo;on se trouve ici face \u00e0 l&rsquo;e\u00a0 xpression de la plus importante culture indig\u00e8ne d&rsquo;Am\u00e9rique. Une culture pr\u00e9serv\u00e9e du contact de la civilisation dominante et remplie, entre ses murs, morts d&rsquo;ennui de ne plus exister, ou dans le paysage stup\u00e9fiant qui l&rsquo;entoure, d&rsquo;immenses tr\u00e9sors \u00e9vocateurs. Un paysage qui procure le cadre propice au r\u00eaveur extasi\u00e9 qui erre \u00e0 travers ses ruines.<\/span><\/p>\n<\/blockquote>\n<figure id=\"attachment_8198\" aria-describedby=\"caption-attachment-8198\" style=\"width: 2000px\" class=\"wp-caption aligncenter\"><img decoding=\"async\" class=\"size-full wp-image-8198\" src=\"https:\/\/www.amplitudes.com\/blog-backend\/wp-content\/uploads\/2019\/06\/Amplitudes_024194-Machu-Picchu_Blog.jpg\" alt=\"Voyage au P\u00e9rou - Machu Picchu - Amplitudes\" width=\"2000\" height=\"1300\" srcset=\"https:\/\/www.amplitudes.com\/blog-backend\/wp-content\/uploads\/2019\/06\/Amplitudes_024194-Machu-Picchu_Blog.jpg 2000w, https:\/\/www.amplitudes.com\/blog-backend\/wp-content\/uploads\/2019\/06\/Amplitudes_024194-Machu-Picchu_Blog-300x195.jpg 300w, https:\/\/www.amplitudes.com\/blog-backend\/wp-content\/uploads\/2019\/06\/Amplitudes_024194-Machu-Picchu_Blog-780x507.jpg 780w\" sizes=\"(max-width: 2000px) 100vw, 2000px\" \/><figcaption id=\"caption-attachment-8198\" class=\"wp-caption-text\">La magie du Machu Picchu<\/figcaption><\/figure>\n<p style=\"text-align: justify;\"><span style=\"font-family: gotham-book;\">C\u2019est ainsi qu\u2019il s\u2019est lanc\u00e9 \u00e0 l\u2019assaut d\u2019une des sept nouvelles merveilles du monde : <strong>le Machu Picchu<\/strong>. Qui n\u2019a pas un jour r\u00eav\u00e9 de se trouver au sommet de cette ancienne forteresse, au c\u0153ur d\u2019une nature somptueuse ? <strong>Fl\u00e2nez sur les terrasses<\/strong>, <strong>touchez du doigt ces murs de pierre<\/strong> datant du XV\u00e8me si\u00e8cle ou <strong>palpez l\u2019atmosph\u00e8re<\/strong> de ce lieu qui f\u00fbt pendant longtemps oubli\u00e9\u2026 Autant d\u2019exp\u00e9riences marquantes \u00e0 vivre dans l\u2019ombre des souvenirs du Che.<\/span><\/p>\n<p style=\"text-align: justify;\"><span style=\"font-family: gotham-book;\">Continuant leur \u00e9pop\u00e9e \u00e0 travers le P\u00e9rou, Ernesto et Alberto ont travers\u00e9<strong>\u00a0Abancay, Huancarama<\/strong> ou encore <strong>Andahuaylas<\/strong> afin de rejoindre <strong>Lima<\/strong>. Ils se sont \u00e9pris de cette \u00ab ville des rois \u00bb, o\u00f9 ils sont rest\u00e9s plus de deux semaines. Aujourd\u2019hui encore, la capitale du P\u00e9rou est <strong>effervescente et pleine de contrastes<\/strong>, mais elle est surtout une p\u00e9pite culturelle, mettant en avant diff\u00e9rentes p\u00e9riodes de l\u2019histoire de l\u2019Humanit\u00e9.\u00a0<\/span><\/p>\n<figure id=\"attachment_8192\" aria-describedby=\"caption-attachment-8192\" style=\"width: 2000px\" class=\"wp-caption aligncenter\"><img decoding=\"async\" class=\"size-full wp-image-8192\" src=\"https:\/\/www.amplitudes.com\/blog-backend\/wp-content\/uploads\/2019\/06\/Amplitudes_004212-Lima_PP-2.jpg\" alt=\"Voyage au P\u00e9rou - Lima - Amplitudes\" width=\"2000\" height=\"1300\" srcset=\"https:\/\/www.amplitudes.com\/blog-backend\/wp-content\/uploads\/2019\/06\/Amplitudes_004212-Lima_PP-2.jpg 2000w, https:\/\/www.amplitudes.com\/blog-backend\/wp-content\/uploads\/2019\/06\/Amplitudes_004212-Lima_PP-2-300x195.jpg 300w, https:\/\/www.amplitudes.com\/blog-backend\/wp-content\/uploads\/2019\/06\/Amplitudes_004212-Lima_PP-2-780x507.jpg 780w\" sizes=\"(max-width: 2000px) 100vw, 2000px\" \/><figcaption id=\"caption-attachment-8192\" class=\"wp-caption-text\">Lima : la \u00ab\u00a0ville des rois\u00a0\u00bb et ses couleurs<\/figcaption><\/figure>\n<blockquote>\n<p style=\"text-align: justify;\"><span style=\"font-family: gotham-book;\">Ici, l&rsquo;art s&rsquo;est stylis\u00e9, et je dirais presque eff\u00e9min\u00e9. Les tours sont plus hautes, plus sveltes, les plus sveltes des cath\u00e9drales de la colonie. Le go\u00fbt du somptueux a pouss\u00e9 [\u2026], pour suivre le chemin de l&rsquo;or. Les nefs sont claires [\u2026]. Les tableaux aussi sont clairs, presque enjou\u00e9s.\u00a0<\/span><\/p>\n<\/blockquote>\n<p style=\"text-align: justify;\"><span style=\"font-family: gotham-book;\">\u00c0 bord de <em>La Cenepa<\/em>, Che Guevara et Alberto ont rejoint un\u00a0<strong>fleuve mythique<\/strong>, pour une navigation jusqu\u2019\u00e0<strong> Iquitos<\/strong>. C\u2019est dans ce v\u00e9ritable \u00e9crin urbain au c\u0153ur de la for\u00eat amazonienne qu\u2019ils ont d\u00e9cid\u00e9 de poser leurs baluchons pour travailler durant pr\u00e8s d\u2019un mois. Pour acc\u00e9der \u00e0 cette ville atypique, <strong>deux solutions : voler ou voguer<\/strong>. Cet excellent point de chute vous permet de d\u00e9couvrir la faune et la flore end\u00e9mique, \u00e0 travers la R\u00e9serve nationale Allpahuayo-Mishana, le lac de Quistococha ou encore la R\u00e9serve de Pacaya Samiria. Observez-y des dauphins roses d\u2019Amazonie, des jaguars ou encore des loutres g\u00e9antes. <\/span><\/p>\n<blockquote>\n<p style=\"text-align: justify;\"><span style=\"font-family: gotham-book;\">Nous regardions avec des yeux r\u00eaveurs l&rsquo;or\u00e9e tentatrice de la for\u00eat, excitante dans sa verdeur myst\u00e9rieuse.<\/span><\/p>\n<\/blockquote>\n<h2 style=\"text-align: left;\"><span class=\"ez-toc-section\" id=\"La_Colombie_Leticia_et_Bogota\"><\/span><strong><span style=\"font-family: gotham-book;\">La Colombie, Leticia et Bogot\u00e0<\/span><\/strong><span class=\"ez-toc-section-end\"><\/span><\/h2>\n<blockquote>\n<p style=\"text-align: justify;\"><span style=\"font-family: gotham-book;\">23 juin 1952 &#8211; Les faibles lueurs d&rsquo;un petit village qui, selon ses caract\u00e9ristiques ext\u00e9rieures, devait \u00eatre Leticia, se profilaient sur la rive gauche du fleuve.<\/span><\/p>\n<\/blockquote>\n<figure id=\"attachment_8193\" aria-describedby=\"caption-attachment-8193\" style=\"width: 2000px\" class=\"wp-caption aligncenter\"><img decoding=\"async\" class=\"size-full wp-image-8193\" src=\"https:\/\/www.amplitudes.com\/blog-backend\/wp-content\/uploads\/2019\/06\/Amplitudes_008830-Bresil_Blog.jpg\" alt=\"Voyage au Br\u00e9sil - Foret amazonienne - Amplitudes\" width=\"2000\" height=\"1300\" srcset=\"https:\/\/www.amplitudes.com\/blog-backend\/wp-content\/uploads\/2019\/06\/Amplitudes_008830-Bresil_Blog.jpg 2000w, https:\/\/www.amplitudes.com\/blog-backend\/wp-content\/uploads\/2019\/06\/Amplitudes_008830-Bresil_Blog-300x195.jpg 300w, https:\/\/www.amplitudes.com\/blog-backend\/wp-content\/uploads\/2019\/06\/Amplitudes_008830-Bresil_Blog-780x507.jpg 780w\" sizes=\"(max-width: 2000px) 100vw, 2000px\" \/><figcaption id=\"caption-attachment-8193\" class=\"wp-caption-text\">Sur l&rsquo;Amazone&#8230;<\/figcaption><\/figure>\n<p style=\"text-align: justify;\"><span style=\"font-family: gotham-book;\">\u00c0 bord d\u2019un radeau renomm\u00e9 <em>Mambo<\/em>, nos deux vagabonds ont entrepris une travers\u00e9e de deux jours sur l\u2019Amazone entre San Pedro, au P\u00e9rou et <strong>Leticia<\/strong>, en Colombie. Non accessible en voiture et <strong>situ\u00e9e \u00e0 la lisi\u00e8re de la jungle<\/strong>, cette jolie ville est un petit peu l\u2019Iquitos colombienne. Profitez d\u2019une <a href=\"https:\/\/www.amplitudes.com\/voyage\/voyage-amerique-du-sud\/voyage-bresil\/croisiere-sur-l-amazone.html?utm_source=blog&amp;utm_medium=voyage_a_motocyclette_de_che_guevara&amp;utm_campaign=blog_voyage_a_motocyclette_de_che_guevara&amp;utm_content=croisiere_en_Amazonie\">croisi\u00e8re en Amazonie<\/a> qui, pr\u00e9servant <strong>l\u2019aura des explorations d\u2019autrefois<\/strong>, se veut intimiste et confortable. Voguez au c\u0153ur des Parcs nationaux, sur les lacs couverts de n\u00e9nuphars g\u00e9ants ou sur les terres des indiens Uitotos, Ingas ou Nukaks.<\/span><\/p>\n<p style=\"text-align: justify;\"><span style=\"font-family: gotham-book;\">Il a suffi d\u2019une heure-trente d\u2019avion pour que nos deux <em>Che<\/em> retrouvent la civilisation \u00e0 <strong>Bogot\u00e1<\/strong>, la capitale de la Colombie. Ici, la nature laisse place \u00e0 une <strong>ville multiculturelle<\/strong>. D\u2019une rue \u00e0 l\u2019autre, les constructions varient des plus modernes aux plus anciennes qui \u00e9voquent son pass\u00e9 colonial. <strong>Arpentez la place de Bolivar et ses alentours<\/strong> pour d\u00e9couvrir les belles demeures et \u00e9glises ancestrales ou nourrissez votre esprit dans<strong> l\u2019\u00e9picentre culturel de la ville : la Candelaria.<\/strong><\/span><\/p>\n<figure id=\"attachment_8190\" aria-describedby=\"caption-attachment-8190\" style=\"width: 2000px\" class=\"wp-caption aligncenter\"><img decoding=\"async\" class=\"size-full wp-image-8190\" src=\"https:\/\/www.amplitudes.com\/blog-backend\/wp-content\/uploads\/2019\/06\/Amplitudes_003960-Bogota_PP.jpg\" alt=\"Voyage en Colombie - Bogot\u00e1 - Amplitudes\" width=\"2000\" height=\"1300\" srcset=\"https:\/\/www.amplitudes.com\/blog-backend\/wp-content\/uploads\/2019\/06\/Amplitudes_003960-Bogota_PP.jpg 2000w, https:\/\/www.amplitudes.com\/blog-backend\/wp-content\/uploads\/2019\/06\/Amplitudes_003960-Bogota_PP-300x195.jpg 300w, https:\/\/www.amplitudes.com\/blog-backend\/wp-content\/uploads\/2019\/06\/Amplitudes_003960-Bogota_PP-780x507.jpg 780w\" sizes=\"(max-width: 2000px) 100vw, 2000px\" \/><figcaption id=\"caption-attachment-8190\" class=\"wp-caption-text\">Bogot\u00e1, entre nature et culture<\/figcaption><\/figure>\n<h2 style=\"text-align: justify;\"><span class=\"ez-toc-section\" id=\"Le_Venezuela_le_clap_de_fin\"><\/span><strong><span style=\"font-family: gotham-book;\">Le Venezuela, le clap de fin\u00a0<\/span><\/strong><span class=\"ez-toc-section-end\"><\/span><\/h2>\n<blockquote>\n<p style=\"text-align: justify;\"><span style=\"font-family: gotham-book;\">Caracas s&rsquo;\u00e9tend le long d&rsquo;une vall\u00e9e \u00e9troite qui la ceint et l&rsquo;enserre dans le sens de la longueur, si bien qu&rsquo;on commence tr\u00e8s vite \u00e0 grimper sur les collines qui l&rsquo;entourent et cette ville progressiste s&rsquo;\u00e9tale \u00e0 nos pieds, tandis que l&rsquo;on d\u00e9couvre un nouvel aspect de son visage aux multiples facettes.\u00a0\u00a0<\/span><\/p>\n<\/blockquote>\n<p style=\"text-align: justify;\"><span style=\"font-family: gotham-book;\">Le 14 juillet 1952, Ernesto et Alberto entraient sur le territoire v\u00e9n\u00e9zu\u00e9lien, \u00e0 <strong>San Crist\u00f4bal<\/strong> et se disaient au revoir \u00e0 <strong>Caracas<\/strong>, la capitale, o\u00f9 Alberto avait choisi de rester travailler. Une derni\u00e8re aventure de 10 jours avant qu&rsquo;Ernesto, futur h\u00e9ros de la r\u00e9volution, ne prenne un avion pour l\u2019Argentine, transitant par Miami. Les \u00c9tats-Unis, enfin !<\/span><\/p>\n<h2 style=\"text-align: justify;\"><span class=\"ez-toc-section\" id=\"La_fin_dun_voyage_des_souvenirs_imperissables\"><\/span><strong><span style=\"font-family: gotham-book;\">La fin d\u2019un voyage, des souvenirs imp\u00e9rissables<\/span><\/strong><span class=\"ez-toc-section-end\"><\/span><\/h2>\n<p style=\"text-align: justify;\"><span style=\"font-family: gotham-book;\">L\u2019objectif de ce voyage \u00e0 travers l\u2019Am\u00e9rique Latine se voulait l\u00e9ger : deux jeunes gens partant \u00e0 la d\u00e9couverte du monde pour go\u00fbter au <strong>romantisme de la route et de la libert\u00e9,<\/strong> mettant sur pause leur vie confortable. Mais il f\u00fbt plus que \u00e7a. Il est incontestable que ce premier voyage a fortement influenc\u00e9 les choix de vie que le jeune Ernesto a ensuite fait et qui l\u2019ont transform\u00e9 en \u00ab comandante \u00bb, une <strong>figure de la r\u00e9volution<\/strong>. Il \u00e9crivit d\u2019ailleurs : <\/span><\/p>\n<blockquote>\n<p style=\"text-align: justify;\"><span style=\"font-family: gotham-book;\">Ma bouche transmet ce que mes yeux lui ont racont\u00e9. Notre vision fut-elle trop \u00e9troite, trop partiale, trop pr\u00e9cipit\u00e9e. [\u2026]. Peut-\u00eatre, mais cette errance \u00e0 travers notre Am\u00e9rique m&rsquo;a transform\u00e9 plus que je ne le croyais. Moi, je ne suis plus moi. Du moins je ne suis plus le m\u00eame qu&rsquo;avant.\u00a0<\/span><\/p>\n<\/blockquote>\n<p style=\"text-align: justify;\"><span style=\"font-family: gotham-book;\">Une chose est s\u00fbre, <strong>la t\u00eate pleine de souvenirs<\/strong>, votre retour de ce bout du monde sera aussi une r\u00e9v\u00e9lation. Les yeux refl\u00e9tant d\u2019immenses paysages, les oreilles berc\u00e9es d\u2019histoires au fil de vos rencontres, le palais nostalgique de ces saveurs exotiques et la peau se rem\u00e9morant la sensation de fra\u00eecheur offerte par ce vent de libert\u00e9\u2026 Vous resterez \u00e0 jamais <strong>sous l\u2019emprise de ce doux voyage. <\/strong><\/span><\/p>\n<p style=\"text-align: center;\"><strong><span style=\"font-family: gotham-book; font-size: 14pt;\"><a href=\"https:\/\/www.amplitudes.com\/agence-de-voyages\/toulouse\/paris\/demande-devis-sur-mesure.html?utm_source=blog&amp;utm_medium=voyage_a_motocyclette_de_che_guevara&amp;utm_campaign=blog_voyage_a_motocyclette_de_che_guevara&amp;utm_content=Partez_en_voyage_sur_les_traces_du_Che\">Partez en voyage sur les traces du Che<\/a> <\/span><\/strong><\/p>\n<h2 style=\"text-align: left;\"><span class=\"ez-toc-section\" id=\"Pour_aller_plus_loin\"><\/span><strong><span style=\"font-family: gotham-book; font-size: 18pt;\">Pour aller plus loin<\/span><\/strong><span class=\"ez-toc-section-end\"><\/span><\/h2>\n<p style=\"text-align: justify;\"><span style=\"font-family: gotham-book;\">&#8211;\u00a0<strong>Carnet de voyage<\/strong>, film de Walter Salles, 2004<br \/>\nTir\u00e9 de l&rsquo;itin\u00e9raire que nous venons de vous pr\u00e9senter,\u00a0ce film, r\u00e9compens\u00e9 par de nombreux prix, retrace en image\u00a0ce grand voyage sur les routes de l\u2019Am\u00e9rique Latine.\u00a0<\/span><\/p>\n<p style=\"text-align: justify;\"><span style=\"font-family: gotham-book;\">&#8211; <strong>Second voyage \u00e0 travers l\u2019Am\u00e9rique Latine<\/strong>, livre de Che Guevara, 2001<\/span><br \/>\n<span style=\"font-family: gotham-book;\">Guevara d\u00e9bute un nouveau voyage entre la Bolivie et le Guatemala, o\u00f9 l\u2019int\u00e9r\u00eat touristique laisse place \u00e0 des constats sociaux et politiques. Suivant sa destin\u00e9e, il rencontre des opposants aux r\u00e9gimes dictatoriaux qui le m\u00e8neront jusqu&rsquo;\u00e0 Castro.<\/span><\/p>\n<p style=\"text-align: justify;\"><span style=\"font-family: gotham-book;\">&#8211; <\/span><span style=\"font-family: gotham-book;\"><strong>La guerre de Gu\u00e9rilla<\/strong>, livre de Che Guevara, 1961<br \/>\nSuite \u00e0 la victoire de la r\u00e9volution cubaine, Che Guevara souhaite th\u00e9oriser son exp\u00e9rience. Il \u00e9crit donc ce livre, qui ambitionne de d\u00e9finir les caract\u00e9ristiques de la guerre de Gu\u00e9rilla. <\/span><\/p>\n<p style=\"text-align: justify;\"><span style=\"font-family: gotham-book;\">&#8211;<strong> Patagonie Express<\/strong>, livre de Paul Theroux, 1988<\/span><br \/>\n<span style=\"font-family: gotham-book;\"> D\u00e9couvrant qu\u2019il existe une ligne de train partant du Massachussetts jusqu\u2019au grand plateau de la Patagonie, Paul Theroux part pour un long voyage en train. Ce p\u00e9riple qui le m\u00e8ne au bout de la ligne, m\u00eale voyage et aventure mais aussi r\u00e9cit et drame.<\/span><\/p>\n","protected":false},"excerpt":{"rendered":"<p>S\u2019il est un art\u00a0propice \u00e0 l&rsquo;\u00e9vasion, c\u2019est bien la lecture. Notre s\u00e9rie \u00ab\u00a0tour du monde litt\u00e9raire\u00a0\u00bb a pour objectif de vous\u00a0faire voyager en suivant les traces de personnages qui ont sillonn\u00e9 les routes du monde. Ce premier num\u00e9ro est consacr\u00e9 au livre Voyage \u00e0 Motocyclette de Che Guevara. De\u00a0l\u2019Argentine\u00a0au Venezuela, l&rsquo;itin\u00e9raire de son p\u00e9riple a [&hellip;]<\/p>\n","protected":false},"author":2,"featured_media":8226,"comment_status":"open","ping_status":"open","sticky":false,"template":"","format":"standard","meta":{"footnotes":""},"categories":[169],"tags":[206,219,210,204,281],"yoast_head":"<!-- This site is optimized with the Yoast SEO plugin v22.1 - https:\/\/yoast.com\/wordpress\/plugins\/seo\/ -->\n<title>Voyage \u00e0 motocyclette de Che Guevara\u00a0<\/title>\n<meta name=\"description\" content=\"Un tour du monde litt\u00e9raire sur les traces de Che Guevara, inspir\u00e9 de son livre &quot;Voyage \u00e0 Motocyclette&quot;. Un grand circuit de l&#039;Argentine au Venezuela.\u00a0\" \/>\n<meta name=\"robots\" content=\"index, follow, max-snippet:-1, max-image-preview:large, max-video-preview:-1\" \/>\n<link rel=\"canonical\" href=\"https:\/\/www.amplitudes.com\/blog-backend\/voyage-a-motocyclette-de-che-guevara\/\" \/>\n<meta property=\"og:locale\" content=\"fr_FR\" \/>\n<meta property=\"og:type\" content=\"article\" \/>\n<meta property=\"og:title\" content=\"Voyage \u00e0 motocyclette de Che Guevara\u00a0\" \/>\n<meta property=\"og:description\" content=\"Un tour du monde litt\u00e9raire sur les traces de Che Guevara, inspir\u00e9 de son livre &quot;Voyage \u00e0 Motocyclette&quot;. Un grand circuit de l&#039;Argentine au Venezuela.\u00a0\" \/>\n<meta property=\"og:url\" content=\"https:\/\/www.amplitudes.com\/blog-backend\/voyage-a-motocyclette-de-che-guevara\/\" \/>\n<meta property=\"og:site_name\" content=\"Blog de l&#039;agence de voyage sur-mesure Amplitudes\" \/>\n<meta property=\"article:publisher\" content=\"http:\/\/facebook.com\/amplitudes.devoyages\/\" \/>\n<meta property=\"article:published_time\" content=\"2019-06-11T12:15:04+00:00\" \/>\n<meta property=\"article:modified_time\" content=\"2024-02-21T14:37:25+00:00\" \/>\n<meta property=\"og:image\" content=\"https:\/\/www.amplitudes.com\/blog-backend\/wp-content\/uploads\/2019\/06\/pano.jpg\" \/>\n\t<meta property=\"og:image:width\" content=\"1170\" \/>\n\t<meta property=\"og:image:height\" content=\"507\" \/>\n\t<meta property=\"og:image:type\" content=\"image\/jpeg\" \/>\n<meta name=\"author\" content=\"Floriane\" \/>\n<meta name=\"twitter:card\" content=\"summary_large_image\" \/>\n<meta name=\"twitter:creator\" content=\"@AmplitudesV\" \/>\n<meta name=\"twitter:site\" content=\"@AmplitudesV\" \/>\n<meta name=\"twitter:label1\" content=\"\u00c9crit par\" \/>\n\t<meta name=\"twitter:data1\" content=\"Floriane\" \/>\n\t<meta name=\"twitter:label2\" content=\"Dur\u00e9e de lecture estim\u00e9e\" \/>\n\t<meta name=\"twitter:data2\" content=\"20 minutes\" \/>\n<script type=\"application\/ld+json\" class=\"yoast-schema-graph\">{\"@context\":\"https:\/\/schema.org\",\"@graph\":[{\"@type\":\"WebPage\",\"@id\":\"https:\/\/www.amplitudes.com\/blog-backend\/voyage-a-motocyclette-de-che-guevara\/\",\"url\":\"https:\/\/www.amplitudes.com\/blog-backend\/voyage-a-motocyclette-de-che-guevara\/\",\"name\":\"Voyage \u00e0 motocyclette de Che Guevara\u00a0\",\"isPartOf\":{\"@id\":\"https:\/\/www.amplitudes.com\/blog-backend\/#website\"},\"datePublished\":\"2019-06-11T12:15:04+00:00\",\"dateModified\":\"2024-02-21T14:37:25+00:00\",\"author\":{\"@id\":\"https:\/\/www.amplitudes.com\/blog-backend\/#\/schema\/person\/1ac2058edef1f5f0f2c16e7f096a80b1\"},\"description\":\"Un tour du monde litt\u00e9raire sur les traces de Che Guevara, inspir\u00e9 de son livre \\\"Voyage \u00e0 Motocyclette\\\". Un grand circuit de l'Argentine au Venezuela.\u00a0\",\"inLanguage\":\"fr-FR\",\"potentialAction\":[{\"@type\":\"ReadAction\",\"target\":[\"https:\/\/www.amplitudes.com\/blog-backend\/voyage-a-motocyclette-de-che-guevara\/\"]}]},{\"@type\":\"WebSite\",\"@id\":\"https:\/\/www.amplitudes.com\/blog-backend\/#website\",\"url\":\"https:\/\/www.amplitudes.com\/blog-backend\/\",\"name\":\"Blog de l&#039;agence de voyage sur-mesure Amplitudes\",\"description\":\"\",\"potentialAction\":[{\"@type\":\"SearchAction\",\"target\":{\"@type\":\"EntryPoint\",\"urlTemplate\":\"https:\/\/www.amplitudes.com\/blog-backend\/?s={search_term_string}\"},\"query-input\":\"required name=search_term_string\"}],\"inLanguage\":\"fr-FR\"},{\"@type\":\"Person\",\"@id\":\"https:\/\/www.amplitudes.com\/blog-backend\/#\/schema\/person\/1ac2058edef1f5f0f2c16e7f096a80b1\",\"name\":\"Floriane\",\"image\":{\"@type\":\"ImageObject\",\"inLanguage\":\"fr-FR\",\"@id\":\"https:\/\/www.amplitudes.com\/blog-backend\/#\/schema\/person\/image\/\",\"url\":\"https:\/\/secure.gravatar.com\/avatar\/f3f77af3dabd00f62e61c417047e08f6?s=96&d=mm&r=g\",\"contentUrl\":\"https:\/\/secure.gravatar.com\/avatar\/f3f77af3dabd00f62e61c417047e08f6?s=96&d=mm&r=g\",\"caption\":\"Floriane\"},\"url\":\"https:\/\/www.amplitudes.com\/blog-backend\/author\/audrey\/\"}]}<\/script>\n<!-- \/ Yoast SEO plugin. -->","yoast_head_json":{"title":"Voyage \u00e0 motocyclette de Che Guevara\u00a0","description":"Un tour du monde litt\u00e9raire sur les traces de Che Guevara, inspir\u00e9 de son livre \"Voyage \u00e0 Motocyclette\". Un grand circuit de l'Argentine au Venezuela.\u00a0","robots":{"index":"index","follow":"follow","max-snippet":"max-snippet:-1","max-image-preview":"max-image-preview:large","max-video-preview":"max-video-preview:-1"},"canonical":"https:\/\/www.amplitudes.com\/blog-backend\/voyage-a-motocyclette-de-che-guevara\/","og_locale":"fr_FR","og_type":"article","og_title":"Voyage \u00e0 motocyclette de Che Guevara\u00a0","og_description":"Un tour du monde litt\u00e9raire sur les traces de Che Guevara, inspir\u00e9 de son livre \"Voyage \u00e0 Motocyclette\". Un grand circuit de l'Argentine au Venezuela.\u00a0","og_url":"https:\/\/www.amplitudes.com\/blog-backend\/voyage-a-motocyclette-de-che-guevara\/","og_site_name":"Blog de l&#039;agence de voyage sur-mesure Amplitudes","article_publisher":"http:\/\/facebook.com\/amplitudes.devoyages\/","article_published_time":"2019-06-11T12:15:04+00:00","article_modified_time":"2024-02-21T14:37:25+00:00","og_image":[{"width":1170,"height":507,"url":"https:\/\/www.amplitudes.com\/blog-backend\/wp-content\/uploads\/2019\/06\/pano.jpg","type":"image\/jpeg"}],"author":"Floriane","twitter_card":"summary_large_image","twitter_creator":"@AmplitudesV","twitter_site":"@AmplitudesV","twitter_misc":{"\u00c9crit par":"Floriane","Dur\u00e9e de lecture estim\u00e9e":"20 minutes"},"schema":{"@context":"https:\/\/schema.org","@graph":[{"@type":"WebPage","@id":"https:\/\/www.amplitudes.com\/blog-backend\/voyage-a-motocyclette-de-che-guevara\/","url":"https:\/\/www.amplitudes.com\/blog-backend\/voyage-a-motocyclette-de-che-guevara\/","name":"Voyage \u00e0 motocyclette de Che Guevara\u00a0","isPartOf":{"@id":"https:\/\/www.amplitudes.com\/blog-backend\/#website"},"datePublished":"2019-06-11T12:15:04+00:00","dateModified":"2024-02-21T14:37:25+00:00","author":{"@id":"https:\/\/www.amplitudes.com\/blog-backend\/#\/schema\/person\/1ac2058edef1f5f0f2c16e7f096a80b1"},"description":"Un tour du monde litt\u00e9raire sur les traces de Che Guevara, inspir\u00e9 de son livre \"Voyage \u00e0 Motocyclette\". Un grand circuit de l'Argentine au Venezuela.\u00a0","inLanguage":"fr-FR","potentialAction":[{"@type":"ReadAction","target":["https:\/\/www.amplitudes.com\/blog-backend\/voyage-a-motocyclette-de-che-guevara\/"]}]},{"@type":"WebSite","@id":"https:\/\/www.amplitudes.com\/blog-backend\/#website","url":"https:\/\/www.amplitudes.com\/blog-backend\/","name":"Blog de l&#039;agence de voyage sur-mesure Amplitudes","description":"","potentialAction":[{"@type":"SearchAction","target":{"@type":"EntryPoint","urlTemplate":"https:\/\/www.amplitudes.com\/blog-backend\/?s={search_term_string}"},"query-input":"required name=search_term_string"}],"inLanguage":"fr-FR"},{"@type":"Person","@id":"https:\/\/www.amplitudes.com\/blog-backend\/#\/schema\/person\/1ac2058edef1f5f0f2c16e7f096a80b1","name":"Floriane","image":{"@type":"ImageObject","inLanguage":"fr-FR","@id":"https:\/\/www.amplitudes.com\/blog-backend\/#\/schema\/person\/image\/","url":"https:\/\/secure.gravatar.com\/avatar\/f3f77af3dabd00f62e61c417047e08f6?s=96&d=mm&r=g","contentUrl":"https:\/\/secure.gravatar.com\/avatar\/f3f77af3dabd00f62e61c417047e08f6?s=96&d=mm&r=g","caption":"Floriane"},"url":"https:\/\/www.amplitudes.com\/blog-backend\/author\/audrey\/"}]}},"_links":{"self":[{"href":"https:\/\/www.amplitudes.com\/blog-backend\/wp-json\/wp\/v2\/posts\/8166"}],"collection":[{"href":"https:\/\/www.amplitudes.com\/blog-backend\/wp-json\/wp\/v2\/posts"}],"about":[{"href":"https:\/\/www.amplitudes.com\/blog-backend\/wp-json\/wp\/v2\/types\/post"}],"author":[{"embeddable":true,"href":"https:\/\/www.amplitudes.com\/blog-backend\/wp-json\/wp\/v2\/users\/2"}],"replies":[{"embeddable":true,"href":"https:\/\/www.amplitudes.com\/blog-backend\/wp-json\/wp\/v2\/comments?post=8166"}],"version-history":[{"count":58,"href":"https:\/\/www.amplitudes.com\/blog-backend\/wp-json\/wp\/v2\/posts\/8166\/revisions"}],"predecessor-version":[{"id":14246,"href":"https:\/\/www.amplitudes.com\/blog-backend\/wp-json\/wp\/v2\/posts\/8166\/revisions\/14246"}],"wp:featuredmedia":[{"embeddable":true,"href":"https:\/\/www.amplitudes.com\/blog-backend\/wp-json\/wp\/v2\/media\/8226"}],"wp:attachment":[{"href":"https:\/\/www.amplitudes.com\/blog-backend\/wp-json\/wp\/v2\/media?parent=8166"}],"wp:term":[{"taxonomy":"category","embeddable":true,"href":"https:\/\/www.amplitudes.com\/blog-backend\/wp-json\/wp\/v2\/categories?post=8166"},{"taxonomy":"post_tag","embeddable":true,"href":"https:\/\/www.amplitudes.com\/blog-backend\/wp-json\/wp\/v2\/tags?post=8166"}],"curies":[{"name":"wp","href":"https:\/\/api.w.org\/{rel}","templated":true}]}}