{"id":8331,"date":"2019-06-29T14:45:02","date_gmt":"2019-06-29T13:45:02","guid":{"rendered":"https:\/\/www.amplitudes.com\/blog-backend\/?p=8331"},"modified":"2025-06-02T17:03:48","modified_gmt":"2025-06-02T16:03:48","slug":"en-famille-lespagne-du-nord-vs-lespagne-du-sud","status":"publish","type":"post","link":"https:\/\/www.amplitudes.com\/blog-backend\/en-famille-lespagne-du-nord-vs-lespagne-du-sud\/","title":{"rendered":"En famille : L\u2019Espagne du Nord vs L\u2019Espagne du Sud"},"content":{"rendered":"<p style=\"text-align: justify;\"><span style=\"font-family: gotham-book;\">Au-del\u00e0 des Pyr\u00e9n\u00e9es s\u2019\u00e9tend l\u2019Espagne, vaste pays color\u00e9, berc\u00e9 de tempos latinos. Au sud, toutes les images espagnoles prennent vie\u00a0: flamenco, paella et tapas. Le nord rec\u00e8le, pour sa part, d\u2019oasis peupl\u00e9es de montagnes attirant les passionn\u00e9s d&rsquo;aventures. Des plages affriolantes au ch\u00e2teau fort de Navarre, <strong>vivez un voyage d\u2019apprentissage ludique <\/strong>\u00e0 travers les yeux de vos petits <em>ni\u00f1os<\/em>. <strong>Alors plut\u00f4t Espagne du Nord ou Espagne du Sud en famille\u00a0?<\/strong><\/span><\/p>\n<figure id=\"attachment_8377\" aria-describedby=\"caption-attachment-8377\" style=\"width: 2000px\" class=\"wp-caption aligncenter\"><img decoding=\"async\" class=\"size-full wp-image-8377\" src=\"https:\/\/www.amplitudes.com\/blog-backend\/wp-content\/uploads\/2019\/06\/carte-espagne-blog-002.png\" alt=\"L'Espagne du Nord au Sud \" width=\"2000\" height=\"1300\" srcset=\"https:\/\/www.amplitudes.com\/blog-backend\/wp-content\/uploads\/2019\/06\/carte-espagne-blog-002.png 2000w, https:\/\/www.amplitudes.com\/blog-backend\/wp-content\/uploads\/2019\/06\/carte-espagne-blog-002-300x195.png 300w, https:\/\/www.amplitudes.com\/blog-backend\/wp-content\/uploads\/2019\/06\/carte-espagne-blog-002-780x507.png 780w\" sizes=\"(max-width: 2000px) 100vw, 2000px\" \/><figcaption id=\"caption-attachment-8377\" class=\"wp-caption-text\"><span style=\"font-family: gotham-book;\">L&rsquo;Espagne du Nord au Sud<\/span><\/figcaption><\/figure>\n<div id=\"ez-toc-container\" class=\"ez-toc-v2_0_17 ez-toc-wrap-left counter-hierarchy counter-decimal\">\n<div class=\"ez-toc-title-container\">\n<p class=\"ez-toc-title\">Sommaire <\/p>\n<span class=\"ez-toc-title-toggle\"><a class=\"ez-toc-pull-right ez-toc-btn ez-toc-btn-xs ez-toc-btn-default ez-toc-toggle\" style=\"display: none;\"><i class=\"ez-toc-glyphicon ez-toc-icon-toggle\"><\/i><\/a><\/span><\/div>\n<nav><ul class=\"ez-toc-list ez-toc-list-level-1\"><li class=\"ez-toc-page-1 ez-toc-heading-level-2\"><a class=\"ez-toc-link ez-toc-heading-1\" href=\"https:\/\/www.amplitudes.com\/blog-backend\/en-famille-lespagne-du-nord-vs-lespagne-du-sud\/#LEspagne_du_Nord_en_famille\" title=\"L\u2019Espagne du Nord en famille\">L\u2019Espagne du Nord en famille<\/a><ul class=\"ez-toc-list-level-3\"><li class=\"ez-toc-heading-level-3\"><a class=\"ez-toc-link ez-toc-heading-2\" href=\"https:\/\/www.amplitudes.com\/blog-backend\/en-famille-lespagne-du-nord-vs-lespagne-du-sud\/#La_Catalogne\" title=\"La Catalogne \">La Catalogne <\/a><\/li><li class=\"ez-toc-page-1 ez-toc-heading-level-3\"><a class=\"ez-toc-link ez-toc-heading-3\" href=\"https:\/\/www.amplitudes.com\/blog-backend\/en-famille-lespagne-du-nord-vs-lespagne-du-sud\/#LEspagne_Verte\" title=\"L&rsquo;Espagne Verte \">L&rsquo;Espagne Verte <\/a><\/li><li class=\"ez-toc-page-1 ez-toc-heading-level-3\"><a class=\"ez-toc-link ez-toc-heading-4\" href=\"https:\/\/www.amplitudes.com\/blog-backend\/en-famille-lespagne-du-nord-vs-lespagne-du-sud\/#Le_Pays_Basque_Espagnol\" title=\"Le Pays Basque Espagnol\">Le Pays Basque Espagnol<\/a><\/li><\/ul><\/li><li class=\"ez-toc-page-1 ez-toc-heading-level-2\"><a class=\"ez-toc-link ez-toc-heading-5\" href=\"https:\/\/www.amplitudes.com\/blog-backend\/en-famille-lespagne-du-nord-vs-lespagne-du-sud\/#LEspagne_du_Sud_en_famille\" title=\"L\u2019Espagne du Sud en famille \">L\u2019Espagne du Sud en famille <\/a><ul class=\"ez-toc-list-level-3\"><li class=\"ez-toc-heading-level-3\"><a class=\"ez-toc-link ez-toc-heading-6\" href=\"https:\/\/www.amplitudes.com\/blog-backend\/en-famille-lespagne-du-nord-vs-lespagne-du-sud\/#Madrid_sa_capitale_et_ses_recoins\" title=\"Madrid, sa capitale et ses recoins\">Madrid, sa capitale et ses recoins<\/a><\/li><li class=\"ez-toc-page-1 ez-toc-heading-level-3\"><a class=\"ez-toc-link ez-toc-heading-7\" href=\"https:\/\/www.amplitudes.com\/blog-backend\/en-famille-lespagne-du-nord-vs-lespagne-du-sud\/#LAndalousie\" title=\"L&rsquo;Andalousie\">L&rsquo;Andalousie<\/a><\/li><li class=\"ez-toc-page-1 ez-toc-heading-level-3\"><a class=\"ez-toc-link ez-toc-heading-8\" href=\"https:\/\/www.amplitudes.com\/blog-backend\/en-famille-lespagne-du-nord-vs-lespagne-du-sud\/#Espagne_mediterraneenne_Valence_Murcie\" title=\"Espagne m\u00e9diterran\u00e9enne\u00a0: Valence &amp; Murcie \">Espagne m\u00e9diterran\u00e9enne\u00a0: Valence &amp; Murcie <\/a><\/li><\/ul><\/li><li class=\"ez-toc-page-1 ez-toc-heading-level-2\"><a class=\"ez-toc-link ez-toc-heading-9\" href=\"https:\/\/www.amplitudes.com\/blog-backend\/en-famille-lespagne-du-nord-vs-lespagne-du-sud\/#Pourquoi_faire_confiance_a_une_agence_de_voyage_sur_mesure_pour_une_escapade_en_famille_en_Europe\" title=\"Pourquoi faire confiance \u00e0 une agence de voyage sur mesure pour une escapade en famille en Europe\u00a0?\">Pourquoi faire confiance \u00e0 une agence de voyage sur mesure pour une escapade en famille en Europe\u00a0?<\/a><\/li><\/ul><\/nav><\/div>\n<h2 style=\"text-align: left;\"><span class=\"ez-toc-section\" id=\"LEspagne_du_Nord_en_famille\"><\/span><span style=\"font-family: gotham-book;\"><strong>L\u2019Espagne du Nord en famille<\/strong><\/span><span class=\"ez-toc-section-end\"><\/span><\/h2>\n<p style=\"text-align: justify;\"><span style=\"font-family: gotham-book;\"><strong><em>Des sommets verdoyants<\/em><\/strong><\/span><em><span style=\"font-family: gotham-book;\">, <strong>des pointes granitiques<\/strong> escarp\u00e9es et un littoral dentel\u00e9 cis\u00e8lent l\u2019Espagne du Nord du Pays Basque \u00e0 la pointe Atlantique. C\u00f4t\u00e9 M\u00e9diterran\u00e9e, retrouvez <strong>des villages blancs<\/strong> de p\u00eacheurs plongeant dans la mer et vous amenant vers la belle Barcelone.<\/span><\/em><\/p>\n<h3 style=\"text-align: justify;\"><span class=\"ez-toc-section\" id=\"La_Catalogne\"><\/span><span style=\"font-family: gotham-book;\"><strong>La Catalogne <\/strong><\/span><span class=\"ez-toc-section-end\"><\/span><\/h3>\n<p style=\"text-align: justify;\"><span style=\"font-family: gotham-book;\">Villages de p\u00eacheurs, cuisine et maisons color\u00e9es, on vient en Catalogne pour d\u00e9couvrir une r\u00e9gion fi\u00e8re de ses valeurs ensoleill\u00e9es tout au long de l\u2019ann\u00e9e\u00a0!<\/span><\/p>\n<p style=\"text-align: justify;\"><strong><span style=\"font-family: gotham-book;\">S\u2019\u00e9merveiller devant les mosa\u00efques du Park G\u00fcell\u00a0\u00e0 Barcelone<\/span><\/strong><\/p>\n<p style=\"text-align: justify;\"><span style=\"font-family: gotham-book;\">Visiter le Park G\u00fcell, c\u2019est d\u00e9couvrir un lieu gorg\u00e9 de fantaisie, o\u00f9 <strong>les enfants pourront s\u2019\u00e9merveiller devant une fontaine en salamandre, des bancs color\u00e9s serpentant \u00e0 travers des maisonnettes en champignons <\/strong>et des mosa\u00efques tout droit sorties de l\u2019univers singulier du c\u00e9l\u00e8bre architecte Antoni Gaud\u00ed. Les enfants pourront se glisser dans des grottes semblables \u00e0 des arches et viaducs tandis que les adultes se baladeront dans les jardins d\u00e9structur\u00e9s qui offrent, en prime, une des plus belles vues de Barcelone.<\/span><\/p>\n<figure id=\"attachment_8339\" aria-describedby=\"caption-attachment-8339\" style=\"width: 2000px\" class=\"wp-caption aligncenter\"><img decoding=\"async\" class=\"size-full wp-image-8339\" src=\"https:\/\/www.amplitudes.com\/blog-backend\/wp-content\/uploads\/2019\/06\/Amplitudes_006264-Barcelone_PP-recoup.jpg\" alt=\"Cama\u00efeux de couleurs sur les bancs en mosa\u00efque du Park G\u00fcell\" width=\"2000\" height=\"1300\" srcset=\"https:\/\/www.amplitudes.com\/blog-backend\/wp-content\/uploads\/2019\/06\/Amplitudes_006264-Barcelone_PP-recoup.jpg 2000w, https:\/\/www.amplitudes.com\/blog-backend\/wp-content\/uploads\/2019\/06\/Amplitudes_006264-Barcelone_PP-recoup-300x195.jpg 300w, https:\/\/www.amplitudes.com\/blog-backend\/wp-content\/uploads\/2019\/06\/Amplitudes_006264-Barcelone_PP-recoup-780x507.jpg 780w\" sizes=\"(max-width: 2000px) 100vw, 2000px\" \/><figcaption id=\"caption-attachment-8339\" class=\"wp-caption-text\"><span style=\"font-family: gotham-book;\">Cama\u00efeux de couleurs sur les bancs en mosa\u00efque du Park G\u00fcell<\/span><\/figcaption><\/figure>\n<p style=\"text-align: justify;\"><span style=\"font-family: gotham-book;\"><strong>D\u00e9couvrir Barcelone en famille c\u2019est aussi<\/strong>\u00a0: monter en t\u00e9l\u00e9ph\u00e9rique \u00e0 Montjuic, faire du v\u00e9lo \u00e0 Barceloneta, visiter l\u2019aquarium de Barcelone ou encore grignoter des tapas au march\u00e9 de La Boqueria.<\/span><\/p>\n<p style=\"text-align: left;\"><strong><span style=\"font-family: gotham-book;\">Explorer la Costa Brava en petit train touristique\u00a0<\/span><\/strong><\/p>\n<p style=\"text-align: justify;\"><span style=\"font-family: gotham-book;\">De bon matin, le petit train historique roule avec entrain dans le village blanc de Cadaqu\u00e8s. Bien install\u00e9 dans un wagon du <em>Roses Express,<\/em> d\u00e9couvrez des criques aux eaux \u00e9meraude adoss\u00e9es \u00e0 un beau patrimoine sauvage.<\/span><\/p>\n<figure id=\"attachment_8342\" aria-describedby=\"caption-attachment-8342\" style=\"width: 2000px\" class=\"wp-caption aligncenter\"><img decoding=\"async\" class=\"size-full wp-image-8342\" src=\"https:\/\/www.amplitudes.com\/blog-backend\/wp-content\/uploads\/2019\/06\/train-costa-brava.jpg\" alt=\"Sortir de son train-train quotidien sur la baie de Portlligat\" width=\"2000\" height=\"1300\" srcset=\"https:\/\/www.amplitudes.com\/blog-backend\/wp-content\/uploads\/2019\/06\/train-costa-brava.jpg 2000w, https:\/\/www.amplitudes.com\/blog-backend\/wp-content\/uploads\/2019\/06\/train-costa-brava-300x195.jpg 300w, https:\/\/www.amplitudes.com\/blog-backend\/wp-content\/uploads\/2019\/06\/train-costa-brava-780x507.jpg 780w\" sizes=\"(max-width: 2000px) 100vw, 2000px\" \/><figcaption id=\"caption-attachment-8342\" class=\"wp-caption-text\"><span style=\"font-family: gotham-book;\">Sortir de son train-train quotidien sur la baie de Portlligat<\/span><\/figcaption><\/figure>\n<p style=\"text-align: justify;\"><span style=\"font-family: gotham-book;\">Menant devant le phare du Cap de Creus, il parcourt la baie de Portlligat et termine son circuit miniature pr\u00e8s de la maison de Salvador Dal\u00ed. <strong>C\u2019est un moyen comme un autre pour toute la famille de profiter des plus belles vues sans faire le moindre effort ! En voiture, la locomotive va partir\u00a0!<\/strong><\/span><\/p>\n<p style=\"text-align: justify;\"><span style=\"font-family: gotham-book;\"><strong>D\u00e9couvrir la Costa Brava en famille c\u2019est aussi\u00a0: <\/strong>des activit\u00e9s dans les nombreux parcs aquatiques de la r\u00e9gion, des sports nautiques (kayak et snorkeling en famille pr\u00e8s des \u00eeles Medes, un paradis prot\u00e9g\u00e9), la d\u00e9couverte de jardins botaniques ou tropicaux tel que le Butterfly Park.<\/span><\/p>\n<p style=\"text-align: left;\"><span style=\"font-family: gotham-book;\"><strong>La gastronomie catalane : une passion et un art<\/strong><\/span><\/p>\n<p style=\"text-align: justify;\"><span style=\"font-family: gotham-book;\"><strong>D\u00e9paysante, <\/strong>la gastronomie catalane offre un avant-go\u00fbt d\u2019aventure\u00a0entra\u00eenant vers des saveurs m\u00e9diterran\u00e9ennes auxquelles personne ne r\u00e9siste ! Le pain grill\u00e9 \u00e0 la tomate, \u00e0 l&rsquo;huile d&rsquo;olive et \u00e0 l&rsquo;ail fait la fiert\u00e9 r\u00e9gionale. Il est r\u00e9put\u00e9 pour refl\u00e9ter les couleurs du drapeau catalan. Que c\u2019est bon, <strong>mais en plus d\u2019\u00eatre bon, c\u2019est aussi tr\u00e8s abordable pour le palais des plus petits.<\/strong> Optez pour une planche de tapas <em>mar i montana<\/em> compos\u00e9e de charcuterie, fromages ou encore anchois, sardines et calamars frits.<\/span><\/p>\n<figure id=\"attachment_8343\" aria-describedby=\"caption-attachment-8343\" style=\"width: 2000px\" class=\"wp-caption aligncenter\"><img decoding=\"async\" class=\"size-full wp-image-8343\" src=\"https:\/\/www.amplitudes.com\/blog-backend\/wp-content\/uploads\/2019\/06\/la-cuisine-espagnole1.jpg\" alt=\"Quelques saveurs catalanes\" width=\"2000\" height=\"1300\" srcset=\"https:\/\/www.amplitudes.com\/blog-backend\/wp-content\/uploads\/2019\/06\/la-cuisine-espagnole1.jpg 2000w, https:\/\/www.amplitudes.com\/blog-backend\/wp-content\/uploads\/2019\/06\/la-cuisine-espagnole1-300x195.jpg 300w, https:\/\/www.amplitudes.com\/blog-backend\/wp-content\/uploads\/2019\/06\/la-cuisine-espagnole1-780x507.jpg 780w\" sizes=\"(max-width: 2000px) 100vw, 2000px\" \/><figcaption id=\"caption-attachment-8343\" class=\"wp-caption-text\"><span style=\"font-family: gotham-book;\">Quelques saveurs catalanes<\/span><\/figcaption><\/figure>\n<p style=\"text-align: justify;\"><span style=\"font-family: gotham-book;\">Accompagnez le tout d\u2019un d\u00e9licieux verre de Rioja ou d\u2019une limonade espagnole. Si les plus gourmands ont de la place pour un dessert, ne manquez pas la cr\u00e8me catalane, d\u00e9licieuse version de la cr\u00e8me br\u00fbl\u00e9e<\/span>.<\/p>\n<h3 style=\"text-align: left;\"><span class=\"ez-toc-section\" id=\"LEspagne_Verte\"><\/span><span style=\"font-family: gotham-book;\"><strong>L&rsquo;Espagne Verte<\/strong> <\/span><span class=\"ez-toc-section-end\"><\/span><\/h3>\n<p style=\"text-align: justify;\"><span style=\"font-family: gotham-book;\">Depuis <em>les Rias<\/em> de Galice jusqu&rsquo;au Golfe de Gascogne, l&rsquo;Espagne Verte parcourt la c\u00f4te Nord de la p\u00e9ninsule Ib\u00e9rique. <strong>Entre villes, oc\u00e9ans et montagnes, d\u00e9couvrez une autre version de l\u2019Espagne, presque celtique.<\/strong> Ici, pas de flamenco ou de torreros mais des chaussures de marche pour sillonner les rivages de la r\u00e9gion, sur le chemin de\u00a0Saint-Jacques-de-Compostelle.<\/span><\/p>\n<p style=\"text-align: left;\"><strong><span style=\"font-family: gotham-book;\">Rencontre avec des bergers dans les Picos de Europa\u00a0<\/span> <\/strong><\/p>\n<p style=\"text-align: justify;\"><span style=\"font-family: gotham-book;\">1 km \u00e0 pied \u00e7a use, \u00e7a use, <strong>1 km \u00e0 pied \u00e7a use les souliers<\/strong>\u00a0! Votre petite tribu n\u2019h\u00e9sitera pas \u00e0 pousser la chansonnette en gravissant les sommets du Parc national des Picos de Europa. Un itin\u00e9raire simple, tant adapt\u00e9 aux enfants qu\u2019aux randonneurs endurcis. Le parcours suit des sentiers entre les for\u00eats et offre, comme r\u00e9compense, une vue spectaculaire sur le massif.<\/span><\/p>\n<figure id=\"attachment_8347\" aria-describedby=\"caption-attachment-8347\" style=\"width: 2000px\" class=\"wp-caption aligncenter\"><img decoding=\"async\" class=\"size-full wp-image-8347\" src=\"https:\/\/www.amplitudes.com\/blog-backend\/wp-content\/uploads\/2019\/06\/lac-Covadonga-asturies.jpg\" alt=\"Lac de Covadonga dans les Asturies\" width=\"2000\" height=\"1300\" srcset=\"https:\/\/www.amplitudes.com\/blog-backend\/wp-content\/uploads\/2019\/06\/lac-Covadonga-asturies.jpg 2000w, https:\/\/www.amplitudes.com\/blog-backend\/wp-content\/uploads\/2019\/06\/lac-Covadonga-asturies-300x195.jpg 300w, https:\/\/www.amplitudes.com\/blog-backend\/wp-content\/uploads\/2019\/06\/lac-Covadonga-asturies-780x507.jpg 780w\" sizes=\"(max-width: 2000px) 100vw, 2000px\" \/><figcaption id=\"caption-attachment-8347\" class=\"wp-caption-text\"><span style=\"font-family: gotham-book;\">Lac de Covadonga dans les Asturies<\/span><\/figcaption><\/figure>\n<p style=\"text-align: justify;\"><span style=\"font-family: gotham-book;\">\u00c0 quelques pas du c\u00e9l\u00e8bre lac de Covadonga, se cache l&rsquo;Ercina, bel et grand tapis de vert rempli de moutons. Il abrite un petit refuge cocasse appel\u00e9 <em>Majada de Belbin.<\/em> Nature et tranquillit\u00e9 s\u2019appr\u00e9cient. La grande esplanade m\u00e8ne au village fermier o\u00f9 vous pourrez c\u00f4toyer des vaches et des \u00e2nes amicaux qui rendent la visite tr\u00e8s divertissante pour vos enfants.<\/span><\/p>\n<p style=\"text-align: left;\"><span style=\"font-family: gotham-book;\"><strong>Scruter l\u2019horizon du haut de la tour d\u2019Hercule \u00e0 la Corogne<\/strong><\/span><\/p>\n<p style=\"text-align: justify;\"><span style=\"font-family: gotham-book;\">D\u00e9couvrez l\u2019un des symboles de La Corogne\u00a0: la tour d\u2019Hercule. Il s\u2019agit du phare le plus ancien au monde encore en fonctionnement, d\u00e9clar\u00e9 au Patrimoine mondial de l\u2019UNSECO. Le gravir signifie devenir le nouveau h\u00e9ros de l\u2019\u00e9poque romaine. Pour les plus courageux, sachez qu\u2019il est possible de visiter la tour de nuit. <strong>\u00a0<\/strong><\/span><\/p>\n<figure id=\"attachment_8352\" aria-describedby=\"caption-attachment-8352\" style=\"width: 2000px\" class=\"wp-caption aligncenter\"><img decoding=\"async\" class=\"size-full wp-image-8352\" src=\"https:\/\/www.amplitudes.com\/blog-backend\/wp-content\/uploads\/2019\/06\/Amplitudes_021761-Corogne_Blog-recoup.jpg\" alt=\"Seul face \u00e0 l\u2019oc\u00e9an\" width=\"2000\" height=\"1300\" srcset=\"https:\/\/www.amplitudes.com\/blog-backend\/wp-content\/uploads\/2019\/06\/Amplitudes_021761-Corogne_Blog-recoup.jpg 2000w, https:\/\/www.amplitudes.com\/blog-backend\/wp-content\/uploads\/2019\/06\/Amplitudes_021761-Corogne_Blog-recoup-300x195.jpg 300w, https:\/\/www.amplitudes.com\/blog-backend\/wp-content\/uploads\/2019\/06\/Amplitudes_021761-Corogne_Blog-recoup-780x507.jpg 780w\" sizes=\"(max-width: 2000px) 100vw, 2000px\" \/><figcaption id=\"caption-attachment-8352\" class=\"wp-caption-text\"><span style=\"font-family: gotham-book;\">Seul face \u00e0 l\u2019oc\u00e9an<\/span><\/figcaption><\/figure>\n<p style=\"text-align: justify;\"><span style=\"font-family: gotham-book;\">On vous contera ses l\u00e9gendes et vous proposera d&rsquo;admirer de belles illuminations nocturnes. <strong>Les indices avant tout\u00a0: on part r\u00e9soudre ce myst\u00e8re\u00a0! <\/strong>Mais, du haut de la tour, gare au vent qui souffle\u00a0!<\/span><\/p>\n<p style=\"text-align: left;\"><span style=\"font-family: gotham-book;\"><strong>Gij\u00f3n, la perle des Asturies en <em>segway<\/em><\/strong><\/span><\/p>\n<p style=\"text-align: justify;\"><span style=\"font-family: gotham-book;\">Et si nous partions d\u00e9couvrir Gij\u00f3n en <em>segway<\/em>, un transport \u00e0 la fois ludique et \u00e9cologique. Il permet de se d\u00e9placer rapidement offrant un plus large champ de vision pour observer les paysages. Le lieu id\u00e9al pour s\u2019y exercer reste le jardin botanique, l\u2019un des plus grand d\u2019Espagne\u00a0!<\/span><\/p>\n<figure id=\"attachment_8353\" aria-describedby=\"caption-attachment-8353\" style=\"width: 2000px\" class=\"wp-caption aligncenter\"><img decoding=\"async\" class=\"size-full wp-image-8353\" src=\"https:\/\/www.amplitudes.com\/blog-backend\/wp-content\/uploads\/2019\/06\/photo-recoup-Gijon.jpg\" alt=\"Reflet de Gij\u00f3n sur le port\" width=\"2000\" height=\"1300\" srcset=\"https:\/\/www.amplitudes.com\/blog-backend\/wp-content\/uploads\/2019\/06\/photo-recoup-Gijon.jpg 2000w, https:\/\/www.amplitudes.com\/blog-backend\/wp-content\/uploads\/2019\/06\/photo-recoup-Gijon-300x195.jpg 300w, https:\/\/www.amplitudes.com\/blog-backend\/wp-content\/uploads\/2019\/06\/photo-recoup-Gijon-780x507.jpg 780w\" sizes=\"(max-width: 2000px) 100vw, 2000px\" \/><figcaption id=\"caption-attachment-8353\" class=\"wp-caption-text\"><span style=\"font-family: gotham-book;\">Reflet de Gij\u00f3n sur les eaux du\u00a0port<\/span><\/figcaption><\/figure>\n<p style=\"text-align: justify;\"><span style=\"font-family: gotham-book;\">C\u2019est <strong>un lieu sp\u00e9cial pour imaginer, explorer, d\u00e9couvrir la for\u00eat&#8230; et s&rsquo;amuser. <\/strong>Il poss\u00e8de une \u00ab\u00a0<em>for\u00eat des enfants<\/em>\u00a0\u00bb o\u00f9 l\u2019on peut se balader aux c\u00f4t\u00e9s des foug\u00e8res et rhubarbes g\u00e9antes. Des panneaux interactifs \u00e0 leurs tailles permettent aux enfants de devenir les botanistes d&rsquo;un jour. Un lieu pour apprendre et profiter de ce que la for\u00eat nous enseigne.<\/span><\/p>\n<p style=\"text-align: justify;\"><span style=\"font-family: gotham-book;\"><strong>D\u00e9couvrir l\u2019Espagne verte en famille, c\u2019est aussi\u00a0<\/strong>: visiter Saint-Jacques-de-Compostelle, fl\u00e2ner dans les ruelles d\u2019Oviedo, d\u00e9couvrir le Festival international du monde celte d&rsquo;Ortigueira et se rendre \u00e0 Burgos pour contempler son incroyable cath\u00e9drale.<\/span><\/p>\n<h3><span class=\"ez-toc-section\" id=\"Le_Pays_Basque_Espagnol\"><\/span><span style=\"font-family: gotham-book;\"><strong>Le Pays Basque Espagnol<\/strong><\/span><span class=\"ez-toc-section-end\"><\/span><\/h3>\n<p style=\"text-align: justify;\"><span style=\"font-family: gotham-book;\">Le Pays Basque, autrefois repli\u00e9 sur lui-m\u00eame, semble dor\u00e9navant s\u2019ouvrir sur le monde. <\/span><strong><span style=\"font-family: gotham-book;\">Sa langue chantante\u00a0et\u00a0ses coutumes uniques nous transportent si loin, tout en restant pourtant si pr\u00e8s. <\/span><\/strong><\/p>\n<p style=\"text-align: left;\"><strong><span style=\"font-family: gotham-book;\">Emprunter le funiculaire \u00e0 Saint-S\u00e9bastien<\/span> <\/strong><\/p>\n<p style=\"text-align: justify;\"><span style=\"font-family: gotham-book;\">Ce funiculaire centenaire permet de d\u00e9couvrir la plus belle vue de tout Saint-S\u00e9bastien. Un wagon en bois forg\u00e9 d\u2019Histoire transporte petits et grands au sommet du Mont Igueldo. Une fois en haut, on y d\u00e9couvre un belv\u00e9d\u00e8re typique, de bons restaurants et surtout un parc vintage tout droit sorti de films fantastiques. <strong>Naviguer \u00e0 bord d\u2019une barque offrant une vue imprenable sur la baie de la Concha<\/strong> reste l\u2019attraction la plus extraordinaire du lieu.<\/span><\/p>\n<figure id=\"attachment_10996\" aria-describedby=\"caption-attachment-10996\" style=\"width: 2000px\" class=\"wp-caption aligncenter\"><img decoding=\"async\" class=\"wp-image-10996 size-full\" src=\"https:\/\/www.amplitudes.com\/blog-backend\/wp-content\/uploads\/2019\/06\/san-sebastian-e1612260243267.jpg\" alt=\"Voyage Espagne - Saint Sebastien Famille - Amplitudes\" width=\"2000\" height=\"1300\" srcset=\"https:\/\/www.amplitudes.com\/blog-backend\/wp-content\/uploads\/2019\/06\/san-sebastian-e1612260243267.jpg 2000w, https:\/\/www.amplitudes.com\/blog-backend\/wp-content\/uploads\/2019\/06\/san-sebastian-e1612260243267-300x195.jpg 300w, https:\/\/www.amplitudes.com\/blog-backend\/wp-content\/uploads\/2019\/06\/san-sebastian-e1612260243267-780x507.jpg 780w\" sizes=\"(max-width: 2000px) 100vw, 2000px\" \/><figcaption id=\"caption-attachment-10996\" class=\"wp-caption-text\">Vue imprenable sur Saint S\u00e9bastien<\/figcaption><\/figure>\n<p style=\"text-align: justify;\"><span style=\"font-family: gotham-book;\"><strong>D\u00e9couvrir Saint-S\u00e9bastien en famille, c\u2019est aussi\u00a0: <\/strong>un aquarium remplit des plus beaux poissons pour les jours de pluie, le mus\u00e9e de la science ou une baignade sur la plage de la Concha.<\/span><\/p>\n<p><strong><span style=\"font-family: gotham-book;\">Voyager \u00e0 travers l\u2019architecture futuriste de Bilbao<\/span> <\/strong><\/p>\n<p style=\"text-align: justify;\"><span style=\"font-family: gotham-book;\">Commencez votre visite artistique de Bilbao dans le quartier des arts de la ville, celui-ci garni de sculptures en plein air. Les plus c\u00e9l\u00e8bres attiseront la curiosit\u00e9 des plus jeunes, notamment <strong>l\u2019immense chiot fleuri montant la garde du Guggenheim<\/strong>. Install\u00e9 pour l\u2019inauguration du mus\u00e9e, <strong>\u00ab\u00a0<em>Puppy<\/em>\u00a0\u00bb<\/strong> a finalement suscit\u00e9 l\u2019admiration gr\u00e2ce \u00e0 son pelage changeant de couleur au fil des saisons<\/span><strong><span style=\"font-family: gotham-book;\">\u00a0!<\/span><\/strong><\/p>\n<figure id=\"attachment_8355\" aria-describedby=\"caption-attachment-8355\" style=\"width: 2000px\" class=\"wp-caption aligncenter\"><img decoding=\"async\" class=\"size-full wp-image-8355\" src=\"https:\/\/www.amplitudes.com\/blog-backend\/wp-content\/uploads\/2019\/06\/Amplitudes_010162-Bilbao_Blog1.jpg\" alt=\"Puppy, chiot fleuri tr\u00f4nant devant le mus\u00e9e Guggenheim\" width=\"2000\" height=\"1333\" srcset=\"https:\/\/www.amplitudes.com\/blog-backend\/wp-content\/uploads\/2019\/06\/Amplitudes_010162-Bilbao_Blog1.jpg 2000w, https:\/\/www.amplitudes.com\/blog-backend\/wp-content\/uploads\/2019\/06\/Amplitudes_010162-Bilbao_Blog1-300x200.jpg 300w, https:\/\/www.amplitudes.com\/blog-backend\/wp-content\/uploads\/2019\/06\/Amplitudes_010162-Bilbao_Blog1-761x507.jpg 761w\" sizes=\"(max-width: 2000px) 100vw, 2000px\" \/><figcaption id=\"caption-attachment-8355\" class=\"wp-caption-text\"><span style=\"font-family: gotham-book;\">Puppy, chiot fleuri tr\u00f4nant devant le mus\u00e9e Guggenheim<\/span><\/figcaption><\/figure>\n<p style=\"text-align: justify;\"><span style=\"font-family: gotham-book;\">On d\u00e9couvre quelques m\u00e8tres plus loin <strong>l\u2019embl\u00e9matique sculpture de l\u2019araign\u00e9e<\/strong>. Nomm\u00e9e <strong>\u00ab\u00a0<em>maman<\/em>\u00a0\u00bb<\/strong>, elle mesure 10 m\u00e8tres de hauteur, de quoi donner la frousse \u00e0 tous les passants. Protectrice du monde ou malicieuse, faut-il en avoir peur ou lui faire confiance\u00a0? \u00c0 vous d\u2019en juger.<\/span><\/p>\n<p style=\"text-align: justify;\"><span style=\"font-family: gotham-book;\"><strong>D\u00e9couvrir Bilbao en famille, c\u2019est aussi\u00a0: <\/strong>s\u2019\u00e9chapper dans des paysages hors du temps tel que ce fameux lieu de p\u00e8lerinage insolite qu\u2019est San Juan de Gaztelugatxe. Une excursion recommand\u00e9e pour les adolescents ou les plus aventureux\u00a0!\u00a0 <\/span><\/p>\n<p style=\"text-align: left;\"><span style=\"font-family: gotham-book;\"><strong>Se perdre dans les jardins de Pampelune<\/strong><\/span><\/p>\n<p style=\"text-align: justify;\"><span style=\"font-family: gotham-book;\">Bien qu\u2019appartenant \u00e0 la Navarre, Pampelune est tout aussi Basque par sa culture et sa langue. D\u00e9couvrez les jardins Taconera, lesquels conf\u00e8rent une saveur particuli\u00e8re \u00e0 la ville. Les plus petits se feront une joie de d\u00e9fendre les remparts, le long des douves, tandis que les plus \u00e2g\u00e9s savoureront une promenade parmi les arbres menant vers de jolies balan\u00e7oires.<\/span><\/p>\n<figure id=\"attachment_8358\" aria-describedby=\"caption-attachment-8358\" style=\"width: 2000px\" class=\"wp-caption aligncenter\"><img decoding=\"async\" class=\"size-full wp-image-8358\" src=\"https:\/\/www.amplitudes.com\/blog-backend\/wp-content\/uploads\/2019\/06\/csm_SAS-Pamplona-5_a5f25ceed82.jpg\" alt=\"Vue depuis la coupole sur la Plaza del Castillo\" width=\"2000\" height=\"1300\" srcset=\"https:\/\/www.amplitudes.com\/blog-backend\/wp-content\/uploads\/2019\/06\/csm_SAS-Pamplona-5_a5f25ceed82.jpg 2000w, https:\/\/www.amplitudes.com\/blog-backend\/wp-content\/uploads\/2019\/06\/csm_SAS-Pamplona-5_a5f25ceed82-300x195.jpg 300w, https:\/\/www.amplitudes.com\/blog-backend\/wp-content\/uploads\/2019\/06\/csm_SAS-Pamplona-5_a5f25ceed82-780x507.jpg 780w\" sizes=\"(max-width: 2000px) 100vw, 2000px\" \/><figcaption id=\"caption-attachment-8358\" class=\"wp-caption-text\"><span style=\"font-family: gotham-book;\">Vue depuis la coupole sur la Plaza del Castillo<\/span><\/figcaption><\/figure>\n<p style=\"text-align: justify;\"><span style=\"font-family: gotham-book;\">L\u00e0, les enfants peuvent s\u2019amuser et <strong>profiter de la proximit\u00e9 de nombreux animaux \u00e9tablis dans les jardins. Un lieu d\u2019exception o\u00f9 vivent en harmonie mille et un Bambi, des chevrettes <\/strong>et d\u2019\u00e9l\u00e9gants paons. De quoi plaire \u00e0 toute la famille\u00a0!<\/span><\/p>\n<p style=\"text-align: justify;\"><span style=\"font-family: gotham-book;\"><strong>D\u00e9couvrir Pampelune en famille, c\u2019est aussi\u00a0<\/strong>: une cuisine typique au Caf\u00e9 Iru\u00f1a, \u00a0une jolie balade dans le\u00a0parc fluvial de l\u2019Arga et l\u2019observation des \u00e9toiles au plan\u00e9tarium.<\/span><\/p>\n<h2 style=\"text-align: left;\"><span class=\"ez-toc-section\" id=\"LEspagne_du_Sud_en_famille\"><\/span><strong><span style=\"font-family: gotham-book;\">L\u2019Espagne du Sud en famille<\/span> <\/strong><span class=\"ez-toc-section-end\"><\/span><\/h2>\n<p style=\"text-align: justify;\"><span style=\"font-family: gotham-book;\"><strong><em>Chaleureuse, festive<\/em><\/strong><em> et <strong>toujours ensoleill\u00e9e,<\/strong> telle est la devise du sud de l\u2019Espagne. Vous d\u00e9couvrirez le folklore d\u2019Andalousie, des splendeurs du pass\u00e9 ainsi que les plages de Murcie et go\u00fbterez \u00e0 la paella de Valence. Entre traditions et chaleur humaine, le sud de l\u2019Espagne ne manquera pas de s\u00e9duire toute la famille.<\/em><\/span><\/p>\n<h3 style=\"text-align: left;\"><span class=\"ez-toc-section\" id=\"Madrid_sa_capitale_et_ses_recoins\"><\/span><span style=\"font-family: gotham-book;\"><strong>Madrid, sa capitale et ses recoins<\/strong><\/span><span class=\"ez-toc-section-end\"><\/span><\/h3>\n<p style=\"text-align: justify;\"><span style=\"font-family: gotham-book;\">Bien plus qu\u2019une capitale, Madrid s&rsquo;impose comme la cit\u00e9 royale de l\u2019Espagne. Ville europ\u00e9enne dynamique, on y vient pour ses mus\u00e9es et ses alentours m\u00e9ritant le d\u00e9tour.<\/span><\/p>\n<p style=\"text-align: left;\"><strong><span style=\"font-family: gotham-book;\">Promenade culturelle dans les rues anim\u00e9es de la belle Madrid<\/span> <\/strong><\/p>\n<p style=\"text-align: justify;\"><span style=\"font-family: gotham-book;\">Si les enfants ne sont pas tr\u00e8s friands de mus\u00e9es, <strong>dites-leur qu\u2019\u00e0 l\u2019heure du go\u00fbter, ils auront des churros au chocolat chaud<\/strong>, sp\u00e9cialit\u00e9 de Madrid dans l\u2019incroyable chocolaterie San Gin\u00e8s\u00a0!<\/span><\/p>\n<figure id=\"attachment_8359\" aria-describedby=\"caption-attachment-8359\" style=\"width: 2000px\" class=\"wp-caption aligncenter\"><img decoding=\"async\" class=\"size-full wp-image-8359\" src=\"https:\/\/www.amplitudes.com\/blog-backend\/wp-content\/uploads\/2019\/06\/Amplitudes_010190-Madrid_Blog-recoup.jpg\" alt=\"Fontaine de Cyb\u00e8le et son palais des communications\" width=\"2000\" height=\"1300\" srcset=\"https:\/\/www.amplitudes.com\/blog-backend\/wp-content\/uploads\/2019\/06\/Amplitudes_010190-Madrid_Blog-recoup.jpg 2000w, https:\/\/www.amplitudes.com\/blog-backend\/wp-content\/uploads\/2019\/06\/Amplitudes_010190-Madrid_Blog-recoup-300x195.jpg 300w, https:\/\/www.amplitudes.com\/blog-backend\/wp-content\/uploads\/2019\/06\/Amplitudes_010190-Madrid_Blog-recoup-780x507.jpg 780w\" sizes=\"(max-width: 2000px) 100vw, 2000px\" \/><figcaption id=\"caption-attachment-8359\" class=\"wp-caption-text\"><span style=\"font-family: gotham-book;\">Fontaine de Cyb\u00e8le et son palais des communications<\/span><\/figcaption><\/figure>\n<p style=\"text-align: justify;\"><span style=\"font-family: gotham-book;\">Cette astuce incontournable vous permettra de profiter quelques heures des attractions du centre historique et de leur faire d\u00e9couvrir dans le calme les anciens palais seigneuriaux dont Madrid abonde. Optez pour le Palais royal puis visitez les magasins <em>vintage<\/em> ainsi que les march\u00e9s aux puces tel que le march\u00e9 El Rastro \u00e0 La Latina.<\/span><\/p>\n<p style=\"text-align: left;\"><span style=\"font-family: gotham-book;\"><strong>S\u2019\u00e9vader dans la province de Madrid, Tol\u00e8de ville m\u00e9di\u00e9vale<\/strong><\/span><\/p>\n<p style=\"text-align: justify;\"><span style=\"font-family: gotham-book;\">\u00c0 une heure de Madrid, une journ\u00e9e suffira pour appr\u00e9cier la beaut\u00e9 de la belle ville de Tol\u00e8de. Adoss\u00e9e \u00e0 une colline, la ville surplombe le Tage. Une promenade au gr\u00e9 de ses ruelles \u00e9troites vous fera d\u00e9couvrir\u00a0les lieux embl\u00e9matiques de la cit\u00e9 moyen\u00e2geuse.<\/span><\/p>\n<figure id=\"attachment_8360\" aria-describedby=\"caption-attachment-8360\" style=\"width: 2000px\" class=\"wp-caption aligncenter\"><img decoding=\"async\" class=\"size-full wp-image-8360\" src=\"https:\/\/www.amplitudes.com\/blog-backend\/wp-content\/uploads\/2019\/06\/Amplitudes_006408-Tolede_Blog1.jpg\" alt=\" Tol\u00e8de surplombant le Tage \" width=\"2000\" height=\"1300\" srcset=\"https:\/\/www.amplitudes.com\/blog-backend\/wp-content\/uploads\/2019\/06\/Amplitudes_006408-Tolede_Blog1.jpg 2000w, https:\/\/www.amplitudes.com\/blog-backend\/wp-content\/uploads\/2019\/06\/Amplitudes_006408-Tolede_Blog1-300x195.jpg 300w, https:\/\/www.amplitudes.com\/blog-backend\/wp-content\/uploads\/2019\/06\/Amplitudes_006408-Tolede_Blog1-780x507.jpg 780w\" sizes=\"(max-width: 2000px) 100vw, 2000px\" \/><figcaption id=\"caption-attachment-8360\" class=\"wp-caption-text\"><span style=\"font-family: gotham-book;\">Tol\u00e8de surplombant le Tage<\/span><\/figcaption><\/figure>\n<p style=\"text-align: justify;\"><span style=\"font-family: gotham-book;\"><strong>Pour les vaillants petits chevaliers de votre famille, Tol\u00e8de propose de nombreuses armures et \u00e9p\u00e9es, allant des jouets aux armes d\u2019autrefois.<\/strong> Si vous \u00eates chanceux, vous\u00a0pourrez voir les forgerons et les artisans fabriquer encore certaines de ces lames sur l\u2019\u00e9talage de leur commerce.<\/span><\/p>\n<p style=\"text-align: left;\"><span style=\"font-family: gotham-book;\"><strong>Un regard diff\u00e9rent sur Madrid\u00a0: se ressourcer dans les villages pittoresques de la Sierra Norte<\/strong><\/span><\/p>\n<p style=\"text-align: justify;\"><span style=\"font-family: gotham-book;\">Au nord de Madrid, d\u00e9couvrez La Hiruela, l&rsquo;un des villages les plus pr\u00e9serv\u00e9s de la biosph\u00e8re Sierra del Ricon. Entre les collines et les terrains escarp\u00e9s, on trouve de traditionnelles petites maisons dans la prairie s&rsquo;ouvrant sur des champs et des montagnes.<\/span><\/p>\n<figure id=\"attachment_8362\" aria-describedby=\"caption-attachment-8362\" style=\"width: 2000px\" class=\"wp-caption aligncenter\"><img decoding=\"async\" class=\"size-full wp-image-8362\" src=\"https:\/\/www.amplitudes.com\/blog-backend\/wp-content\/uploads\/2019\/06\/F67_HIRUELA_2_Comunidad_de_Madrid11.jpg\" alt=\"Village en pierre de la Hiruela\" width=\"2000\" height=\"1300\" srcset=\"https:\/\/www.amplitudes.com\/blog-backend\/wp-content\/uploads\/2019\/06\/F67_HIRUELA_2_Comunidad_de_Madrid11.jpg 2000w, https:\/\/www.amplitudes.com\/blog-backend\/wp-content\/uploads\/2019\/06\/F67_HIRUELA_2_Comunidad_de_Madrid11-300x195.jpg 300w, https:\/\/www.amplitudes.com\/blog-backend\/wp-content\/uploads\/2019\/06\/F67_HIRUELA_2_Comunidad_de_Madrid11-780x507.jpg 780w\" sizes=\"(max-width: 2000px) 100vw, 2000px\" \/><figcaption id=\"caption-attachment-8362\" class=\"wp-caption-text\"><span style=\"font-family: gotham-book;\">Village en pierre de La Hiruela<\/span><\/figcaption><\/figure>\n<p style=\"text-align: justify;\"><span style=\"font-family: gotham-book;\">Loin de la foule, les parents retrouveront le calme de la campagne apr\u00e8s l\u2019effervescence de la ville. Les enfants s\u2019amuseront au milieu des plus beaux vergers de la r\u00e9gion. Gambadez en toute insouciance dans les pr\u00e9s \u00e0 travers <strong>les pommes de\u00a0rainette et les pommes d\u2019Api<\/strong> en vous laissant tenter par un bon fruit gorg\u00e9 de sucre\u00a0!\u00a0<\/span><\/p>\n<p style=\"text-align: justify;\"><span style=\"font-family: gotham-book;\"><strong>D\u00e9couvrir la r\u00e9gion de Madrid en famille, c\u2019est aussi\u00a0: <\/strong>visiter le parc du Casa Campo, son zoo et son aquarium, faire une vir\u00e9e en barque sur le lac face au Palacio de Cristal, visiter le nouveau stade de l\u2019Atl\u00e9tico de Madrid ou encore surplomber la capitale depuis le belv\u00e9d\u00e8re Faro Explorer.<\/span><\/p>\n<h3 style=\"text-align: left;\"><span class=\"ez-toc-section\" id=\"LAndalousie\"><\/span><span style=\"font-family: gotham-book;\">L&rsquo;Andalousie<\/span><span class=\"ez-toc-section-end\"><\/span><\/h3>\n<p style=\"text-align: justify;\"><span style=\"font-family: gotham-book;\">La corrida, Carmen, le soleil br\u00fblant, le rythme des guitares ou le<\/span><span style=\"font-family: gotham-book;\"> claquement des talons des danseurs de flamenco font r\u00e9sonner les chants gitans et populaires de toute cette splendide r\u00e9gion.<\/span><\/p>\n<p style=\"text-align: left;\"><strong><span style=\"font-family: gotham-book;\">Profitez d\u2019une balade en cal\u00e8che dans S\u00e9ville<\/span> <\/strong><\/p>\n<p style=\"text-align: justify;\"><span style=\"font-family: gotham-book;\">D\u00e9couvrez les plaisirs de S\u00e9ville lors d&rsquo;une promenade atypique autour de la magnifique ville espagnole. <strong>Dans le confort d\u2019une cal\u00e8che traditionnelle<\/strong>, vous passerez devant des sites class\u00e9s au patrimoine mondial de l\u2019UNESCO tels que la cath\u00e9drale de S\u00e9ville de Santa Maria et le palais royal de l\u2019Alcazar.<\/span><\/p>\n<figure id=\"attachment_8363\" aria-describedby=\"caption-attachment-8363\" style=\"width: 2000px\" class=\"wp-caption aligncenter\"><img decoding=\"async\" class=\"size-full wp-image-8363\" src=\"https:\/\/www.amplitudes.com\/blog-backend\/wp-content\/uploads\/2019\/06\/Amplitudes_016966-Seville_Ori1.jpg\" alt=\"Cal\u00e8che typique de S\u00e9ville autour de l\u2019ar\u00e8ne\" width=\"2000\" height=\"1300\" srcset=\"https:\/\/www.amplitudes.com\/blog-backend\/wp-content\/uploads\/2019\/06\/Amplitudes_016966-Seville_Ori1.jpg 2000w, https:\/\/www.amplitudes.com\/blog-backend\/wp-content\/uploads\/2019\/06\/Amplitudes_016966-Seville_Ori1-300x195.jpg 300w, https:\/\/www.amplitudes.com\/blog-backend\/wp-content\/uploads\/2019\/06\/Amplitudes_016966-Seville_Ori1-780x507.jpg 780w\" sizes=\"(max-width: 2000px) 100vw, 2000px\" \/><figcaption id=\"caption-attachment-8363\" class=\"wp-caption-text\"><span style=\"font-family: gotham-book;\">Cal\u00e8che typique de S\u00e9ville autour de l\u2019ar\u00e8ne<\/span><\/figcaption><\/figure>\n<p style=\"text-align: justify;\"><span style=\"font-family: gotham-book;\">Les lieux sont impr\u00e9gn\u00e9s de magie, r\u00e9servant des tr\u00e9sors uniques pour le plaisir des petits. Du sommet de la cath\u00e9drale, la vue est \u00e0 couper le souffle. \u00c0 l&rsquo;interieur, <strong>suivez vos enfants sur les traces de Christophe Colomb,<\/strong> lequel repose dans la crypte, entour\u00e9 de sculptures en or scintillant de mille feux.<\/span><\/p>\n<p style=\"text-align: justify;\"><span style=\"font-family: gotham-book;\"><strong>D\u00e9couvrir S\u00e9ville en famille, c\u2019est aussi\u00a0: <\/strong>manger des tapas toute l\u2019ann\u00e9e, assister \u00e0 un spectacle de flamenco, faire un tour en barque sur la Plaza de Espa\u00f1a.<\/span><\/p>\n<p style=\"text-align: left;\"><strong><span style=\"font-family: gotham-book;\">Devenez le h\u00e9ros de l\u2019Alhambra \u00e0 Grenade<\/span> <\/strong><\/p>\n<p style=\"text-align: justify;\"><span style=\"font-family: gotham-book;\">Ville antique, nich\u00e9e au pied de la Sierra Nevada, Grenade abrite un patrimoine architectural unique en son genre. D\u00e9couvrez l&rsquo;histoire de la forteresse Alhambra \u00e0 travers des yeux d\u2019enfants. <strong>Un audioguide 3D en poche, des jeux interactifs et des \u00e9nigmes \u00e0 d\u00e9celer, devenez le h\u00e9ros de l\u2019Alhambra\u00a0!<\/strong> Une visite tr\u00e8s ludique\u00a0!<\/span><\/p>\n<figure id=\"attachment_8364\" aria-describedby=\"caption-attachment-8364\" style=\"width: 2000px\" class=\"wp-caption aligncenter\"><img decoding=\"async\" class=\"size-full wp-image-8364\" src=\"https:\/\/www.amplitudes.com\/blog-backend\/wp-content\/uploads\/2019\/06\/Amplitudes_016946-Grenade_Blog-recoup.jpg\" alt=\"belle vue sur l'Alhambra \" width=\"2000\" height=\"1300\" srcset=\"https:\/\/www.amplitudes.com\/blog-backend\/wp-content\/uploads\/2019\/06\/Amplitudes_016946-Grenade_Blog-recoup.jpg 2000w, https:\/\/www.amplitudes.com\/blog-backend\/wp-content\/uploads\/2019\/06\/Amplitudes_016946-Grenade_Blog-recoup-300x195.jpg 300w, https:\/\/www.amplitudes.com\/blog-backend\/wp-content\/uploads\/2019\/06\/Amplitudes_016946-Grenade_Blog-recoup-780x507.jpg 780w\" sizes=\"(max-width: 2000px) 100vw, 2000px\" \/><figcaption id=\"caption-attachment-8364\" class=\"wp-caption-text\"><span style=\"font-family: gotham-book;\">Belle vue sur l&rsquo;Alhambra<\/span><\/figcaption><\/figure>\n<p style=\"text-align: justify;\"><span style=\"font-family: gotham-book;\"><strong>D\u00e9couvrir Grenade en famille, c\u2019est aussi\u00a0:<\/strong> une visite du mus\u00e9e culturel Caja Granada pour que les enfants comprennent l\u2019histoire de l\u2019Andalouse. Optez pour un apr\u00e8s-midi tir \u00e0 l\u2019arc ou la d\u00e9couverte de la faune et la flore \u00e0 poney, \u00e0 Cortijo Balzain, \u00e0 dix minutes de Grenade.<\/span><\/p>\n<p style=\"text-align: left;\"><strong><span style=\"font-family: gotham-book;\">Sensations fortes en famille \u00e0 Malaga<\/span> <\/strong><\/p>\n<p style=\"text-align: justify;\"><span style=\"font-family: gotham-book;\">Jolie ville baln\u00e9aire situ\u00e9e entre mer et montagne, Malaga est souvent oubli\u00e9e. Cependant, elle est \u00e0 consid\u00e9rer pour un dernier arr\u00eat lors d\u2019un s\u00e9jour en famille en Andalousie. Ville o\u00f9 naquit Picasso, l\u2019art y tient une place importante et le street-art est omnipr\u00e9sent.<\/span><\/p>\n<figure id=\"attachment_8365\" aria-describedby=\"caption-attachment-8365\" style=\"width: 2000px\" class=\"wp-caption aligncenter\"><img decoding=\"async\" class=\"size-full wp-image-8365\" src=\"https:\/\/www.amplitudes.com\/blog-backend\/wp-content\/uploads\/2019\/06\/malaga-recoup.jpg\" alt=\"Caminito del Rey : vertigineux n\u2019est-ce pas ?\" width=\"2000\" height=\"1300\" srcset=\"https:\/\/www.amplitudes.com\/blog-backend\/wp-content\/uploads\/2019\/06\/malaga-recoup.jpg 2000w, https:\/\/www.amplitudes.com\/blog-backend\/wp-content\/uploads\/2019\/06\/malaga-recoup-300x195.jpg 300w, https:\/\/www.amplitudes.com\/blog-backend\/wp-content\/uploads\/2019\/06\/malaga-recoup-780x507.jpg 780w\" sizes=\"(max-width: 2000px) 100vw, 2000px\" \/><figcaption id=\"caption-attachment-8365\" class=\"wp-caption-text\"><span style=\"font-family: gotham-book;\">Caminito del Rey : vertigineux n\u2019est-ce pas ?<\/span><\/figcaption><\/figure>\n<p style=\"text-align: justify;\"><span style=\"font-family: gotham-book;\">Pour changer de la plage et de la ville, optez pour une activit\u00e9 randonn\u00e9e en famille entre les falaises abruptes de Caminito del Rey. <strong>Accessible d\u00e8s huit ans, c\u2019est un fabuleux parcours de 5 km jonch\u00e9 de ponts suspendus et de vues \u00e0 couper le souffle.<\/strong> S\u00e9curit\u00e9 et sensations absolues\u00a0! Une activit\u00e9 qui restera dans les m\u00e9moires des aventuriers.<\/span><\/p>\n<p style=\"text-align: justify;\"><span style=\"font-family: gotham-book;\"><strong>D\u00e9couvrir Malaga en famille, c\u2019est aussi\u00a0: <\/strong>se baigner \u00e0 Malagueta, d\u00e9couvrir la f\u00e9erie du ch\u00e2teau de Colomares ou encore un passage par le parc \u00e0 th\u00e8me <em>Crocodile Park.<\/em><\/span><\/p>\n<h3 style=\"text-align: left;\"><span class=\"ez-toc-section\" id=\"Espagne_mediterraneenne_Valence_Murcie\"><\/span><strong><span style=\"font-family: gotham-book;\">Espagne m\u00e9diterran\u00e9enne\u00a0: Valence &amp; Murcie<\/span> <\/strong><span class=\"ez-toc-section-end\"><\/span><\/h3>\n<p style=\"text-align: justify;\"><span style=\"font-family: gotham-book;\">Valence et Murcie, deux r\u00e9gions incontournables si l\u2019on souhaite profiter des plus grandes stations baln\u00e9aires de l\u2019Espagne ou de jolis coins recul\u00e9s dans les hauteurs. Paellas et oranges \u00e0 volont\u00e9, sable chaud et eaux calmes, laissez-vous envo\u00fbter par ces belles cit\u00e9es explosives.<\/span><\/p>\n<p style=\"text-align: left;\"><strong><span style=\"font-family: gotham-book;\">Jouer les lilliputiens dans les jardins de Turia \u00e0 Valence<\/span> <\/strong><\/p>\n<p style=\"text-align: justify;\"><span style=\"font-family: gotham-book;\">Situ\u00e9 au c\u0153ur des jardins du Turia, \u00e0 quelques pas de la Cit\u00e9 des Arts et des Sciences de Valence, <strong>le parc Gulliver reste le passage incontournable pour un apr\u00e8s-midi farniente avec vos enfants.<\/strong> Vos ch\u00e8res t\u00eates blondes se feront une joie de gambader \u00e0 travers une aire de jeux compos\u00e9e de toboggans, de cordes et d\u2019escaliers recr\u00e9ant l\u2019univers de Gulliver au royaume des Lilliputiens.<\/span><\/p>\n<figure id=\"attachment_8369\" aria-describedby=\"caption-attachment-8369\" style=\"width: 2007px\" class=\"wp-caption aligncenter\"><img decoding=\"async\" class=\"size-full wp-image-8369\" src=\"https:\/\/www.amplitudes.com\/blog-backend\/wp-content\/uploads\/2019\/06\/gulliver-recoup.jpg\" alt=\"Aire de jeu dans les jardins du Turia\" width=\"2007\" height=\"1300\" srcset=\"https:\/\/www.amplitudes.com\/blog-backend\/wp-content\/uploads\/2019\/06\/gulliver-recoup.jpg 2007w, https:\/\/www.amplitudes.com\/blog-backend\/wp-content\/uploads\/2019\/06\/gulliver-recoup-300x194.jpg 300w, https:\/\/www.amplitudes.com\/blog-backend\/wp-content\/uploads\/2019\/06\/gulliver-recoup-783x507.jpg 783w\" sizes=\"(max-width: 2007px) 100vw, 2007px\" \/><figcaption id=\"caption-attachment-8369\" class=\"wp-caption-text\"><span style=\"font-family: gotham-book;\">Aire de jeu dans les jardins du Turia<\/span><\/figcaption><\/figure>\n<p style=\"text-align: justify;\"><span style=\"font-family: gotham-book;\"><strong>D\u00e9couvrir Valence en famille, c\u2019est aussi\u00a0: <\/strong>c\u00f4toyer les animaux du bioparc, profiter de la plage, de la vieille ville ainsi que des impressionnantes structures du parc oc\u00e9anographique de la Cit\u00e9 des Arts et des Sciences.<\/span><\/p>\n<p style=\"text-align: justify;\"><strong><span style=\"font-family: gotham-book;\">Savourer la brise m\u00e9diterran\u00e9enne \u00e0 Calpe !<\/span> <\/strong><\/p>\n<p style=\"text-align: justify;\"><span style=\"font-family: gotham-book;\">Oh\u00e9, Oh\u00e9 matelot, matelot navigue sur les flots, le cap sur Calpe\u00a0! Une journ\u00e9e en bateau suffira pour admirer le panorama de la Costa Blanca, domin\u00e9e par l&rsquo;incroyable massif rocheux du Pe\u00f1\u00f3n de Ifach. En s\u2019\u00e9loignant des rivages, on d\u00e9couvre les plus jolies plages de la r\u00e9gion. Les soirs d\u2019\u00e9t\u00e9<strong>, rendez-vous \u00e0 la Fossa o\u00f9 se dresse un cin\u00e9ma en plein air g\u00e9ant, <\/strong>proposant des films vari\u00e9s pour toute la famille.<\/span><\/p>\n<figure id=\"attachment_8370\" aria-describedby=\"caption-attachment-8370\" style=\"width: 2000px\" class=\"wp-caption aligncenter\"><img decoding=\"async\" class=\"size-full wp-image-8370\" src=\"https:\/\/www.amplitudes.com\/blog-backend\/wp-content\/uploads\/2019\/06\/calpe-264069_19201.jpg\" alt=\"Balcon sur la M\u00e9diterran\u00e9e, depuis Pe\u00f1\u00f3n de Ifach\" width=\"2000\" height=\"1300\" srcset=\"https:\/\/www.amplitudes.com\/blog-backend\/wp-content\/uploads\/2019\/06\/calpe-264069_19201.jpg 2000w, https:\/\/www.amplitudes.com\/blog-backend\/wp-content\/uploads\/2019\/06\/calpe-264069_19201-300x195.jpg 300w, https:\/\/www.amplitudes.com\/blog-backend\/wp-content\/uploads\/2019\/06\/calpe-264069_19201-780x507.jpg 780w\" sizes=\"(max-width: 2000px) 100vw, 2000px\" \/><figcaption id=\"caption-attachment-8370\" class=\"wp-caption-text\"><span style=\"font-family: gotham-book;\">Balcon sur la M\u00e9diterran\u00e9e, depuis Pe\u00f1\u00f3n de Ifach<\/span><\/figcaption><\/figure>\n<p style=\"text-align: justify;\"><span style=\"font-family: gotham-book;\"><strong>D\u00e9couvrir la r\u00e9gion d\u2019Alicante, c\u2019est aussi\u00a0:<\/strong> prendre le large vers l\u2019archipel sauvage Tabarca, visiter le ch\u00e2teau Santa Barbara dominant la ville, le parc aquatique Aqua Natura dot\u00e9 de plus de 10 toboggans et piscines \u00e0 vagues\u2026<\/span><\/p>\n<p style=\"text-align: left;\"><strong><span style=\"font-family: gotham-book;\">\u00c9chapper \u00e0 la foule dans la r\u00e9gion de Murcie<\/span> <\/strong><\/p>\n<p style=\"text-align: justify;\"><span style=\"font-family: gotham-book;\">Savez-vous que le principal attrait de la r\u00e9gion de Murcie est son immense lagune d\u2019eau sal\u00e9e, la Mar Menor\u00a0? <strong>L\u2019eau est chaude, calme, peu profonde, un r\u00eave pour les enfants\u00a0!<\/strong> Si ce n\u2019est pas d\u00e9j\u00e0 pr\u00e9vu, optez pour un d\u00e9licieux pique-nique face \u00e0 un paysage incroyable.<\/span><\/p>\n<figure id=\"attachment_8371\" aria-describedby=\"caption-attachment-8371\" style=\"width: 2000px\" class=\"wp-caption aligncenter\"><img decoding=\"async\" class=\"size-full wp-image-8371\" src=\"https:\/\/www.amplitudes.com\/blog-backend\/wp-content\/uploads\/2019\/06\/murcie-recoup.jpg\" alt=\"Plage de la Azohia, loin de tout, au coucher du soleil\u2026\" width=\"2000\" height=\"1300\" srcset=\"https:\/\/www.amplitudes.com\/blog-backend\/wp-content\/uploads\/2019\/06\/murcie-recoup.jpg 2000w, https:\/\/www.amplitudes.com\/blog-backend\/wp-content\/uploads\/2019\/06\/murcie-recoup-300x195.jpg 300w, https:\/\/www.amplitudes.com\/blog-backend\/wp-content\/uploads\/2019\/06\/murcie-recoup-780x507.jpg 780w\" sizes=\"(max-width: 2000px) 100vw, 2000px\" \/><figcaption id=\"caption-attachment-8371\" class=\"wp-caption-text\"><span style=\"font-family: gotham-book;\">Plage de la Azohia, loin de tout, au coucher du soleil\u2026<\/span><\/figcaption><\/figure>\n<p style=\"text-align: justify;\"><span style=\"font-family: gotham-book;\">All\u00e9ch\u00e9es par votre encas, les mouettes survolent l\u2019oc\u00e9an. Chaque ann\u00e9e, la r\u00e9gion accueille une faune abondante de flamants roses. Ce spectacle est \u00e0 observer \u00e0 l\u2019heure o\u00f9 le soleil se pare de couleurs pastel, le rose des flamants se fond alors dans le d\u00e9cor. Un moment magique\u00a0\u00e0 vivre en famille.<\/span><\/p>\n<p style=\"text-align: justify;\"><span style=\"font-family: gotham-book;\"><strong>D\u00e9couvrir la Murcie en famille, c\u2019est aussi<\/strong>\u00a0: se balader dans le centre pi\u00e9tonnier de Murcie, admirer sa cath\u00e9drale, la palmeraie d\u2019Elche (Unesco) puis optez pour une balade en barque le long du Rio Segura.<\/span><\/p>\n<h2><span class=\"ez-toc-section\" id=\"Pourquoi_faire_confiance_a_une_agence_de_voyage_sur_mesure_pour_une_escapade_en_famille_en_Europe\"><\/span><strong>Pourquoi faire confiance \u00e0 une agence de voyage sur mesure pour une escapade en famille en Europe\u00a0?<\/strong><span class=\"ez-toc-section-end\"><\/span><\/h2>\n<p>Parce qu\u2019entre les envies de <strong>ch\u00e2teau m\u00e9di\u00e9val<\/strong>, de pause <strong>plage<\/strong>, de <strong>mus\u00e9e<\/strong> ludique et de chocolat chaud avec vue\u2026 <strong>Voyager en famille en Europe<\/strong> devient un vrai terrain d\u2019aventures quand l\u2019itin\u00e9raire est pens\u00e9 avec soin. Une agence de voyage sur mesure, c\u2019est bien plus qu\u2019un plan de route. C\u2019est l\u2019assurance d\u2019un <strong>voyage cousu main<\/strong>, o\u00f9 chaque \u00e9tape est adapt\u00e9e au rythme des enfants sans jamais sacrifier les plaisirs des parents. Tout est calibr\u00e9 pour captiver les<strong> petits explorateurs<\/strong> comme les <strong>grands voyageurs<\/strong>. Et parce que la magie tient souvent dans les d\u00e9tails, Amplitudes pense aussi aux<strong> temps calmes<\/strong>, aux transitions douces, aux guides passionn\u00e9s qui savent faire vivre les histoires, aux restaurants test\u00e9s et approuv\u00e9s\u2026 Pour que vous n\u2019ayez qu\u2019\u00e0 <strong>vivre pleinement chaque moment<\/strong>, ensemble. Une <a href=\"https:\/\/www.amplitudes.com\/avec-qui-partir\/voyage-en-famille.html\">escapade en famille<\/a>, ce n\u2019est pas qu\u2019une destination : c\u2019est une exp\u00e9rience. Sur mesure, elle devient inoubliable.<\/p>\n<p style=\"text-align: center;\"><span style=\"font-family: gotham-book; font-size: 18pt;\"><strong><a href=\"https:\/\/www.amplitudes.com\/agence-de-voyages\/toulouse\/paris\/demande-devis-sur-mesure.html?utm_source=blog&amp;utm_medium=en_famille_l_espagne_du_nord_vs_l_espagne_du_sud&amp;utm_campaign=blog_en_famille_l_espagne_du_nord_vs_l_espagne_du_sud&amp;utm_content=Alors_Espagne_du_Nord_ou_Espagne_du_Sud\">Alors, Espagne du Nord ou Espagne du Sud ?<\/a><\/strong><\/span><\/p>\n","protected":false},"excerpt":{"rendered":"<p>Au-del\u00e0 des Pyr\u00e9n\u00e9es s\u2019\u00e9tend l\u2019Espagne, vaste pays color\u00e9, berc\u00e9 de tempos latinos. Au sud, toutes les images espagnoles prennent vie\u00a0: flamenco, paella et tapas. Le nord rec\u00e8le, pour sa part, d\u2019oasis peupl\u00e9es de montagnes attirant les passionn\u00e9s d&rsquo;aventures. Des plages affriolantes au ch\u00e2teau fort de Navarre, vivez un voyage d\u2019apprentissage ludique \u00e0 travers les yeux [&hellip;]<\/p>\n","protected":false},"author":2,"featured_media":8332,"comment_status":"open","ping_status":"open","sticky":false,"template":"","format":"standard","meta":{"footnotes":""},"categories":[169],"tags":[238],"yoast_head":"<!-- This site is optimized with the Yoast SEO plugin v22.1 - https:\/\/yoast.com\/wordpress\/plugins\/seo\/ -->\n<title>En famille : L\u2019Espagne du Nord vs L\u2019Espagne du Sud \u00a0<\/title>\n<meta name=\"description\" content=\"Villes \u00e9clatantes et\u00a0parcs naturels, l&#039;Espagne du nord au sud rec\u00e8le de lieux uniques, \u00e0 ne pas manquer lors d&#039;un voyage en famille.\" \/>\n<meta name=\"robots\" content=\"index, follow, max-snippet:-1, max-image-preview:large, max-video-preview:-1\" \/>\n<link rel=\"canonical\" href=\"https:\/\/www.amplitudes.com\/blog-backend\/en-famille-lespagne-du-nord-vs-lespagne-du-sud\/\" \/>\n<meta property=\"og:locale\" content=\"fr_FR\" \/>\n<meta property=\"og:type\" content=\"article\" \/>\n<meta property=\"og:title\" content=\"En famille : L\u2019Espagne du Nord vs L\u2019Espagne du Sud \u00a0\" \/>\n<meta property=\"og:description\" content=\"Villes \u00e9clatantes et\u00a0parcs naturels, l&#039;Espagne du nord au sud rec\u00e8le de lieux uniques, \u00e0 ne pas manquer lors d&#039;un voyage en famille.\" \/>\n<meta property=\"og:url\" content=\"https:\/\/www.amplitudes.com\/blog-backend\/en-famille-lespagne-du-nord-vs-lespagne-du-sud\/\" \/>\n<meta property=\"og:site_name\" content=\"Blog de l&#039;agence de voyage sur-mesure Amplitudes\" \/>\n<meta property=\"article:publisher\" content=\"http:\/\/facebook.com\/amplitudes.devoyages\/\" \/>\n<meta property=\"article:published_time\" content=\"2019-06-29T13:45:02+00:00\" \/>\n<meta property=\"article:modified_time\" content=\"2025-06-02T16:03:48+00:00\" \/>\n<meta property=\"og:image\" content=\"https:\/\/www.amplitudes.com\/blog-backend\/wp-content\/uploads\/2019\/06\/Pano-Vacances-Espagne.jpg\" \/>\n\t<meta property=\"og:image:width\" content=\"1170\" \/>\n\t<meta property=\"og:image:height\" content=\"507\" \/>\n\t<meta property=\"og:image:type\" content=\"image\/jpeg\" \/>\n<meta name=\"author\" content=\"Floriane\" \/>\n<meta name=\"twitter:card\" content=\"summary_large_image\" \/>\n<meta name=\"twitter:creator\" content=\"@AmplitudesV\" \/>\n<meta name=\"twitter:site\" content=\"@AmplitudesV\" \/>\n<meta name=\"twitter:label1\" content=\"\u00c9crit par\" \/>\n\t<meta name=\"twitter:data1\" content=\"Floriane\" \/>\n\t<meta name=\"twitter:label2\" content=\"Dur\u00e9e de lecture estim\u00e9e\" \/>\n\t<meta name=\"twitter:data2\" content=\"19 minutes\" \/>\n<script type=\"application\/ld+json\" class=\"yoast-schema-graph\">{\"@context\":\"https:\/\/schema.org\",\"@graph\":[{\"@type\":\"WebPage\",\"@id\":\"https:\/\/www.amplitudes.com\/blog-backend\/en-famille-lespagne-du-nord-vs-lespagne-du-sud\/\",\"url\":\"https:\/\/www.amplitudes.com\/blog-backend\/en-famille-lespagne-du-nord-vs-lespagne-du-sud\/\",\"name\":\"En famille : L\u2019Espagne du Nord vs L\u2019Espagne du Sud \u00a0\",\"isPartOf\":{\"@id\":\"https:\/\/www.amplitudes.com\/blog-backend\/#website\"},\"datePublished\":\"2019-06-29T13:45:02+00:00\",\"dateModified\":\"2025-06-02T16:03:48+00:00\",\"author\":{\"@id\":\"https:\/\/www.amplitudes.com\/blog-backend\/#\/schema\/person\/1ac2058edef1f5f0f2c16e7f096a80b1\"},\"description\":\"Villes \u00e9clatantes et\u00a0parcs naturels, l'Espagne du nord au sud rec\u00e8le de lieux uniques, \u00e0 ne pas manquer lors d'un voyage en famille.\",\"inLanguage\":\"fr-FR\",\"potentialAction\":[{\"@type\":\"ReadAction\",\"target\":[\"https:\/\/www.amplitudes.com\/blog-backend\/en-famille-lespagne-du-nord-vs-lespagne-du-sud\/\"]}]},{\"@type\":\"WebSite\",\"@id\":\"https:\/\/www.amplitudes.com\/blog-backend\/#website\",\"url\":\"https:\/\/www.amplitudes.com\/blog-backend\/\",\"name\":\"Blog de l&#039;agence de voyage sur-mesure Amplitudes\",\"description\":\"\",\"potentialAction\":[{\"@type\":\"SearchAction\",\"target\":{\"@type\":\"EntryPoint\",\"urlTemplate\":\"https:\/\/www.amplitudes.com\/blog-backend\/?s={search_term_string}\"},\"query-input\":\"required name=search_term_string\"}],\"inLanguage\":\"fr-FR\"},{\"@type\":\"Person\",\"@id\":\"https:\/\/www.amplitudes.com\/blog-backend\/#\/schema\/person\/1ac2058edef1f5f0f2c16e7f096a80b1\",\"name\":\"Floriane\",\"image\":{\"@type\":\"ImageObject\",\"inLanguage\":\"fr-FR\",\"@id\":\"https:\/\/www.amplitudes.com\/blog-backend\/#\/schema\/person\/image\/\",\"url\":\"https:\/\/secure.gravatar.com\/avatar\/f3f77af3dabd00f62e61c417047e08f6?s=96&d=mm&r=g\",\"contentUrl\":\"https:\/\/secure.gravatar.com\/avatar\/f3f77af3dabd00f62e61c417047e08f6?s=96&d=mm&r=g\",\"caption\":\"Floriane\"},\"url\":\"https:\/\/www.amplitudes.com\/blog-backend\/author\/audrey\/\"}]}<\/script>\n<!-- \/ Yoast SEO plugin. -->","yoast_head_json":{"title":"En famille : L\u2019Espagne du Nord vs L\u2019Espagne du Sud \u00a0","description":"Villes \u00e9clatantes et\u00a0parcs naturels, l'Espagne du nord au sud rec\u00e8le de lieux uniques, \u00e0 ne pas manquer lors d'un voyage en famille.","robots":{"index":"index","follow":"follow","max-snippet":"max-snippet:-1","max-image-preview":"max-image-preview:large","max-video-preview":"max-video-preview:-1"},"canonical":"https:\/\/www.amplitudes.com\/blog-backend\/en-famille-lespagne-du-nord-vs-lespagne-du-sud\/","og_locale":"fr_FR","og_type":"article","og_title":"En famille : L\u2019Espagne du Nord vs L\u2019Espagne du Sud \u00a0","og_description":"Villes \u00e9clatantes et\u00a0parcs naturels, l'Espagne du nord au sud rec\u00e8le de lieux uniques, \u00e0 ne pas manquer lors d'un voyage en famille.","og_url":"https:\/\/www.amplitudes.com\/blog-backend\/en-famille-lespagne-du-nord-vs-lespagne-du-sud\/","og_site_name":"Blog de l&#039;agence de voyage sur-mesure Amplitudes","article_publisher":"http:\/\/facebook.com\/amplitudes.devoyages\/","article_published_time":"2019-06-29T13:45:02+00:00","article_modified_time":"2025-06-02T16:03:48+00:00","og_image":[{"width":1170,"height":507,"url":"https:\/\/www.amplitudes.com\/blog-backend\/wp-content\/uploads\/2019\/06\/Pano-Vacances-Espagne.jpg","type":"image\/jpeg"}],"author":"Floriane","twitter_card":"summary_large_image","twitter_creator":"@AmplitudesV","twitter_site":"@AmplitudesV","twitter_misc":{"\u00c9crit par":"Floriane","Dur\u00e9e de lecture estim\u00e9e":"19 minutes"},"schema":{"@context":"https:\/\/schema.org","@graph":[{"@type":"WebPage","@id":"https:\/\/www.amplitudes.com\/blog-backend\/en-famille-lespagne-du-nord-vs-lespagne-du-sud\/","url":"https:\/\/www.amplitudes.com\/blog-backend\/en-famille-lespagne-du-nord-vs-lespagne-du-sud\/","name":"En famille : L\u2019Espagne du Nord vs L\u2019Espagne du Sud \u00a0","isPartOf":{"@id":"https:\/\/www.amplitudes.com\/blog-backend\/#website"},"datePublished":"2019-06-29T13:45:02+00:00","dateModified":"2025-06-02T16:03:48+00:00","author":{"@id":"https:\/\/www.amplitudes.com\/blog-backend\/#\/schema\/person\/1ac2058edef1f5f0f2c16e7f096a80b1"},"description":"Villes \u00e9clatantes et\u00a0parcs naturels, l'Espagne du nord au sud rec\u00e8le de lieux uniques, \u00e0 ne pas manquer lors d'un voyage en famille.","inLanguage":"fr-FR","potentialAction":[{"@type":"ReadAction","target":["https:\/\/www.amplitudes.com\/blog-backend\/en-famille-lespagne-du-nord-vs-lespagne-du-sud\/"]}]},{"@type":"WebSite","@id":"https:\/\/www.amplitudes.com\/blog-backend\/#website","url":"https:\/\/www.amplitudes.com\/blog-backend\/","name":"Blog de l&#039;agence de voyage sur-mesure Amplitudes","description":"","potentialAction":[{"@type":"SearchAction","target":{"@type":"EntryPoint","urlTemplate":"https:\/\/www.amplitudes.com\/blog-backend\/?s={search_term_string}"},"query-input":"required name=search_term_string"}],"inLanguage":"fr-FR"},{"@type":"Person","@id":"https:\/\/www.amplitudes.com\/blog-backend\/#\/schema\/person\/1ac2058edef1f5f0f2c16e7f096a80b1","name":"Floriane","image":{"@type":"ImageObject","inLanguage":"fr-FR","@id":"https:\/\/www.amplitudes.com\/blog-backend\/#\/schema\/person\/image\/","url":"https:\/\/secure.gravatar.com\/avatar\/f3f77af3dabd00f62e61c417047e08f6?s=96&d=mm&r=g","contentUrl":"https:\/\/secure.gravatar.com\/avatar\/f3f77af3dabd00f62e61c417047e08f6?s=96&d=mm&r=g","caption":"Floriane"},"url":"https:\/\/www.amplitudes.com\/blog-backend\/author\/audrey\/"}]}},"_links":{"self":[{"href":"https:\/\/www.amplitudes.com\/blog-backend\/wp-json\/wp\/v2\/posts\/8331"}],"collection":[{"href":"https:\/\/www.amplitudes.com\/blog-backend\/wp-json\/wp\/v2\/posts"}],"about":[{"href":"https:\/\/www.amplitudes.com\/blog-backend\/wp-json\/wp\/v2\/types\/post"}],"author":[{"embeddable":true,"href":"https:\/\/www.amplitudes.com\/blog-backend\/wp-json\/wp\/v2\/users\/2"}],"replies":[{"embeddable":true,"href":"https:\/\/www.amplitudes.com\/blog-backend\/wp-json\/wp\/v2\/comments?post=8331"}],"version-history":[{"count":47,"href":"https:\/\/www.amplitudes.com\/blog-backend\/wp-json\/wp\/v2\/posts\/8331\/revisions"}],"predecessor-version":[{"id":17174,"href":"https:\/\/www.amplitudes.com\/blog-backend\/wp-json\/wp\/v2\/posts\/8331\/revisions\/17174"}],"wp:featuredmedia":[{"embeddable":true,"href":"https:\/\/www.amplitudes.com\/blog-backend\/wp-json\/wp\/v2\/media\/8332"}],"wp:attachment":[{"href":"https:\/\/www.amplitudes.com\/blog-backend\/wp-json\/wp\/v2\/media?parent=8331"}],"wp:term":[{"taxonomy":"category","embeddable":true,"href":"https:\/\/www.amplitudes.com\/blog-backend\/wp-json\/wp\/v2\/categories?post=8331"},{"taxonomy":"post_tag","embeddable":true,"href":"https:\/\/www.amplitudes.com\/blog-backend\/wp-json\/wp\/v2\/tags?post=8331"}],"curies":[{"name":"wp","href":"https:\/\/api.w.org\/{rel}","templated":true}]}}